{"id":44760,"date":"2022-09-21T07:47:09","date_gmt":"2022-09-21T07:47:09","guid":{"rendered":"https:\/\/www.romeing.it\/florence\/olafur-eliasson-exhibition-at-palazzo-strozzi-in-florence\/"},"modified":"2025-11-25T09:47:31","modified_gmt":"2025-11-25T09:47:31","slug":"olafur-eliasson-exhibition-at-palazzo-strozzi-in-florence","status":"publish","type":"post","link":"https:\/\/www.romeing.it\/florence\/olafur-eliasson-exhibition-at-palazzo-strozzi-in-florence\/","title":{"rendered":"Olafur Eliasson exhibition at Palazzo Strozzi in Florence"},"content":{"rendered":"\n<h2 class=\"wp-block-heading\" id=\"h-nel-tuo-tempo-showcases-scandinavian-artist-olafur-eliasson\">\u201cNel Tuo Tempo\u201d showcases Scandinavian artist Olafur Eliasson<\/h2>\n\n\n\n<p>In <em>Nel Tuo Tempo <\/em>(\u201cIn Your Time\u201d), <strong>Olafur Eliasson<\/strong> toys with interactions that span over centuries and pull the viewer into his world and conversations. <strong>His largest exhibition in Italy<\/strong> to date collapses time while simultaneously expanding awareness: are we large, or small? Observing, or being observed? Trapped, or free?&nbsp;<\/p>\n\n\n\n<p>To enter into this world is to meet these questions, face to face and viscerally. There are no answers, only fleeting perspectives, specific to each moment for each person.<\/p>\n\n\n\n<p><strong><em>Nel Tuo Tempo <\/em>is Olafur\u2019s first exhibit in a Renaissance building<\/strong>. Entranced by&nbsp; the lines and forms of <strong>Palazzo Strozzi<\/strong> when he first visited Florence, he expresses his respect for the venue in a playfulness that rejuvenates it. To create this exhibit in Palazzo Strozzi is to give it new life as we approach the stately residence in innovative ways: lines broken, light refracted, visions curtailed and expanded through windows and archways. The old is turned into new; the new into old.<\/p>\n\n\n\n<figure class=\"wp-block-image aligncenter size-full\"><img decoding=\"async\" src=\"https:\/\/www.romeing.it\/florence\/wp-content\/uploads\/2025\/11\/Olafur-Eliasson_2020_Photo-Lars-Borges.jpg\" alt=\"Olafur Eliasson exhibition at Palazzo Strozzi in Florence\" class=\"wp-image-2858\"\/><figcaption class=\"wp-element-caption\">Olafur Eliasson 2020 &#8211; Photo by Lars Borges<\/figcaption><\/figure>\n\n\n\n<p>The exhibit begins in the internal courtyard with <em><strong>Under the Weather<\/strong><\/em>, a piece commissioned for the show. Standing under an enormous, flat ovoid that resembles a restless sky suspended in midair, the skyscape changes overhead as you change position and move around the courtyard. It all depends on where you\u2019re standing, as your position&nbsp; sets the tone for your role in the exhibit. After all, you are \u201cnel tuo tempo\u201d, in <em>your<\/em> time.&nbsp;<\/p>\n\n\n\n<p>Artists have gently included the viewer for centuries &#8211; from<strong> <em>Las me\u00f1inas <\/em>by Vel\u00e1zquez<\/strong> (1656) to the modern installations of the Olafur contemporary,<strong> Yayoi Kusama<\/strong>. The interactive exhibit employs light and shadow that both enchant and disorient. You find that your eyes need time to adjust when you step into the exhibit. You&#8217;re not in a typical museum space, littered with halogen spotlights positioned over visual art. The artist has transformed light into an artistic medium.<\/p>\n\n\n\n<figure class=\"wp-block-image size-large\"><img decoding=\"async\" src=\"https:\/\/www.romeing.it\/florence\/wp-content\/uploads\/2025\/11\/Red-window-semicircle-1024x678.jpg\" alt=\"Olafur Eliasson exhibition at Palazzo Strozzi in Florence\" class=\"wp-image-2860\"\/><figcaption class=\"wp-element-caption\">Olafur Eliasson Red window semicircle. <br>Installation view: Studio Olafur Eliasson, Berlin, 2008. Photo: Jens Ziehe \u00a9 2008 Olafur Eliasson<\/figcaption><\/figure>\n\n\n\n<p>Light holds a place of special importance in Scandinavian culture. At the northern latitudes, the summer light feels infinite, and honestly, you\u2019re not sad to say farewell when it begins its journey south to create sacred shadows of relief. In winter months, the sun disappears almost completely for months. You hold your breath until its return &#8211; in fact, in the extreme northern city of Trondheim, Norway, a celebration is held when the sun reappears in February after its prolonged absence. These sensations and cell memory of sunlight are all present in Olafur\u2019s pieces. <em><strong>Solar compression<\/strong> <\/em>(2016) gives us a crescent of sun, eclipsed or partially hidden. He offers further solar meditations in <em><strong>Red window semicircle <\/strong><\/em>(2008), in which an almost-tactile light mimics a sunset suspended in a mirror, never completely sinking, catching its final moments.<\/p>\n\n\n\n<figure class=\"wp-block-image aligncenter size-full\"><img decoding=\"async\" src=\"https:\/\/www.romeing.it\/florence\/wp-content\/uploads\/2025\/11\/Strozzina_Eye_see_you_X2Z8914.jpg\" alt=\"Olafur Eliasson exhibition at Palazzo Strozzi in Florence\" class=\"wp-image-2861\"\/><figcaption class=\"wp-element-caption\">Olafur Eliasson Eye see you<br>Photo: Christian Uchtmann \/ Studio Olafur Eliasson<br>\u00a9 2006 Olafur Eliasson<\/figcaption><\/figure>\n\n\n\n<p>Many of the pieces displayed in <em>Nel Tuo Tempo <\/em>are so bright that you squint when you first encounter them. The light feels warm on your skin. The surrounding space is muted and dark, further contrasting with the bright light and pure color. <em><strong>Eye see you <\/strong><\/em>(2006) gives the sensation of viewing the sun itself at close remove. But wait &#8211; who\u2019s in the sun? A mirror hidden in the eye dares you to draw close, and as you do so the heat from the light becomes palpable in its own psychological meditation. <em>Draw near and discover, but you\u2019ll feel it.<\/em><\/p>\n\n\n\n<figure class=\"wp-block-image aligncenter size-full\"><img decoding=\"async\" src=\"https:\/\/www.romeing.it\/florence\/wp-content\/uploads\/2025\/11\/How-do-you-live-together-eliasson.jpg\" alt=\"Olafur Eliasson exhibition at Palazzo Strozzi in Florence\" class=\"wp-image-2857\"\/><figcaption class=\"wp-element-caption\">Olafur Eliasson How do you live together? <br>Installation view: Tate Modern, London. Photo: Anders Sune Berg <br>\u00a9 2019 Olafur Eliasson<\/figcaption><\/figure>\n\n\n\n<p>Olafur gently prodds you to change positions in the space to alter the shape or form of the art. In other pieces, such as <em><strong>How do you live together?<\/strong> <\/em>(2019)<em>,<\/em> he sets a playful foil where you least expect to find it. You look up, and the art is reflected in the glinting eye, along with your gaze (surprised or transfixed, but present nonetheless). Downstairs in the Strozzina companion gallery, <em><strong>Your view matter<\/strong> <\/em>(2022) <strong>offers VR headsets<\/strong> that place you in a dreamworld of the five Platonic solids. Once more the viewers become the participants, in turn expanding the piece as they are observed by onlookers, drifting around the floor in a slow solitary dance.<\/p>\n\n\n\n<figure class=\"wp-block-image size-large\"><img decoding=\"async\" src=\"https:\/\/www.romeing.it\/florence\/wp-content\/uploads\/2025\/11\/1DSC09395\u00a9photoElaBialkowskaOKNOstudio-1024x683.jpg\" alt=\"Olafur Eliasson exhibition at Palazzo Strozzi in Florence\" class=\"wp-image-2856\"\/><figcaption class=\"wp-element-caption\">Olafur Eliasson Your view matter, 2022 &#8211; audio virtual-reality installation, audio \u00a9 2022 Olafur Eliasson<\/figcaption><\/figure>\n\n\n\n<p>Olafur\u2019s artistic pursuits have crossed lines, into the fields of architecture, science, technology, and math. His frequent invocation of Platonic forms and the Golden Mean lend a cognitive purity to his work. Here is a mind that thinks and creates, challenging the viewer to think and co-create with the artist.&nbsp;<\/p>\n\n\n\n<p>Olafur\u2019s dialogue with the viewer is especially poignant with respect to the modern presence of screens and selfies. Here we find time at a slower pace. Gentle synthesizer music provides a further auditory landscape for some of the pieces, recalling Scandinavian musicians like M\u00fam and Sig\u00far R\u00f3s. Do you glimpse yourself in a reflective surface here and there, and how does this center the viewer in the piece, making art the frame for a wry selfie?<\/p>\n\n\n\n<p>The easy tone and accessibility of the exhibit make it a great option for curious people of all ages. Step into Olafur\u2019s world &#8211; he\u2019s created it just for you.<\/p>\n\n\n\n<p><em>The show Nel Tuo Tempo, featuring art from the Olafur catalog as well as newly-commissioned pieces, runs at Palazzo Strozzi from September 22 to January 22. <\/em><\/p>\n\n\n\n<p class=\"has-text-align-center\"><a href=\"https:\/\/www.tiqets.com\/en\/palazzo-strozzi-tickets-l125278\/?partner=romeing&amp;tq_campaign=koons\" target=\"_blank\" rel=\"noreferrer noopener\">CLICK HERE TO BUY TICKETS<\/a><\/p>\n\n\n\n<hr class=\"wp-block-separator has-text-color has-black-color has-css-opacity has-black-background-color has-background\"\/>\n\n\n\n<p class=\"has-text-align-center\">UNTIL 22 JANUARY 2023<\/p>\n\n\n\n<p class=\"has-text-align-center\"><strong>Palazzo Strozzi<\/strong><br>Piazza degli Strozzi<\/p>\n\n\n\n<p class=\"has-text-align-center\"><strong>Opening Hours<\/strong><br>Everyday 10am-8pm<br>Thursdays until 11pm<\/p>\n\n\n\n<p class=\"has-text-align-center\"><strong>Entry fee<\/strong><br>\u20ac15<\/p>\n\n\n\n<p class=\"has-text-align-center\"><strong>Contact<\/strong><br><a href=\"mailto:prenotazioni@palazzostrozzi.org\">prenotazioni@palazzostrozzi.org<\/a><br><a href=\"tel:+390552645155\">+39 055 2645155<\/a><br><a href=\"https:\/\/www.palazzostrozzi.org\/en\/\" target=\"_blank\" rel=\"noreferrer noopener\">palazzostrozzi.org\/en\/ <\/a><\/p>\n\n\n\n<div class=\"wp-block-buttons is-content-justification-center is-layout-flex wp-container-core-buttons-is-layout-a89b3969 wp-block-buttons-is-layout-flex\">\n<div class=\"wp-block-button\"><a class=\"wp-block-button__link has-vivid-red-background-color has-background\" href=\"https:\/\/www.romeing.it\/florence\/exhibitions-in-florence\/\">DISCOVER THE BEST CURRENT EXHIBITIONS IN FLORENCE<\/a><\/div>\n<\/div>\n\n\n\n<p><\/p>\n","protected":false},"excerpt":{"rendered":"<p>The largest exhibition in Italy to date by the Scandinavian artist Olafur Eliasson will be on show from September 22 to January 22, 2023<\/p>\n","protected":false},"author":3265,"featured_media":44767,"comment_status":"open","ping_status":"open","sticky":false,"template":"","format":"standard","meta":{"_uag_custom_page_level_css":"","footnotes":""},"categories":[193,202],"tags":[254,258],"class_list":["post-44760","post","type-post","status-publish","format-standard","has-post-thumbnail","hentry","category-events","category-art-exhibitions-florence","tag-exhibition","tag-museums-in-florence"],"featured_image_src":"https:\/\/www.romeing.it\/florence\/wp-content\/uploads\/2025\/11\/olafur-Firefly-double-polyhedron-sphere.jpg","author_info":{"display_name":"monicasharp","author_link":"https:\/\/www.romeing.it\/florence\/author\/monicasharp\/"},"yoast_head":"<!-- This site is optimized with the Yoast SEO Premium plugin v25.7.1 (Yoast SEO v27.5) - https:\/\/yoast.com\/product\/yoast-seo-premium-wordpress\/ -->\n<title>Olafur Eliasson exhibition at Palazzo Strozzi in Florence -<\/title>\n<meta name=\"description\" content=\"The largest exhibition in Italy to date by the Scandinavian artist Olafur Eliasson will be on show from September 22 to January 22, 2023\" \/>\n<meta name=\"robots\" content=\"index, follow, max-snippet:-1, max-image-preview:large, max-video-preview:-1\" \/>\n<link rel=\"canonical\" href=\"https:\/\/www.romeing.it\/florence\/olafur-eliasson-exhibition-at-palazzo-strozzi-in-florence\/\" \/>\n<meta property=\"og:locale\" content=\"it_IT\" \/>\n<meta property=\"og:type\" content=\"article\" \/>\n<meta property=\"og:title\" content=\"Olafur Eliasson exhibition at Palazzo Strozzi in Florence\" \/>\n<meta property=\"og:description\" content=\"The largest exhibition in Italy to date by the Scandinavian artist Olafur Eliasson will be on show from September 22 to January 22, 2023\" \/>\n<meta property=\"og:url\" content=\"https:\/\/www.romeing.it\/florence\/olafur-eliasson-exhibition-at-palazzo-strozzi-in-florence\/\" \/>\n<meta property=\"og:site_name\" content=\"Romeing Florence\" \/>\n<meta property=\"article:publisher\" content=\"https:\/\/www.facebook.com\/Romeing.it\" \/>\n<meta property=\"article:published_time\" content=\"2022-09-21T07:47:09+00:00\" \/>\n<meta property=\"article:modified_time\" content=\"2025-11-25T09:47:31+00:00\" \/>\n<meta property=\"og:image\" content=\"https:\/\/www.romeing.it\/florence\/wp-content\/uploads\/2025\/11\/olafur-Firefly-double-polyhedron-sphere.jpg\" \/>\n\t<meta property=\"og:image:width\" content=\"1200\" \/>\n\t<meta property=\"og:image:height\" content=\"891\" \/>\n\t<meta property=\"og:image:type\" content=\"image\/jpeg\" \/>\n<meta name=\"author\" content=\"monicasharp\" \/>\n<meta name=\"twitter:card\" content=\"summary_large_image\" \/>\n<meta name=\"twitter:creator\" content=\"@romeing\" \/>\n<meta name=\"twitter:site\" content=\"@romeing\" \/>\n<meta name=\"twitter:label1\" content=\"Scritto da\" \/>\n\t<meta name=\"twitter:data1\" content=\"monicasharp\" \/>\n\t<meta name=\"twitter:label2\" content=\"Tempo di lettura stimato\" \/>\n\t<meta name=\"twitter:data2\" content=\"6 minuti\" \/>\n<script type=\"application\/ld+json\" class=\"yoast-schema-graph\">{\"@context\":\"https:\\\/\\\/schema.org\",\"@graph\":[{\"@type\":\"NewsArticle\",\"@id\":\"https:\\\/\\\/www.romeing.it\\\/florence\\\/olafur-eliasson-exhibition-at-palazzo-strozzi-in-florence\\\/#article\",\"isPartOf\":{\"@id\":\"https:\\\/\\\/www.romeing.it\\\/florence\\\/olafur-eliasson-exhibition-at-palazzo-strozzi-in-florence\\\/\"},\"author\":{\"name\":\"monicasharp\",\"@id\":\"https:\\\/\\\/www.romeing.it\\\/florence\\\/#\\\/schema\\\/person\\\/e264ce32f544fbcfa1e87af20e32d926\"},\"headline\":\"Olafur Eliasson exhibition at Palazzo Strozzi in Florence\",\"datePublished\":\"2022-09-21T07:47:09+00:00\",\"dateModified\":\"2025-11-25T09:47:31+00:00\",\"mainEntityOfPage\":{\"@id\":\"https:\\\/\\\/www.romeing.it\\\/florence\\\/olafur-eliasson-exhibition-at-palazzo-strozzi-in-florence\\\/\"},\"wordCount\":966,\"commentCount\":0,\"publisher\":{\"@id\":\"https:\\\/\\\/www.romeing.it\\\/florence\\\/#organization\"},\"image\":{\"@id\":\"https:\\\/\\\/www.romeing.it\\\/florence\\\/olafur-eliasson-exhibition-at-palazzo-strozzi-in-florence\\\/#primaryimage\"},\"thumbnailUrl\":\"https:\\\/\\\/www.romeing.it\\\/florence\\\/wp-content\\\/uploads\\\/2025\\\/11\\\/olafur-Firefly-double-polyhedron-sphere.jpg\",\"keywords\":[\"exhibition\",\"museums in florence\"],\"articleSection\":[\"Events in Florence\",\"Florence Exhibitions\"],\"inLanguage\":\"it-IT\",\"potentialAction\":[{\"@type\":\"CommentAction\",\"name\":\"Comment\",\"target\":[\"https:\\\/\\\/www.romeing.it\\\/florence\\\/olafur-eliasson-exhibition-at-palazzo-strozzi-in-florence\\\/#respond\"]}]},{\"@type\":\"WebPage\",\"@id\":\"https:\\\/\\\/www.romeing.it\\\/florence\\\/olafur-eliasson-exhibition-at-palazzo-strozzi-in-florence\\\/\",\"url\":\"https:\\\/\\\/www.romeing.it\\\/florence\\\/olafur-eliasson-exhibition-at-palazzo-strozzi-in-florence\\\/\",\"name\":\"Olafur Eliasson exhibition at Palazzo Strozzi in Florence -\",\"isPartOf\":{\"@id\":\"https:\\\/\\\/www.romeing.it\\\/florence\\\/#website\"},\"primaryImageOfPage\":{\"@id\":\"https:\\\/\\\/www.romeing.it\\\/florence\\\/olafur-eliasson-exhibition-at-palazzo-strozzi-in-florence\\\/#primaryimage\"},\"image\":{\"@id\":\"https:\\\/\\\/www.romeing.it\\\/florence\\\/olafur-eliasson-exhibition-at-palazzo-strozzi-in-florence\\\/#primaryimage\"},\"thumbnailUrl\":\"https:\\\/\\\/www.romeing.it\\\/florence\\\/wp-content\\\/uploads\\\/2025\\\/11\\\/olafur-Firefly-double-polyhedron-sphere.jpg\",\"datePublished\":\"2022-09-21T07:47:09+00:00\",\"dateModified\":\"2025-11-25T09:47:31+00:00\",\"description\":\"The largest exhibition in Italy to date by the Scandinavian artist Olafur Eliasson will be on show from September 22 to January 22, 2023\",\"inLanguage\":\"it-IT\",\"potentialAction\":[{\"@type\":\"ReadAction\",\"target\":[\"https:\\\/\\\/www.romeing.it\\\/florence\\\/olafur-eliasson-exhibition-at-palazzo-strozzi-in-florence\\\/\"]}]},{\"@type\":\"ImageObject\",\"inLanguage\":\"it-IT\",\"@id\":\"https:\\\/\\\/www.romeing.it\\\/florence\\\/olafur-eliasson-exhibition-at-palazzo-strozzi-in-florence\\\/#primaryimage\",\"url\":\"https:\\\/\\\/www.romeing.it\\\/florence\\\/wp-content\\\/uploads\\\/2025\\\/11\\\/olafur-Firefly-double-polyhedron-sphere.jpg\",\"contentUrl\":\"https:\\\/\\\/www.romeing.it\\\/florence\\\/wp-content\\\/uploads\\\/2025\\\/11\\\/olafur-Firefly-double-polyhedron-sphere.jpg\",\"width\":1200,\"height\":891,\"caption\":\"Olafur Eliasson\"},{\"@type\":\"WebSite\",\"@id\":\"https:\\\/\\\/www.romeing.it\\\/florence\\\/#website\",\"url\":\"https:\\\/\\\/www.romeing.it\\\/florence\\\/\",\"name\":\"Romeing: Rome's english magazine, events and exhibitions in Rome\",\"description\":\"Romeing is the english magazine for tourists and expats visiting or living in Florence. A guide to the best locations, attractions and restaurants with a listing of events and exhibitions.\",\"publisher\":{\"@id\":\"https:\\\/\\\/www.romeing.it\\\/florence\\\/#organization\"},\"potentialAction\":[{\"@type\":\"SearchAction\",\"target\":{\"@type\":\"EntryPoint\",\"urlTemplate\":\"https:\\\/\\\/www.romeing.it\\\/florence\\\/?s={search_term_string}\"},\"query-input\":{\"@type\":\"PropertyValueSpecification\",\"valueRequired\":true,\"valueName\":\"search_term_string\"}}],\"inLanguage\":\"it-IT\"},{\"@type\":\"Organization\",\"@id\":\"https:\\\/\\\/www.romeing.it\\\/florence\\\/#organization\",\"name\":\"Romeing srl\",\"url\":\"https:\\\/\\\/www.romeing.it\\\/florence\\\/\",\"logo\":{\"@type\":\"ImageObject\",\"inLanguage\":\"it-IT\",\"@id\":\"https:\\\/\\\/www.romeing.it\\\/florence\\\/#\\\/schema\\\/logo\\\/image\\\/\",\"url\":\"\",\"contentUrl\":\"\",\"caption\":\"Romeing srl\"},\"image\":{\"@id\":\"https:\\\/\\\/www.romeing.it\\\/florence\\\/#\\\/schema\\\/logo\\\/image\\\/\"},\"sameAs\":[\"https:\\\/\\\/www.facebook.com\\\/Romeing.it\",\"https:\\\/\\\/x.com\\\/romeing\",\"https:\\\/\\\/www.instagram.com\\\/romeing_magazine\\\/\",\"https:\\\/\\\/www.linkedin.com\\\/company\\\/romeing-srl\\\/\",\"https:\\\/\\\/www.pinterest.it\\\/romeing\\\/pins\\\/\",\"https:\\\/\\\/www.youtube.com\\\/@RomeingIt\"],\"email\":\"info@romeing.it\",\"legalName\":\"Romeing Srl\",\"foundingDate\":\"2010-12-01\",\"vatID\":\"11115241009\"},{\"@type\":\"Person\",\"@id\":\"https:\\\/\\\/www.romeing.it\\\/florence\\\/#\\\/schema\\\/person\\\/e264ce32f544fbcfa1e87af20e32d926\",\"name\":\"monicasharp\",\"image\":{\"@type\":\"ImageObject\",\"inLanguage\":\"it-IT\",\"@id\":\"https:\\\/\\\/secure.gravatar.com\\\/avatar\\\/554c5a1cdb65b51d4da1eaa7d9a8840535df4d4aeda0574a6fda4ce19f0c246d?s=96&d=mm&r=g\",\"url\":\"https:\\\/\\\/secure.gravatar.com\\\/avatar\\\/554c5a1cdb65b51d4da1eaa7d9a8840535df4d4aeda0574a6fda4ce19f0c246d?s=96&d=mm&r=g\",\"contentUrl\":\"https:\\\/\\\/secure.gravatar.com\\\/avatar\\\/554c5a1cdb65b51d4da1eaa7d9a8840535df4d4aeda0574a6fda4ce19f0c246d?s=96&d=mm&r=g\",\"caption\":\"monicasharp\"},\"description\":\"Monica lives and writes in Florence, Italy. Her international spirit travels with an American passport since 1993. She moonlights as a legal researcher when not planning her next trip, admiring art, or losing herself in literature. Her writing has been published in the Bosphorus Review of Books, Fevers of the Mind, and Adamah. Find out more at sharpmonica.com\",\"url\":\"https:\\\/\\\/www.romeing.it\\\/florence\\\/author\\\/monicasharp\\\/\"}]}<\/script>\n<!-- \/ Yoast SEO Premium plugin. -->","yoast_head_json":{"title":"Olafur Eliasson exhibition at Palazzo Strozzi in Florence -","description":"The largest exhibition in Italy to date by the Scandinavian artist Olafur Eliasson will be on show from September 22 to January 22, 2023","robots":{"index":"index","follow":"follow","max-snippet":"max-snippet:-1","max-image-preview":"max-image-preview:large","max-video-preview":"max-video-preview:-1"},"canonical":"https:\/\/www.romeing.it\/florence\/olafur-eliasson-exhibition-at-palazzo-strozzi-in-florence\/","og_locale":"it_IT","og_type":"article","og_title":"Olafur Eliasson exhibition at Palazzo Strozzi in Florence","og_description":"The largest exhibition in Italy to date by the Scandinavian artist Olafur Eliasson will be on show from September 22 to January 22, 2023","og_url":"https:\/\/www.romeing.it\/florence\/olafur-eliasson-exhibition-at-palazzo-strozzi-in-florence\/","og_site_name":"Romeing Florence","article_publisher":"https:\/\/www.facebook.com\/Romeing.it","article_published_time":"2022-09-21T07:47:09+00:00","article_modified_time":"2025-11-25T09:47:31+00:00","og_image":[{"width":1200,"height":891,"url":"https:\/\/www.romeing.it\/florence\/wp-content\/uploads\/2025\/11\/olafur-Firefly-double-polyhedron-sphere.jpg","type":"image\/jpeg"}],"author":"monicasharp","twitter_card":"summary_large_image","twitter_creator":"@romeing","twitter_site":"@romeing","twitter_misc":{"Scritto da":"monicasharp","Tempo di lettura stimato":"6 minuti"},"schema":{"@context":"https:\/\/schema.org","@graph":[{"@type":"NewsArticle","@id":"https:\/\/www.romeing.it\/florence\/olafur-eliasson-exhibition-at-palazzo-strozzi-in-florence\/#article","isPartOf":{"@id":"https:\/\/www.romeing.it\/florence\/olafur-eliasson-exhibition-at-palazzo-strozzi-in-florence\/"},"author":{"name":"monicasharp","@id":"https:\/\/www.romeing.it\/florence\/#\/schema\/person\/e264ce32f544fbcfa1e87af20e32d926"},"headline":"Olafur Eliasson exhibition at Palazzo Strozzi in Florence","datePublished":"2022-09-21T07:47:09+00:00","dateModified":"2025-11-25T09:47:31+00:00","mainEntityOfPage":{"@id":"https:\/\/www.romeing.it\/florence\/olafur-eliasson-exhibition-at-palazzo-strozzi-in-florence\/"},"wordCount":966,"commentCount":0,"publisher":{"@id":"https:\/\/www.romeing.it\/florence\/#organization"},"image":{"@id":"https:\/\/www.romeing.it\/florence\/olafur-eliasson-exhibition-at-palazzo-strozzi-in-florence\/#primaryimage"},"thumbnailUrl":"https:\/\/www.romeing.it\/florence\/wp-content\/uploads\/2025\/11\/olafur-Firefly-double-polyhedron-sphere.jpg","keywords":["exhibition","museums in florence"],"articleSection":["Events in Florence","Florence Exhibitions"],"inLanguage":"it-IT","potentialAction":[{"@type":"CommentAction","name":"Comment","target":["https:\/\/www.romeing.it\/florence\/olafur-eliasson-exhibition-at-palazzo-strozzi-in-florence\/#respond"]}]},{"@type":"WebPage","@id":"https:\/\/www.romeing.it\/florence\/olafur-eliasson-exhibition-at-palazzo-strozzi-in-florence\/","url":"https:\/\/www.romeing.it\/florence\/olafur-eliasson-exhibition-at-palazzo-strozzi-in-florence\/","name":"Olafur Eliasson exhibition at Palazzo Strozzi in Florence -","isPartOf":{"@id":"https:\/\/www.romeing.it\/florence\/#website"},"primaryImageOfPage":{"@id":"https:\/\/www.romeing.it\/florence\/olafur-eliasson-exhibition-at-palazzo-strozzi-in-florence\/#primaryimage"},"image":{"@id":"https:\/\/www.romeing.it\/florence\/olafur-eliasson-exhibition-at-palazzo-strozzi-in-florence\/#primaryimage"},"thumbnailUrl":"https:\/\/www.romeing.it\/florence\/wp-content\/uploads\/2025\/11\/olafur-Firefly-double-polyhedron-sphere.jpg","datePublished":"2022-09-21T07:47:09+00:00","dateModified":"2025-11-25T09:47:31+00:00","description":"The largest exhibition in Italy to date by the Scandinavian artist Olafur Eliasson will be on show from September 22 to January 22, 2023","inLanguage":"it-IT","potentialAction":[{"@type":"ReadAction","target":["https:\/\/www.romeing.it\/florence\/olafur-eliasson-exhibition-at-palazzo-strozzi-in-florence\/"]}]},{"@type":"ImageObject","inLanguage":"it-IT","@id":"https:\/\/www.romeing.it\/florence\/olafur-eliasson-exhibition-at-palazzo-strozzi-in-florence\/#primaryimage","url":"https:\/\/www.romeing.it\/florence\/wp-content\/uploads\/2025\/11\/olafur-Firefly-double-polyhedron-sphere.jpg","contentUrl":"https:\/\/www.romeing.it\/florence\/wp-content\/uploads\/2025\/11\/olafur-Firefly-double-polyhedron-sphere.jpg","width":1200,"height":891,"caption":"Olafur Eliasson"},{"@type":"WebSite","@id":"https:\/\/www.romeing.it\/florence\/#website","url":"https:\/\/www.romeing.it\/florence\/","name":"Romeing: Rome's english magazine, events and exhibitions in Rome","description":"Romeing is the english magazine for tourists and expats visiting or living in Florence. A guide to the best locations, attractions and restaurants with a listing of events and exhibitions.","publisher":{"@id":"https:\/\/www.romeing.it\/florence\/#organization"},"potentialAction":[{"@type":"SearchAction","target":{"@type":"EntryPoint","urlTemplate":"https:\/\/www.romeing.it\/florence\/?s={search_term_string}"},"query-input":{"@type":"PropertyValueSpecification","valueRequired":true,"valueName":"search_term_string"}}],"inLanguage":"it-IT"},{"@type":"Organization","@id":"https:\/\/www.romeing.it\/florence\/#organization","name":"Romeing srl","url":"https:\/\/www.romeing.it\/florence\/","logo":{"@type":"ImageObject","inLanguage":"it-IT","@id":"https:\/\/www.romeing.it\/florence\/#\/schema\/logo\/image\/","url":"","contentUrl":"","caption":"Romeing srl"},"image":{"@id":"https:\/\/www.romeing.it\/florence\/#\/schema\/logo\/image\/"},"sameAs":["https:\/\/www.facebook.com\/Romeing.it","https:\/\/x.com\/romeing","https:\/\/www.instagram.com\/romeing_magazine\/","https:\/\/www.linkedin.com\/company\/romeing-srl\/","https:\/\/www.pinterest.it\/romeing\/pins\/","https:\/\/www.youtube.com\/@RomeingIt"],"email":"info@romeing.it","legalName":"Romeing Srl","foundingDate":"2010-12-01","vatID":"11115241009"},{"@type":"Person","@id":"https:\/\/www.romeing.it\/florence\/#\/schema\/person\/e264ce32f544fbcfa1e87af20e32d926","name":"monicasharp","image":{"@type":"ImageObject","inLanguage":"it-IT","@id":"https:\/\/secure.gravatar.com\/avatar\/554c5a1cdb65b51d4da1eaa7d9a8840535df4d4aeda0574a6fda4ce19f0c246d?s=96&d=mm&r=g","url":"https:\/\/secure.gravatar.com\/avatar\/554c5a1cdb65b51d4da1eaa7d9a8840535df4d4aeda0574a6fda4ce19f0c246d?s=96&d=mm&r=g","contentUrl":"https:\/\/secure.gravatar.com\/avatar\/554c5a1cdb65b51d4da1eaa7d9a8840535df4d4aeda0574a6fda4ce19f0c246d?s=96&d=mm&r=g","caption":"monicasharp"},"description":"Monica lives and writes in Florence, Italy. Her international spirit travels with an American passport since 1993. She moonlights as a legal researcher when not planning her next trip, admiring art, or losing herself in literature. Her writing has been published in the Bosphorus Review of Books, Fevers of the Mind, and Adamah. Find out more at sharpmonica.com","url":"https:\/\/www.romeing.it\/florence\/author\/monicasharp\/"}]}},"uagb_featured_image_src":{"full":["https:\/\/www.romeing.it\/florence\/wp-content\/uploads\/2025\/11\/olafur-Firefly-double-polyhedron-sphere.jpg",1200,891,false],"thumbnail":["https:\/\/www.romeing.it\/florence\/wp-content\/uploads\/2025\/11\/olafur-Firefly-double-polyhedron-sphere-150x150.jpg",150,150,true],"medium":["https:\/\/www.romeing.it\/florence\/wp-content\/uploads\/2025\/11\/olafur-Firefly-double-polyhedron-sphere-300x223.jpg",300,223,true],"medium_large":["https:\/\/www.romeing.it\/florence\/wp-content\/uploads\/2025\/11\/olafur-Firefly-double-polyhedron-sphere-768x570.jpg",768,570,true],"large":["https:\/\/www.romeing.it\/florence\/wp-content\/uploads\/2025\/11\/olafur-Firefly-double-polyhedron-sphere-1024x760.jpg",800,594,true],"1536x1536":["https:\/\/www.romeing.it\/florence\/wp-content\/uploads\/2025\/11\/olafur-Firefly-double-polyhedron-sphere.jpg",1200,891,false],"2048x2048":["https:\/\/www.romeing.it\/florence\/wp-content\/uploads\/2025\/11\/olafur-Firefly-double-polyhedron-sphere.jpg",1200,891,false]},"uagb_author_info":{"display_name":"monicasharp","author_link":"https:\/\/www.romeing.it\/florence\/author\/monicasharp\/"},"uagb_comment_info":0,"uagb_excerpt":"The largest exhibition in Italy to date by the Scandinavian artist Olafur Eliasson will be on show from September 22 to January 22, 2023","_links":{"self":[{"href":"https:\/\/www.romeing.it\/florence\/wp-json\/wp\/v2\/posts\/44760","targetHints":{"allow":["GET"]}}],"collection":[{"href":"https:\/\/www.romeing.it\/florence\/wp-json\/wp\/v2\/posts"}],"about":[{"href":"https:\/\/www.romeing.it\/florence\/wp-json\/wp\/v2\/types\/post"}],"author":[{"embeddable":true,"href":"https:\/\/www.romeing.it\/florence\/wp-json\/wp\/v2\/users\/3265"}],"replies":[{"embeddable":true,"href":"https:\/\/www.romeing.it\/florence\/wp-json\/wp\/v2\/comments?post=44760"}],"version-history":[{"count":0,"href":"https:\/\/www.romeing.it\/florence\/wp-json\/wp\/v2\/posts\/44760\/revisions"}],"wp:featuredmedia":[{"embeddable":true,"href":"https:\/\/www.romeing.it\/florence\/wp-json\/wp\/v2\/media\/44767"}],"wp:attachment":[{"href":"https:\/\/www.romeing.it\/florence\/wp-json\/wp\/v2\/media?parent=44760"}],"wp:term":[{"taxonomy":"category","embeddable":true,"href":"https:\/\/www.romeing.it\/florence\/wp-json\/wp\/v2\/categories?post=44760"},{"taxonomy":"post_tag","embeddable":true,"href":"https:\/\/www.romeing.it\/florence\/wp-json\/wp\/v2\/tags?post=44760"}],"curies":[{"name":"wp","href":"https:\/\/api.w.org\/{rel}","templated":true}]}}