{"id":102721,"date":"2025-05-05T14:51:27","date_gmt":"2025-05-05T14:51:27","guid":{"rendered":"https:\/\/www.romeing.it\/mostra-world-press-photo-roma\/"},"modified":"2025-12-03T21:02:07","modified_gmt":"2025-12-03T21:02:07","slug":"mostra-world-press-photo-roma","status":"publish","type":"post","link":"https:\/\/www.romeing.it\/it\/mostra-world-press-photo-roma\/","title":{"rendered":"World Press Photo 2025 al Palazzo delle Esposizioni di Roma"},"content":{"rendered":"\n<h2 class=\"wp-block-heading\" id=\"h-la-mostra-concorso-di-fotogiornalismo-nbsp-piu-importante-al-mondo\">La mostra-concorso di fotogiornalismo&nbsp;pi\u00f9 importante al mondo<\/h2>\n\n\n\n<p>Dal <strong>6 maggio all&#8217;29 giugno<\/strong> <strong>2025<\/strong> torna a Roma, nella sede espositiva del<strong> Palazzo delle Esposizioni<\/strong>, la <strong>70\u00b0 edizione del World Press Photo<\/strong>.<\/p>\n\n\n\n<p>La mostra, ideata dalla <strong>World Press Photo Foundation di Amsterdam<\/strong>, promossa da Roma Culture e organizzata dall\u2019Azienda Speciale Palaexpo in collaborazione con 10b Photography, ospiter\u00e0 le <strong>foto finaliste<\/strong> del prestigioso premio di fotogiornalismo, che dal 1955 premia ogni anno diversi fotografi professionisti per i loro migliori scatti contribuendo cos\u00ec a costruire la storia del miglior giornalismo visivo mondiale.<\/p>\n\n\n\n<p>Per questa 68\u00b0 edizione, le giurie globali e regionali formate da esperti internazionali hanno esaminato <strong><strong><strong>59.320<\/strong><\/strong> fotografie e progetti<\/strong> inviati da<strong> 3.778 fotografi <\/strong>provenienti da<strong> 141 paesi<\/strong>. Quest&#8217;edizione presenta 42 progetti, 9 in pi\u00f9 dello scorso anno, con tre vincitori in ciascuna delle categorie per regione e un vincitore di un progetto a lungo termine per regione.<\/p>\n\n\n\n<p>Il coinvolgimento dello spettatore quest&#8217;anno \u00e8 amplificato dalla possibilit\u00e0 di ascoltare, tramite dei QR code, le voci dei fotografi stessi che raccontano e commentano le storie catturate dalle loro foto. Un vero e proprio dialogo tra spettatore e artista che rende ancora pi\u00f9 intensa l&#8217;esperienza di visita.<\/p>\n\n\n\n<h3 class=\"wp-block-heading\" id=\"h-world-press-photo-dell-anno\">World Press Photo dell&#8217;anno<\/h3>\n\n\n\n<figure class=\"wp-block-image aligncenter size-full\"><img decoding=\"async\" src=\"https:\/\/www.romeing.it\/wp-content\/uploads\/2025\/12\/01_West-Central-and-South-Asia_Singles_Samar-Abu-Elouf_for-The-New-York-Times.jpg\" alt=\"World Press Photo 2025 Roma\" class=\"wp-image-175798\"\/><figcaption class=\"wp-element-caption\">Mahmoud Ajjour, nove anni\n\u00a9 Samar Abu Elouf, The New York Times. World Press Photo  dell&#8217;anno<\/figcaption><\/figure>\n\n\n\n<p>La foto dell\u2019anno \u00e8 <strong><em><em><strong><em>Mahmoud Ajjour, Nove anni<\/em><\/strong><\/em><\/em><\/strong>, scattata dalla fotografa palestinese Samar Abu Elouf per il New York Times a Doha, ritrae un bambino di Gaza City che ha perso entrambe le braccia in un bombardamento israeliano.&nbsp;<\/p>\n\n\n\n<p><em>Una delle cose pi\u00f9 difficili che la madre di Mahmoud mi ha spiegato \u00e8 che, quando si \u00e8 reso conto per la prima volta di avere le braccia amputate, la prima frase che le ha detto \u00e8 stata: &#8216;Come far\u00f2 ad abbracciarti<\/em>?&#8217;, racconta la fotografa, che si occupa di ritrarre palestinesi gravemente feriti.&nbsp;<\/p>\n\n\n\n<blockquote class=\"wp-block-quote is-layout-flow wp-block-quote-is-layout-flow\">\n<p>&#8220;Questa \u00e8 una foto silenziosa che parla a voce alta. Racconta la storia di un ragazzo, ma anche di una guerra pi\u00f9 ampia che avr\u00e0 un impatto per generazioni&#8221;.<\/p>\n\n\n\n<p>Joumana El Zein Khoury, Direttore esecutivo di World Press Photo<\/p>\n<\/blockquote>\n\n\n\n<p>L&#8217;immagine, scatta con un sapiente gioco di luce e chiaroscuro, ha la dignit\u00e0 e la grazia dolente di un busto antico, diventando emblema della tragicit\u00e0 della guerra. <\/p>\n\n\n\n<h3 class=\"wp-block-heading\" id=\"h-i-finalisti-dell-edizione-2025\">I finalisti dell&#8217;edizione 2025<\/h3>\n\n\n\n<figure class=\"wp-block-image size-large\"><img decoding=\"async\" src=\"https:\/\/www.romeing.it\/wp-content\/uploads\/2025\/12\/WPP-2025Contest-POY-Finalist-JohnMoore-1024x683.jpg\" alt=\"World Press Photo 2025 Roma\" class=\"wp-image-175829\"\/><figcaption class=\"wp-element-caption\">Night Crossing \u00a9 John Moore, Getty Images<\/figcaption><\/figure>\n\n\n\n<p>Le altre due foto finaliste che hanno poi lasciato il podio all&#8217;intenso ritratto del bambino ferito a Gaza sono incentrate sui temi caldi dell&#8217;immigrazione e dei disastri climatici. <em><strong>Night Crossing<\/strong><\/em> di <strong>John Moore <\/strong> mostra un gruppo di immigrati cinesi che si scaldano davanti al fuoco dopo aver passato il confine tra USA e Messico. L&#8217;aumento del flusso migratorio cinese \u00e8 dovuto ai crescenti problemi socioeconomici all&#8217;interno della Cina, che ha portato a un allungamento dei tempi di attesa per le green card e dall&#8217;aumento del controllo sul lavoro.<\/p>\n\n\n\n<p><strong><em>Siccit\u00e0 in Amazzonia<\/em><\/strong> del fotografo messicano <strong>Musuk Nolte<\/strong> mostra un ragazzo che porta il cibo alla madre nel villaggio di Manacapuru, oggi accessibile solo attraversando a piedi lungo il letto prosciugato del fiume. In precedenza al villaggio si poteva accedere solo in barca, ma il cambiamento climatico ha sconvolto il paesaggio e la vita dei suoi abitanti.<\/p>\n\n\n\n<h3 class=\"wp-block-heading\" id=\"h-world-press-foto-singole-nord-e-centro-america-amp-europa\">World Press Foto Singole &#8211; Nord e Centro America &amp; Europa<\/h3>\n\n\n\n<figure class=\"wp-block-image size-large\"><img decoding=\"async\" src=\"https:\/\/www.romeing.it\/wp-content\/uploads\/2025\/12\/WPP-2025Contest-NorthAndCentralAmerica-SIN-JabinBotsford-1024x683.jpg\" alt=\"World Press Photo 2025 Roma\" class=\"wp-image-175842\"\/><figcaption class=\"wp-element-caption\">Tentato omicidio di Donald Trump \u00a9 Jabin Botsford, Washington Post<\/figcaption><\/figure>\n\n\n\n<p>Tra le foto singole spiccano quelle che appartengono al Nord e Centro America e all&#8217;Europa. <strong><em>Tentato omicidio<\/em><\/strong> di <strong>Jabin Botsford<\/strong> mostra la concitazione scatenatasi dopo l&#8217;attentato a Donald Trump, avvenuto durante un raduno in campagna elettorale a Butler, in Pennsylvania. Il proiettile lo ha colpito di striscio sull&#8217;orecchio. <\/p>\n\n\n\n<p><strong><em>Ospedale da campo sotterraneo<\/em><\/strong>, di <strong>Nanna Heitmann<\/strong>, mostra un uomo ucraino arruolato per combattere per la repubblica separatista di Luhansk, sostenuta dalla Russia. Allo scoppio della guerra la Russia ha annesso unilateralmente il territorio e la milizia che lo aveva arruolato \u00e8 stata fusa in un&#8217;unit\u00e0 dell&#8217;esercito russo. La foto lo mostra ferito in un ospedale da campo installato in una metropolitana; la gamba sinistra e il braccio saranno successivamente amputati.<\/p>\n\n\n\n<figure class=\"wp-block-image aligncenter size-large\"><img decoding=\"async\" src=\"https:\/\/www.romeing.it\/wp-content\/uploads\/2025\/12\/WPP-2025Contest-Europe-SIN-NannaHeitmann-1024x768.jpg\" alt=\"World Press Photo 2025 Roma\" class=\"wp-image-175847\"\/><figcaption class=\"wp-element-caption\">Ospedale da campo sotterraneo, \u00a9 Nanna Heitmann, Magnum Photos per The New York Times<\/figcaption><\/figure>\n\n\n\n<h3 class=\"wp-block-heading\" id=\"h-progetti-a-lungo-termine-italia\">Progetti a lungo termine &#8211; Italia<\/h3>\n\n\n\n<p><strong>Cinzia Canneri<\/strong>, unica fotografa italiana selezionata quest&#8217;anno, ha ricevuto il premio <strong>Progetti a Lungo Termine<\/strong> per <strong><em>Corpi delle donne come campi di battaglia<\/em><\/strong>, indagine fotografica sulle lotte femminili in Eritrea ed Etiopia portata avanti attraverso anni di lavoro sul campo. Il reportage getta luce sul trauma psicologico e fisico della violenza sessuale connessa al conflitto, dando voce a tante vittime ingiustamente dimenticate.<\/p>\n\n\n\n<figure class=\"wp-block-image aligncenter size-large\"><img decoding=\"async\" src=\"https:\/\/www.romeing.it\/wp-content\/uploads\/2025\/12\/06_Africa_Long-Term-Projects_Cinzia-Canneri_Association-Camille-Lepage-1024x683.jpg\" alt=\"World Press Photo 2025 Roma\" class=\"wp-image-175802\"\/><figcaption class=\"wp-element-caption\">I corpi delle donne come campi di battaglia, \u00a9 Cinzia Canneri Italia, Association Camille Lepage<\/figcaption><\/figure>\n\n\n\n<h3 class=\"wp-block-heading\" id=\"h-le-foto-sportive\">Le foto sportive<\/h3>\n\n\n\n<figure class=\"wp-block-image aligncenter size-large\"><img decoding=\"async\" src=\"https:\/\/www.romeing.it\/wp-content\/uploads\/2025\/12\/WPP-2025Contest-AsiaPacificAndOceania-SIN-JeromeBrouillet-1024x680.jpg\" alt=\"World Press Photo 2025 Roma\" class=\"wp-image-175862\"\/><figcaption class=\"wp-element-caption\">Gabriel Medina durante i Giochi Olimpici di Parigi del 2024,  \u00a9 Jerome Brouillet, Agence France-Presse<\/figcaption><\/figure>\n\n\n\n<p>Uno degli scatti pi\u00f9 suggestivi dedicati allo sport \u00e8 senza dubbio quello realizzato da <strong>Jerome Brouillet<\/strong>, che ritrae il surfista brasiliano <strong>Gabriel Medina <\/strong>mentre salta fuori da un grande onda durante i Giochi olimpici del 2024 a Teahupo&#8217;o, Tahiti, nella Polinesia francese.<\/p>\n\n\n\n<p>Come ogni anno la mostra dedicata al World Press Photo offre la possibilit\u00e0 di avere davanti agli occhi uno spaccato intenso e a tratti commovente di tutto ci\u00f2 che di maggior impatto \u00e8 accaduto nel mondo durante l&#8217;anno, a livello civile, politico, climatico e umano. <\/p>\n\n\n\n<div class=\"wp-block-buttons is-horizontal is-content-justification-center is-layout-flex wp-container-core-buttons-is-layout-03627597 wp-block-buttons-is-layout-flex\">\n<div class=\"wp-block-button\"><a class=\"wp-block-button__link has-vivid-red-background-color has-background wp-element-button\" href=\"https:\/\/www.romeing.it\/it\/mostre-a-roma\/\">LE MIGLIORI MOSTRE A ROMA<\/a><\/div>\n\n\n\n<div class=\"wp-block-button\"><a class=\"wp-block-button__link has-vivid-red-background-color has-background wp-element-button\" href=\"https:\/\/www.romeing.it\/it\/la-tua-guida-ai-musei-di-roma\/\">GUIDA AI MUSEI DI ROMA<\/a><\/div>\n<\/div>\n\n\n\n<hr class=\"wp-block-separator has-css-opacity\"\/>\n\n\n\n<p class=\"has-text-align-center\"><strong>WORLD PHOTO PRESS 2025<\/strong><\/p>\n\n\n\n<p class=\"has-text-align-center\"><strong>Fino al 29 Giugno 2025<\/strong><\/p>\n\n\n\n<p class=\"has-text-align-center\"><strong>Palazzo delle Esposizioni<\/strong><br>Via Nazionale, 194<\/p>\n\n\n\n<p class=\"has-text-align-center\"><strong>Orari:<\/strong> dal marted\u00ec alla domenica dalle 10.00 alle 20.00, luned\u00ec chiuso <br><br><strong>Biglietti:<\/strong> Intero \u20ac 10; Ridotto \u20ac 8<\/p>\n\n\n\n<p class=\"has-text-align-center\"><a href=\"https:\/\/www.palazzoesposizioni.it\/\" target=\"_blank\" rel=\"noreferrer noopener\">palazzoesposizioni.it<\/a><\/p>\n","protected":false},"excerpt":{"rendered":"<p>World Press Photo \u00e8 l&#8217;oscar del foto-giornalismo: le foto vincitrici sono in mostra al Palazzo delle Esposizioni di Roma fino al 29 Giugno 2025.<\/p>\n","protected":false},"author":1576,"featured_media":90759,"comment_status":"open","ping_status":"open","sticky":false,"template":"","format":"standard","meta":{"_uag_custom_page_level_css":"","footnotes":""},"categories":[580,592],"tags":[],"class_list":["post-102721","post","type-post","status-publish","format-standard","has-post-thumbnail","hentry","category-eventi-a-roma","category-mostre-a-roma"],"featured_image_src":"https:\/\/www.romeing.it\/wp-content\/uploads\/2025\/12\/04_South-America_Stories_Musuk-Nolte_Panos-Pictures_Bertha-Foundation.jpg","author_info":{"display_name":"Valentina Martinoli","author_link":"https:\/\/www.romeing.it\/it\/author\/katiba\/"},"yoast_head":"<!-- This site is optimized with the Yoast SEO Premium plugin v26.9 (Yoast SEO v27.5) - https:\/\/yoast.com\/product\/yoast-seo-premium-wordpress\/ -->\n<title>World Press Photo 2025 al Palazzo delle Esposizioni di Roma<\/title>\n<meta name=\"description\" content=\"World Press Photo \u00e8 l&#039;oscar del foto-giornalismo: le foto vincitrici sono in mostra al Palazzo delle Esposizioni di Roma fino al 29 Giugno 2025.\" \/>\n<meta name=\"robots\" content=\"index, follow, max-snippet:-1, max-image-preview:large, max-video-preview:-1\" \/>\n<link rel=\"canonical\" href=\"https:\/\/www.romeing.it\/it\/mostra-world-press-photo-roma\/\" \/>\n<meta property=\"og:locale\" content=\"it_IT\" \/>\n<meta property=\"og:type\" content=\"article\" \/>\n<meta property=\"og:title\" content=\"World Press Photo 2025 al Palazzo delle Esposizioni di Roma\" \/>\n<meta property=\"og:description\" content=\"World Press Photo \u00e8 l&#039;oscar del foto-giornalismo: le foto vincitrici sono in mostra al Palazzo delle Esposizioni di Roma fino al 29 Giugno 2025.\" \/>\n<meta property=\"og:url\" content=\"https:\/\/www.romeing.it\/it\/mostra-world-press-photo-roma\/\" \/>\n<meta property=\"og:site_name\" content=\"Romeing | Rome&#039;s english magazine, events and exhibitions in Rome\" \/>\n<meta property=\"article:publisher\" content=\"https:\/\/www.facebook.com\/Romeing.it\" \/>\n<meta property=\"article:published_time\" content=\"2025-05-05T14:51:27+00:00\" \/>\n<meta property=\"article:modified_time\" content=\"2025-12-03T21:02:07+00:00\" \/>\n<meta property=\"og:image\" content=\"https:\/\/www.romeing.it\/wp-content\/uploads\/2025\/12\/04_South-America_Stories_Musuk-Nolte_Panos-Pictures_Bertha-Foundation.jpg\" \/>\n\t<meta property=\"og:image:width\" content=\"1200\" \/>\n\t<meta property=\"og:image:height\" content=\"900\" \/>\n\t<meta property=\"og:image:type\" content=\"image\/jpeg\" \/>\n<meta name=\"author\" content=\"Valentina Martinoli\" \/>\n<meta name=\"twitter:card\" content=\"summary_large_image\" \/>\n<meta name=\"twitter:creator\" content=\"@romeing\" \/>\n<meta name=\"twitter:site\" content=\"@romeing\" \/>\n<meta name=\"twitter:label1\" content=\"Scritto da\" \/>\n\t<meta name=\"twitter:data1\" content=\"Valentina Martinoli\" \/>\n\t<meta name=\"twitter:label2\" content=\"Tempo di lettura stimato\" \/>\n\t<meta name=\"twitter:data2\" content=\"5 minuti\" \/>\n<script type=\"application\/ld+json\" class=\"yoast-schema-graph\">{\"@context\":\"https:\\\/\\\/schema.org\",\"@graph\":[{\"@type\":\"NewsArticle\",\"@id\":\"https:\\\/\\\/www.romeing.it\\\/it\\\/mostra-world-press-photo-roma\\\/#article\",\"isPartOf\":{\"@id\":\"https:\\\/\\\/www.romeing.it\\\/it\\\/mostra-world-press-photo-roma\\\/\"},\"author\":{\"name\":\"Valentina Martinoli\",\"@id\":\"https:\\\/\\\/www.romeing.it\\\/it\\\/#\\\/schema\\\/person\\\/54e8bd3637f34425a9c6f5736631215a\"},\"headline\":\"World Press Photo 2025 al Palazzo delle Esposizioni di Roma\",\"datePublished\":\"2025-05-05T14:51:27+00:00\",\"dateModified\":\"2025-12-03T21:02:07+00:00\",\"mainEntityOfPage\":{\"@id\":\"https:\\\/\\\/www.romeing.it\\\/it\\\/mostra-world-press-photo-roma\\\/\"},\"wordCount\":898,\"commentCount\":0,\"publisher\":{\"@id\":\"https:\\\/\\\/www.romeing.it\\\/it\\\/#organization\"},\"image\":{\"@id\":\"https:\\\/\\\/www.romeing.it\\\/it\\\/mostra-world-press-photo-roma\\\/#primaryimage\"},\"thumbnailUrl\":\"https:\\\/\\\/www.romeing.it\\\/wp-content\\\/uploads\\\/2025\\\/12\\\/04_South-America_Stories_Musuk-Nolte_Panos-Pictures_Bertha-Foundation.jpg\",\"articleSection\":[\"Eventi a Roma\",\"Mostre\"],\"inLanguage\":\"it-IT\",\"potentialAction\":[{\"@type\":\"CommentAction\",\"name\":\"Comment\",\"target\":[\"https:\\\/\\\/www.romeing.it\\\/it\\\/mostra-world-press-photo-roma\\\/#respond\"]}],\"copyrightYear\":\"2025\",\"copyrightHolder\":{\"@id\":\"https:\\\/\\\/www.romeing.it\\\/#organization\"}},{\"@type\":\"WebPage\",\"@id\":\"https:\\\/\\\/www.romeing.it\\\/it\\\/mostra-world-press-photo-roma\\\/\",\"url\":\"https:\\\/\\\/www.romeing.it\\\/it\\\/mostra-world-press-photo-roma\\\/\",\"name\":\"World Press Photo 2025 al Palazzo delle Esposizioni di Roma\",\"isPartOf\":{\"@id\":\"https:\\\/\\\/www.romeing.it\\\/it\\\/#website\"},\"primaryImageOfPage\":{\"@id\":\"https:\\\/\\\/www.romeing.it\\\/it\\\/mostra-world-press-photo-roma\\\/#primaryimage\"},\"image\":{\"@id\":\"https:\\\/\\\/www.romeing.it\\\/it\\\/mostra-world-press-photo-roma\\\/#primaryimage\"},\"thumbnailUrl\":\"https:\\\/\\\/www.romeing.it\\\/wp-content\\\/uploads\\\/2025\\\/12\\\/04_South-America_Stories_Musuk-Nolte_Panos-Pictures_Bertha-Foundation.jpg\",\"datePublished\":\"2025-05-05T14:51:27+00:00\",\"dateModified\":\"2025-12-03T21:02:07+00:00\",\"description\":\"World Press Photo \u00e8 l'oscar del foto-giornalismo: le foto vincitrici sono in mostra al Palazzo delle Esposizioni di Roma fino al 29 Giugno 2025.\",\"inLanguage\":\"it-IT\",\"potentialAction\":[{\"@type\":\"ReadAction\",\"target\":[\"https:\\\/\\\/www.romeing.it\\\/it\\\/mostra-world-press-photo-roma\\\/\"]}]},{\"@type\":\"ImageObject\",\"inLanguage\":\"it-IT\",\"@id\":\"https:\\\/\\\/www.romeing.it\\\/it\\\/mostra-world-press-photo-roma\\\/#primaryimage\",\"url\":\"https:\\\/\\\/www.romeing.it\\\/wp-content\\\/uploads\\\/2025\\\/12\\\/04_South-America_Stories_Musuk-Nolte_Panos-Pictures_Bertha-Foundation.jpg\",\"contentUrl\":\"https:\\\/\\\/www.romeing.it\\\/wp-content\\\/uploads\\\/2025\\\/12\\\/04_South-America_Stories_Musuk-Nolte_Panos-Pictures_Bertha-Foundation.jpg\",\"width\":1200,\"height\":900,\"caption\":\"Siccit\u00e0 in Amazzonia\"},{\"@type\":\"WebSite\",\"@id\":\"https:\\\/\\\/www.romeing.it\\\/it\\\/#website\",\"url\":\"https:\\\/\\\/www.romeing.it\\\/it\\\/\",\"name\":\"Romeing: Rome's english magazine, events and exhibitions in Rome\",\"description\":\"Romeing is the english magazine for tourists and expats visiting or living in Rome. A guide to the best things to do and see in Rome &amp; Florence, attractions and restaurants with a listing of events and exhibitions.\",\"publisher\":{\"@id\":\"https:\\\/\\\/www.romeing.it\\\/it\\\/#organization\"},\"potentialAction\":[{\"@type\":\"SearchAction\",\"target\":{\"@type\":\"EntryPoint\",\"urlTemplate\":\"https:\\\/\\\/www.romeing.it\\\/it\\\/?s={search_term_string}\"},\"query-input\":{\"@type\":\"PropertyValueSpecification\",\"valueRequired\":true,\"valueName\":\"search_term_string\"}}],\"inLanguage\":\"it-IT\"},{\"@type\":\"Organization\",\"@id\":\"https:\\\/\\\/www.romeing.it\\\/it\\\/#organization\",\"name\":\"Romeing srl\",\"url\":\"https:\\\/\\\/www.romeing.it\\\/it\\\/\",\"logo\":{\"@type\":\"ImageObject\",\"inLanguage\":\"it-IT\",\"@id\":\"https:\\\/\\\/www.romeing.it\\\/it\\\/#\\\/schema\\\/logo\\\/image\\\/\",\"url\":\"https:\\\/\\\/www.romeing.it\\\/wp-content\\\/uploads\\\/2025\\\/12\\\/logo-quadrato-romeing.jpg\",\"contentUrl\":\"https:\\\/\\\/www.romeing.it\\\/wp-content\\\/uploads\\\/2025\\\/12\\\/logo-quadrato-romeing.jpg\",\"width\":696,\"height\":696,\"caption\":\"Romeing srl\"},\"image\":{\"@id\":\"https:\\\/\\\/www.romeing.it\\\/it\\\/#\\\/schema\\\/logo\\\/image\\\/\"},\"sameAs\":[\"https:\\\/\\\/www.facebook.com\\\/Romeing.it\",\"https:\\\/\\\/x.com\\\/romeing\",\"https:\\\/\\\/www.instagram.com\\\/romeing_magazine\\\/\",\"https:\\\/\\\/www.linkedin.com\\\/company\\\/romeing-srl\\\/\",\"https:\\\/\\\/www.pinterest.it\\\/romeing\\\/pins\\\/\",\"https:\\\/\\\/www.youtube.com\\\/@RomeingIt\"],\"email\":\"info@romeing.it\",\"legalName\":\"Romeing Srl\",\"foundingDate\":\"2010-12-01\",\"vatID\":\"11115241009\"},{\"@type\":\"Person\",\"@id\":\"https:\\\/\\\/www.romeing.it\\\/it\\\/#\\\/schema\\\/person\\\/54e8bd3637f34425a9c6f5736631215a\",\"name\":\"Valentina Martinoli\",\"image\":{\"@type\":\"ImageObject\",\"inLanguage\":\"it-IT\",\"@id\":\"https:\\\/\\\/secure.gravatar.com\\\/avatar\\\/acb5e89aeba74afae8d7b6d28692cc0d6908d8267f8c94fa4a18470daa55cfbd?s=96&d=mm&r=g\",\"url\":\"https:\\\/\\\/secure.gravatar.com\\\/avatar\\\/acb5e89aeba74afae8d7b6d28692cc0d6908d8267f8c94fa4a18470daa55cfbd?s=96&d=mm&r=g\",\"contentUrl\":\"https:\\\/\\\/secure.gravatar.com\\\/avatar\\\/acb5e89aeba74afae8d7b6d28692cc0d6908d8267f8c94fa4a18470daa55cfbd?s=96&d=mm&r=g\",\"caption\":\"Valentina Martinoli\"},\"description\":\"Valentina Martinoli is an italian art historian, journalist and content writer, based in Rome, specialised in cultural communication and exhibitions organisation. She fully agrees with Dostoevskij famous quote \\\"Beauty will save the world\\\".\",\"url\":\"https:\\\/\\\/www.romeing.it\\\/it\\\/author\\\/katiba\\\/\"}]}<\/script>\n<!-- \/ Yoast SEO Premium plugin. -->","yoast_head_json":{"title":"World Press Photo 2025 al Palazzo delle Esposizioni di Roma","description":"World Press Photo \u00e8 l'oscar del foto-giornalismo: le foto vincitrici sono in mostra al Palazzo delle Esposizioni di Roma fino al 29 Giugno 2025.","robots":{"index":"index","follow":"follow","max-snippet":"max-snippet:-1","max-image-preview":"max-image-preview:large","max-video-preview":"max-video-preview:-1"},"canonical":"https:\/\/www.romeing.it\/it\/mostra-world-press-photo-roma\/","og_locale":"it_IT","og_type":"article","og_title":"World Press Photo 2025 al Palazzo delle Esposizioni di Roma","og_description":"World Press Photo \u00e8 l'oscar del foto-giornalismo: le foto vincitrici sono in mostra al Palazzo delle Esposizioni di Roma fino al 29 Giugno 2025.","og_url":"https:\/\/www.romeing.it\/it\/mostra-world-press-photo-roma\/","og_site_name":"Romeing | Rome&#039;s english magazine, events and exhibitions in Rome","article_publisher":"https:\/\/www.facebook.com\/Romeing.it","article_published_time":"2025-05-05T14:51:27+00:00","article_modified_time":"2025-12-03T21:02:07+00:00","og_image":[{"width":1200,"height":900,"url":"https:\/\/www.romeing.it\/wp-content\/uploads\/2025\/12\/04_South-America_Stories_Musuk-Nolte_Panos-Pictures_Bertha-Foundation.jpg","type":"image\/jpeg"}],"author":"Valentina Martinoli","twitter_card":"summary_large_image","twitter_creator":"@romeing","twitter_site":"@romeing","twitter_misc":{"Scritto da":"Valentina Martinoli","Tempo di lettura stimato":"5 minuti"},"schema":{"@context":"https:\/\/schema.org","@graph":[{"@type":"NewsArticle","@id":"https:\/\/www.romeing.it\/it\/mostra-world-press-photo-roma\/#article","isPartOf":{"@id":"https:\/\/www.romeing.it\/it\/mostra-world-press-photo-roma\/"},"author":{"name":"Valentina Martinoli","@id":"https:\/\/www.romeing.it\/it\/#\/schema\/person\/54e8bd3637f34425a9c6f5736631215a"},"headline":"World Press Photo 2025 al Palazzo delle Esposizioni di Roma","datePublished":"2025-05-05T14:51:27+00:00","dateModified":"2025-12-03T21:02:07+00:00","mainEntityOfPage":{"@id":"https:\/\/www.romeing.it\/it\/mostra-world-press-photo-roma\/"},"wordCount":898,"commentCount":0,"publisher":{"@id":"https:\/\/www.romeing.it\/it\/#organization"},"image":{"@id":"https:\/\/www.romeing.it\/it\/mostra-world-press-photo-roma\/#primaryimage"},"thumbnailUrl":"https:\/\/www.romeing.it\/wp-content\/uploads\/2025\/12\/04_South-America_Stories_Musuk-Nolte_Panos-Pictures_Bertha-Foundation.jpg","articleSection":["Eventi a Roma","Mostre"],"inLanguage":"it-IT","potentialAction":[{"@type":"CommentAction","name":"Comment","target":["https:\/\/www.romeing.it\/it\/mostra-world-press-photo-roma\/#respond"]}],"copyrightYear":"2025","copyrightHolder":{"@id":"https:\/\/www.romeing.it\/#organization"}},{"@type":"WebPage","@id":"https:\/\/www.romeing.it\/it\/mostra-world-press-photo-roma\/","url":"https:\/\/www.romeing.it\/it\/mostra-world-press-photo-roma\/","name":"World Press Photo 2025 al Palazzo delle Esposizioni di Roma","isPartOf":{"@id":"https:\/\/www.romeing.it\/it\/#website"},"primaryImageOfPage":{"@id":"https:\/\/www.romeing.it\/it\/mostra-world-press-photo-roma\/#primaryimage"},"image":{"@id":"https:\/\/www.romeing.it\/it\/mostra-world-press-photo-roma\/#primaryimage"},"thumbnailUrl":"https:\/\/www.romeing.it\/wp-content\/uploads\/2025\/12\/04_South-America_Stories_Musuk-Nolte_Panos-Pictures_Bertha-Foundation.jpg","datePublished":"2025-05-05T14:51:27+00:00","dateModified":"2025-12-03T21:02:07+00:00","description":"World Press Photo \u00e8 l'oscar del foto-giornalismo: le foto vincitrici sono in mostra al Palazzo delle Esposizioni di Roma fino al 29 Giugno 2025.","inLanguage":"it-IT","potentialAction":[{"@type":"ReadAction","target":["https:\/\/www.romeing.it\/it\/mostra-world-press-photo-roma\/"]}]},{"@type":"ImageObject","inLanguage":"it-IT","@id":"https:\/\/www.romeing.it\/it\/mostra-world-press-photo-roma\/#primaryimage","url":"https:\/\/www.romeing.it\/wp-content\/uploads\/2025\/12\/04_South-America_Stories_Musuk-Nolte_Panos-Pictures_Bertha-Foundation.jpg","contentUrl":"https:\/\/www.romeing.it\/wp-content\/uploads\/2025\/12\/04_South-America_Stories_Musuk-Nolte_Panos-Pictures_Bertha-Foundation.jpg","width":1200,"height":900,"caption":"Siccit\u00e0 in Amazzonia"},{"@type":"WebSite","@id":"https:\/\/www.romeing.it\/it\/#website","url":"https:\/\/www.romeing.it\/it\/","name":"Romeing: Rome's english magazine, events and exhibitions in Rome","description":"Romeing is the english magazine for tourists and expats visiting or living in Rome. A guide to the best things to do and see in Rome &amp; Florence, attractions and restaurants with a listing of events and exhibitions.","publisher":{"@id":"https:\/\/www.romeing.it\/it\/#organization"},"potentialAction":[{"@type":"SearchAction","target":{"@type":"EntryPoint","urlTemplate":"https:\/\/www.romeing.it\/it\/?s={search_term_string}"},"query-input":{"@type":"PropertyValueSpecification","valueRequired":true,"valueName":"search_term_string"}}],"inLanguage":"it-IT"},{"@type":"Organization","@id":"https:\/\/www.romeing.it\/it\/#organization","name":"Romeing srl","url":"https:\/\/www.romeing.it\/it\/","logo":{"@type":"ImageObject","inLanguage":"it-IT","@id":"https:\/\/www.romeing.it\/it\/#\/schema\/logo\/image\/","url":"https:\/\/www.romeing.it\/wp-content\/uploads\/2025\/12\/logo-quadrato-romeing.jpg","contentUrl":"https:\/\/www.romeing.it\/wp-content\/uploads\/2025\/12\/logo-quadrato-romeing.jpg","width":696,"height":696,"caption":"Romeing srl"},"image":{"@id":"https:\/\/www.romeing.it\/it\/#\/schema\/logo\/image\/"},"sameAs":["https:\/\/www.facebook.com\/Romeing.it","https:\/\/x.com\/romeing","https:\/\/www.instagram.com\/romeing_magazine\/","https:\/\/www.linkedin.com\/company\/romeing-srl\/","https:\/\/www.pinterest.it\/romeing\/pins\/","https:\/\/www.youtube.com\/@RomeingIt"],"email":"info@romeing.it","legalName":"Romeing Srl","foundingDate":"2010-12-01","vatID":"11115241009"},{"@type":"Person","@id":"https:\/\/www.romeing.it\/it\/#\/schema\/person\/54e8bd3637f34425a9c6f5736631215a","name":"Valentina Martinoli","image":{"@type":"ImageObject","inLanguage":"it-IT","@id":"https:\/\/secure.gravatar.com\/avatar\/acb5e89aeba74afae8d7b6d28692cc0d6908d8267f8c94fa4a18470daa55cfbd?s=96&d=mm&r=g","url":"https:\/\/secure.gravatar.com\/avatar\/acb5e89aeba74afae8d7b6d28692cc0d6908d8267f8c94fa4a18470daa55cfbd?s=96&d=mm&r=g","contentUrl":"https:\/\/secure.gravatar.com\/avatar\/acb5e89aeba74afae8d7b6d28692cc0d6908d8267f8c94fa4a18470daa55cfbd?s=96&d=mm&r=g","caption":"Valentina Martinoli"},"description":"Valentina Martinoli is an italian art historian, journalist and content writer, based in Rome, specialised in cultural communication and exhibitions organisation. She fully agrees with Dostoevskij famous quote \"Beauty will save the world\".","url":"https:\/\/www.romeing.it\/it\/author\/katiba\/"}]}},"uagb_featured_image_src":{"full":["https:\/\/www.romeing.it\/wp-content\/uploads\/2025\/12\/04_South-America_Stories_Musuk-Nolte_Panos-Pictures_Bertha-Foundation.jpg",1200,900,false],"thumbnail":["https:\/\/www.romeing.it\/wp-content\/uploads\/2025\/12\/04_South-America_Stories_Musuk-Nolte_Panos-Pictures_Bertha-Foundation-150x150.jpg",150,150,true],"medium":["https:\/\/www.romeing.it\/wp-content\/uploads\/2025\/12\/04_South-America_Stories_Musuk-Nolte_Panos-Pictures_Bertha-Foundation-300x225.jpg",300,225,true],"medium_large":["https:\/\/www.romeing.it\/wp-content\/uploads\/2025\/12\/04_South-America_Stories_Musuk-Nolte_Panos-Pictures_Bertha-Foundation-768x576.jpg",768,576,true],"large":["https:\/\/www.romeing.it\/wp-content\/uploads\/2025\/12\/04_South-America_Stories_Musuk-Nolte_Panos-Pictures_Bertha-Foundation-1024x768.jpg",800,600,true],"1536x1536":["https:\/\/www.romeing.it\/wp-content\/uploads\/2025\/12\/04_South-America_Stories_Musuk-Nolte_Panos-Pictures_Bertha-Foundation.jpg",1200,900,false],"2048x2048":["https:\/\/www.romeing.it\/wp-content\/uploads\/2025\/12\/04_South-America_Stories_Musuk-Nolte_Panos-Pictures_Bertha-Foundation.jpg",1200,900,false]},"uagb_author_info":{"display_name":"Valentina Martinoli","author_link":"https:\/\/www.romeing.it\/it\/author\/katiba\/"},"uagb_comment_info":0,"uagb_excerpt":"World Press Photo \u00e8 l'oscar del foto-giornalismo: le foto vincitrici sono in mostra al Palazzo delle Esposizioni di Roma fino al 29 Giugno 2025.","_links":{"self":[{"href":"https:\/\/www.romeing.it\/it\/wp-json\/wp\/v2\/posts\/102721","targetHints":{"allow":["GET"]}}],"collection":[{"href":"https:\/\/www.romeing.it\/it\/wp-json\/wp\/v2\/posts"}],"about":[{"href":"https:\/\/www.romeing.it\/it\/wp-json\/wp\/v2\/types\/post"}],"author":[{"embeddable":true,"href":"https:\/\/www.romeing.it\/it\/wp-json\/wp\/v2\/users\/1576"}],"replies":[{"embeddable":true,"href":"https:\/\/www.romeing.it\/it\/wp-json\/wp\/v2\/comments?post=102721"}],"version-history":[{"count":2,"href":"https:\/\/www.romeing.it\/it\/wp-json\/wp\/v2\/posts\/102721\/revisions"}],"predecessor-version":[{"id":105692,"href":"https:\/\/www.romeing.it\/it\/wp-json\/wp\/v2\/posts\/102721\/revisions\/105692"}],"wp:featuredmedia":[{"embeddable":true,"href":"https:\/\/www.romeing.it\/it\/wp-json\/wp\/v2\/media\/90759"}],"wp:attachment":[{"href":"https:\/\/www.romeing.it\/it\/wp-json\/wp\/v2\/media?parent=102721"}],"wp:term":[{"taxonomy":"category","embeddable":true,"href":"https:\/\/www.romeing.it\/it\/wp-json\/wp\/v2\/categories?post=102721"},{"taxonomy":"post_tag","embeddable":true,"href":"https:\/\/www.romeing.it\/it\/wp-json\/wp\/v2\/tags?post=102721"}],"curies":[{"name":"wp","href":"https:\/\/api.w.org\/{rel}","templated":true}]}}