{"id":102848,"date":"2025-05-30T10:40:17","date_gmt":"2025-05-30T08:40:17","guid":{"rendered":"https:\/\/www.romeing.it\/cinema-in-piazza-roma\/"},"modified":"2025-12-18T17:26:08","modified_gmt":"2025-12-18T16:26:08","slug":"cinema-in-piazza-roma","status":"publish","type":"post","link":"https:\/\/www.romeing.it\/it\/cinema-in-piazza-roma\/","title":{"rendered":"Il Cinema in Piazza a Trastevere, alla Cervelletta e a Monte Ciocci"},"content":{"rendered":"\n<h2 class=\"wp-block-heading\" id=\"h-estate-2025-a-roma-torna-il-cinema-gratuito-grazie-ai-ragazzi-del-cinema-america\">Estate 2025 a Roma: torna il cinema gratuito grazie ai Ragazzi del Cinema America<\/h2>\n\n\n\n<p>Si riaccendono i proiettori del\u00a0<strong>&#8220;Il Cinema in Piazza&#8221;<\/strong> a Roma, con l&#8217;undicesima edizione delle rassegna, organizzata dall\u2019Associazione Piccolo America. <strong>A partire dal 1 giugno<\/strong> vi aspettano <strong>94 proiezioni, 35 incontri speciali e tantissime retrospettive ad ingresso gratuito in 3 location<\/strong>: <strong>piazza San Cosimato<\/strong> a <a href=\"https:\/\/www.romeing.it\/it\/guida-di-trastevere-cosa-vedere\/\">Trastevere<\/a>, il <strong>Casale della Cervelletta<\/strong> a Tor Sapienza, il <strong>parco di Monte Cocci<\/strong> a Valle Aurelia, affiancate anche dal <strong>Cinema\u202fTroisi<\/strong>.<\/p>\n\n\n\n<p>Dopo il successo delle scorse edizioni, l\u2019evento organizzato dalla <strong>Fondazione Piccolo America<\/strong> torna con un\u2019offerta culturale che guarda al grande cinema del passato propone nuove opere indipendenti italiane e internazionali.<\/p>\n\n\n\n<p>Tra le retrospettive in programma: <strong>Roberto Rossellini, John Carpenter, Charlie Chaplin e Buster Keaton, Franca Valeri, Il cinema in stop motion, Massimo D\u2019Anolfi e Martina Parenti, Judd Apatow, Roald Dahl, Claire Denis, Park Chan-wook, <em>Selezionati da<\/em> Criterion Collection<\/strong>.<\/p>\n\n\n\n<p>La maratona di quest&#8217;anno sar\u00e0 invece dedicata all\u2019Uomo Pipistrello ideato dalla DC Comics, partendo dal grande cult di Tim Burton <strong><em>Batman Returns (Batman &#8211; Il Ritorno)<\/em><\/strong> e proseguendo con la <strong>trilogia del Cavaliere oscuro <\/strong>di Christopher Nolan.<\/p>\n\n\n\n<p>Moltissimi gli ospiti, italiani e internazionali: <strong><strong>Paola Cortellesi, Leos Carax, Walter Hill, Priscilla Drag, Michele Riondino, Sven Marquardt, Asia Argento, Riccardo Scamarcio, Fabio e Damiano D\u2019Innocenzo, Daniele Luchetti, Margherita Vicario, Franc Roddam, Gia Coppola, Massimo D\u2019Anolfi, Martina Parenti, il cast di Sensualit\u00e0 a Corte, Alba Rohrwacher, Ali Sethi, Joe Wright, Luca Marinelli<\/strong> <\/strong>e molti altri.<\/p>\n\n\n\n<div class=\"wp-block-buttons is-content-justification-center is-layout-flex wp-container-core-buttons-is-layout-a89b3969 wp-block-buttons-is-layout-flex\">\n<div class=\"wp-block-button\"><a class=\"wp-block-button__link has-vivid-red-background-color has-background wp-element-button\" href=\"https:\/\/www.romeing.it\/it\/cinema-aperto-estate-roma\/\">LA GUIDA AI CINEMA ALL&#8217;APERTO DI ROMA<\/a><\/div>\n<\/div>\n\n\n\n<h2 class=\"wp-block-heading\" id=\"h-il-cinema-in-piazza-2025\">Il Cinema in Piazza 2025<\/h2>\n\n\n\n<div class=\"wp-block-columns is-layout-flex wp-container-core-columns-is-layout-28f84493 wp-block-columns-is-layout-flex\">\n<div class=\"wp-block-column is-layout-flow wp-block-column-is-layout-flow\">\n<figure class=\"wp-block-image aligncenter size-large\"><img decoding=\"async\" src=\"https:\/\/www.romeing.it\/wp-content\/uploads\/2025\/12\/cinema-in-piazza-roma-1024x683.jpg\" alt=\"cinema-in-piazza-roma\" class=\"wp-image-120941\"\/><\/figure>\n<\/div>\n<\/div>\n\n\n\n<p>Si parte il <strong>1\u00b0 giugno<\/strong> a <strong>San Cosimato<\/strong> con&nbsp;<strong>Paola Cortellesi <\/strong>che, in dialogo con Antonio Monda, presenter\u00e0 un caposaldo del cinema italiano del secondo Novecento, <strong><em>Una giornata particolare<\/em><\/strong> di Ettore Scola, restaurato in 4K da CSC \u2013 Cineteca Nazionale in collaborazione con Surf Film. Il 4 giugno <strong>Susanna Nicchiarelli <\/strong>e gli architetti<strong> Maria Claudia Clemente<\/strong>,<strong> Francesco Isidori <\/strong>(Studio Labics) e <strong>Roberto Pantaleoni <\/strong>(collettivo di architettura Orizzontale) inaugureranno la retrospettiva dedicata a Roberto Rossellini con la proiezione di <em>Roma citt\u00e0 aperta<\/em> per l\u2019<strong>80\u00b0 anniversario<\/strong> del film. <\/p>\n\n\n\n<p>Il <strong>5\u202fgiugno<\/strong> le luci del Parco della Cervelletta si accenderanno con <strong>Walter Hill<\/strong>, regista di duelli urbani e di western, che presenter\u00e0 il cult movie <em>The Warriors<\/em> <em>(I Guerrieri della notte)<\/em> moderato dai rapper Suarez e Lucci, mente il giorno seguente sar\u00e0 protagonista di un incontro al Centro Sperimentale di cinematografia dove ricever\u00e0 un premio alla carriera. <\/p>\n\n\n\n<p>A inaugurare la piazza di Monte Ciocci, il 7 giugno, sar\u00e0 il regista e attore <strong>Michele Riondino<\/strong> che, insieme all\u2019attrice del film <strong>Vanessa Scalera<\/strong> e alle lavoratrici e ai lavoratori dello spettacolo, presenter\u00e0 la sua opera prima <em>Palazzina Laf<\/em>.<\/p>\n\n\n\n<p>L\u20198 giugno al Parco della Cervelletta grande omaggio a <strong>David Lynch<\/strong>, venuto a mancare lo scorso gennaio, con un incontro sulla <strong>meditazione trascendentale<\/strong> (pratica fondamentale per il regista americano) condotto dall\u2019insegnante <strong>Enrico Tomei<\/strong>. A seguire verranno proiettati gli episodi 1 e 2 della prima stagione di<em> <strong>Twin Peaks<\/strong><\/em>, in collaborazione con <strong>MUBI<\/strong>.<\/p>\n\n\n\n<p>Il regista <strong>Albert Serra<\/strong> sar\u00e0 protagonista di un doppio incontro: il 10 giugno al Cinema Troisi presenter\u00e0 <em>Tardes de soledad<\/em>, documentario sulla corrida che rivela l\u2019unicit\u00e0 del suo approccio al cinema del reale, mentre l\u201911 giugno a Monte Ciocci introdurr\u00e0 insieme al critico cinematografico Aldo Spiniello <em>Pacifiction (Un mondo sommerso), <\/em>ritratto a tinte seducenti dei tormenti post-coloniali di un diplomatico francese nel paradiso perduto di Tahiti.<\/p>\n\n\n\n<p>Il 12 giugno a Cervelletta verr\u00e0 proiettato<em> Beauty and Decay<\/em>, documentario di Annekatrin Hendel sui punk della Berlino Est,preceduto dalla conversazione tra <strong>Sven\u202fMarquardt <\/strong>e<strong> Asia Argento<\/strong>, moderati dal giornalista Carlo Antonelli. <\/p>\n\n\n\n<p>Il 14 giugno a Monte Ciocci il regista <strong>Luca Lucini<\/strong> e gli attori <strong>Riccardo Scamarcio <\/strong>e<strong> Maria Chiara Augenti<\/strong> presenteranno il cult generazionale <em>Tre metri sopra il cielo<\/em>, tratto dall\u2019omonimo romanzo di Federico Moccia.<\/p>\n\n\n\n<p>I fratelli <strong>Fabio e Damiano D\u2019Innocenzo<\/strong> racconteranno il dietro le quinte della loro serie <em>Dostoevskij<\/em> il <strong>19 giugno<\/strong> a Cervelletta, mentre <strong>Daniele Luchetti <\/strong>e<strong> Domenico Starnone<\/strong> festeggeranno a San \u202fCosimato i <strong>trent&#8217;anni <\/strong>de<em> La scuola,<\/em> in conversazione con la professoressa del Liceo Scientifico Statale Isacco Newton <strong>Claudia Tombini<\/strong>. Il 21 giugno sar\u00e0 il turno di <strong>Margherita Vicario<\/strong>, che presenter\u00e0 il suo esordio alla regia <em>Gloria! <\/em>insieme al cast, a Monte Ciocci.<\/p>\n\n\n\n<p>A vent\u2019anni dall\u2019uscita di <em>Capote<\/em> (<em>Truman Capote &#8211; A sangue freddo<\/em>) il regista <strong>Bennett Miller<\/strong> sar\u00e0 ospite al Parco della Cervelletta il 26 giugno, per un dialogo con <strong>Antonio Monda<\/strong> dedicato al racconto della lavorazione di una pellicola diventata memorabile anche grazie all\u2019interpretazione di Philip Seymour Hoffman. Il 28 giugno <strong>Gia Coppola<\/strong> sar\u00e0 a Monte Ciocci per presentare il suo debutto, <em>Palo Alto<\/em>, e il giorno seguente incontrer\u00e0 il pubblico al Cinema Troisi in occasione della proiezione del suo nuovo film, <em>The Last Showgirl<\/em>. <\/p>\n\n\n\n<p>Il 1\u00b0 luglio la coppia di documentaristi <strong>Massimo D\u2019Anolfi e Martina Parenti<\/strong> presenteranno il loro ultimo film <em>Bestiari, Erbari, Lapidari<\/em> al Cinema Troisi, mentre il 2 luglio saranno alla Cervelletta con <em>Spira Mirabilis<\/em>, moderati dal critico cinematografico <strong>Giulio Sangiorgio<\/strong>.<\/p>\n\n\n\n<p>Come da tradizione, anche quest\u2019anno non potr\u00e0 macare nella cornice della Cervelletta l\u2019omaggio al cinema di <strong>Hayao Miyazaki<\/strong> e dello <strong>Studio Ghibli<\/strong> con i film <em>Porco rosso<\/em>, <em>La citt\u00e0 incantata <\/em>e <em>Il castello errante di Howl<\/em>. <\/p>\n\n\n\n<p>Ancora un doppio appuntamento per la serata del 4 luglio: San Cosimato celebrer\u00e0 i vent\u2019anni di <em>Sensualit\u00e0 a corte <\/em>con un evento introdotto da <strong>Marcello Cesena, Fabrizio Lopresti e il cast <\/strong>della telenovela pi\u00f9 pazza d\u2019Italia, mentre al Parco della Cervelletta il regista <strong>Brady Corbet<\/strong> introdurr\u00e0 uno dei suoi film del cuore, <em>Angst<\/em>, il thriller-horror maledetto di Gerald Kargl. <\/p>\n\n\n\n<p>Una serata speciale unir\u00e0 cinema e musica il 9 luglio a Monte Ciocci, dove l&#8217;<em>ensemble<\/em> composto da <strong>Laura Agnusdei<\/strong> (sax tenore), <strong>Simone Cavina <\/strong>(percussioni), <strong>Stefano Pilia<\/strong> (chitarra) e <strong>Antonio Raia<\/strong> (sax) sonorizzer\u00e0 il film <em>He Who Gets Slapped (L&#8217;uomo che prende gli schiaffi)<\/em>, realizzato nel 1924 dal maestro del cinema muto Victor Sj\u00f6str\u00f6m.<\/p>\n\n\n\n<p>L\u201911 luglio <strong>Alba Rohrwacher <\/strong>riporter\u00e0 in Piazza San Cosimato un classico di John Cassavetes, <em>A Woman Under the Influence (Una moglie)<\/em>. Lo stesso giorno, a Monte Ciocci, il compositore e musicista <strong>Ali Sethi <\/strong>presenter\u00e0 insieme ad Antonio Monda <em>Monsoon Wedding (Matrimonio indiano)<\/em> di Mira Nair, cult indiano dei primi anni Duemila. <\/p>\n\n\n\n<p>Il sipario caler\u00e0 nel weekend del <strong>12 e 13 \u202fluglio<\/strong> alla Cervelletta: <strong>Joe Wright<\/strong> e <strong>Luca\u202fMarinelli<\/strong> accompagneranno il pubblico nei meandri di <em>M &#8211; Il figlio del secolo<\/em>, un potente affresco storico e psicologico sull\u2019ascesa di Mussolini e la nascita del fascismo, tratto dal best-seller di Antonio Scurati.<\/p>\n\n\n\n<h3 class=\"wp-block-heading\" id=\"h-le-retrospettive\">Le retrospettive<\/h3>\n\n\n\n<p>A <strong>San Cosimato<\/strong> dal 5 giugno al 10 luglio i gioved\u00ec saranno dedicati al maestro dell\u2019horror <strong>John Carpenter<\/strong>, cineasta autore di capolavori senza tempo, dall\u2019indimenticabile <em>Halloween (La notte delle streghe)<\/em> a <em>The Thing (La cosa)<\/em>.<\/p>\n\n\n\n<p>Il sabato sar\u00e0 a misura di grandi e piccini, dal 7 giugno al 12 luglio, con le opere di <strong>Charlie Chaplin<\/strong> e <strong>Buster Keaton<\/strong>: un viaggio divertente e poetico nella comicit\u00e0 di due giganti del muto, a confronto in una straordinaria esperienza pensata per tutti gli spettatori e in particolare per i bambini.<\/p>\n\n\n\n<p>Dall\u20198 giugno al 13 luglio la domenica di San Cosimato sar\u00e0 dedicata all&#8217;autrice-mattatrice per eccellenza dell\u2019immaginario italiano: <strong>Franca Valeri<\/strong>. Attrice, sceneggiatrice e regista, Valeri ha raccontato con ironia e leggerezza il ruolo della donna nella societ\u00e0 attraverso personaggi memorabili.<\/p>\n\n\n\n<p>Alla <strong>Cervelletta<\/strong> una retrospettiva pensata per i pi\u00f9 piccoli, dedicata al <strong>cinema in stop motion<\/strong>, prender\u00e0 vita ogni venerd\u00ec, dal 6 giugno all\u201911 luglio, con classici come <strong><em>Galline in fuga<\/em> <\/strong>e <strong><em>Wallace &amp; Gromit \u2013 La maledizione del coniglio mannaro<\/em><\/strong>.<\/p>\n\n\n\n<p>Dall\u201911 giugno al 9 luglio invece, l\u2019appuntamento sar\u00e0 ogni mercoled\u00ec con il cinema di <strong>Massimo D\u2019Anolfi e Martina Parenti<\/strong>, due fra i pi\u00f9 importanti documentaristi contemporanei, che esplorano temi fondamentali come la guerra, l&#8217;etica e il rapporto dell&#8217;uomo con la scienza e l&#8217;ambiente.<\/p>\n\n\n\n<p>Sempre alla Cervelletta, ogni sabato dal 7 giugno al 5 luglio, spazio alla commedia intelligente e provocatoria di <strong>Judd Apatow<\/strong>, ironico osservatore di temi come le relazioni personali, l&#8217;amicizia, la maturit\u00e0 e le sfide quotidiane della vita adulta. Il 10 luglio si celebrer\u00e0 il <strong>40\u00b0 anniversario<\/strong> di un cult generazionale degli anni \u201980: <strong><em>The Goonies<\/em><\/strong> (<em>I Goonies)<\/em> di Richard Donner, da un soggetto di Steven Spielberg. <\/p>\n\n\n\n<figure class=\"wp-block-image aligncenter size-large\"><img decoding=\"async\" src=\"https:\/\/www.romeing.it\/wp-content\/uploads\/2025\/12\/casale-cervelletta-cinema-in-piazza-roma-1024x684.jpg\" alt=\"cinema-in-piazza-roma\" class=\"wp-image-120954\"\/><\/figure>\n\n\n\n<p><strong>Monte Ciocci<\/strong> ospiter\u00e0 tre retrospettive speciali: il viaggio intorno al cinema fantastico ispirato ai libri di <strong>Roald Dahl<\/strong>, in programma ogni domenica dall\u20198 giugno al 13 luglio, che partir\u00e0 con<em> Willy\u202fWonka e la fabbrica di cioccolato<\/em>.<\/p>\n\n\n\n<p>I gioved\u00ec dal 12 giugno al 10 luglio invece, saranno dedicati alla regista francese <strong>Claire\u202fDenis<\/strong>, in un\u2019altalena di desiderio e alienazione. E ancora, dal 13 al 27 giugno, l\u2019appuntamento del venerd\u00ec sar\u00e0 con uno dei cineasti pi\u00f9 influenti ed eclettici del cinema coreano: <strong>Park\u202fChan-wook<\/strong>, con la sua trilogia della vendetta.<\/p>\n\n\n\n<p>In occasione degli <strong>ottant&#8217;anni<\/strong> dalla sua uscita infine, il 5 luglio la serata sar\u00e0 dedicata a <strong><em>Spellbound <\/em><\/strong><em>(Io ti salver\u00f2)<\/em> di Alfred Hitchcock e alle meravigliose sequenze oniriche a cui collabor\u00f2 il maestro del surrealismo Salvador Dal\u00ec.<\/p>\n\n\n\n<figure class=\"wp-block-image size-large\"><img decoding=\"async\" src=\"https:\/\/www.romeing.it\/wp-content\/uploads\/2025\/12\/monte-ciocci-cinema-in-piazza-1024x683.jpg\" alt=\"cinema-in-piazza-roma\" class=\"wp-image-120952\"\/><\/figure>\n\n\n\n<h2 class=\"wp-block-heading has-text-align-center\" id=\"h-il-programma-2025-de-il-cinema-in-piazza\">Il programma 2025 de Il Cinema in Piazza<\/h2>\n\n\n\n<h3 class=\"wp-block-heading\" id=\"h-san-cosimato-1-giugno-13-luglio-nbsp\">SAN COSIMATO (1 giugno &#8211; 13 luglio)&nbsp;<\/h3>\n\n\n\n<ul class=\"wp-block-list\">\n<li>1 giugno \u2013 PAOLA CORTELLESI presenta <strong>UNA GIORNATA PARTICOLARE<\/strong><\/li>\n\n\n\n<li>4 giugno &#8211; SUSANNA NICCHIARELLI, MARIA CLAUDIA CLEMENTE,FRANCESCO ISIDORI e ROBERTO PANTALEONI&nbsp;presentano&nbsp;<strong>ROMA CITT\u00c0 APERTA<\/strong>&nbsp;di&nbsp;Roberto Rossellini&nbsp;(1945, 103 min) in collaborazione con <strong>Torner\u00e0 la primavera.<\/strong> Modera&nbsp;DAMIANO PANATTONI<\/li>\n\n\n\n<li>5 giugno &#8211; <strong>HALLOWEEN (HALLOWEEN &#8211; LA NOTTE DELLE STREGHE)<\/strong>&nbsp;di&nbsp;John Carpenter&nbsp;(1978, 91 min)<\/li>\n\n\n\n<li>6 giugno &#8211; <strong>Premiazione concorso Fr*cinema: TANGERINE<\/strong>&nbsp;di Sean Baker (2015, 88 min) &#8211; SPECIAL GUEST:&nbsp;PRISCILLA DRAG. <\/li>\n\n\n\n<li>7 giugno &#8211; <strong>UNA SETTIMANA, LA CASA ELETTRICA, LO SPAVENTAPASSERI, POLIZIOTTI<\/strong>&nbsp;di&nbsp;Buster Keaton&nbsp;(1920-1922, 22 min, 23 min, 20 min, 18 min)<\/li>\n\n\n\n<li>8 giugno &#8211; <strong>LE LUCI DEL VARIET\u00c0<\/strong>&nbsp;di Federico Fellini e Alberto Lattuada (1950, 97 min)<\/li>\n\n\n\n<li>11 giugno &#8211; <strong>PAIS\u00c0<\/strong>&nbsp;di&nbsp;Roberto Rossellini&nbsp;(1946, 126 min)<\/li>\n\n\n\n<li>12 giugno &#8211; <strong>THE FOG (FOG)<\/strong>&nbsp;di&nbsp;John Carpenter&nbsp;(1980, 89 min)<\/li>\n\n\n\n<li>13 giugno &#8211; LEXI ALEXANDER&nbsp;presenta&nbsp;<strong>GREEN STREET (HOOLIGANS)<\/strong>&nbsp;di Lexi Alexander (2005, 109 min)<\/li>\n\n\n\n<li>14 giugno &#8211; <strong>CHARIOTS OF FIRE (MOMENTI DI GLORIA)<\/strong>&nbsp;di Hugh Hudson (1981, 125 min) in collaborazione con il&nbsp;Dicastero per la Cultura e Educazione &#8211; Giubileo dello Sport&nbsp;<\/li>\n\n\n\n<li>15 giugno &#8211; <strong>PICCOLA POSTA<\/strong>&nbsp;di Steno con&nbsp;Franca Valeri&nbsp;(1955, 99 min)<\/li>\n\n\n\n<li>18 giugno &#8211; <strong>GERMANIA ANNO ZERO<\/strong>&nbsp;di&nbsp;Roberto Rossellini&nbsp;(1948, 78 min)<\/li>\n\n\n\n<li>19 giugno &#8211; <strong>THE THING (LA COSA)<\/strong>&nbsp;di&nbsp;John Carpenter&nbsp;(1982, 109 min)<\/li>\n\n\n\n<li>20 giugno &#8211; DANIELE LUCHETTI&nbsp;e&nbsp;DOMENICO STARNONE&nbsp;presentano&nbsp;<strong>LA SCUOLA<\/strong>&nbsp;di Daniele Luchetti (1995, 100 min). Modera&nbsp;CLAUDIA TOMBINI<\/li>\n\n\n\n<li>21 giugno &#8211; <strong>LA FEBBRE DELL&#8217;ORO<\/strong>&nbsp;di&nbsp;Charlie Chaplin&nbsp;(1925, 87 min)<\/li>\n\n\n\n<li>22 giugno &#8211; <strong>IL SEGNO DI VENERE<\/strong>&nbsp;di Dino Risi con&nbsp;Franca Valeri&nbsp;(1955, 97 min)<\/li>\n\n\n\n<li>25 giugno &#8211; <strong>STROMBOLI (TERRA DI DIO)<\/strong>&nbsp;di&nbsp;Roberto Rossellini&nbsp;(1950, 107 min)<\/li>\n\n\n\n<li>26 giugno &#8211; <strong>ESSI VIVONO (THEY LIVE)<\/strong>&nbsp;di&nbsp;John Carpenter&nbsp;(1988, 94 min)<\/li>\n\n\n\n<li>27 giugno &#8211; FRANC RODDAM&nbsp;presenta&nbsp;<strong>QUADROPHENIA<\/strong>&nbsp;di Franc Roddam (1979, 120 min). Modera&nbsp;ALBERTO PICCININI<\/li>\n\n\n\n<li>28 giugno &#8211; <strong>LA PALLA N\u00b0 13, COME VINSI LA GUERRA, LA BARCA, TIRO A SEGNO, IL VISO PALLIDO<\/strong>&nbsp;di&nbsp;Buster Keaton&nbsp;(1924-21, 45 min, 23 min, 21 min, 20 min)<\/li>\n\n\n\n<li>29 giugno &#8211; <strong>IL VEDOVO<\/strong>&nbsp;di Dino Risi (1959, 91 min)<\/li>\n\n\n\n<li>2 luglio &#8211; <strong>FRANCESCO, GIULLARE DI DIO<\/strong>&nbsp;di&nbsp;Roberto Rossellini&nbsp;(1950, 85 min)<\/li>\n\n\n\n<li>3 luglio &#8211; <strong>SERATA CISL: L&#8217;INTERVISTA IN MARE<\/strong>&nbsp;di&nbsp;Ludovico Ferro&nbsp;(2023, 71 min)<\/li>\n\n\n\n<li>4 luglio &#8211; <strong>VENT&#8217;ANNI DI SENSUALIT\u00c0 A CORTE<\/strong>&nbsp;presentano&nbsp;MARCELLO CESENA, SIMONA GARBARINO, FABRIZIO LOPRESTI, MAURO PIROVANI, SIMONETTA GUARINO<\/li>\n\n\n\n<li>5 luglio &#8211; <strong>MODERN TIMES (TEMPI MODERNI)<\/strong>&nbsp;di&nbsp;Charlie Chaplin&nbsp;(1936, 87 min)<\/li>\n\n\n\n<li>6 luglio &#8211; <strong>PARIGI O CARA<\/strong>&nbsp;di Vittorio Caprioli (1962, 106 min) con&nbsp;Franca Valeri<\/li>\n\n\n\n<li>9 luglio &#8211; <strong>VIAGGIO IN ITALIA<\/strong>&nbsp;di&nbsp;Roberto Rossellini&nbsp;(1954, 85 min)<\/li>\n\n\n\n<li>10 luglio &#8211; <strong>IN THE MOUTH OF MADNESS (IL SEME DELLA FOLLIA)<\/strong>&nbsp;di&nbsp;John Carpenter&nbsp;(1994, 95 min)<\/li>\n\n\n\n<li>11 luglio &#8211; ALBA ROHRWACHER&nbsp;presenta&nbsp;<strong>A WOMAN UNDER THE INFLUENCE (UNA MOGLIE)<\/strong>&nbsp;di John Cassavetes (1974, 155 min)<\/li>\n\n\n\n<li>12 luglio- <strong>THE GREAT DICTATOR (IL GRANDE DITTATORE)<\/strong>&nbsp;di&nbsp;Charlie Chaplin&nbsp;(1940, 125 min)<\/li>\n\n\n\n<li>13 luglio &#8211; <strong>BASTA GUARDARLA<\/strong>&nbsp;di Luciano Salce con&nbsp;Franca Valeri&nbsp;(1970, 100 min)<\/li>\n<\/ul>\n\n\n\n<h3 class=\"wp-block-heading\" id=\"h-cervelletta-nbsp-5-giugno-13-luglio\">CERVELLETTA&nbsp;(5 giugno &#8211; 13 luglio)<\/h3>\n\n\n\n<ul class=\"wp-block-list\">\n<li>5 giugno &#8211; WALTER HILL&nbsp;presenta&nbsp;<strong>THE WARRIORS (I GUERRIERI DELLA NOTTE)<\/strong>&nbsp;di Walter Hill (1979, 93 min). Moderano&nbsp;SUAREZ e LUCCI<\/li>\n\n\n\n<li>6 giugno &#8211; <strong>GALLINE IN FUGA<\/strong>&nbsp;di Peter Lord e Nick Park (2000, 84 min,&nbsp;Stop Motion)<\/li>\n\n\n\n<li>7 giugno &#8211; <strong>THE 40 YEARS OLD VIRGIN (40 ANNI VERGINE)<\/strong>&nbsp;di&nbsp;Judd Apatow&nbsp;(2005, 116 min)<\/li>\n\n\n\n<li>8 giugno &#8211;<strong>EPISODI 1 E 2 DELLA PRIMA STAGIONE DI TWIN PEAKS<\/strong>&nbsp;di David Lynch e Mark Frost (1990, 120 min) in collaborazione con&nbsp;MUBI&nbsp;+ Incontro sulla meditazione trascendentale a cura di&nbsp;ENRICO TOMEI<\/li>\n\n\n\n<li>11 giugno &#8211; <strong>I PROMESSI SPOSI<\/strong>&nbsp;di&nbsp;Massimo D&#8217;Anolfi e Martina Parenti&nbsp;(2007, 73 min)<\/li>\n\n\n\n<li>12 giugno &#8211; SVEN MARQUARDT e ASIA ARGENTO&nbsp;presentano&nbsp;<strong>BEAUTY AND DECAY<\/strong>&nbsp;di Annekatrin Hendel (2019, 79 min). Modera&nbsp;CARLO ANTONELLI<\/li>\n\n\n\n<li>13 giugno &#8211; <strong>LA SPOSA CADAVERE<\/strong>&nbsp;di Tim Burton e Mike Johnson (2005, 77 min,&nbsp;Stop Motion)<\/li>\n\n\n\n<li>14 giugno &#8211; <strong>KNOCKED UP (MOLTO INCINTA)<\/strong>&nbsp;di&nbsp;Judd Apatow&nbsp;(2007, 129 min)<\/li>\n\n\n\n<li>15 giugno &#8211; <strong>BATMAN RETURNS (BATMAN &#8211; IL RITORNO)<\/strong>&nbsp;di Tim Burton (1992, 126 min)<\/li>\n\n\n\n<li>18 giugno &#8211; <strong>GRANDI SPERANZE<\/strong>&nbsp;di&nbsp;Massimo D&#8217;Anolfi e Martina Parenti&nbsp;(2009, 77 min)<\/li>\n\n\n\n<li>19 giugno &#8211; FABIO E DAMIANO D&#8217;INNOCENZO&nbsp;presentano&nbsp;<strong>DOSTOEVSKIJ<\/strong>&nbsp;di Fabio e Damiano D&#8217;Innocenzo (2024, 287 min)<\/li>\n\n\n\n<li>20 giugno &#8211; <strong>WALLACE &amp; GROMIT &#8211; LA MALEDIZIONE DEL CONIGLIO MANNARO<\/strong>&nbsp;di Nick Park (2005, 85 min,&nbsp;Stop Motion)<\/li>\n\n\n\n<li>21 giugno &#8211; <strong>THIS IS 40 (QUESTI SONO I 40)<\/strong>&nbsp;di&nbsp;Judd Apatow&nbsp;(2012, 134 min)<\/li>\n\n\n\n<li>22 giugno &#8211; <strong>BATMAN BEGINS<\/strong>&nbsp;di Christopher Nolan (2005, 140 min)<\/li>\n\n\n\n<li>25 giugno &#8211; <strong>MATERIA OSCURA<\/strong>&nbsp;di&nbsp;Massimo D&#8217;Anolfi e Martina Parenti&nbsp;(2012, 80 min)<\/li>\n\n\n\n<li>26 giugno &#8211; BENNETT MILLER&nbsp;presenta&nbsp;<strong>CAPOTE (TRUMAN CAPOTE &#8211; A SANGUE FREDDO)<\/strong>&nbsp;di Bennett Miller (2005, 114 min). Modera&nbsp;ANTONIO MONDA<\/li>\n\n\n\n<li>27 giugno &#8211; <strong>TONY, SHELLEY E LA LUCE MAGICA<\/strong>&nbsp;di Filip Po\u0161iva\u010d (2023, 82 min,&nbsp;Stop Motion)<\/li>\n\n\n\n<li>28 giugno &#8211; <strong>FUNNY PEOPLE<\/strong>&nbsp;di&nbsp;Judd Apatow&nbsp;(2009, 146 min)<\/li>\n\n\n\n<li>29 giugno &#8211; <strong>THE DARK KNIGHT (IL CAVALIERE OSCURO)<\/strong>&nbsp;di Christopher Nolan (2008, 152 min)<\/li>\n\n\n\n<li>2 luglio &#8211; MASSIMO D&#8217;ANOLFI e MARTINA PARENTI&nbsp;presentano&nbsp;<strong>SPIRA MIRABILIS<\/strong>&nbsp;di&nbsp;Massimo D&#8217;Anolfi e Martina Parenti&nbsp;(2016, 121 min). Modera&nbsp;GIULIO SANGIORGIO&nbsp;<\/li>\n\n\n\n<li>3 luglio &#8211; <strong>MARATONA HAYAO MIYAZAKI<\/strong>&nbsp;con&nbsp;<strong>PORCO ROSSO<\/strong>&nbsp;(1992, 94 min),&nbsp;<strong>LA CITT\u00c0 INCANTATA<\/strong>&nbsp;(2001, 124 min),&nbsp;<strong>IL CASTELLO ERRANTE DI HOWL<\/strong>&nbsp;(2004, 119 min)<\/li>\n\n\n\n<li>4 luglio &#8211; <strong>BRADY CORBET<\/strong>&nbsp;presenta&nbsp;<strong>ANGST<\/strong>&nbsp;di Gerald Kargl (1983, 79 min)&nbsp;<\/li>\n\n\n\n<li>5 luglio &#8211; <strong>THE KING OF STATEN ISLAND (IL RE DI STATEN ISLAND)<\/strong>&nbsp;di&nbsp;Judd Apatow&nbsp;(2020, 136 min)<\/li>\n\n\n\n<li>6 luglio &#8211; <strong>THE DARK KNIGHT RISES (IL CAVALIERE OSCURO &#8211; IL RITORNO)<\/strong>&nbsp;di Christopher Nolan (2012, 164 min)<\/li>\n\n\n\n<li>9 luglio &#8211; <strong>GUERRA E PACE<\/strong>&nbsp;di&nbsp;Massimo D&#8217;Anolfi e Martina Parenti&nbsp;(2020, 129 min)&nbsp;<\/li>\n\n\n\n<li>10 luglio &#8211; <strong>THE GOONIES (I GOONIES)<\/strong>&nbsp;di Richard Donner (1985, 115 min)<\/li>\n\n\n\n<li>11 luglio &#8211; <strong>SHAUN, VITA DA PECORA<\/strong>&nbsp;di Mark Burton e Richard Starzak (2015, 85 min,&nbsp;Stop Motion)<\/li>\n\n\n\n<li>12 luglio &#8211; <strong>JOE WRIGHT E LUCA MARINELLI<\/strong>&nbsp;presentano&nbsp;<strong>M. IL FIGLIO DEL SECOLO (EP. 1, 2, 3, 4)<\/strong>&nbsp;di Joe Wright (2024, 212 min)<\/li>\n\n\n\n<li>13 luglio &#8211; <strong>JOE WRIGHT E LUCA MARINELLI<\/strong>&nbsp;presentano&nbsp;<strong>M. IL FIGLIO DEL SECOLO (EP. 5, 6, 7, 8)<\/strong>&nbsp;di Joe Wright (2024, 200 min)<\/li>\n<\/ul>\n\n\n\n<h3 class=\"wp-block-heading\" id=\"h-monte-ciocci-nbsp-7-giugno-13-luglio\">MONTE CIOCCI&nbsp;(7 giugno &#8211; 13 luglio)<\/h3>\n\n\n\n<ul class=\"wp-block-list\">\n<li>7 giugno &#8211; MICHELE RIONDINO, VANESSA SCALERA, LE LAVORATRICI e I LAVORATORI DELLO SPETTACOLO&nbsp;presentano&nbsp;<strong>PALAZZINA LAF<\/strong>&nbsp;di Michele Riondino (2023, 99 min). Modera&nbsp;DAMIANO PANATTONI<\/li>\n\n\n\n<li>8 giugno &#8211; <strong>WILLY WONKA E LA FABBRICA DI CIOCCOLATO<\/strong>&nbsp;di Mel Stuart (1971, 100 min,&nbsp;Stop Motion)<\/li>\n\n\n\n<li>11 giugno \u2013 <strong>ALBERT SERRA<\/strong>&nbsp;presenta&nbsp;<strong>PACIFICTION (PACIFICTION &#8211; UN MONDO SOMMERSO)<\/strong>&nbsp;di Albert Serra (2022, 165 min). Modera&nbsp;ALDO SPINIELLO<\/li>\n\n\n\n<li>12&nbsp;&nbsp;giugno &#8211; <strong>CHOCOLAT<\/strong>&nbsp;di&nbsp;Claire Denis&nbsp;(1988, 105 min)<\/li>\n\n\n\n<li>13 giugno &#8211; <strong>SYMPATHY FOR MR. VENGEANCE (MR. VENDETTA)<\/strong>&nbsp;di&nbsp;Park Chan-wook&nbsp;(2002, 129 min)<\/li>\n\n\n\n<li>14 giugno &#8211; RICCARDO SCAMARCIO, LUCA LUCINI, MARIA CHIARA AUGENTI&nbsp;presentano&nbsp;<strong>TRE METRI SOPRA IL CIELO<\/strong>&nbsp;di Luca Lucini (2004, 98 min) moderano&nbsp;MARIA CAFAGNA e STEFANO MONTI<\/li>\n\n\n\n<li>15 giugno &#8211; <strong>CHI HA PAURA DELLE STREGHE?<\/strong>&nbsp;di Nicolas Roeg (1990, 91 min,&nbsp;Roald Dahl)<\/li>\n\n\n\n<li>18 giugno &#8211; <strong>PAT GARRET AND BILLY THE KID<\/strong>&nbsp;di Sam Peckinpah (1973, 116 min) &#8211; scelto da CRITERION COLLECTION<\/li>\n\n\n\n<li>19 giugno &#8211; <strong>BEAU TRAVAIL<\/strong>&nbsp;di&nbsp;Claire Denis&nbsp;(1999, 92 min)<\/li>\n\n\n\n<li>20 giugno &#8211; <strong>OLDBOY<\/strong>&nbsp;di&nbsp;Park Chan-wook&nbsp;(2003, 120 min)<\/li>\n\n\n\n<li>21 giugno &#8211; MARGHERITA VICARIO e IL CAST&nbsp;presentano&nbsp;<strong>GLORIA!<\/strong>&nbsp;di Margherita Vicario (2024, 106 min)<\/li>\n\n\n\n<li>22 giugno &#8211; <strong>VERSI PERVERSI<\/strong>&nbsp;di Jan Lachauer, Jakob Schuh e Bin-Han To (2016, 56 min,&nbsp;Roald Dahl)<\/li>\n\n\n\n<li>25 giugno &#8211; <strong>PAPER MOON (PAPER MOON &#8211; LUNA DI CARTA)<\/strong>&nbsp;di Peter Bogdanovich (1973, 102 min) &#8211; scelto da CRITERION COLLECTION<\/li>\n\n\n\n<li>26 giugno &#8211; <strong>TROUBLE EVERY DAY (CANNIBAL LOVE &#8211; MANGIATA VIVA)<\/strong>&nbsp;di&nbsp;Claire Denis&nbsp;(2001, 101 min)<\/li>\n\n\n\n<li>27 giugno &#8211; <strong>LADY VENGEANCE (LADY VENDETTA)<\/strong>&nbsp;di&nbsp;Park Chan-wook&nbsp;(2005, 115 min)<\/li>\n\n\n\n<li>28 giugno &#8211; <strong>GIA COPPOLA<\/strong>&nbsp;presenta&nbsp;<strong>PALO ALTO<\/strong>&nbsp;di Gia Coppola (2013, 100 min)<\/li>\n\n\n\n<li>29 giugno &#8211; <strong>MATILDA 6 MITICA<\/strong>&nbsp;di Danny DeVito (1996, 98 min,&nbsp;Roald Dahl)<\/li>\n\n\n\n<li>2 luglio &#8211; BRIAN SELZNICK&nbsp;presenta&nbsp;<strong>HUGO (HUGO CABRET)<\/strong>&nbsp;di Martin Scorsese (2011, 126 min). Modera&nbsp;ANTONIO MONDA<\/li>\n\n\n\n<li>3 luglio &#8211; ARI ASTER&nbsp;presenta&nbsp;<strong>Carta Bianca a sorpresa<\/strong>. Modera&nbsp;ANTONIO MONDA<\/li>\n\n\n\n<li>4 luglio &#8211; <strong>SHAFT (SHAFT IL DETECTIVE)<\/strong>&nbsp;di Gordon Parks (1971, 100 min) &#8211; scelto da CRITERION COLLECTION<\/li>\n\n\n\n<li>5 luglio &#8211; <strong>SPELLBOUND (IO TI SALVER\u00d2)<\/strong>&nbsp;di Alfred Hitchcock (1945, 118 min)<\/li>\n\n\n\n<li>6 luglio &#8211; <strong>IL GGG &#8211; IL GRANDE GIGANTE GENTILE<\/strong>&nbsp;di Steven Spielberg (2016, 117 min,&nbsp;Roald Dahl)<\/li>\n\n\n\n<li>9 luglio &#8211; <strong>CINECONCERTO: HE WHO GETS SLAPPED<\/strong>&nbsp;di Victor Sj\u00f6str\u00f6m (1924, 86 min) &#8211; sonorizzazione di Laura Agnusdei, Simone Cavina, Stefano Pilia e Antonio Raia<\/li>\n\n\n\n<li>10 luglio &#8211; <strong>HIGH LIFE<\/strong>&nbsp;di&nbsp;Claire Denis&nbsp;(2018, 113 min)<\/li>\n\n\n\n<li>11 luglio &#8211; ALI SETHI&nbsp;presenta&nbsp;<strong>MONSOON WEDDING (MONSOON WEDDING &#8211; MATRIMONIO INDIANO)<\/strong>&nbsp;di Mira Nair (2001, 114 min). Modera&nbsp;ANTONIO MONDA<\/li>\n\n\n\n<li>12 luglio &#8211; LAURA CITARELLA&nbsp;presenta&nbsp;<strong>TRENQUE LAUQUEN<\/strong>&nbsp;di Laura Citarella (2022, 262 min). Modera&nbsp;TOMMASO SANTAMBROGIO<\/li>\n\n\n\n<li>13 luglio &#8211; <strong>FANTASTIC MR. FOX<\/strong>&nbsp;di Wes Anderson (2009, 87 min)<\/li>\n<\/ul>\n\n\n\n<h3 class=\"wp-block-heading\">CINEMA TROISI&nbsp;<\/h3>\n\n\n\n<ul class=\"wp-block-list\">\n<li>2 giugno &#8211; Alle ore 21.00, <strong>LEOS CARAX<\/strong>&nbsp;presenta&nbsp;<strong>UNE CHAMBRE EN VILLE (UNA CAMERA IN CITT\u00c0)<\/strong>&nbsp;di Jacques Demy (1982, 94 min)<\/li>\n\n\n\n<li>10 giugno &#8211; Alle ore 20:30: ALBERT SERRA&nbsp;presenta&nbsp;<strong>TARDES DE SOLEDAD<\/strong>&nbsp;di Albert Serra (2024, 125 min). Modera&nbsp;ALDO SPINIELLO<\/li>\n\n\n\n<li>14 giugno &#8211; Alle ore 18.00: LEXI ALEXANDER&nbsp;presenta&nbsp;<strong>ABSOLUTE DOMINION<\/strong>&nbsp;di Lexi Alexander (2025, 100 min)<\/li>\n\n\n\n<li>16 giugno &#8211; Alle ore 20:30: <strong>QUO VADIMUS, EUROPA?<\/strong> &#8211; Slavoj \u017di\u017eek&nbsp;in dialogo con&nbsp;Lorenzo Marsili&nbsp;(Berggruen Institute Europe) + presentazione di&nbsp;<strong>CITY LIGHTS<\/strong>&nbsp;di&nbsp;Charlie Chaplin&nbsp;(1931, 87 min)<\/li>\n\n\n\n<li>1 luglio &#8211; Alle ore 18:00 <strong>GIA COPPOLA<\/strong>&nbsp;presenta&nbsp;<strong>THE LAST SHOWGIRL<\/strong>&nbsp;di Gia Coppola (2024, 88 min)<br>Alle ore 20:30<strong> <\/strong>MASSIMO D&#8217;ANOLFI e MARTINA PARENTI&nbsp;presentano&nbsp;<strong>BESTIARI, ERBARI, LAPIDARI<\/strong>&nbsp;di&nbsp;Massimo D&#8217;Anolfi e Martina Parenti&nbsp;(2024, 208 min)<\/li>\n\n\n\n<li>7 luglio &#8211; Alle ore 18:00 BRADY CORBET, MONA FASTVOLD e DANIEL LIBESKIND&nbsp;presentano&nbsp;<strong>THE BRUTALIST<\/strong>&nbsp;di Brady Corbet (2024, 216 min). Modera&nbsp;ANTONIO MONDA<\/li>\n<\/ul>\n\n\n\n<hr class=\"wp-block-separator has-alpha-channel-opacity\"\/>\n\n\n\n<p class=\"has-text-align-center\"><strong>1 giugno \u2013 13 Luglio 2025<\/strong><\/p>\n\n\n\n<p class=\"has-text-align-center\"><strong>Locations:<\/strong><\/p>\n\n\n\n<p class=\"has-text-align-center\">Piazza San Cosimato a Trastevere<\/p>\n\n\n\n<p class=\"has-text-align-center\">Parco Monte Ciocci a Valle Aurelia<\/p>\n\n\n\n<p class=\"has-text-align-center\">Casale della Cervelletta a Tor Sapienza&nbsp;<\/p>\n\n\n\n<p class=\"has-text-align-center\">Tutte le proiezioni iniziano alle ore 21.15<\/p>\n\n\n\n<p class=\"has-text-align-center\">Ingresso libero e gratuito senza prenotazione<\/p>\n\n\n\n<p class=\"has-text-align-center\"><a href=\"https:\/\/ilcinemainpiazza.it\/\" target=\"_blank\" rel=\"noreferrer noopener\">ilcinemainpiazza.it<\/a><\/p>\n","protected":false},"excerpt":{"rendered":"<p>Dal 1 giugno tornano gli appuntamenti con il cinema gratuito a Roma nelle location di San Cosimato, la Cervelletta e Monte Ciocci.<\/p>\n","protected":false},"author":2591,"featured_media":62981,"comment_status":"open","ping_status":"open","sticky":false,"template":"","format":"standard","meta":{"_uag_custom_page_level_css":"","footnotes":""},"categories":[597,580],"tags":[],"class_list":["post-102848","post","type-post","status-publish","format-standard","has-post-thumbnail","hentry","category-cinema-sport-roma","category-eventi-a-roma"],"featured_image_src":"https:\/\/www.romeing.it\/wp-content\/uploads\/2025\/12\/Cinema-in-piazza-2025.jpg","author_info":{"display_name":"Romeing Editorial Staff","author_link":"https:\/\/www.romeing.it\/it\/author\/romeing\/"},"yoast_head":"<!-- This site is optimized with the Yoast SEO Premium plugin v26.9 (Yoast SEO v27.4) - https:\/\/yoast.com\/product\/yoast-seo-premium-wordpress\/ -->\n<title>Estate 2025: Ritorna il Cinema in Piazza a Roma - Romeing<\/title>\n<meta name=\"description\" content=\"Dal 1 giugno tornano gli appuntamenti con il cinema gratuito a Roma nelle location di San Cosimato, la Cervelletta e Monte Ciocci.\" \/>\n<meta name=\"robots\" content=\"index, follow, max-snippet:-1, max-image-preview:large, max-video-preview:-1\" \/>\n<link rel=\"canonical\" href=\"https:\/\/www.romeing.it\/it\/cinema-in-piazza-roma\/\" \/>\n<meta property=\"og:locale\" content=\"it_IT\" \/>\n<meta property=\"og:type\" content=\"article\" \/>\n<meta property=\"og:title\" content=\"Il Cinema in Piazza a Trastevere, alla Cervelletta e a Monte Ciocci\" \/>\n<meta property=\"og:description\" content=\"Dal 1 giugno tornano gli appuntamenti con il cinema gratuito a Roma nelle location di San Cosimato, la Cervelletta e Monte Ciocci.\" \/>\n<meta property=\"og:url\" content=\"https:\/\/www.romeing.it\/it\/cinema-in-piazza-roma\/\" \/>\n<meta property=\"og:site_name\" content=\"Romeing | Rome&#039;s english magazine, events and exhibitions in Rome\" \/>\n<meta property=\"article:publisher\" content=\"https:\/\/www.facebook.com\/Romeing.it\" \/>\n<meta property=\"article:published_time\" content=\"2025-05-30T08:40:17+00:00\" \/>\n<meta property=\"article:modified_time\" content=\"2025-12-18T16:26:08+00:00\" \/>\n<meta property=\"og:image\" content=\"https:\/\/www.romeing.it\/wp-content\/uploads\/2025\/12\/Cinema-in-piazza-2025.jpg\" \/>\n\t<meta property=\"og:image:width\" content=\"1200\" \/>\n\t<meta property=\"og:image:height\" content=\"676\" \/>\n\t<meta property=\"og:image:type\" content=\"image\/jpeg\" \/>\n<meta name=\"author\" content=\"Romeing Editorial Staff\" \/>\n<meta name=\"twitter:card\" content=\"summary_large_image\" \/>\n<meta name=\"twitter:creator\" content=\"@romeing\" \/>\n<meta name=\"twitter:site\" content=\"@romeing\" \/>\n<meta name=\"twitter:label1\" content=\"Scritto da\" \/>\n\t<meta name=\"twitter:data1\" content=\"Romeing Editorial Staff\" \/>\n\t<meta name=\"twitter:label2\" content=\"Tempo di lettura stimato\" \/>\n\t<meta name=\"twitter:data2\" content=\"12 minuti\" \/>\n<script type=\"application\/ld+json\" class=\"yoast-schema-graph\">{\"@context\":\"https:\\\/\\\/schema.org\",\"@graph\":[{\"@type\":\"NewsArticle\",\"@id\":\"https:\\\/\\\/www.romeing.it\\\/it\\\/cinema-in-piazza-roma\\\/#article\",\"isPartOf\":{\"@id\":\"https:\\\/\\\/www.romeing.it\\\/it\\\/cinema-in-piazza-roma\\\/\"},\"author\":{\"name\":\"Romeing Editorial Staff\",\"@id\":\"https:\\\/\\\/www.romeing.it\\\/it\\\/#\\\/schema\\\/person\\\/d1016d571abf1cac761e7c6510dcf0a0\"},\"headline\":\"Il Cinema in Piazza a Trastevere, alla Cervelletta e a Monte Ciocci\",\"datePublished\":\"2025-05-30T08:40:17+00:00\",\"dateModified\":\"2025-12-18T16:26:08+00:00\",\"mainEntityOfPage\":{\"@id\":\"https:\\\/\\\/www.romeing.it\\\/it\\\/cinema-in-piazza-roma\\\/\"},\"wordCount\":3161,\"commentCount\":0,\"publisher\":{\"@id\":\"https:\\\/\\\/www.romeing.it\\\/it\\\/#organization\"},\"image\":{\"@id\":\"https:\\\/\\\/www.romeing.it\\\/it\\\/cinema-in-piazza-roma\\\/#primaryimage\"},\"thumbnailUrl\":\"https:\\\/\\\/www.romeing.it\\\/wp-content\\\/uploads\\\/2025\\\/12\\\/Cinema-in-piazza-2025.jpg\",\"articleSection\":[\"Cinema e Sport\",\"Eventi a Roma\"],\"inLanguage\":\"it-IT\",\"potentialAction\":[{\"@type\":\"CommentAction\",\"name\":\"Comment\",\"target\":[\"https:\\\/\\\/www.romeing.it\\\/it\\\/cinema-in-piazza-roma\\\/#respond\"]}],\"copyrightYear\":\"2025\",\"copyrightHolder\":{\"@id\":\"https:\\\/\\\/www.romeing.it\\\/#organization\"}},{\"@type\":\"WebPage\",\"@id\":\"https:\\\/\\\/www.romeing.it\\\/it\\\/cinema-in-piazza-roma\\\/\",\"url\":\"https:\\\/\\\/www.romeing.it\\\/it\\\/cinema-in-piazza-roma\\\/\",\"name\":\"Estate 2025: Ritorna il Cinema in Piazza a Roma - Romeing\",\"isPartOf\":{\"@id\":\"https:\\\/\\\/www.romeing.it\\\/it\\\/#website\"},\"primaryImageOfPage\":{\"@id\":\"https:\\\/\\\/www.romeing.it\\\/it\\\/cinema-in-piazza-roma\\\/#primaryimage\"},\"image\":{\"@id\":\"https:\\\/\\\/www.romeing.it\\\/it\\\/cinema-in-piazza-roma\\\/#primaryimage\"},\"thumbnailUrl\":\"https:\\\/\\\/www.romeing.it\\\/wp-content\\\/uploads\\\/2025\\\/12\\\/Cinema-in-piazza-2025.jpg\",\"datePublished\":\"2025-05-30T08:40:17+00:00\",\"dateModified\":\"2025-12-18T16:26:08+00:00\",\"description\":\"Dal 1 giugno tornano gli appuntamenti con il cinema gratuito a Roma nelle location di San Cosimato, la Cervelletta e Monte Ciocci.\",\"inLanguage\":\"it-IT\",\"potentialAction\":[{\"@type\":\"ReadAction\",\"target\":[\"https:\\\/\\\/www.romeing.it\\\/it\\\/cinema-in-piazza-roma\\\/\"]}]},{\"@type\":\"ImageObject\",\"inLanguage\":\"it-IT\",\"@id\":\"https:\\\/\\\/www.romeing.it\\\/it\\\/cinema-in-piazza-roma\\\/#primaryimage\",\"url\":\"https:\\\/\\\/www.romeing.it\\\/wp-content\\\/uploads\\\/2025\\\/12\\\/Cinema-in-piazza-2025.jpg\",\"contentUrl\":\"https:\\\/\\\/www.romeing.it\\\/wp-content\\\/uploads\\\/2025\\\/12\\\/Cinema-in-piazza-2025.jpg\",\"width\":1200,\"height\":676,\"caption\":\"Cinema in piazza 2025\"},{\"@type\":\"WebSite\",\"@id\":\"https:\\\/\\\/www.romeing.it\\\/it\\\/#website\",\"url\":\"https:\\\/\\\/www.romeing.it\\\/it\\\/\",\"name\":\"Romeing: Rome's english magazine, events and exhibitions in Rome\",\"description\":\"Romeing is the english magazine for tourists and expats visiting or living in Rome. A guide to the best things to do and see in Rome &amp; Florence, attractions and restaurants with a listing of events and exhibitions.\",\"publisher\":{\"@id\":\"https:\\\/\\\/www.romeing.it\\\/it\\\/#organization\"},\"potentialAction\":[{\"@type\":\"SearchAction\",\"target\":{\"@type\":\"EntryPoint\",\"urlTemplate\":\"https:\\\/\\\/www.romeing.it\\\/it\\\/?s={search_term_string}\"},\"query-input\":{\"@type\":\"PropertyValueSpecification\",\"valueRequired\":true,\"valueName\":\"search_term_string\"}}],\"inLanguage\":\"it-IT\"},{\"@type\":\"Organization\",\"@id\":\"https:\\\/\\\/www.romeing.it\\\/it\\\/#organization\",\"name\":\"Romeing srl\",\"url\":\"https:\\\/\\\/www.romeing.it\\\/it\\\/\",\"logo\":{\"@type\":\"ImageObject\",\"inLanguage\":\"it-IT\",\"@id\":\"https:\\\/\\\/www.romeing.it\\\/it\\\/#\\\/schema\\\/logo\\\/image\\\/\",\"url\":\"https:\\\/\\\/www.romeing.it\\\/wp-content\\\/uploads\\\/2025\\\/12\\\/logo-quadrato-romeing.jpg\",\"contentUrl\":\"https:\\\/\\\/www.romeing.it\\\/wp-content\\\/uploads\\\/2025\\\/12\\\/logo-quadrato-romeing.jpg\",\"width\":696,\"height\":696,\"caption\":\"Romeing srl\"},\"image\":{\"@id\":\"https:\\\/\\\/www.romeing.it\\\/it\\\/#\\\/schema\\\/logo\\\/image\\\/\"},\"sameAs\":[\"https:\\\/\\\/www.facebook.com\\\/Romeing.it\",\"https:\\\/\\\/x.com\\\/romeing\",\"https:\\\/\\\/www.instagram.com\\\/romeing_magazine\\\/\",\"https:\\\/\\\/www.linkedin.com\\\/company\\\/romeing-srl\\\/\",\"https:\\\/\\\/www.pinterest.it\\\/romeing\\\/pins\\\/\",\"https:\\\/\\\/www.youtube.com\\\/@RomeingIt\"],\"email\":\"info@romeing.it\",\"legalName\":\"Romeing Srl\",\"foundingDate\":\"2010-12-01\",\"vatID\":\"11115241009\"},{\"@type\":\"Person\",\"@id\":\"https:\\\/\\\/www.romeing.it\\\/it\\\/#\\\/schema\\\/person\\\/d1016d571abf1cac761e7c6510dcf0a0\",\"name\":\"Romeing Editorial Staff\",\"image\":{\"@type\":\"ImageObject\",\"inLanguage\":\"it-IT\",\"@id\":\"https:\\\/\\\/secure.gravatar.com\\\/avatar\\\/fa77907d763bad05dbb8a472492889275a24ec72dbee0f696cec3f344a78e384?s=96&d=mm&r=g\",\"url\":\"https:\\\/\\\/secure.gravatar.com\\\/avatar\\\/fa77907d763bad05dbb8a472492889275a24ec72dbee0f696cec3f344a78e384?s=96&d=mm&r=g\",\"contentUrl\":\"https:\\\/\\\/secure.gravatar.com\\\/avatar\\\/fa77907d763bad05dbb8a472492889275a24ec72dbee0f696cec3f344a78e384?s=96&d=mm&r=g\",\"caption\":\"Romeing Editorial Staff\"},\"description\":\"The Go-To Print And Online Magazine For Italian Destinations.\",\"url\":\"https:\\\/\\\/www.romeing.it\\\/it\\\/author\\\/romeing\\\/\"}]}<\/script>\n<!-- \/ Yoast SEO Premium plugin. -->","yoast_head_json":{"title":"Estate 2025: Ritorna il Cinema in Piazza a Roma - Romeing","description":"Dal 1 giugno tornano gli appuntamenti con il cinema gratuito a Roma nelle location di San Cosimato, la Cervelletta e Monte Ciocci.","robots":{"index":"index","follow":"follow","max-snippet":"max-snippet:-1","max-image-preview":"max-image-preview:large","max-video-preview":"max-video-preview:-1"},"canonical":"https:\/\/www.romeing.it\/it\/cinema-in-piazza-roma\/","og_locale":"it_IT","og_type":"article","og_title":"Il Cinema in Piazza a Trastevere, alla Cervelletta e a Monte Ciocci","og_description":"Dal 1 giugno tornano gli appuntamenti con il cinema gratuito a Roma nelle location di San Cosimato, la Cervelletta e Monte Ciocci.","og_url":"https:\/\/www.romeing.it\/it\/cinema-in-piazza-roma\/","og_site_name":"Romeing | Rome&#039;s english magazine, events and exhibitions in Rome","article_publisher":"https:\/\/www.facebook.com\/Romeing.it","article_published_time":"2025-05-30T08:40:17+00:00","article_modified_time":"2025-12-18T16:26:08+00:00","og_image":[{"width":1200,"height":676,"url":"https:\/\/www.romeing.it\/wp-content\/uploads\/2025\/12\/Cinema-in-piazza-2025.jpg","type":"image\/jpeg"}],"author":"Romeing Editorial Staff","twitter_card":"summary_large_image","twitter_creator":"@romeing","twitter_site":"@romeing","twitter_misc":{"Scritto da":"Romeing Editorial Staff","Tempo di lettura stimato":"12 minuti"},"schema":{"@context":"https:\/\/schema.org","@graph":[{"@type":"NewsArticle","@id":"https:\/\/www.romeing.it\/it\/cinema-in-piazza-roma\/#article","isPartOf":{"@id":"https:\/\/www.romeing.it\/it\/cinema-in-piazza-roma\/"},"author":{"name":"Romeing Editorial Staff","@id":"https:\/\/www.romeing.it\/it\/#\/schema\/person\/d1016d571abf1cac761e7c6510dcf0a0"},"headline":"Il Cinema in Piazza a Trastevere, alla Cervelletta e a Monte Ciocci","datePublished":"2025-05-30T08:40:17+00:00","dateModified":"2025-12-18T16:26:08+00:00","mainEntityOfPage":{"@id":"https:\/\/www.romeing.it\/it\/cinema-in-piazza-roma\/"},"wordCount":3161,"commentCount":0,"publisher":{"@id":"https:\/\/www.romeing.it\/it\/#organization"},"image":{"@id":"https:\/\/www.romeing.it\/it\/cinema-in-piazza-roma\/#primaryimage"},"thumbnailUrl":"https:\/\/www.romeing.it\/wp-content\/uploads\/2025\/12\/Cinema-in-piazza-2025.jpg","articleSection":["Cinema e Sport","Eventi a Roma"],"inLanguage":"it-IT","potentialAction":[{"@type":"CommentAction","name":"Comment","target":["https:\/\/www.romeing.it\/it\/cinema-in-piazza-roma\/#respond"]}],"copyrightYear":"2025","copyrightHolder":{"@id":"https:\/\/www.romeing.it\/#organization"}},{"@type":"WebPage","@id":"https:\/\/www.romeing.it\/it\/cinema-in-piazza-roma\/","url":"https:\/\/www.romeing.it\/it\/cinema-in-piazza-roma\/","name":"Estate 2025: Ritorna il Cinema in Piazza a Roma - Romeing","isPartOf":{"@id":"https:\/\/www.romeing.it\/it\/#website"},"primaryImageOfPage":{"@id":"https:\/\/www.romeing.it\/it\/cinema-in-piazza-roma\/#primaryimage"},"image":{"@id":"https:\/\/www.romeing.it\/it\/cinema-in-piazza-roma\/#primaryimage"},"thumbnailUrl":"https:\/\/www.romeing.it\/wp-content\/uploads\/2025\/12\/Cinema-in-piazza-2025.jpg","datePublished":"2025-05-30T08:40:17+00:00","dateModified":"2025-12-18T16:26:08+00:00","description":"Dal 1 giugno tornano gli appuntamenti con il cinema gratuito a Roma nelle location di San Cosimato, la Cervelletta e Monte Ciocci.","inLanguage":"it-IT","potentialAction":[{"@type":"ReadAction","target":["https:\/\/www.romeing.it\/it\/cinema-in-piazza-roma\/"]}]},{"@type":"ImageObject","inLanguage":"it-IT","@id":"https:\/\/www.romeing.it\/it\/cinema-in-piazza-roma\/#primaryimage","url":"https:\/\/www.romeing.it\/wp-content\/uploads\/2025\/12\/Cinema-in-piazza-2025.jpg","contentUrl":"https:\/\/www.romeing.it\/wp-content\/uploads\/2025\/12\/Cinema-in-piazza-2025.jpg","width":1200,"height":676,"caption":"Cinema in piazza 2025"},{"@type":"WebSite","@id":"https:\/\/www.romeing.it\/it\/#website","url":"https:\/\/www.romeing.it\/it\/","name":"Romeing: Rome's english magazine, events and exhibitions in Rome","description":"Romeing is the english magazine for tourists and expats visiting or living in Rome. A guide to the best things to do and see in Rome &amp; Florence, attractions and restaurants with a listing of events and exhibitions.","publisher":{"@id":"https:\/\/www.romeing.it\/it\/#organization"},"potentialAction":[{"@type":"SearchAction","target":{"@type":"EntryPoint","urlTemplate":"https:\/\/www.romeing.it\/it\/?s={search_term_string}"},"query-input":{"@type":"PropertyValueSpecification","valueRequired":true,"valueName":"search_term_string"}}],"inLanguage":"it-IT"},{"@type":"Organization","@id":"https:\/\/www.romeing.it\/it\/#organization","name":"Romeing srl","url":"https:\/\/www.romeing.it\/it\/","logo":{"@type":"ImageObject","inLanguage":"it-IT","@id":"https:\/\/www.romeing.it\/it\/#\/schema\/logo\/image\/","url":"https:\/\/www.romeing.it\/wp-content\/uploads\/2025\/12\/logo-quadrato-romeing.jpg","contentUrl":"https:\/\/www.romeing.it\/wp-content\/uploads\/2025\/12\/logo-quadrato-romeing.jpg","width":696,"height":696,"caption":"Romeing srl"},"image":{"@id":"https:\/\/www.romeing.it\/it\/#\/schema\/logo\/image\/"},"sameAs":["https:\/\/www.facebook.com\/Romeing.it","https:\/\/x.com\/romeing","https:\/\/www.instagram.com\/romeing_magazine\/","https:\/\/www.linkedin.com\/company\/romeing-srl\/","https:\/\/www.pinterest.it\/romeing\/pins\/","https:\/\/www.youtube.com\/@RomeingIt"],"email":"info@romeing.it","legalName":"Romeing Srl","foundingDate":"2010-12-01","vatID":"11115241009"},{"@type":"Person","@id":"https:\/\/www.romeing.it\/it\/#\/schema\/person\/d1016d571abf1cac761e7c6510dcf0a0","name":"Romeing Editorial Staff","image":{"@type":"ImageObject","inLanguage":"it-IT","@id":"https:\/\/secure.gravatar.com\/avatar\/fa77907d763bad05dbb8a472492889275a24ec72dbee0f696cec3f344a78e384?s=96&d=mm&r=g","url":"https:\/\/secure.gravatar.com\/avatar\/fa77907d763bad05dbb8a472492889275a24ec72dbee0f696cec3f344a78e384?s=96&d=mm&r=g","contentUrl":"https:\/\/secure.gravatar.com\/avatar\/fa77907d763bad05dbb8a472492889275a24ec72dbee0f696cec3f344a78e384?s=96&d=mm&r=g","caption":"Romeing Editorial Staff"},"description":"The Go-To Print And Online Magazine For Italian Destinations.","url":"https:\/\/www.romeing.it\/it\/author\/romeing\/"}]}},"uagb_featured_image_src":{"full":["https:\/\/www.romeing.it\/wp-content\/uploads\/2025\/12\/Cinema-in-piazza-2025.jpg",1200,676,false],"thumbnail":["https:\/\/www.romeing.it\/wp-content\/uploads\/2025\/12\/Cinema-in-piazza-2025-150x150.jpg",150,150,true],"medium":["https:\/\/www.romeing.it\/wp-content\/uploads\/2025\/12\/Cinema-in-piazza-2025-300x169.jpg",300,169,true],"medium_large":["https:\/\/www.romeing.it\/wp-content\/uploads\/2025\/12\/Cinema-in-piazza-2025-768x433.jpg",768,433,true],"large":["https:\/\/www.romeing.it\/wp-content\/uploads\/2025\/12\/Cinema-in-piazza-2025-1024x577.jpg",800,451,true],"1536x1536":["https:\/\/www.romeing.it\/wp-content\/uploads\/2025\/12\/Cinema-in-piazza-2025.jpg",1200,676,false],"2048x2048":["https:\/\/www.romeing.it\/wp-content\/uploads\/2025\/12\/Cinema-in-piazza-2025.jpg",1200,676,false]},"uagb_author_info":{"display_name":"Romeing Editorial Staff","author_link":"https:\/\/www.romeing.it\/it\/author\/romeing\/"},"uagb_comment_info":0,"uagb_excerpt":"Dal 1 giugno tornano gli appuntamenti con il cinema gratuito a Roma nelle location di San Cosimato, la Cervelletta e Monte Ciocci.","_links":{"self":[{"href":"https:\/\/www.romeing.it\/it\/wp-json\/wp\/v2\/posts\/102848","targetHints":{"allow":["GET"]}}],"collection":[{"href":"https:\/\/www.romeing.it\/it\/wp-json\/wp\/v2\/posts"}],"about":[{"href":"https:\/\/www.romeing.it\/it\/wp-json\/wp\/v2\/types\/post"}],"author":[{"embeddable":true,"href":"https:\/\/www.romeing.it\/it\/wp-json\/wp\/v2\/users\/2591"}],"replies":[{"embeddable":true,"href":"https:\/\/www.romeing.it\/it\/wp-json\/wp\/v2\/comments?post=102848"}],"version-history":[{"count":1,"href":"https:\/\/www.romeing.it\/it\/wp-json\/wp\/v2\/posts\/102848\/revisions"}],"predecessor-version":[{"id":102849,"href":"https:\/\/www.romeing.it\/it\/wp-json\/wp\/v2\/posts\/102848\/revisions\/102849"}],"wp:featuredmedia":[{"embeddable":true,"href":"https:\/\/www.romeing.it\/it\/wp-json\/wp\/v2\/media\/62981"}],"wp:attachment":[{"href":"https:\/\/www.romeing.it\/it\/wp-json\/wp\/v2\/media?parent=102848"}],"wp:term":[{"taxonomy":"category","embeddable":true,"href":"https:\/\/www.romeing.it\/it\/wp-json\/wp\/v2\/categories?post=102848"},{"taxonomy":"post_tag","embeddable":true,"href":"https:\/\/www.romeing.it\/it\/wp-json\/wp\/v2\/tags?post=102848"}],"curies":[{"name":"wp","href":"https:\/\/api.w.org\/{rel}","templated":true}]}}