{"id":103005,"date":"2025-09-26T06:59:09","date_gmt":"2025-09-26T04:59:09","guid":{"rendered":"https:\/\/www.romeing.it\/migliori-eventi-roma-autunno\/"},"modified":"2025-12-18T17:24:33","modified_gmt":"2025-12-18T16:24:33","slug":"migliori-eventi-roma-autunno","status":"publish","type":"post","link":"https:\/\/www.romeing.it\/it\/migliori-eventi-roma-autunno\/","title":{"rendered":"I migliori eventi a Roma in autunno 2025"},"content":{"rendered":"\n<h2 class=\"wp-block-heading\" id=\"h-cosa-fare-a-roma-in-autunno-i-migliori-eventi-da-non-perdere\">Cosa fare a Roma in autunno: i migliori eventi da non perdere<\/h2>\n\n\n\n<p class=\"p1\">In autunno le temperature si abbassano e le foglie iniziano a cadere. Ma non pensare che Roma stia per andare in letargo, anzi. Il calendario dei <strong>migliori eventi in autunno a Roma<\/strong> \u00e8 come al solito fitto: dalle grandi mostre, all&#8217;attesissima Festa del Cinema fino al Romaeuropa festival, c&#8217;\u00e8 da divertirsi.  <\/p>\n\n\n\n<p class=\"has-text-align-center\"><strong>Ecco gli eventi pi\u00f9 attesi di questa stagione:<\/strong><\/p>\n\n\n\n<h2 class=\"wp-block-heading has-text-align-center\" id=\"h-festivals\">FESTIVALS<\/h2>\n\n\n\n<h3 class=\"wp-block-heading\" id=\"h-romaeuropa-festival\">Romaeuropa Festival<\/h3>\n\n\n\n<p class=\"has-black-color has-text-color\"><em><i class=\"wp-svg-calendar-2 calendar-2\"><\/i> 4 settembre \u2013 6 novembre<\/em> 2025<br><em><span class=\"s3\"><i class=\"wp-svg-location location\"><\/i> <\/span>Varie location<br><\/em><span class=\"s3\"><em><i class=\"wp-svg-info info\"><\/i><\/em><\/span> <a href=\"https:\/\/romaeuropa.net\/\" target=\"_blank\" rel=\"noreferrer noopener\">romaeuropa.net<\/a><\/p>\n\n\n\n<figure class=\"wp-block-image aligncenter size-large\"><img decoding=\"async\" src=\"https:\/\/www.romeing.it\/wp-content\/uploads\/2025\/12\/REF-2025-cover-1024x538.png\" alt=\"Roma Europa Festival 2025\" class=\"wp-image-178652\"\/><\/figure>\n\n\n\n<p>Dal 4 settembre al 16 novembre il <strong><a href=\"https:\/\/www.romeing.it\/it\/romaeuropa-festival\/\">Romaeuropa Festival<\/a><\/strong> torna a illuminare la capitale con un ricco programma di musica contemporanea, danza, teatro e arti digitali. <\/p>\n\n\n\n<p><strong>Oltre due mesi di programmazione&nbsp;<\/strong>che si svolgeranno in&nbsp;<strong>11 location<\/strong>&nbsp;della Capitale. Oggi tra i festival pi\u00f9 importanti d\u2019Italia, Romaeuropa \u00e8 una piattaforma dove culture e linguaggi artistici di tutto il mondo si incontrano, generando nuove prospettive e forme creative. Celebra la diversit\u00e0, interpreta le sfide della modernit\u00e0 e continua ad aprirsi a visioni inedite. Per il programma completo, consultare il sito ufficiale di Romaeuropa.<\/p>\n\n\n\n<div class=\"wp-block-buttons is-content-justification-center is-layout-flex wp-container-core-buttons-is-layout-a89b3969 wp-block-buttons-is-layout-flex\">\n<div class=\"wp-block-button\"><a class=\"wp-block-button__link has-vivid-red-background-color has-background wp-element-button\" href=\"https:\/\/www.romeing.it\/it\/romaeuropa-festival\/\">SCOPRI IL PROGRAMMA DEL ROMAEUROPA FESTIVAL<\/a><\/div>\n\n\n\n<div class=\"wp-block-button\"><a class=\"wp-block-button__link has-vivid-red-background-color has-background wp-element-button\" href=\"https:\/\/tidd.ly\/3o1HQk1\" target=\"_blank\" rel=\"noreferrer noopener\">ACQUISTA I BIGLIETTI<\/a><\/div>\n<\/div>\n\n\n\n<hr class=\"wp-block-separator has-css-opacity\"\/>\n\n\n\n<h3 class=\"wp-block-heading\" id=\"h-festa-del-cinema-di-roma\">Festa del Cinema di Roma<\/h3>\n\n\n\n<p><em><span class=\"s3\"><i class=\"wp-svg-calendar-2 calendar-2\"><\/i> <\/span>15 \u2013 26 ottobre<\/em> 2025<br><i><em><span class=\"s3\"><i class=\"wp-svg-location location\"><\/i> <\/span><\/em>Auditorium Parco della Musica<\/i><br><em><span class=\"s3\"><i class=\"wp-svg-info info\"><\/i><\/span> <a href=\"https:\/\/www.romacinemafest.it\/it\/\" target=\"_blank\" rel=\"noreferrer noopener\">romacinemafest.it<\/a><\/em><\/p>\n\n\n\n<figure class=\"wp-block-image aligncenter size-large\"><img decoding=\"async\" src=\"https:\/\/www.romeing.it\/wp-content\/uploads\/2025\/12\/festa-del-cinema-roma-1-1024x577.jpg\" alt=\"I migliori eventi a Roma in autunno 2023\" class=\"wp-image-145908\"\/><\/figure>\n\n\n\n<p>Anche quest\u2019autunno la Citt\u00e0 Eterna \u00e8 protagonista con la 20\u00aa edizione della sua&nbsp;<strong><a href=\"https:\/\/www.romeing.it\/it\/festa-del-cinema-di-roma\/\">Festa del Cinema<\/a><\/strong>, dal 15 al 26 ottobre.&nbsp; L\u2019evento principale si svolge all\u2019Auditorium Parco della Musica, addobbato per l\u2019occasione con un infinito tappeto rosso, ma la festa si estende anche ad altre suggestive location della capitale. Inoltre, come ente autonomo, ma che corre parallelo alla Festa del Cinema c\u2019\u00e8&nbsp;<strong>Alice nella Citt\u00e0<\/strong>&nbsp;dedicato al pubblico pi\u00f9 giovane.<\/p>\n\n\n\n<p>Il festival propone proiezioni dei migliori film del 2025, ma anche serie tv, videoclip e mostre di videoarte. Infine, una parte del festival \u00e8 dedicata agli \u201cincontri\u201d, dove il pubblico ha l\u2019opportunit\u00e0 di ascoltare conversazioni approfondite tra registi di fama mondiale e conoscere i retroscena dei loro debutti cinematografici. Per tenersi aggiornati sul programma e sulle prenotazioni, consultare regolarmente il sito web dell\u2019evento.<\/p>\n\n\n\n<p>L\u2019immagine ufficiale di questa edizione celebra il centenario di Franco Pinna con uno scatto dal set di \u201cGiulietta degli spiriti\u201d, a 60 anni dal capolavoro di Fellini.<\/p>\n\n\n\n<div class=\"wp-block-buttons is-content-justification-center is-layout-flex wp-container-core-buttons-is-layout-a89b3969 wp-block-buttons-is-layout-flex\">\n<div class=\"wp-block-button\"><a class=\"wp-block-button__link has-vivid-red-background-color has-background wp-element-button\" href=\"https:\/\/www.romeing.it\/it\/festa-del-cinema-di-roma\/\">SCOPRI IL PROGRAMMA DELLA FESTA DEL CINEMA DI ROMA<\/a><\/div>\n<\/div>\n\n\n\n<hr class=\"wp-block-separator has-alpha-channel-opacity is-style-default\"\/>\n\n\n\n<h3 class=\"wp-block-heading\" id=\"h-maker-faire-roma\">Maker Faire Roma<\/h3>\n\n\n\n<p><em><span class=\"s3\"><i class=\"wp-svg-calendar-2 calendar-2\"><\/i> <\/span>17- 19 ottobre<\/em> 2025<br><em><span class=\"s3\"><i class=\"wp-svg-location location\"><\/i> <\/span>Gazometro<\/em><br><em><span class=\"s3\"><i class=\"wp-svg-info info\"><\/i><\/span><\/em> <a href=\"https:\/\/makerfairerome.eu\/it\/\" target=\"_blank\" rel=\"noreferrer noopener\">makerfairerome.eu\/it\/<\/a><\/p>\n\n\n\n<figure class=\"wp-block-image aligncenter size-full\"><img decoding=\"async\" src=\"https:\/\/www.romeing.it\/wp-content\/uploads\/2025\/12\/maker-faire-2025.jpg\" alt=\"maker-faire-2025\" class=\"wp-image-179278\"\/><\/figure>\n\n\n\n<p>Dal 17 al 19 ottobre si festeggia il tredicesimo anniversario di <strong>Maker Faire Rome<\/strong>, la fiera delle invenzioni e delle innovazioni che promuove le idee, provenienti da tutto il mondo, che modificano la nostra vita in modo pratico. Un\u2019edizione ancora pi\u00f9 grande con nuovi contenuti innovativi, che anche quest&#8217;anno si terr\u00e0 al <strong>Gazometro<\/strong>. La kermesse affronter\u00e0 tutte le componenti chiave dell\u2019innovazione: dalla manifattura digitale all\u2019Internet of Things, dalla robotica all\u2019intelligenza artificiale, dall\u2019economia circolare all\u2019agritech, dal digital manufacturing agli e-sports passando per i big data e l\u2019aerospazio, fino alle ultime scoperte del metaverso e della realt\u00e0 aumentata.<\/p>\n\n\n\n<hr class=\"wp-block-separator has-alpha-channel-opacity is-style-default\"\/>\n\n\n\n<h3 class=\"wp-block-heading\" id=\"h-roma-jazz-festival\">Roma Jazz Festival<\/h3>\n\n\n\n<p><em><span class=\"s3\"><i class=\"wp-svg-calendar-2 calendar-2\"><\/i><\/span><\/em> <em>1 &#8211; 23 novembre 2025<br><span class=\"s3\"><i class=\"wp-svg-location location\"><\/i><\/span> Auditorium Parco della Musica, Monk, Casa del Jazz<br><span class=\"s3\"><i class=\"wp-svg-info info\"><\/i><\/span><\/em> <a href=\"https:\/\/romajazzfestival.it\/\" target=\"_blank\" rel=\"noreferrer noopener\">romajazzfestival.it<\/a><\/p>\n\n\n\n<figure class=\"wp-block-image aligncenter size-large\"><img decoding=\"async\" src=\"https:\/\/www.romeing.it\/wp-content\/uploads\/2025\/12\/roma-jazz-festival-1024x589.jpg\" alt=\"roma-jazz-festival 2025\" class=\"wp-image-179280\"\/><\/figure>\n\n\n\n<p>Dal 1 al 23 novembre, presso l&#8217;Auditorium Parco della Musica ed altre location in giro per la citt\u00e0 di Roma, si terr\u00e0 la quarantanovesima edizione del <strong><a href=\"https:\/\/www.romeing.it\/it\/roma-jazz-festival\/\">Roma Jazz Festival<\/a><\/strong>. Temi come pace, parit\u00e0 di genere, diritti civili e inclusivit\u00e0 stanno tornando al centro dei valori del jazz, mettendo in risalto il ruolo delle artiste donne e l\u2019approccio multidisciplinare, come strumento di emancipazione e riscatto sociale. Alla ricerca di un\u2019armonia.<\/p>\n\n\n\n<p>Tra gli artisti pi\u00f9 attesi citiamo Makaya McCraven che aprir\u00e0 il festival, David Murray Quartet, Cecile McLorin Salvant e molti altri.<\/p>\n\n\n\n<div class=\"wp-block-buttons is-content-justification-center is-layout-flex wp-container-core-buttons-is-layout-a89b3969 wp-block-buttons-is-layout-flex\">\n<div class=\"wp-block-button\"><a class=\"wp-block-button__link has-vivid-red-background-color has-background wp-element-button\" href=\"https:\/\/www.romeing.it\/it\/roma-jazz-festival\/\">SCOPRI IL PROGRAMMA DEL ROMA JAZZ FESTIVAL<\/a><\/div>\n\n\n\n<div class=\"wp-block-button\"><a class=\"wp-block-button__link has-vivid-red-background-color has-background wp-element-button\" href=\"https:\/\/tidd.ly\/3Bw4czf\" target=\"_blank\" rel=\"noreferrer noopener\">ACQUISTA I BIGLIETTI<\/a><\/div>\n<\/div>\n\n\n\n<hr class=\"wp-block-separator has-alpha-channel-opacity\"\/>\n\n\n\n<h2 class=\"wp-block-heading has-text-align-center\" id=\"h-moda\">MODA<\/h2>\n\n\n\n<h3 class=\"wp-block-heading\" id=\"h-forces-of-fashion\">Forces of Fashion<\/h3>\n\n\n\n<p><em><span class=\"s3\"><i class=\"wp-svg-calendar-2 calendar-2\"><\/i><\/span><\/em> <em>18 ottobre 2025<br><span class=\"s3\"><i class=\"wp-svg-location location\"><\/i><\/span> Casa dell\u2019 Architettura<br><span class=\"s3\"><i class=\"wp-svg-info info\"><\/i><\/span><\/em> <em><a href=\"https:\/\/www.vogueforcesoffashion.com\/\" target=\"_blank\" rel=\"noreferrer noopener\">vogueforcesoffashion.com<\/a><\/em><\/p>\n\n\n\n<figure class=\"wp-block-image size-large\"><img decoding=\"async\" src=\"https:\/\/www.romeing.it\/wp-content\/uploads\/2025\/12\/Padiglione-Forces-of-Fashion-1024x683.jpg\" alt=\"Forces-of-Fashion Roma\" class=\"wp-image-165317\"\/><\/figure>\n\n\n\n<p><strong>Forces of Fashion 2025<\/strong> torna a Roma il 18 ottobre con una nuova sede: la Casa dell\u2019Architettura, nel Complesso Monumentale dell\u2019Acquario Romano, che ospiter\u00e0 i talk con i protagonisti della moda e gli editor di <em>Vogue<\/em>. L\u2019evento, gratuito e aperto a tutti, sar\u00e0 trasmesso anche in streaming sul sito del Comune di Roma.<\/p>\n\n\n\n<hr class=\"wp-block-separator has-alpha-channel-opacity\"\/>\n\n\n\n<h2 class=\"wp-block-heading has-text-align-center\" id=\"h-mostre\">MOSTRE<\/h2>\n\n\n\n<h3 class=\"wp-block-heading\" id=\"h-alphonse-mucha\">Alphonse Mucha<\/h3>\n\n\n\n<p><em><span class=\"s3\"><i class=\"wp-svg-calendar-2 calendar-2\"><\/i><\/span><\/em> <em>8 ottobre 2025 \u2013 8 marzo 2026<br><span class=\"s3\"><i class=\"wp-svg-location location\"><\/i><\/span> Palazzo Bonaparte<br><span class=\"s3\"><i class=\"wp-svg-info info\"><\/i><\/span><\/em> <em><a href=\"https:\/\/www.mostrepalazzobonaparte.it\" target=\"_blank\" rel=\"noreferrer noopener\">mostrepalazzobonaparte.it<\/a><\/em><\/p>\n\n\n\n<figure class=\"wp-block-image size-large\"><img decoding=\"async\" src=\"https:\/\/www.romeing.it\/wp-content\/uploads\/2025\/12\/Foto-07-10-25-09-48-56-1-1-1024x576.jpg\" alt=\"Alphonse Mucha. Il trionfo dell'Art Nouveau a Palazzo Bonaparte\" class=\"wp-image-180112\"\/><\/figure>\n\n\n\n<p><strong>Palazzo Bonaparte<\/strong> ospita la pi\u00f9 grande mostra mai realizzata in Italia dedicata ad <strong>Alphonse Mucha<\/strong>, genio visionario dell\u2019Art Nouveau e protagonista della Belle \u00c9poque. A partire dall\u20198 ottobre, la storica sede romana si trasforma in un vero e proprio tempio dell\u2019arte, celebrando la bellezza e l\u2019eleganza di un maestro che ha reso lo stile universale. La mostra presenta non solo l\u2019ampia e completa rassegna dei capolavori di Mucha, ma offre anche uno sguardo sul dialogo con altri grandi artisti e sul tema della seduzione femminile, con ospite d\u2019onore la celebre Venere di Botticelli dei Musei Reali di Torino, icona di bellezza senza tempo.<\/p>\n\n\n\n<p>In esposizione oltre 150 opere di Alphonse Mucha, che ripercorrono tutta la sua carriera, affiancate da lavori di <em>Giovanni Boldini, Cesare Saccaggi, statue antiche, opere rinascimentali, arredi e oggetti Art Nouveau<\/em>. Un viaggio tra arte e storia, capace di trasportare il visitatore attraverso secoli di estetica e fascinazione, in una stagione in cui Roma si veste di bellezza e cultura.<\/p>\n\n\n\n<div class=\"wp-block-buttons is-content-justification-center is-layout-flex wp-container-core-buttons-is-layout-a89b3969 wp-block-buttons-is-layout-flex\">\n<div class=\"wp-block-button\"><a class=\"wp-block-button__link has-vivid-red-background-color has-background wp-element-button\" href=\"https:\/\/www.romeing.it\/it\/alphonse-mucha-il-trionfo-dellart-nouveau-a-palazzo-bonaparte\/\">SCOPRI DI PIU&#8217; SULLA MOSTRA<\/a><\/div>\n\n\n\n<div class=\"wp-block-button\"><a class=\"wp-block-button__link has-vivid-red-background-color has-background wp-element-button\" href=\"https:\/\/tidd.ly\/3WUC0lS\" target=\"_blank\" rel=\"noreferrer noopener\">ACQUISTA I BIGLIETTI<\/a><\/div>\n<\/div>\n\n\n\n<hr class=\"wp-block-separator has-alpha-channel-opacity is-style-default\"\/>\n\n\n\n<h2 class=\"wp-block-heading\" id=\"h-dali-revolution-and-tradition\">Dal\u00ed: Revolution and Tradition<\/h2>\n\n\n\n<i class=\"wp-svg-calendar-2 calendar-2\"><\/i> <em>17 ottobre 2025 &#8211; 1 febbraio 2026<\/em><br><em><span class=\"s3\"><i class=\"wp-svg-location location\"><\/i><\/span> Museo del Corso<br><span class=\"s3\"><i class=\"wp-svg-info info\"><\/i><\/span> <\/em><a href=\"https:\/\/museodelcorso.com\/dali-rivoluzione-e-tradizione\/\" target=\"_blank\" rel=\"noreferrer noopener\"><em>museod<\/em>elcorso.it<\/a><\/p>\n\n\n\n<figure class=\"wp-block-image size-large\"><img decoding=\"async\" src=\"https:\/\/www.romeing.it\/wp-content\/uploads\/2025\/12\/7_Figures-lying-on-the-Sand-1926-circa-\u00a9-Salvador-Dali-Fundacio-Gala-Salvador-Dali-Roma-2025-1024x780.jpg\" alt=\"Dal\u00ed: Rivoluzione e Tradizione a Palazzo Cipolla\" class=\"wp-image-180793\"\/><\/figure>\n\n\n\n<p>La mostra<strong>&nbsp;<em>Dal\u00ed: Rivoluzione e Tradizione<\/em><\/strong>, sotto la direzione scientifica di <strong>Montse Aguer<\/strong> e la curatela di <strong>Carme Ruiz Gonz\u00e1lez e Lucia Moni<\/strong>, esplora l\u2019universo creativo di Salvador Dal\u00ed attraverso oltre 60 opere tra dipinti e disegni, accompagnate da documenti fotografici e audiovisivi. L\u2019esposizione indaga il complesso rapporto dell\u2019artista con i grandi maestri del passato e con i suoi contemporanei, oscillando tra rivoluzione e tradizione, tra ammirazione per <em>Vel\u00e1zquez, Vermeer e Raffaello<\/em> e confronto ambivalente con <em>Pablo Picasso.<\/em><\/p>\n\n\n\n<p>La mostra riunisce opere provenienti dalla Fundaci\u00f3 Gala-Salvador Dal\u00ed e da importanti istituzioni internazionali come il <strong>Museo Nacional Centro de Arte Reina Sof\u00eda e il Museo Nacional Thyssen-Bornemisza<\/strong>, offrendo uno sguardo unico sulla straordinaria produzione artistica di Dal\u00ed dalla giovinezza fino alle opere pi\u00f9 tarde.<\/p>\n\n\n\n<div class=\"wp-block-buttons is-content-justification-center is-layout-flex wp-container-core-buttons-is-layout-a89b3969 wp-block-buttons-is-layout-flex\">\n<div class=\"wp-block-button\"><a class=\"wp-block-button__link has-vivid-red-background-color has-background wp-element-button\" href=\"https:\/\/www.romeing.it\/it\/dali-rivoluzione-e-tradizione-a-palazzo-cipolla\/\">SCOPRI DI PIU&#8217; SULLA MOSTRA<\/a><\/div>\n<\/div>\n\n\n\n<hr class=\"wp-block-separator has-alpha-channel-opacity\"\/>\n\n\n\n<h3 class=\"wp-block-heading\" id=\"h-roma-art-week-2025\">Roma Art Week 2025<\/h3>\n\n\n\n<p><em><span class=\"s3\"><i class=\"wp-svg-calendar-2 calendar-2\"><\/i> <\/span>20 &#8211; 25 Ottobre<\/em> 2025<br><em><span class=\"s3\"><i class=\"wp-svg-location location\"><\/i> gallerie d&#8217;arte e open studios a Roma<\/span><br><span class=\"s3\"><i class=\"wp-svg-info info\"><\/i><\/span> <em><a href=\"https:\/\/romeartweek.com\/it\/\" target=\"_blank\" rel=\"noreferrer noopener\">romeartweek.com\/it\/<\/a><\/em><\/em><\/p>\n\n\n\n<figure class=\"wp-block-image aligncenter size-full\"><img decoding=\"async\" src=\"https:\/\/www.romeing.it\/wp-content\/uploads\/2025\/12\/raw-1-1.jpg\" alt=\"Rome Art Week 2020\" class=\"wp-image-93353\"\/><\/figure>\n\n\n\n<p>La <strong><a href=\"https:\/\/www.romeing.it\/it\/rome-art-week\/\">Rome Art Week<\/a><\/strong> \u00e8 una collaborazione senza scopo di lucro tra spazi artistici, istituzioni e artisti che lavorano per espandere la portata della scena artistica contemporanea a Roma. Quest&#8217;anno per la sua decima edizione avr\u00e0 luogo dal 20 al 25 ottobre. La manifestazione, completamente gratuita per artisti e pubblico, comprende centinaia di eventi tra mostre, progetti culturali e open studio, creando una rete tra artisti, curatori e spazi espositivi e permettendo di scoprire nuove voci e prospettive nel mondo dell\u2019arte contemporanea.<\/p>\n\n\n\n<p>Gallerie, musei, fondazioni, accademie e spazi indipendenti aprono le porte con mostre, performance, talk e incontri, mentre gli artisti offrono la possibilit\u00e0 di visitare i propri studi per approfondire il loro lavoro. Per maggiori informazioni consultare la pagina Instagram di Rome Art Week.<\/p>\n\n\n\n<div class=\"wp-block-buttons is-content-justification-center is-layout-flex wp-container-core-buttons-is-layout-a89b3969 wp-block-buttons-is-layout-flex\">\n<div class=\"wp-block-button\"><a class=\"wp-block-button__link has-vivid-red-background-color has-background wp-element-button\" href=\"https:\/\/www.romeing.it\/it\/rome-art-week\/\">SCOPRI IL PROGRAMMA DELLA ROME ART WEEK<\/a><\/div>\n<\/div>\n","protected":false},"excerpt":{"rendered":"<p>Il calendario autunnale di Roma \u00e8 pieno di eventi. Ecco la nostra selezione dei migliori eventi a Roma questo autunno 2025.<\/p>\n","protected":false},"author":2591,"featured_media":71847,"comment_status":"open","ping_status":"open","sticky":false,"template":"","format":"standard","meta":{"_uag_custom_page_level_css":"","footnotes":""},"categories":[597,580,592,593,594],"tags":[],"class_list":["post-103005","post","type-post","status-publish","format-standard","has-post-thumbnail","hentry","category-cinema-sport-roma","category-eventi-a-roma","category-mostre-a-roma","category-musica-a-roma","category-spettacoli-teatri-roma"],"featured_image_src":"https:\/\/www.romeing.it\/wp-content\/uploads\/2025\/12\/rome-film-festival-red-carpet-e1506704555522-4.jpg","author_info":{"display_name":"Romeing Editorial Staff","author_link":"https:\/\/www.romeing.it\/it\/author\/romeing\/"},"yoast_head":"<!-- This site is optimized with the Yoast SEO Premium plugin v26.9 (Yoast SEO v27.5) - https:\/\/yoast.com\/product\/yoast-seo-premium-wordpress\/ -->\n<title>Autunno 2025 - I principali eventi a Roma - Romeing<\/title>\n<meta name=\"description\" content=\"Il calendario autunnale di Roma \u00e8 pieno di eventi. Ecco la nostra selezione dei migliori eventi a Roma questo autunno 2025.\" \/>\n<meta name=\"robots\" content=\"index, follow, max-snippet:-1, max-image-preview:large, max-video-preview:-1\" \/>\n<link rel=\"canonical\" href=\"https:\/\/www.romeing.it\/it\/migliori-eventi-roma-autunno\/\" \/>\n<meta property=\"og:locale\" content=\"it_IT\" \/>\n<meta property=\"og:type\" content=\"article\" \/>\n<meta property=\"og:title\" content=\"I migliori eventi a Roma di questo autunno 2024\" \/>\n<meta property=\"og:description\" content=\"Il calendario autunnale di Roma \u00e8 pieno di eventi. Ecco la nostra selezione dei migliori eventi a Roma questo autunno 2024.\" \/>\n<meta property=\"og:url\" content=\"https:\/\/www.romeing.it\/it\/migliori-eventi-roma-autunno\/\" \/>\n<meta property=\"og:site_name\" content=\"Romeing | Rome&#039;s english magazine, events and exhibitions in Rome\" \/>\n<meta property=\"article:publisher\" content=\"https:\/\/www.facebook.com\/Romeing.it\" \/>\n<meta property=\"article:published_time\" content=\"2025-09-26T04:59:09+00:00\" \/>\n<meta property=\"article:modified_time\" content=\"2025-12-18T16:24:33+00:00\" \/>\n<meta property=\"og:image\" content=\"https:\/\/www.romeing.it\/wp-content\/uploads\/2025\/12\/rome-film-festival-red-carpet-e1506704555522-4.jpg\" \/>\n\t<meta property=\"og:image:width\" content=\"770\" \/>\n\t<meta property=\"og:image:height\" content=\"514\" \/>\n\t<meta property=\"og:image:type\" content=\"image\/jpeg\" \/>\n<meta name=\"author\" content=\"Romeing Editorial Staff\" \/>\n<meta name=\"twitter:card\" content=\"summary_large_image\" \/>\n<meta name=\"twitter:title\" content=\"I migliori eventi a Roma in autunno 2025\" \/>\n<meta name=\"twitter:creator\" content=\"@romeing\" \/>\n<meta name=\"twitter:site\" content=\"@romeing\" \/>\n<meta name=\"twitter:label1\" content=\"Scritto da\" \/>\n\t<meta name=\"twitter:data1\" content=\"Romeing Editorial Staff\" \/>\n\t<meta name=\"twitter:label2\" content=\"Tempo di lettura stimato\" \/>\n\t<meta name=\"twitter:data2\" content=\"9 minuti\" \/>\n<script type=\"application\/ld+json\" class=\"yoast-schema-graph\">{\"@context\":\"https:\\\/\\\/schema.org\",\"@graph\":[{\"@type\":\"NewsArticle\",\"@id\":\"https:\\\/\\\/www.romeing.it\\\/it\\\/migliori-eventi-roma-autunno\\\/#article\",\"isPartOf\":{\"@id\":\"https:\\\/\\\/www.romeing.it\\\/it\\\/migliori-eventi-roma-autunno\\\/\"},\"author\":{\"name\":\"Romeing Editorial Staff\",\"@id\":\"https:\\\/\\\/www.romeing.it\\\/it\\\/#\\\/schema\\\/person\\\/d1016d571abf1cac761e7c6510dcf0a0\"},\"headline\":\"I migliori eventi a Roma in autunno 2025\",\"datePublished\":\"2025-09-26T04:59:09+00:00\",\"dateModified\":\"2025-12-18T16:24:33+00:00\",\"mainEntityOfPage\":{\"@id\":\"https:\\\/\\\/www.romeing.it\\\/it\\\/migliori-eventi-roma-autunno\\\/\"},\"wordCount\":1261,\"commentCount\":1,\"publisher\":{\"@id\":\"https:\\\/\\\/www.romeing.it\\\/it\\\/#organization\"},\"image\":{\"@id\":\"https:\\\/\\\/www.romeing.it\\\/it\\\/migliori-eventi-roma-autunno\\\/#primaryimage\"},\"thumbnailUrl\":\"https:\\\/\\\/www.romeing.it\\\/wp-content\\\/uploads\\\/2025\\\/12\\\/rome-film-festival-red-carpet-e1506704555522-4.jpg\",\"articleSection\":[\"Cinema e Sport\",\"Eventi a Roma\",\"Mostre\",\"Musica\",\"Spettacoli \\\/ Teatri \\\/ Fashion\"],\"inLanguage\":\"it-IT\",\"potentialAction\":[{\"@type\":\"CommentAction\",\"name\":\"Comment\",\"target\":[\"https:\\\/\\\/www.romeing.it\\\/it\\\/migliori-eventi-roma-autunno\\\/#respond\"]}],\"copyrightYear\":\"2025\",\"copyrightHolder\":{\"@id\":\"https:\\\/\\\/www.romeing.it\\\/#organization\"}},{\"@type\":\"WebPage\",\"@id\":\"https:\\\/\\\/www.romeing.it\\\/it\\\/migliori-eventi-roma-autunno\\\/\",\"url\":\"https:\\\/\\\/www.romeing.it\\\/it\\\/migliori-eventi-roma-autunno\\\/\",\"name\":\"Autunno 2025 - I principali eventi a Roma - Romeing\",\"isPartOf\":{\"@id\":\"https:\\\/\\\/www.romeing.it\\\/it\\\/#website\"},\"primaryImageOfPage\":{\"@id\":\"https:\\\/\\\/www.romeing.it\\\/it\\\/migliori-eventi-roma-autunno\\\/#primaryimage\"},\"image\":{\"@id\":\"https:\\\/\\\/www.romeing.it\\\/it\\\/migliori-eventi-roma-autunno\\\/#primaryimage\"},\"thumbnailUrl\":\"https:\\\/\\\/www.romeing.it\\\/wp-content\\\/uploads\\\/2025\\\/12\\\/rome-film-festival-red-carpet-e1506704555522-4.jpg\",\"datePublished\":\"2025-09-26T04:59:09+00:00\",\"dateModified\":\"2025-12-18T16:24:33+00:00\",\"description\":\"Il calendario autunnale di Roma \u00e8 pieno di eventi. Ecco la nostra selezione dei migliori eventi a Roma questo autunno 2025.\",\"inLanguage\":\"it-IT\",\"potentialAction\":[{\"@type\":\"ReadAction\",\"target\":[\"https:\\\/\\\/www.romeing.it\\\/it\\\/migliori-eventi-roma-autunno\\\/\"]}]},{\"@type\":\"ImageObject\",\"inLanguage\":\"it-IT\",\"@id\":\"https:\\\/\\\/www.romeing.it\\\/it\\\/migliori-eventi-roma-autunno\\\/#primaryimage\",\"url\":\"https:\\\/\\\/www.romeing.it\\\/wp-content\\\/uploads\\\/2025\\\/12\\\/rome-film-festival-red-carpet-e1506704555522-4.jpg\",\"contentUrl\":\"https:\\\/\\\/www.romeing.it\\\/wp-content\\\/uploads\\\/2025\\\/12\\\/rome-film-festival-red-carpet-e1506704555522-4.jpg\",\"width\":770,\"height\":514,\"caption\":\"Rome Film Festival\"},{\"@type\":\"WebSite\",\"@id\":\"https:\\\/\\\/www.romeing.it\\\/it\\\/#website\",\"url\":\"https:\\\/\\\/www.romeing.it\\\/it\\\/\",\"name\":\"Romeing: Rome's english magazine, events and exhibitions in Rome\",\"description\":\"Romeing is the english magazine for tourists and expats visiting or living in Rome. A guide to the best things to do and see in Rome &amp; Florence, attractions and restaurants with a listing of events and exhibitions.\",\"publisher\":{\"@id\":\"https:\\\/\\\/www.romeing.it\\\/it\\\/#organization\"},\"potentialAction\":[{\"@type\":\"SearchAction\",\"target\":{\"@type\":\"EntryPoint\",\"urlTemplate\":\"https:\\\/\\\/www.romeing.it\\\/it\\\/?s={search_term_string}\"},\"query-input\":{\"@type\":\"PropertyValueSpecification\",\"valueRequired\":true,\"valueName\":\"search_term_string\"}}],\"inLanguage\":\"it-IT\"},{\"@type\":\"Organization\",\"@id\":\"https:\\\/\\\/www.romeing.it\\\/it\\\/#organization\",\"name\":\"Romeing srl\",\"url\":\"https:\\\/\\\/www.romeing.it\\\/it\\\/\",\"logo\":{\"@type\":\"ImageObject\",\"inLanguage\":\"it-IT\",\"@id\":\"https:\\\/\\\/www.romeing.it\\\/it\\\/#\\\/schema\\\/logo\\\/image\\\/\",\"url\":\"https:\\\/\\\/www.romeing.it\\\/wp-content\\\/uploads\\\/2025\\\/12\\\/logo-quadrato-romeing.jpg\",\"contentUrl\":\"https:\\\/\\\/www.romeing.it\\\/wp-content\\\/uploads\\\/2025\\\/12\\\/logo-quadrato-romeing.jpg\",\"width\":696,\"height\":696,\"caption\":\"Romeing srl\"},\"image\":{\"@id\":\"https:\\\/\\\/www.romeing.it\\\/it\\\/#\\\/schema\\\/logo\\\/image\\\/\"},\"sameAs\":[\"https:\\\/\\\/www.facebook.com\\\/Romeing.it\",\"https:\\\/\\\/x.com\\\/romeing\",\"https:\\\/\\\/www.instagram.com\\\/romeing_magazine\\\/\",\"https:\\\/\\\/www.linkedin.com\\\/company\\\/romeing-srl\\\/\",\"https:\\\/\\\/www.pinterest.it\\\/romeing\\\/pins\\\/\",\"https:\\\/\\\/www.youtube.com\\\/@RomeingIt\"],\"email\":\"info@romeing.it\",\"legalName\":\"Romeing Srl\",\"foundingDate\":\"2010-12-01\",\"vatID\":\"11115241009\"},{\"@type\":\"Person\",\"@id\":\"https:\\\/\\\/www.romeing.it\\\/it\\\/#\\\/schema\\\/person\\\/d1016d571abf1cac761e7c6510dcf0a0\",\"name\":\"Romeing Editorial Staff\",\"image\":{\"@type\":\"ImageObject\",\"inLanguage\":\"it-IT\",\"@id\":\"https:\\\/\\\/secure.gravatar.com\\\/avatar\\\/fa77907d763bad05dbb8a472492889275a24ec72dbee0f696cec3f344a78e384?s=96&d=mm&r=g\",\"url\":\"https:\\\/\\\/secure.gravatar.com\\\/avatar\\\/fa77907d763bad05dbb8a472492889275a24ec72dbee0f696cec3f344a78e384?s=96&d=mm&r=g\",\"contentUrl\":\"https:\\\/\\\/secure.gravatar.com\\\/avatar\\\/fa77907d763bad05dbb8a472492889275a24ec72dbee0f696cec3f344a78e384?s=96&d=mm&r=g\",\"caption\":\"Romeing Editorial Staff\"},\"description\":\"The Go-To Print And Online Magazine For Italian Destinations.\",\"url\":\"https:\\\/\\\/www.romeing.it\\\/it\\\/author\\\/romeing\\\/\"}]}<\/script>\n<!-- \/ Yoast SEO Premium plugin. -->","yoast_head_json":{"title":"Autunno 2025 - I principali eventi a Roma - Romeing","description":"Il calendario autunnale di Roma \u00e8 pieno di eventi. Ecco la nostra selezione dei migliori eventi a Roma questo autunno 2025.","robots":{"index":"index","follow":"follow","max-snippet":"max-snippet:-1","max-image-preview":"max-image-preview:large","max-video-preview":"max-video-preview:-1"},"canonical":"https:\/\/www.romeing.it\/it\/migliori-eventi-roma-autunno\/","og_locale":"it_IT","og_type":"article","og_title":"I migliori eventi a Roma di questo autunno 2024","og_description":"Il calendario autunnale di Roma \u00e8 pieno di eventi. Ecco la nostra selezione dei migliori eventi a Roma questo autunno 2024.","og_url":"https:\/\/www.romeing.it\/it\/migliori-eventi-roma-autunno\/","og_site_name":"Romeing | Rome&#039;s english magazine, events and exhibitions in Rome","article_publisher":"https:\/\/www.facebook.com\/Romeing.it","article_published_time":"2025-09-26T04:59:09+00:00","article_modified_time":"2025-12-18T16:24:33+00:00","og_image":[{"width":770,"height":514,"url":"https:\/\/www.romeing.it\/wp-content\/uploads\/2025\/12\/rome-film-festival-red-carpet-e1506704555522-4.jpg","type":"image\/jpeg"}],"author":"Romeing Editorial Staff","twitter_card":"summary_large_image","twitter_title":"I migliori eventi a Roma in autunno 2025","twitter_creator":"@romeing","twitter_site":"@romeing","twitter_misc":{"Scritto da":"Romeing Editorial Staff","Tempo di lettura stimato":"9 minuti"},"schema":{"@context":"https:\/\/schema.org","@graph":[{"@type":"NewsArticle","@id":"https:\/\/www.romeing.it\/it\/migliori-eventi-roma-autunno\/#article","isPartOf":{"@id":"https:\/\/www.romeing.it\/it\/migliori-eventi-roma-autunno\/"},"author":{"name":"Romeing Editorial Staff","@id":"https:\/\/www.romeing.it\/it\/#\/schema\/person\/d1016d571abf1cac761e7c6510dcf0a0"},"headline":"I migliori eventi a Roma in autunno 2025","datePublished":"2025-09-26T04:59:09+00:00","dateModified":"2025-12-18T16:24:33+00:00","mainEntityOfPage":{"@id":"https:\/\/www.romeing.it\/it\/migliori-eventi-roma-autunno\/"},"wordCount":1261,"commentCount":1,"publisher":{"@id":"https:\/\/www.romeing.it\/it\/#organization"},"image":{"@id":"https:\/\/www.romeing.it\/it\/migliori-eventi-roma-autunno\/#primaryimage"},"thumbnailUrl":"https:\/\/www.romeing.it\/wp-content\/uploads\/2025\/12\/rome-film-festival-red-carpet-e1506704555522-4.jpg","articleSection":["Cinema e Sport","Eventi a Roma","Mostre","Musica","Spettacoli \/ Teatri \/ Fashion"],"inLanguage":"it-IT","potentialAction":[{"@type":"CommentAction","name":"Comment","target":["https:\/\/www.romeing.it\/it\/migliori-eventi-roma-autunno\/#respond"]}],"copyrightYear":"2025","copyrightHolder":{"@id":"https:\/\/www.romeing.it\/#organization"}},{"@type":"WebPage","@id":"https:\/\/www.romeing.it\/it\/migliori-eventi-roma-autunno\/","url":"https:\/\/www.romeing.it\/it\/migliori-eventi-roma-autunno\/","name":"Autunno 2025 - I principali eventi a Roma - Romeing","isPartOf":{"@id":"https:\/\/www.romeing.it\/it\/#website"},"primaryImageOfPage":{"@id":"https:\/\/www.romeing.it\/it\/migliori-eventi-roma-autunno\/#primaryimage"},"image":{"@id":"https:\/\/www.romeing.it\/it\/migliori-eventi-roma-autunno\/#primaryimage"},"thumbnailUrl":"https:\/\/www.romeing.it\/wp-content\/uploads\/2025\/12\/rome-film-festival-red-carpet-e1506704555522-4.jpg","datePublished":"2025-09-26T04:59:09+00:00","dateModified":"2025-12-18T16:24:33+00:00","description":"Il calendario autunnale di Roma \u00e8 pieno di eventi. Ecco la nostra selezione dei migliori eventi a Roma questo autunno 2025.","inLanguage":"it-IT","potentialAction":[{"@type":"ReadAction","target":["https:\/\/www.romeing.it\/it\/migliori-eventi-roma-autunno\/"]}]},{"@type":"ImageObject","inLanguage":"it-IT","@id":"https:\/\/www.romeing.it\/it\/migliori-eventi-roma-autunno\/#primaryimage","url":"https:\/\/www.romeing.it\/wp-content\/uploads\/2025\/12\/rome-film-festival-red-carpet-e1506704555522-4.jpg","contentUrl":"https:\/\/www.romeing.it\/wp-content\/uploads\/2025\/12\/rome-film-festival-red-carpet-e1506704555522-4.jpg","width":770,"height":514,"caption":"Rome Film Festival"},{"@type":"WebSite","@id":"https:\/\/www.romeing.it\/it\/#website","url":"https:\/\/www.romeing.it\/it\/","name":"Romeing: Rome's english magazine, events and exhibitions in Rome","description":"Romeing is the english magazine for tourists and expats visiting or living in Rome. A guide to the best things to do and see in Rome &amp; Florence, attractions and restaurants with a listing of events and exhibitions.","publisher":{"@id":"https:\/\/www.romeing.it\/it\/#organization"},"potentialAction":[{"@type":"SearchAction","target":{"@type":"EntryPoint","urlTemplate":"https:\/\/www.romeing.it\/it\/?s={search_term_string}"},"query-input":{"@type":"PropertyValueSpecification","valueRequired":true,"valueName":"search_term_string"}}],"inLanguage":"it-IT"},{"@type":"Organization","@id":"https:\/\/www.romeing.it\/it\/#organization","name":"Romeing srl","url":"https:\/\/www.romeing.it\/it\/","logo":{"@type":"ImageObject","inLanguage":"it-IT","@id":"https:\/\/www.romeing.it\/it\/#\/schema\/logo\/image\/","url":"https:\/\/www.romeing.it\/wp-content\/uploads\/2025\/12\/logo-quadrato-romeing.jpg","contentUrl":"https:\/\/www.romeing.it\/wp-content\/uploads\/2025\/12\/logo-quadrato-romeing.jpg","width":696,"height":696,"caption":"Romeing srl"},"image":{"@id":"https:\/\/www.romeing.it\/it\/#\/schema\/logo\/image\/"},"sameAs":["https:\/\/www.facebook.com\/Romeing.it","https:\/\/x.com\/romeing","https:\/\/www.instagram.com\/romeing_magazine\/","https:\/\/www.linkedin.com\/company\/romeing-srl\/","https:\/\/www.pinterest.it\/romeing\/pins\/","https:\/\/www.youtube.com\/@RomeingIt"],"email":"info@romeing.it","legalName":"Romeing Srl","foundingDate":"2010-12-01","vatID":"11115241009"},{"@type":"Person","@id":"https:\/\/www.romeing.it\/it\/#\/schema\/person\/d1016d571abf1cac761e7c6510dcf0a0","name":"Romeing Editorial Staff","image":{"@type":"ImageObject","inLanguage":"it-IT","@id":"https:\/\/secure.gravatar.com\/avatar\/fa77907d763bad05dbb8a472492889275a24ec72dbee0f696cec3f344a78e384?s=96&d=mm&r=g","url":"https:\/\/secure.gravatar.com\/avatar\/fa77907d763bad05dbb8a472492889275a24ec72dbee0f696cec3f344a78e384?s=96&d=mm&r=g","contentUrl":"https:\/\/secure.gravatar.com\/avatar\/fa77907d763bad05dbb8a472492889275a24ec72dbee0f696cec3f344a78e384?s=96&d=mm&r=g","caption":"Romeing Editorial Staff"},"description":"The Go-To Print And Online Magazine For Italian Destinations.","url":"https:\/\/www.romeing.it\/it\/author\/romeing\/"}]}},"uagb_featured_image_src":{"full":["https:\/\/www.romeing.it\/wp-content\/uploads\/2025\/12\/rome-film-festival-red-carpet-e1506704555522-4.jpg",770,514,false],"thumbnail":["https:\/\/www.romeing.it\/wp-content\/uploads\/2025\/12\/rome-film-festival-red-carpet-e1506704555522-4-150x150.jpg",150,150,true],"medium":["https:\/\/www.romeing.it\/wp-content\/uploads\/2025\/12\/rome-film-festival-red-carpet-e1506704555522-4-300x200.jpg",300,200,true],"medium_large":["https:\/\/www.romeing.it\/wp-content\/uploads\/2025\/12\/rome-film-festival-red-carpet-e1506704555522-4-768x513.jpg",768,513,true],"large":["https:\/\/www.romeing.it\/wp-content\/uploads\/2025\/12\/rome-film-festival-red-carpet-e1506704555522-4.jpg",770,514,false],"1536x1536":["https:\/\/www.romeing.it\/wp-content\/uploads\/2025\/12\/rome-film-festival-red-carpet-e1506704555522-4.jpg",770,514,false],"2048x2048":["https:\/\/www.romeing.it\/wp-content\/uploads\/2025\/12\/rome-film-festival-red-carpet-e1506704555522-4.jpg",770,514,false]},"uagb_author_info":{"display_name":"Romeing Editorial Staff","author_link":"https:\/\/www.romeing.it\/it\/author\/romeing\/"},"uagb_comment_info":1,"uagb_excerpt":"Il calendario autunnale di Roma \u00e8 pieno di eventi. Ecco la nostra selezione dei migliori eventi a Roma questo autunno 2025.","_links":{"self":[{"href":"https:\/\/www.romeing.it\/it\/wp-json\/wp\/v2\/posts\/103005","targetHints":{"allow":["GET"]}}],"collection":[{"href":"https:\/\/www.romeing.it\/it\/wp-json\/wp\/v2\/posts"}],"about":[{"href":"https:\/\/www.romeing.it\/it\/wp-json\/wp\/v2\/types\/post"}],"author":[{"embeddable":true,"href":"https:\/\/www.romeing.it\/it\/wp-json\/wp\/v2\/users\/2591"}],"replies":[{"embeddable":true,"href":"https:\/\/www.romeing.it\/it\/wp-json\/wp\/v2\/comments?post=103005"}],"version-history":[{"count":1,"href":"https:\/\/www.romeing.it\/it\/wp-json\/wp\/v2\/posts\/103005\/revisions"}],"predecessor-version":[{"id":103006,"href":"https:\/\/www.romeing.it\/it\/wp-json\/wp\/v2\/posts\/103005\/revisions\/103006"}],"wp:featuredmedia":[{"embeddable":true,"href":"https:\/\/www.romeing.it\/it\/wp-json\/wp\/v2\/media\/71847"}],"wp:attachment":[{"href":"https:\/\/www.romeing.it\/it\/wp-json\/wp\/v2\/media?parent=103005"}],"wp:term":[{"taxonomy":"category","embeddable":true,"href":"https:\/\/www.romeing.it\/it\/wp-json\/wp\/v2\/categories?post=103005"},{"taxonomy":"post_tag","embeddable":true,"href":"https:\/\/www.romeing.it\/it\/wp-json\/wp\/v2\/tags?post=103005"}],"curies":[{"name":"wp","href":"https:\/\/api.w.org\/{rel}","templated":true}]}}