{"id":103340,"date":"2023-06-14T08:37:05","date_gmt":"2023-06-14T06:37:05","guid":{"rendered":"https:\/\/www.romeing.it\/migliori-cose-da-fare-e-vedere-a-roma\/"},"modified":"2026-03-01T21:27:29","modified_gmt":"2026-03-01T20:27:29","slug":"migliori-cose-da-fare-e-vedere-a-roma","status":"publish","type":"post","link":"https:\/\/www.romeing.it\/it\/migliori-cose-da-fare-e-vedere-a-roma\/","title":{"rendered":"35 cose da fare (e da vedere) assolutamente se visitate Roma"},"content":{"rendered":"\n<h2 class=\"wp-block-heading\" id=\"h-le-migliori-cose-da-fare-e-vedere-a-roma\">Le migliori cose da fare e vedere a Roma<\/h2>\n\n\n\n<p>Ci sono modi sempre nuovi di <strong>visitare Roma<\/strong>, anche per chi vi \u00e8 gi\u00e0 stato decine di volte. Il pittore Ippolito Caffi, ad esempio, il 5 aprile 1846 aveva scelto un punto di vista decisamente insolito per godersi la citt\u00e0 eterna. Era partito in mongolfiera da Villa Borghese litigando con un altro aspirante passeggero. Certo, oggi l\u2019espediente utilizzato da Caffi avrebbe il suo fascino. Ma non ne avrebbe meno una passeggiata a piedi, di notte lungo i Fori Imperiali, fino al Colosseo o un\u2019esperienza di rafting lungo il Tevere, all\u2019insegna dell\u2019adrenalina.<\/p>\n\n\n\n<p>Ammirare la capitale \u00e8 sempre una scoperta. Che la visitiate per la prima volta o che siate al vostro ennesimo viaggio, vi suggeriamo alcune tappe per godervela con nuovi occhi, dagli storici palazzi con capolavori d\u2019arte che tolgono il fiato al primo \u201cfumetto\u201d in lingua volgare, all\u2019interno di una chiesa, con tanto di parolaccia. <strong>Ecco 35 luoghi e attivit\u00e0 da scoprire assolutamente se visitate Roma.<\/strong><\/p>\n\n\n\n<figure class=\"wp-block-image aligncenter size-full is-resized\"><img fetchpriority=\"high\" decoding=\"async\" width=\"770\" height=\"770\" src=\"https:\/\/www.romeing.it\/wp-content\/uploads\/2025\/12\/fori-imperiali-al-tramonto-1.jpg\" alt=\"fori-imperiali-al-tramonto\" class=\"wp-image-103341\" style=\"width:250px\" srcset=\"https:\/\/www.romeing.it\/wp-content\/uploads\/2025\/12\/fori-imperiali-al-tramonto-1.jpg 770w, https:\/\/www.romeing.it\/wp-content\/uploads\/2025\/12\/fori-imperiali-al-tramonto-1-300x300.jpg 300w, https:\/\/www.romeing.it\/wp-content\/uploads\/2025\/12\/fori-imperiali-al-tramonto-1-150x150.jpg 150w, https:\/\/www.romeing.it\/wp-content\/uploads\/2025\/12\/fori-imperiali-al-tramonto-1-768x768.jpg 768w\" sizes=\"(max-width: 770px) 100vw, 770px\" \/><\/figure>\n\n\n\n<h3 class=\"wp-block-heading\" id=\"h-1-passeggiare-al-tramonto-lungo-i-fori-imperiali\"><span style=\"color: #ff0000;\">1.<\/span> Passeggiare al tramonto lungo i Fori Imperiali<\/h3>\n\n\n\n<p class=\"has-text-align-center\">Il punto migliore per raccogliere, con un solo sguardo, tutta la bellezza di uno degli angoli pi\u00f9 suggestivi di Roma, \u00e8 lungo via di Monte Tarpeo, la strada che digrada da Piazza del Campidoglio verso il Foro Romano. Oppure, partendo da piazza Venezia, potrete concedervi un affaccio sulla storia scivolando lungo il Foro di Cesare &#8211; con il tempio dedicato a Venere Genitrice &#8211; e quello di Augusto, con i resti del tempio di Marte Ultore, il tempio della Pace, i sublimi mercati di Traiano e la Basilica Ulpia, fino a raggiungere il Colosseo, il monumento che Stendhal considerava \u201cla pi\u00f9 bella vestigia del popolo romano\u201d.<\/p>\n\n\n\n<p class=\"has-text-align-center\"><a href=\"https:\/\/www.romeing.it\/shop\/it\/destinazioni\/roma\/tour-di-roma\/tour-colosseo-foro-romano-palatino\/\" class=\"su-button su-button-style-default\" style=\"color:#FFFFFF;background-color:#ef2d34;border-color:#c0242a;border-radius:6px\" target=\"_blank\" rel=\"noopener noreferrer\"><span style=\"color:#FFFFFF;padding:0px 18px;font-size:14px;line-height:28px;border-color:#f46c71;border-radius:6px;text-shadow:none\"> Prenota un tour<\/span><\/a>\n\n\n\n<hr class=\"wp-block-separator has-alpha-channel-opacity\"\/>\n\n\n\n<figure class=\"wp-block-image aligncenter size-full is-resized\"><img decoding=\"async\" width=\"770\" height=\"770\" src=\"https:\/\/www.romeing.it\/wp-content\/uploads\/2025\/12\/street-art-1.jpg\" alt=\"street-art\" class=\"wp-image-79454\" style=\"width:250px\" srcset=\"https:\/\/www.romeing.it\/wp-content\/uploads\/2025\/12\/street-art-1.jpg 770w, https:\/\/www.romeing.it\/wp-content\/uploads\/2025\/12\/street-art-1-300x300.jpg 300w, https:\/\/www.romeing.it\/wp-content\/uploads\/2025\/12\/street-art-1-150x150.jpg 150w, https:\/\/www.romeing.it\/wp-content\/uploads\/2025\/12\/street-art-1-768x768.jpg 768w\" sizes=\"(max-width: 770px) 100vw, 770px\" \/><\/figure>\n\n\n\n<h3 class=\"wp-block-heading\" id=\"h-2-scoprire-la-street-art-al-quadraro\"><span style=\"color: #ff0000;\">2.<\/span> Scoprire la street art al Quadraro<\/h3>\n\n\n\n<p class=\"has-text-align-center\">Roma non \u00e8 solo un grande museo a cielo aperto di antiche vestigia. Per lasciarsi travolgere dai colori della street art basta raggiungere il Museo di Urban Art di Roma (MURo), il &#8216;museo diffuso&#8217; fondato nel 2010 dall&#8217;artista David Diav\u00f9 Vecchiato. Questo progetto site-specific \u00e8 stato pensato per mettere in relazione gli artisti con la conformazione e la storia dei luoghi di convivenza sociale. Per apprezzare la collezione di opere di Street Art realizzata dal MURo basta recarsi al Quadraro e a Torpignattara. Il Museo di Urban Art di Roma (MURo) si pu\u00f2 raggiungere iniziando il percorso dalla fermata della metro A Porta Furba Quadraro.<\/p>\n\n\n\n<p class=\"has-text-align-center\"><a href=\"https:\/\/www.romeing.it\/it\/street-art-a-roma-i-quartieri\/\" class=\"su-button su-button-style-default\" style=\"color:#FFFFFF;background-color:#ef2d34;border-color:#c0242a;border-radius:6px\" target=\"_blank\" rel=\"noopener noreferrer\"><span style=\"color:#FFFFFF;padding:0px 18px;font-size:14px;line-height:28px;border-color:#f46c71;border-radius:6px;text-shadow:none\"> Scopri di pi\u00f9<\/span><\/a>\n\n\n\n<hr class=\"wp-block-separator has-alpha-channel-opacity\"\/>\n\n\n\n<figure class=\"wp-block-image aligncenter size-full is-resized\"><img decoding=\"async\" width=\"770\" height=\"770\" src=\"https:\/\/www.romeing.it\/wp-content\/uploads\/2025\/12\/capuchin-friars.jpg\" alt=\"Cripta dei Cappuccini in Via Veneto\" class=\"wp-image-51507\" style=\"width:250px\" srcset=\"https:\/\/www.romeing.it\/wp-content\/uploads\/2025\/12\/capuchin-friars.jpg 770w, https:\/\/www.romeing.it\/wp-content\/uploads\/2025\/12\/capuchin-friars-300x300.jpg 300w, https:\/\/www.romeing.it\/wp-content\/uploads\/2025\/12\/capuchin-friars-150x150.jpg 150w, https:\/\/www.romeing.it\/wp-content\/uploads\/2025\/12\/capuchin-friars-768x768.jpg 768w\" sizes=\"(max-width: 770px) 100vw, 770px\" \/><\/figure>\n\n\n\n<h3 class=\"wp-block-heading\" id=\"h-3-visitare-la-cripta-dei-cappuccini-in-via-veneto\"><span style=\"color: #ff0000;\">3.<\/span> Visitare la Cripta dei Cappuccini in Via Veneto<\/h3>\n\n\n\n<p class=\"has-text-align-center\">Al numero 27 di via Veneto la seicentesca Chiesa di Santa Maria Immacolata, fatta costruire da papa Urbano VIII, in onore di suo fratello Antonio Barberini che faceva parte dell\u2019ordine dei frati cappuccini, oltre ad alcuni capolavori di Guido Reni e del Domenichino, ospita un luogo decisamente insolito. Si tratta della cripta-ossario decorata con le ossa di oltre 4mila frati, che saluta il visitatore con la frase \u201cQuello che voi siete noi eravamo; quello che noi siamo voi sarete\u201d. Un modo, forse un po\u2019 macabro, di esorcizzare la morte.<\/p>\n\n\n\n<p class=\"has-text-align-center\"><a href=\"https:\/\/www.getyourguide.com\/museum-and-crypt-of-capuchins-l4336\/tickets-tc123\/?categoriesNavigationId=123&#038;partner_id=EC0Y1XJ&#038;utm_medium=online_publisher&#038;placement=button-cta&#038;cmp=capuchin\" class=\"su-button su-button-style-default\" style=\"color:#FFFFFF;background-color:#ef2d34;border-color:#c0242a;border-radius:6px\" target=\"_blank\" rel=\"noopener noreferrer\"><span style=\"color:#FFFFFF;padding:0px 18px;font-size:14px;line-height:28px;border-color:#f46c71;border-radius:6px;text-shadow:none\"> Prenota ora<\/span><\/a>\n\n\n\n<hr class=\"wp-block-separator has-alpha-channel-opacity\"\/>\n\n\n\n<figure class=\"wp-block-image aligncenter is-resized\"><img decoding=\"async\" src=\"https:\/\/www.romeing.it\/wp-content\/uploads\/2025\/09\/mose-san-pietro-in-vincoli.jpg\" alt=\"mose\u0300-san-pietro-in-vincoli\" class=\"wp-image-96867\" style=\"width:250px\"\/><\/figure>\n\n\n\n<h3 class=\"wp-block-heading\" id=\"h-4-ammirare-il-mose-di-michelangelo-a-san-pietro-in-vincoli\"><span style=\"color: #ff0000;\">4.<\/span> Ammirare il Mos\u00e8 di Michelangelo a San Pietro in Vincoli<\/h3>\n\n\n\n<p class=\"has-text-align-center\">Costruita nel V secolo, secondo la tradizione per accogliere le catene con cui San Pietro fu imprigionato a Gerusalemme, la Basilica de San Pietro in Vincoli accoglie una delle sculture pi\u00f9 suggestive dell\u2019arte. Dai suoi 235 centimetri di altezza, il <em>Mos\u00e8<\/em> di Michelangelo, databile al 1513-1515, sembra scrutarci, con la sua maestosa barba, scolpita alla perfezione al punto da sembrare pi\u00f9 \u201copera di pennello che di scalpello\u201d. La scultura fa parte del complesso statuario concepito come Tomba di Giulio II, il progetto pi\u00f9 ambizioso della carriera del Buonarroti, durato circa 40 anni, e profondamente ridimensionato rispetto all\u2019idea iniziale. Delle oltre 40 statue iniziali ne vennero realizzate infatti solo sette, delle quali tre scolpite dal maestro, la pi\u00f9 celebre delle quali \u00e8 il <em>Mos\u00e8<\/em>. Le corna sul capo del protagonista, tipiche della sua iconografia, sono probabilmente dovute ad un errore di traduzione del Libro dell&#8217;Esodo. Stando alla tradizione, Michelangelo, terminata la statua, l\u2019avrebbe colpita con un martello esclamando: <em>\u201cPerch\u00e9 mi guardi e non favelli?\u201d<\/em><\/p>\n\n\n\n<hr class=\"wp-block-separator has-alpha-channel-opacity\"\/>\n\n\n\n<figure class=\"wp-block-image aligncenter is-resized\"><img decoding=\"async\" src=\"https:\/\/www.romeing.it\/wp-content\/uploads\/2025\/09\/trastevere-1.jpg\" alt=\"trastevere\" class=\"wp-image-96830\" style=\"object-fit:cover;width:250px;height:250px\"\/><\/figure>\n\n\n\n<h3 class=\"wp-block-heading\" id=\"h-5-a-spasso-per-trastevere-visita-a-palazzo-corsini-e-alla-basilica-di-santa-maria-in-trastevere\"><span style=\"color: #ff0000;\">5. <\/span>A spasso per Trastevere. Visita a Palazzo Corsini e alla Basilica di Santa Maria in Trastevere<\/h3>\n\n\n\n<p class=\"has-text-align-center\">Il cuore della movida capitolina sfodera il suo fascino intimo. Raggiungete Trastevere a piedi, in bus o in bicicletta, meglio se nel primo pomeriggio, quando la frenesia dell\u2019aperitivo \u00e8 ancora lontana e la tranquillit\u00e0 regala scorci inediti. Il rione di Alberto Sordi, attraversato da pittoresche stradine tortuose coperte di sanpietrini sulle quali si affacciano edifici medievali che convergono a Piazza Trilussa e piazza Gioacchino Belli, mette d\u2019accordo i romantici, gli amanti dell\u2019happy hour e della tradizione gastronomica romana, gli appassionati dell\u2019arte e della movida. Fate un salto a Palazzo Corsini alla Lungara, sede della Galleria Nazionale di arte antica, per ammirare, tra gli altri capolavori, il <em>San Giovanni Battista<\/em> di Caravaggio o il grandioso <em>Venere scopre Adone morto<\/em>, capolavoro di Jusepe de Ribera. Puntate adesso verso la Basilica di Santa Maria in Trastevere con i suoi importanti i mosaici realizzati da Pietro Cavallini e raffiguranti la &#8220;Vita della Vergine&#8221;. Bellissimo il soffitto a lacunari intagliati e dorati con fondi policromi, su disegno del Domenichino (1617) con al centro l\u2019immagine de <em>L&#8217;Assunta.<\/em><\/p>\n\n\n\n<p class=\"has-text-align-center\"><a href=\"https:\/\/www.romeing.it\/it\/guida-di-trastevere-cosa-vedere\/\" class=\"su-button su-button-style-default\" style=\"color:#FFFFFF;background-color:#ef2d34;border-color:#c0242a;border-radius:6px\" target=\"_blank\" rel=\"noopener noreferrer\"><span style=\"color:#FFFFFF;padding:0px 18px;font-size:14px;line-height:28px;border-color:#f46c71;border-radius:6px;text-shadow:none\"> Guida di Trastevere<\/span><\/a>\n\n\n\n<hr class=\"wp-block-separator has-alpha-channel-opacity\"\/>\n\n\n\n<figure class=\"wp-block-image aligncenter size-full is-resized\"><img loading=\"lazy\" decoding=\"async\" width=\"770\" height=\"770\" src=\"https:\/\/www.romeing.it\/wp-content\/uploads\/2025\/12\/ancient-appian-way-1.jpg\" alt=\"In bicicletta nel Parco dell\u2019Appia antica\" class=\"wp-image-79398\" style=\"width:250px\" srcset=\"https:\/\/www.romeing.it\/wp-content\/uploads\/2025\/12\/ancient-appian-way-1.jpg 770w, https:\/\/www.romeing.it\/wp-content\/uploads\/2025\/12\/ancient-appian-way-1-300x300.jpg 300w, https:\/\/www.romeing.it\/wp-content\/uploads\/2025\/12\/ancient-appian-way-1-150x150.jpg 150w, https:\/\/www.romeing.it\/wp-content\/uploads\/2025\/12\/ancient-appian-way-1-768x768.jpg 768w\" sizes=\"(max-width: 770px) 100vw, 770px\" \/><\/figure>\n\n\n\n<h3 class=\"wp-block-heading\" id=\"h-6-in-bicicletta-nel-parco-dell-appia-antica-con-tappa-alla-chiesetta-di-quo-vadis\"><span style=\"color: #ff0000;\">6.<\/span> In bicicletta nel Parco dell\u2019Appia antica con tappa alla chiesetta di Quo Vadis<\/h3>\n\n\n\n<p class=\"has-text-align-center\">Al bivio tra l&#8217;Appia Antica e la via Ardeatina, nel quartiere Appio-Latino, c\u2019\u00e8 una chiesetta che \u00e8 il rifacimento seicentesco di una piccola cappella eretta nel IX secolo. L\u2019edificio sorge sul luogo in cui, secondo un episodio narrato negli Atti di Pietro, l&#8217;apostolo, in fuga da Roma e dalle persecuzioni di Nerone, avrebbe incontrato Ges\u00f9. \u00abDomine, quo vadis?\u00bb, avrebbe domandato l\u2019apostolo a Ges\u00f9. Una piccola lastra di marmo al centro della chiesa accoglie due impronte di piedi che sarebbero, secondo la leggenda, quelle lasciate da Ges\u00f9. Non baster\u00e0 una giornata per esplorare il Parco Regionale dell\u2019Appia Antica, il parco urbano pi\u00f9 grande d\u2019Europa, con le sue affascinanti vestigia archeologiche, come la via Appia Antica, la Villa dei Quintili, le aree degli Acquedotti, le tombe della via Latina. Prenota un tour guidato in bicicletta al link seguente.<\/p>\n\n\n\n<p class=\"has-text-align-center\"><a href=\"https:\/\/www.romeing.it\/shop\/it\/prodotto\/tour-in-bici-roma-appia-antica-catacombe-acquedotti\/\" class=\"su-button su-button-style-default\" style=\"color:#FFFFFF;background-color:#ef2d34;border-color:#c0242a;border-radius:6px\" target=\"_blank\" rel=\"noopener noreferrer\"><span style=\"color:#FFFFFF;padding:0px 18px;font-size:14px;line-height:28px;border-color:#f46c71;border-radius:6px;text-shadow:none\"> Prenota un tour in bici<\/span><\/a>\n\n\n\n<hr class=\"wp-block-separator has-alpha-channel-opacity\"\/>\n\n\n\n<figure class=\"wp-block-image aligncenter is-resized\"><img decoding=\"async\" src=\"https:\/\/www.romeing.it\/wp-content\/uploads\/2025\/09\/catacombe-san-domitilla.jpg\" alt=\"catacombe-san-domitilla\" class=\"wp-image-96826\" style=\"object-fit:cover;width:250px;height:250px\"\/><\/figure>\n\n\n\n<h3 class=\"wp-block-heading\" id=\"h-7-visita-alle-catacombe-di-domitilla\"><span style=\"color: #ff0000;\">7.<\/span> Visita alle Catacombe di Domitilla<\/h3>\n\n\n\n<p class=\"has-text-align-center\">Se soffrite di claustrofobia non \u00e8 forse il percorso adatto a voi. Eppure vale la pena di visitare le Catacombe di Domitilla, il pi\u00f9 grande ed antico cimitero sotterraneo di Roma, parte della propriet\u00e0 di Flavia Domitilla e risalente al 120 d.C. Gli affreschi conservati, l\u2019unica Basilica semi sotterranea esistente a Roma, dedicata ai martiri Nereo e Achilleo, e alla Santa Petronilla figlia di San Pietro valgono la visita.<\/p>\n\n\n\n<p class=\"has-text-align-center\"><a href=\"https:\/\/www.romeing.it\/it\/le-piu-importanti-catacombe-cripte-di-roma\/\" class=\"su-button su-button-style-default\" style=\"color:#FFFFFF;background-color:#ef2d34;border-color:#c0242a;border-radius:6px\" target=\"_blank\" rel=\"noopener noreferrer\"><span style=\"color:#FFFFFF;padding:0px 18px;font-size:14px;line-height:28px;border-color:#f46c71;border-radius:6px;text-shadow:none\"> Catacombe e Cripte di Roma<\/span><\/a>\n\n\n\n<hr class=\"wp-block-separator has-alpha-channel-opacity\"\/>\n\n\n\n<figure class=\"wp-block-image aligncenter size-full is-resized\"><img loading=\"lazy\" decoding=\"async\" width=\"770\" height=\"770\" src=\"https:\/\/www.romeing.it\/wp-content\/uploads\/2025\/09\/ostia-antica-1.jpg\" alt=\"ostia-antica\" class=\"wp-image-24277\" style=\"width:250px\" srcset=\"https:\/\/www.romeing.it\/wp-content\/uploads\/2025\/09\/ostia-antica-1.jpg 770w, https:\/\/www.romeing.it\/wp-content\/uploads\/2025\/09\/ostia-antica-1-300x300.jpg 300w, https:\/\/www.romeing.it\/wp-content\/uploads\/2025\/09\/ostia-antica-1-150x150.jpg 150w, https:\/\/www.romeing.it\/wp-content\/uploads\/2025\/09\/ostia-antica-1-768x768.jpg 768w\" sizes=\"(max-width: 770px) 100vw, 770px\" \/><\/figure>\n\n\n\n<h3 class=\"wp-block-heading\" id=\"h-8-una-passeggiata-ad-ostia-antica\"><span style=\"color: #ff0000;\">8.<\/span> Una passeggiata ad Ostia Antica<\/h3>\n\n\n\n<p class=\"has-text-align-center\">Passeggiando tra terme e mosaici, insulae e botteghe, domus e ninfei, portici e mitrei del suggestivo Parco archeologico di Ostia antica vi sembrer\u00e0 di ascoltare le voci degli artigiani intenti a lavorare marmi e laterizi, o quelle del pistor, il fornaio, nel caseggiato dei Molini. Con i suoi fasti da prima colonia romana, porto e granaio della Citt\u00e0 eterna, la fortuna di Ostia antica corre dal VII secolo a.C, data della fondazione, alla fine del V secolo, quando anche il suo acquedotto cess\u00f2 di funzionare. Con il suo teatro, la Piazza del Foro, il Capitolium, il Tempio i Roma e di Augusto, le insulae, le domus, come quella di Amore e Psiche che brilla per i suoi pavimentati a mosaico o in opus sectile, \u00e8 un luogo magico, assolutamente da non perdere.<\/p>\n\n\n\n<p class=\"has-text-align-center\"><a href=\"https:\/\/www.getyourguide.com\/rome-l33\/ancient-ostia-by-train-trip-half-day-tour-from-rome-t10454\/?partner_id=EC0Y1XJ&#038;utm_medium=online_publisher&#038;placement=button-cta\" class=\"su-button su-button-style-default\" style=\"color:#FFFFFF;background-color:#ef2d34;border-color:#c0242a;border-radius:6px\" target=\"_blank\" rel=\"noopener noreferrer\"><span style=\"color:#FFFFFF;padding:0px 18px;font-size:14px;line-height:28px;border-color:#f46c71;border-radius:6px;text-shadow:none\"> Prenota un tour<\/span><\/a>\n\n\n\n<hr class=\"wp-block-separator has-alpha-channel-opacity\"\/>\n\n\n\n<figure class=\"wp-block-image aligncenter size-full is-resized\"><img loading=\"lazy\" decoding=\"async\" width=\"770\" height=\"770\" src=\"https:\/\/www.romeing.it\/wp-content\/uploads\/2025\/09\/borghese-gallery-1.jpg\" alt=\"galleria borghese\" class=\"wp-image-19114\" style=\"width:250px\" srcset=\"https:\/\/www.romeing.it\/wp-content\/uploads\/2025\/09\/borghese-gallery-1.jpg 770w, https:\/\/www.romeing.it\/wp-content\/uploads\/2025\/09\/borghese-gallery-1-300x300.jpg 300w, https:\/\/www.romeing.it\/wp-content\/uploads\/2025\/09\/borghese-gallery-1-150x150.jpg 150w, https:\/\/www.romeing.it\/wp-content\/uploads\/2025\/09\/borghese-gallery-1-768x768.jpg 768w\" sizes=\"(max-width: 770px) 100vw, 770px\" \/><\/figure>\n\n\n\n<h3 class=\"wp-block-heading\" id=\"h-9-passeggiata-a-villa-borghese-e-visita-alla-galleria\"><span style=\"color: #ff0000;\">9.<\/span> Passeggiata a Villa Borghese e visita alla galleria<\/h3>\n\n\n\n<p class=\"has-text-align-center\"><span style=\"font-weight: 400;\">Non c\u2019\u00e8 niente di pi\u00f9 rigenerante di una passeggiata nel grande polmone verde di Roma, alla scoperta di anfratti e fontane di quella che nel 1580 era l\u2019antica tenuta della famiglia Borghese. A piedi, in riscio o in bicicletta, c\u2019\u00e8 sempre un motivo per fare un salto a Villa Borghese. Prendete nota delle mostre in corso al Museo Carlo Bilotti, attuale \u201cAranciera\u201d e anticamente &#8220;Casino dei giuochi d&#8217;acqua&#8221;. Per scattare una foto da uno dei pi\u00f9 noti scorci di Roma basta invece raggiungere il &#8220;giardino del Pincio&#8221;, nella parte sud del parco o per visitare lo <a href=\"https:\/\/www.romeing.it\/it\/visita-il-bioparco-di-roma\/\">zoo di Roma<\/a>. Per leggere un libro in tranquillit\u00e0 raggiungete le panchine antistanti il laghetto, prima di perdervi tra i capolavori della Galleria Borghese. L&#8217;edificio della villa fu destinato, secondo la volont\u00e0 di Camillo Borghese, a contenere le sculture e le pitture di illustri maestri. Imperdibili l\u2019Apollo e Dafne di <a href=\"https:\/\/www.romeing.it\/it\/gian-lorenzo-bernini-roma\/\">Gianlorenzo Bernini<\/a>, la Paolina Borghese di Antonio Canova, la Deposizione di Cristo di Raffaello, il San Girolamo di Caravaggio.<br><\/span><\/p>\n\n\n\n<p class=\"has-text-align-center\"><span style=\"font-weight: 400;\">Vuoi prenotare un tour guidato della Galleria Borghese?<\/span><\/p>\n\n\n\n<p class=\"has-text-align-center\"><a href=\"https:\/\/www.romeing.it\/shop\/it\/destinazioni\/roma\/tour-di-roma\/tour-galleria-borghese\/\" class=\"su-button su-button-style-default\" style=\"color:#FFFFFF;background-color:#ef2d34;border-color:#c0242a;border-radius:6px\" target=\"_blank\" rel=\"noopener noreferrer\"><span style=\"color:#FFFFFF;padding:0px 18px;font-size:14px;line-height:28px;border-color:#f46c71;border-radius:6px;text-shadow:none\"> Prenota ora<\/span><\/a>\n\n\n\n<hr class=\"wp-block-separator has-alpha-channel-opacity\"\/>\n\n\n\n<figure class=\"wp-block-image aligncenter size-full is-resized\"><img loading=\"lazy\" decoding=\"async\" width=\"770\" height=\"770\" src=\"https:\/\/www.romeing.it\/wp-content\/uploads\/2025\/09\/san-paolo-fuori-le-mura.jpg\" alt=\"san-paolo-fuori-le-mura\" class=\"wp-image-24279\" style=\"width:250px\" srcset=\"https:\/\/www.romeing.it\/wp-content\/uploads\/2025\/09\/san-paolo-fuori-le-mura.jpg 770w, https:\/\/www.romeing.it\/wp-content\/uploads\/2025\/09\/san-paolo-fuori-le-mura-300x300.jpg 300w, https:\/\/www.romeing.it\/wp-content\/uploads\/2025\/09\/san-paolo-fuori-le-mura-150x150.jpg 150w, https:\/\/www.romeing.it\/wp-content\/uploads\/2025\/09\/san-paolo-fuori-le-mura-768x768.jpg 768w\" sizes=\"(max-width: 770px) 100vw, 770px\" \/><\/figure>\n\n\n\n<h3 class=\"wp-block-heading\" id=\"h-10-visitare-la-basilica-di-san-paolo-fuori-le-mura\"><span style=\"color: #ff0000;\">10.<\/span> Visitare la Basilica di San Paolo fuori le mura<\/h3>\n\n\n\n<p class=\"has-text-align-center\">Tra le quattro Basiliche papali di Roma, quella di San Paolo fuori le mura \u00e8 la pi\u00f9 grande, dopo quella di San Pietro in Vaticano. Dal 1980 rientra nella lista dei Patrimoni Unesco. Questo straordinario scrigno di luce, con le sue pareti rivestite in marmi policromi e un trionfo di ori e mosaici, sorge sul luogo che la tradizione indica come quello della sepoltura dell&#8217;apostolo Paolo. Prima di entrare, ammirate, sulla facciata sopra il colonnato, i mosaici eseguiti fra il 1854 e il 1874.<\/p>\n\n\n\n<hr class=\"wp-block-separator has-alpha-channel-opacity\"\/>\n\n\n\n<figure class=\"wp-block-image aligncenter size-full is-resized\"><img loading=\"lazy\" decoding=\"async\" width=\"770\" height=\"770\" src=\"https:\/\/www.romeing.it\/wp-content\/uploads\/2025\/12\/beatrice-cenci-palazzo-barberini-1.jpg\" alt=\"Vedere Beatrice Cenci e La Fornarina a Palazzo Barberini\" class=\"wp-image-79382\" style=\"width:250px\" srcset=\"https:\/\/www.romeing.it\/wp-content\/uploads\/2025\/12\/beatrice-cenci-palazzo-barberini-1.jpg 770w, https:\/\/www.romeing.it\/wp-content\/uploads\/2025\/12\/beatrice-cenci-palazzo-barberini-1-300x300.jpg 300w, https:\/\/www.romeing.it\/wp-content\/uploads\/2025\/12\/beatrice-cenci-palazzo-barberini-1-150x150.jpg 150w, https:\/\/www.romeing.it\/wp-content\/uploads\/2025\/12\/beatrice-cenci-palazzo-barberini-1-768x768.jpg 768w\" sizes=\"(max-width: 770px) 100vw, 770px\" \/><\/figure>\n\n\n\n<h3 class=\"wp-block-heading\" id=\"h-11-vedere-beatrice-cenci-e-la-fornarina-a-palazzo-barberini\"><span style=\"color: #ff0000;\">11.<\/span> Vedere Beatrice Cenci e La Fornarina a Palazzo Barberini<\/h3>\n\n\n\n<p class=\"has-text-align-center\">L\u201911 settembre del 1599, in una piazza di Castel Sant&#8217;Angelo gremita di folla, un colpo di spada uccideva la giovane Beatrice Cenci, accusata di parricidio. La tradizione vuole che il suo volto sia stato impresso sulla tela da Guido Reni che, poco prima della decapitazione, l\u2019avrebbe ritratta in carcere, eternandola in un celebre dipinto oggi custodito a <a href=\"https:\/\/www.romeing.it\/it\/palazzo-barberini-e-galleria-corsini\/\">Palazzo Barberini<\/a>. Chiunque visiti Roma non pu\u00f2 perdersi questo capolavoro attribuito a Reni, conservato nello stesso Palazzo che accoglie la celebre <em>Fornarina<\/em> di <a href=\"https:\/\/www.romeing.it\/it\/raffaello-a-roma\/\">Raffaello<\/a>, uno dei volti pi\u00f9 noti dell\u2019arte. La tradizione riconoscerebbe nella sensuale donna l\u2019amante e musa ispiratrice di Raffaello, Margherita Luti, figlia di un fornaio di Trastevere, da cui il soprannome \u201cFornarina\u201d.<\/p>\n\n\n\n<div class=\"wp-block-buttons is-content-justification-center is-layout-flex wp-container-core-buttons-is-layout-a89b3969 wp-block-buttons-is-layout-flex\">\n<div class=\"wp-block-button\"><a class=\"wp-block-button__link has-vivid-red-background-color has-background has-text-align-center wp-element-button\" href=\"https:\/\/www.romeing.it\/it\/palazzo-barberini-e-galleria-corsini\/\">Scopri Palazzo Barberini e Galleria Corsini<\/a><\/div>\n<\/div>\n\n\n\n<hr class=\"wp-block-separator has-alpha-channel-opacity\"\/>\n\n\n\n<figure class=\"wp-block-image aligncenter size-full is-resized\"><img loading=\"lazy\" decoding=\"async\" width=\"770\" height=\"770\" src=\"https:\/\/www.romeing.it\/wp-content\/uploads\/2025\/09\/villa-medici-2.jpg\" alt=\"villa-medici\" class=\"wp-image-19108\" style=\"width:250px\" srcset=\"https:\/\/www.romeing.it\/wp-content\/uploads\/2025\/09\/villa-medici-2.jpg 770w, https:\/\/www.romeing.it\/wp-content\/uploads\/2025\/09\/villa-medici-2-300x300.jpg 300w, https:\/\/www.romeing.it\/wp-content\/uploads\/2025\/09\/villa-medici-2-150x150.jpg 150w, https:\/\/www.romeing.it\/wp-content\/uploads\/2025\/09\/villa-medici-2-768x768.jpg 768w\" sizes=\"(max-width: 770px) 100vw, 770px\" \/><\/figure>\n\n\n\n<h3 class=\"wp-block-heading\" id=\"h-12-visita-al-giardino-di-villa-medici\"><span style=\"color: #ff0000;\">12.<\/span> Visita al giardino di Villa Medici<\/h3>\n\n\n\n<p class=\"has-text-align-center\"><span style=\"font-weight: 400;\">Sulla collina del Pincio, proprio al culmine della scalinata Trinit\u00e0 dei Monti, su uno dei punti pi\u00f9 alti e panoramici di Roma, Villa Medici accoglie, dal 1803, l\u2019Accademia di Francia, ma anche mostre ed eventi d\u2019arte. Fateci un salto soprattutto per ammirare il giardino cinquecentesco della villa, nello spazio occupato nell&#8217;antichit\u00e0 dagli Horti Luculliani e appartenuto poi all\u2019inquieta Messalina, consorte dell\u2019imperatore Claudio che proprio qui trov\u00f2 la morte. Dopo che, nel 1576 il cardinale Ferdinando de&#8217; Medici l\u2019acquist\u00f2, facendone completare i lavori da Bartolomeo Ammannati, questa suggestiva location si avvi\u00f2 a diventare uno dei luoghi pi\u00f9 eleganti e mondani della citt\u00e0 eterna. Nel 1633 accolse anche Galileo Galilei, ospite di Ferdinando II de&#8217; Medici.<\/span><\/p>\n\n\n\n<hr class=\"wp-block-separator has-alpha-channel-opacity\"\/>\n\n\n\n<figure class=\"wp-block-image aligncenter size-full is-resized\"><img loading=\"lazy\" decoding=\"async\" width=\"770\" height=\"770\" src=\"https:\/\/www.romeing.it\/wp-content\/uploads\/2025\/09\/pantheon-1.jpg\" alt=\"pantheon\" class=\"wp-image-24281\" style=\"width:250px\" srcset=\"https:\/\/www.romeing.it\/wp-content\/uploads\/2025\/09\/pantheon-1.jpg 770w, https:\/\/www.romeing.it\/wp-content\/uploads\/2025\/09\/pantheon-1-300x300.jpg 300w, https:\/\/www.romeing.it\/wp-content\/uploads\/2025\/09\/pantheon-1-150x150.jpg 150w, https:\/\/www.romeing.it\/wp-content\/uploads\/2025\/09\/pantheon-1-768x768.jpg 768w\" sizes=\"(max-width: 770px) 100vw, 770px\" \/><\/figure>\n\n\n\n<h3 class=\"wp-block-heading\" id=\"h-13-deporre-un-fiore-alla-tomba-di-raffaello-al-pantheon\"><span style=\"color: #ff0000;\">13.<\/span> Deporre un fiore alla tomba di Raffaello al Pantheon<\/h3>\n\n\n\n<p class=\"has-text-align-center\">Vale la pena fare qualche minuto di fila per ammirare il <a href=\"https:\/\/www.romeing.it\/it\/alla-scoperta-del-pantheon-un-capolavoro-di-ingegneria-simbolo-della-gloria-di-roma\/\">Pantheon<\/a>, uno degli edifici pi\u00f9 imponenti e celebri di Roma. All\u2019interno di questo colosso, costruito nel 27 a.C. dal genero di Augusto Marco Vipsanio Agrippa, dove i giochi di luce vi avvolgeranno in un\u2019atmosfera intima e ovattata, \u00e8 custodita, assieme ad altri celebri sepolcri, la tomba di Raffaello. \u201cQui giace Raffaello, dal quale la natura temette mentre era vivo di esser vinta; ma ora che \u00e8 morto teme di morire\u201d recita l\u2019epitaffio di Pietro Bembo.<\/p>\n\n\n\n<p class=\"has-text-align-center\"><a href=\"https:\/\/www.romeing.it\/shop\/it\/prodotto\/pantheon-biglietto-ingresso\/\" class=\"su-button su-button-style-default\" style=\"color:#FFFFFF;background-color:#ef2d34;border-color:#c0242a;border-radius:6px\" target=\"_blank\" rel=\"noopener noreferrer\"><span style=\"color:#FFFFFF;padding:0px 18px;font-size:14px;line-height:28px;border-color:#f46c71;border-radius:6px;text-shadow:none\"> Acquista biglietto per il Pantheon<\/span><\/a>\n\n\n\n<hr class=\"wp-block-separator has-alpha-channel-opacity\"\/>\n\n\n\n<figure class=\"wp-block-image aligncenter size-full is-resized\"><img loading=\"lazy\" decoding=\"async\" width=\"770\" height=\"770\" src=\"https:\/\/www.romeing.it\/wp-content\/uploads\/2025\/09\/non-catholic-cemetery-rome-1.jpg\" alt=\"cimitero acattolico\" class=\"wp-image-19172\" style=\"width:250px\" srcset=\"https:\/\/www.romeing.it\/wp-content\/uploads\/2025\/09\/non-catholic-cemetery-rome-1.jpg 770w, https:\/\/www.romeing.it\/wp-content\/uploads\/2025\/09\/non-catholic-cemetery-rome-1-300x300.jpg 300w, https:\/\/www.romeing.it\/wp-content\/uploads\/2025\/09\/non-catholic-cemetery-rome-1-150x150.jpg 150w, https:\/\/www.romeing.it\/wp-content\/uploads\/2025\/09\/non-catholic-cemetery-rome-1-768x768.jpg 768w\" sizes=\"(max-width: 770px) 100vw, 770px\" \/><\/figure>\n\n\n\n<h3 class=\"wp-block-heading\" id=\"h-14-visita-alla-piramide-cestia-e-al-cimitero-acattolico\"><span style=\"color: #ff0000;\">14.<\/span> Visita alla Piramide Cestia e al Cimitero acattolico<\/h3>\n\n\n\n<p class=\"has-text-align-center\"><span style=\"font-weight: 400;\">Ispirata ai modelli egiziani in voga a Roma dopo la conquista dell&#8217;Egitto in et\u00e0 augustea, la Piramide di Caio Cestio \u00e8 l&#8217;unico monumento di questo tipo conservato a Roma. Sulla facciata bianchissima, rivestita da grossi blocchi di marmo di Carrara, un&#8217;iscrizione indica che i lavori di costruzione durarono 330 giorni. Fu costruita tra il 18 e il 12 a.C. come sepolcro del pretore e tribuno della plebe Caio Cestio. L&#8217;interno, con i suoi raffinati affreschi di terzo stile su fondo bianco e figure di offerenti e Vittorie alate, \u00e8 visitabile.<br>Accanto alla Piramide sorge il Cimitero acattolico, dove riposano, tra gli altri, il poeta inglese John Keats, Shelley, Antonio Gramsci, Andrea Camilleri.<\/span><\/p>\n\n\n\n<hr class=\"wp-block-separator has-alpha-channel-opacity\"\/>\n\n\n\n<figure class=\"wp-block-image aligncenter size-full is-resized\"><img loading=\"lazy\" decoding=\"async\" width=\"770\" height=\"770\" src=\"https:\/\/www.romeing.it\/wp-content\/uploads\/2025\/09\/gianicolo-view-1.jpg\" alt=\"vista gianicolo roma\" class=\"wp-image-19166\" style=\"width:250px\" srcset=\"https:\/\/www.romeing.it\/wp-content\/uploads\/2025\/09\/gianicolo-view-1.jpg 770w, https:\/\/www.romeing.it\/wp-content\/uploads\/2025\/09\/gianicolo-view-1-300x300.jpg 300w, https:\/\/www.romeing.it\/wp-content\/uploads\/2025\/09\/gianicolo-view-1-150x150.jpg 150w, https:\/\/www.romeing.it\/wp-content\/uploads\/2025\/09\/gianicolo-view-1-768x768.jpg 768w\" sizes=\"(max-width: 770px) 100vw, 770px\" \/><\/figure>\n\n\n\n<h3 class=\"wp-block-heading\" id=\"h-15-scattare-una-foto-dalla-terrazza-del-gianicolo\"><span style=\"color: #ff0000;\">15.<\/span> Scattare una foto dalla terrazza del Gianicolo<\/h3>\n\n\n\n<p class=\"has-text-align-center\"><span style=\"font-weight: 400;\">Ogni giorno, dal 1904, sotto il Belvedere del Gianicolo, alle 12 in punto tre soldati caricano un obice a salve e sparano un colpo. Se per quell\u2019ora vi troverete sulla terrazza del Gianicolo, dunque, non spaventatevi. Questa tradizione risale a Pio IX che, per evitare confusioni di orario e per dare un riferimento alle campane delle chiese di Roma, istitu\u00ec questa consuetudine. Anche se il momento migliore per scattare una foto da questa straordinaria terrazza \u00e8 il tramonto, quando gli ultimi raggi sembrano rendere omaggio al monumento dedicato a Giuseppe Garibaldi e agli oltre 80 busti dei patrioti che si adoperarono per la difesa e per la liberazione di Roma.<br>Il Gianicolo fu infatti, nel 1849, teatro dell&#8217;eroica difesa della breve Repubblica Romana contro i francesi chiamati da Pio IX, per diventare, dopo l&#8217;Unit\u00e0 d&#8217;Italia un grande parco pubblico e una sorta di memoriale del Risorgimento. Scendendo dal Gianicolo fermatevi, nei pressi dell\u2019orto del convento di Sant\u2019Onofrio, ad ammirare quel che resta della quercia di Torquato Tasso, sotto la quale, durante l\u2019ultimo mese di vita, secondo tradizione leggendaria il poeta sedeva a riflettere.<br><\/span><\/p>\n\n\n\n<hr class=\"wp-block-separator has-alpha-channel-opacity\"\/>\n\n\n\n<figure class=\"wp-block-image aligncenter size-full is-resized\"><img loading=\"lazy\" decoding=\"async\" width=\"520\" height=\"533\" src=\"https:\/\/www.romeing.it\/wp-content\/uploads\/2025\/12\/cinecitta-1.jpg\" alt=\"cinecitta\" class=\"wp-image-63390\" style=\"width:250px\" srcset=\"https:\/\/www.romeing.it\/wp-content\/uploads\/2025\/12\/cinecitta-1.jpg 520w, https:\/\/www.romeing.it\/wp-content\/uploads\/2025\/12\/cinecitta-1-293x300.jpg 293w\" sizes=\"(max-width: 520px) 100vw, 520px\" \/><\/figure>\n\n\n\n<h3 class=\"wp-block-heading\" id=\"h-16-scoprire-il-cinema-al-museo-di-cinecitta\"><span style=\"color: #ff0000;\">16.<\/span> Scoprire il cinema al museo di Cinecitt\u00e0<\/h3>\n\n\n\n<p class=\"has-text-align-center\">Per i cinefili Roma riserva una tappa speciale. Basta prendere la linea A della metro in direzione Anagnina e scendere alla fermata Cinecitt\u00e0. Tra le sale del MIAC &#8211; Museo Italiano dell\u2019Audiovisivo e del Cinema &#8211; troverete uno scrigno che custodisce il patrimonio di sogni, speranze, fantasie che ha scolpito l\u2019immaginario collettivo dell\u2019Italia di ieri e di oggi. Ad accogliervi, i volti indelebili del cinema &#8211; da Tot\u00f2 a Sophia Loren, da Marcello Mastroianni a Luigi Lo Cascio &#8211; divi e divine i cui successi si intrecciano alla storia e all\u2019evoluzione dell\u2019audiovisivo.<\/p>\n\n\n\n<hr class=\"wp-block-separator has-alpha-channel-opacity\"\/>\n\n\n\n<figure class=\"wp-block-image aligncenter size-full is-resized\"><img loading=\"lazy\" decoding=\"async\" width=\"770\" height=\"770\" src=\"https:\/\/www.romeing.it\/wp-content\/uploads\/2025\/09\/isola-tiberina-1-1.jpg\" alt=\"isola-tiberina\" class=\"wp-image-24285\" style=\"width:250px\" srcset=\"https:\/\/www.romeing.it\/wp-content\/uploads\/2025\/09\/isola-tiberina-1-1.jpg 770w, https:\/\/www.romeing.it\/wp-content\/uploads\/2025\/09\/isola-tiberina-1-1-300x300.jpg 300w, https:\/\/www.romeing.it\/wp-content\/uploads\/2025\/09\/isola-tiberina-1-1-150x150.jpg 150w, https:\/\/www.romeing.it\/wp-content\/uploads\/2025\/09\/isola-tiberina-1-1-768x768.jpg 768w\" sizes=\"(max-width: 770px) 100vw, 770px\" \/><\/figure>\n\n\n\n<h3 class=\"wp-block-heading\" id=\"h-17-visita-alla-basilica-di-san-bartolomeo-all-isola\"><span style=\"color: #ff0000;\">17.<\/span> Visita alla basilica di San Bartolomeo all&#8217;Isola<\/h3>\n\n\n\n<p class=\"has-text-align-center\">Con i suoi oltre mille anni, la basilica di San Bartolomeo, sull\u2019Isola Tiberina, raccoglie memorie legate a mondi diversi e lontani, uniti insieme in una brillante sintesi di arte, fede e storia. La basilica venne costruita sulle vestigia dell\u2019antico tempio dedicato ad Esculapio, dove in molti accorrevano per implorare la propria guarigione. Nel 998 l\u2019imperatore tedesco Ottone III edific\u00f2 la chiesa per accogliere le spoglie dei martiri San Bartolomeo apostolo e Sant\u2019Adalberto, vescovo di Praga. La nuova costruzione oper\u00f2 una trasformazione nel tessuto dell\u2019Isola Tiberina, espressiva di quel cambiamento generale avvenuto nella citt\u00e0 di Roma in seguito alla diffusione del cristianesimo.<\/p>\n\n\n\n<hr class=\"wp-block-separator has-alpha-channel-opacity\"\/>\n\n\n\n<figure class=\"wp-block-image aligncenter size-full is-resized\"><img loading=\"lazy\" decoding=\"async\" width=\"770\" height=\"770\" src=\"https:\/\/www.romeing.it\/wp-content\/uploads\/2025\/09\/eur-1.jpg\" alt=\"eur\" class=\"wp-image-24287\" style=\"width:250px\" srcset=\"https:\/\/www.romeing.it\/wp-content\/uploads\/2025\/09\/eur-1.jpg 770w, https:\/\/www.romeing.it\/wp-content\/uploads\/2025\/09\/eur-1-300x300.jpg 300w, https:\/\/www.romeing.it\/wp-content\/uploads\/2025\/09\/eur-1-150x150.jpg 150w, https:\/\/www.romeing.it\/wp-content\/uploads\/2025\/09\/eur-1-768x768.jpg 768w\" sizes=\"(max-width: 770px) 100vw, 770px\" \/><\/figure>\n\n\n\n<h3 class=\"wp-block-heading\" id=\"h-18-scoprire-l-eur-gli-arazzi-futuristi-di-depero-e-la-nuvola-di-fuksas\"><span style=\"color: #ff0000;\">18.<\/span> Scoprire l\u2019Eur: gli arazzi futuristi di Depero e la nuvola di Fuksas<\/h3>\n\n\n\n<p class=\"has-text-align-center\">Progettato per accogliere l&#8217;Esposizione Universale Romana del 1942, mai tenutasi per via della guerra, il quartiere E.U.R. fonde i canoni dell&#8217;architettura razionalista con i simboli del regime allora imperante. Dal Palazzo della Civilt\u00e0 Italiana, per i romani, il \u201cColosseo quadrato\u201d, oggi quartier generale della Maison Fendi, la vista si apre verso il Palazzo dei Congressi, la basilica dei Santi Pietro e Paolo, l&#8217;Obelisco Marconi, l&#8217;Archivio di Stato e ancora i palazzi, sede delle collezioni del Museo delle Civilt\u00e0. Il Laghetto, con la sua passeggiata del Giappone, \u00e8 il posto giusto per gustare un gelato. Non distante, il Roma Convention Center \u201cLa Nuvola\u201d realizzato dall\u2019archistar Massimiliano Fuksas, e i due grandi mosaici dei futuristi Enrico Prampolini e Fortunato Depero svelano le tante anime del quartiere.<\/p>\n\n\n\n<hr class=\"wp-block-separator has-alpha-channel-opacity\"\/>\n\n\n\n<figure class=\"wp-block-image aligncenter size-full is-resized\"><img loading=\"lazy\" decoding=\"async\" width=\"770\" height=\"770\" src=\"https:\/\/www.romeing.it\/wp-content\/uploads\/2025\/12\/vatican-by-night-1.jpg\" alt=\"Visitare i Musei Vaticani e la Cappella Sistina\" class=\"wp-image-79400\" style=\"width:250px\" srcset=\"https:\/\/www.romeing.it\/wp-content\/uploads\/2025\/12\/vatican-by-night-1.jpg 770w, https:\/\/www.romeing.it\/wp-content\/uploads\/2025\/12\/vatican-by-night-1-300x300.jpg 300w, https:\/\/www.romeing.it\/wp-content\/uploads\/2025\/12\/vatican-by-night-1-150x150.jpg 150w, https:\/\/www.romeing.it\/wp-content\/uploads\/2025\/12\/vatican-by-night-1-768x768.jpg 768w\" sizes=\"(max-width: 770px) 100vw, 770px\" \/><\/figure>\n\n\n\n<h3 class=\"wp-block-heading\" id=\"h-19-visitare-i-musei-vaticani-e-la-cappella-sistina\"><span style=\"color: #ff0000;\">19.<\/span> Visitare i Musei Vaticani e la Cappella Sistina<\/h3>\n\n\n\n<p class=\"has-text-align-center\"><span style=\"font-weight: 400;\">Si potrebbe visitare centinaia di volte i <a href=\"https:\/\/www.romeing.it\/it\/cosa-vedere-ai-musei-vaticani\/\">Musei Vaticani<\/a>, senza mai stancarsi, scoprendo dettagli sempre nuovi, frutto di studi continui e di scoperte sorprendenti. Come la Iustitia e la Comitas, due soggetti allegorici di rara bellezza, attribuiti alla mano di Raffaello, ultimi gioielli emersi nella Sala di Costantino. O come la Cappella Sistina, dove si rimarrebbe ore a contemplare il Giudizio Universale di Michelangelo.<br>Nella Sala VIII della Pinacoteca Vaticana, la Pala Oddi, la Madonna di Foligno e la Trasfigurazione di Raffaello tolgono il fiato, come anche le celebri stanze affrescate dal pittore di Urbino. Dal celebre Laocoonte, capolavoro della scultura classica, al Trittico Stefaneschi di Giotto e bottega, dal misterioso San Girolamo di Leonardo da Vinci, alla sublime Deposizione di Caravaggio, l\u2019apoteosi della pittura e del marmo si compie tra le sale dei musei del Papa.<\/span><\/p>\n\n\n\n<p class=\"has-text-align-center\"><a href=\"https:\/\/www.romeing.it\/shop\/it\/destinazioni\/roma\/tour-di-roma\/tour-del-vaticano\/\" class=\"su-button su-button-style-default\" style=\"color:#FFFFFF;background-color:#ef2d34;border-color:#c0242a;border-radius:6px\" target=\"_blank\" rel=\"noopener noreferrer\"><span style=\"color:#FFFFFF;padding:0px 18px;font-size:14px;line-height:28px;border-color:#f46c71;border-radius:6px;text-shadow:none\"> Prenota un tour<\/span><\/a>\n\n\n\n<hr class=\"wp-block-separator has-alpha-channel-opacity\"\/>\n\n\n\n<h3 class=\"wp-block-heading\" id=\"h-20-passeggiare-al-quartiere-coppede\"><span style=\"color: #ff0000;\">20. <\/span>Passeggiare al quartiere Copped\u00e8<\/h3>\n\n\n\n<p class=\"has-text-align-center\">Donne con peplo e uomini dalle lunghe barbe, spade, cappelli e scimitarre, torrette, putti e colonne, cancelli in ferro battuto. Benvenuti nel quartiere progettato dall\u2019architetto Gino Copped\u00e8, nell&#8217;isolato compreso fra via Tagliamento, via Arno, via Ombrone, via Serchio e via Clitunno. Un grande arco dal quale pende un lampadario in ferro battuto introduce a piazza Mincio con l\u2019eclettica Fontana delle Rane. Scelto, per la sua particolare architettura, da registi come Dario Argento e Richard Donner, il quartiere accolse, in una delle sue villette, anche la dimora romana del tenore Beniamino Gigli. Non perdetevi i Villini delle Fate, il Palazzo del Ragno, i Palazzi degli Ambasciatori.<\/p>\n\n\n\n<p class=\"has-text-align-center\"><a href=\"https:\/\/www.romeing.it\/it\/quartiere-coppede-roma\/\" class=\"su-button su-button-style-default\" style=\"color:#FFFFFF;background-color:#ef2d34;border-color:#c0242a;border-radius:6px\" target=\"_blank\" rel=\"noopener noreferrer\"><span style=\"color:#FFFFFF;padding:0px 18px;font-size:14px;line-height:28px;border-color:#f46c71;border-radius:6px;text-shadow:none\"> Scopri il quartiere Copped\u00e8<\/span><\/a>\n\n\n\n<hr class=\"wp-block-separator has-alpha-channel-opacity\"\/>\n\n\n\n<figure class=\"wp-block-image aligncenter size-full is-resized\"><img loading=\"lazy\" decoding=\"async\" width=\"770\" height=\"770\" src=\"https:\/\/www.romeing.it\/wp-content\/uploads\/2025\/12\/thrift-shop-monti.jpg\" alt=\"shopping vintage a monti\" class=\"wp-image-51503\" style=\"width:250px\" srcset=\"https:\/\/www.romeing.it\/wp-content\/uploads\/2025\/12\/thrift-shop-monti.jpg 770w, https:\/\/www.romeing.it\/wp-content\/uploads\/2025\/12\/thrift-shop-monti-300x300.jpg 300w, https:\/\/www.romeing.it\/wp-content\/uploads\/2025\/12\/thrift-shop-monti-150x150.jpg 150w, https:\/\/www.romeing.it\/wp-content\/uploads\/2025\/12\/thrift-shop-monti-768x768.jpg 768w\" sizes=\"(max-width: 770px) 100vw, 770px\" \/><\/figure>\n\n\n\n<h3 class=\"wp-block-heading\" id=\"h-21-vintage-shopping-a-monti\"><span style=\"color: #ff0000;\">21.<\/span> Vintage Shopping a Monti<\/h3>\n\n\n\n<p class=\"has-text-align-center\"><span style=\"font-weight: 400;\">Monti \u00e8 la mecca dello shopping vintage. Le strade di <a href=\"https:\/\/www.romeing.it\/it\/rione-monti-roma\/\">questo affascinante quartiere<\/a> sono piene di negozietti che vendono abiti vintage e di seconda mano. Da Pifebo dove \u00e8 possibile acquistare pezzi vintage (scarpe incluse) e pagare a chilo, a King Size con i suoi abiti anni \u201970, a Moll Flanders con scarpe e accessori per uomo e donna a prezzi imbattibili. Ed il weend, non perderti il \u200b\u200bfantastico Mercato Monti, dove puoi trovare creazioni uniche di artisti emergenti.<\/span><\/p>\n\n\n\n<p class=\"has-text-align-center\"><span style=\"font-weight: 400;\">Di seguito il link alla nostra guida allo shopping vintage a Roma:<\/span><\/p>\n\n\n\n<p class=\"has-text-align-center\"><a href=\"https:\/\/www.romeing.it\/it\/negozi-seconda-mano-vintage-roma\/\" class=\"su-button su-button-style-default\" style=\"color:#FFFFFF;background-color:#ef2d34;border-color:#c0242a;border-radius:6px\" target=\"_blank\" rel=\"noopener noreferrer\"><span style=\"color:#FFFFFF;padding:0px 18px;font-size:14px;line-height:28px;border-color:#f46c71;border-radius:6px;text-shadow:none\"> Scopri di pi\u00f9<\/span><\/a>\n\n\n\n<hr class=\"wp-block-separator has-alpha-channel-opacity\"\/>\n\n\n\n<figure class=\"wp-block-image aligncenter size-full is-resized\"><img loading=\"lazy\" decoding=\"async\" width=\"770\" height=\"770\" src=\"https:\/\/www.romeing.it\/wp-content\/uploads\/2025\/12\/jewish-ghetto-1.jpg\" alt=\"ghetto ebraico roma\" class=\"wp-image-79430\" style=\"width:250px\" srcset=\"https:\/\/www.romeing.it\/wp-content\/uploads\/2025\/12\/jewish-ghetto-1.jpg 770w, https:\/\/www.romeing.it\/wp-content\/uploads\/2025\/12\/jewish-ghetto-1-300x300.jpg 300w, https:\/\/www.romeing.it\/wp-content\/uploads\/2025\/12\/jewish-ghetto-1-150x150.jpg 150w, https:\/\/www.romeing.it\/wp-content\/uploads\/2025\/12\/jewish-ghetto-1-768x768.jpg 768w\" sizes=\"(max-width: 770px) 100vw, 770px\" \/><\/figure>\n\n\n\n<h3 class=\"wp-block-heading\" id=\"h-22-assaggiare-la-cucina-kosher-al-quartiere-ebraico\"><span style=\"color: #ff0000;\">22.<\/span> Assaggiare la cucina Kosher al quartiere Ebraico<\/h3>\n\n\n\n<p class=\"has-text-align-center\"><span style=\"font-weight: 400;\">Al Ghetto Ebraico il sapore della tradizione Kosher corre tra i vicoli silenziosi che, dal Portico di Ottavia, si sfilacciano tra silenziose piazze, chiese, fontane. La colazione al Ghetto si chiama Boccione, un antico forno noto per la sua insuperabile torta di ricotta e visciole o la pizza ebraica. Per un ottimo brodo di pesce, per il Goulash e la zuppa ebraica (polpettine, broccolo romano, sala di pomodoro) accomodatevi alla Taverna del Ghetto. Per una buona amatriciana alla giud\u00eca, polpette al sedano e falafel fate tappa da Nonna Betta dove, nel rispetto della regola ebraica che vieta di mescolare la carne con i derivati del latte, le ordinazioni si fanno su due menu separati: quello con i piatti di carne e quello con i piatti di pesce o formaggio. E poi c\u2019\u00e8 Ba\u2019Ghetto con il \u201cprincipe\u201d del menu: il carciofo alla giudia.<br><\/span><\/p>\n\n\n\n<p class=\"has-text-align-center\"><a href=\"https:\/\/www.romeing.it\/it\/guida-al-ghetto-ebraico-di-roma\/\" class=\"su-button su-button-style-default\" style=\"color:#FFFFFF;background-color:#ef2d34;border-color:#c0242a;border-radius:6px\" target=\"_blank\" rel=\"noopener noreferrer\"><span style=\"color:#FFFFFF;padding:0px 18px;font-size:14px;line-height:28px;border-color:#f46c71;border-radius:6px;text-shadow:none\"> Guida al Ghetto Ebraico di Roma<\/span><\/a>\n\n\n\n<hr class=\"wp-block-separator has-alpha-channel-opacity\"\/>\n\n\n\n<figure class=\"wp-block-image aligncenter size-full is-resized\"><img loading=\"lazy\" decoding=\"async\" width=\"770\" height=\"770\" src=\"https:\/\/www.romeing.it\/wp-content\/uploads\/2025\/12\/villa-doria-pamphilj.jpg\" alt=\"villa-doria-pamphilj\" class=\"wp-image-51501\" style=\"width:250px\" srcset=\"https:\/\/www.romeing.it\/wp-content\/uploads\/2025\/12\/villa-doria-pamphilj.jpg 770w, https:\/\/www.romeing.it\/wp-content\/uploads\/2025\/12\/villa-doria-pamphilj-300x300.jpg 300w, https:\/\/www.romeing.it\/wp-content\/uploads\/2025\/12\/villa-doria-pamphilj-150x150.jpg 150w, https:\/\/www.romeing.it\/wp-content\/uploads\/2025\/12\/villa-doria-pamphilj-768x768.jpg 768w\" sizes=\"(max-width: 770px) 100vw, 770px\" \/><\/figure>\n\n\n\n<h3 class=\"wp-block-heading\" id=\"h-23-di-corsa-a-villa-doria-pamphili\"><span style=\"color: #ff0000;\">23.<\/span> Di corsa a Villa Doria Pamphili<\/h3>\n\n\n\n<p class=\"has-text-align-center\"><span style=\"font-weight: 400;\">Che sia in pieno giorno o al mattino presto, scaldati dai primi raggi di sole, fare jogging a Villa Pamphilii \u00e8 sempre una buona idea.<br>Indossate la vostra mise pi\u00f9 comoda e via alla scoperta di quella che fu la residenza di campagna della famiglia Pamphilj, e che, sotto il pontificato di Innocenzo X assunse l\u2019aspetto di una fastosa residenza nobiliare di campagna. Il pi\u00f9 grande <a href=\"https:\/\/www.romeing.it\/it\/parchi-giardini-e-ville-di-roma\/\">parco pubblico di Roma<\/a> vi sorprender\u00e0 con i suoi viali dedicati a donne famose, il Casino del Bel Respiro, sede di rappresentanza ufficiale del governo italiano, la Fontana del Cupido, il Giardino Segreto, il laghetto.<\/span><\/p>\n\n\n\n<hr class=\"wp-block-separator has-alpha-channel-opacity\"\/>\n\n\n\n<figure class=\"wp-block-image aligncenter is-resized\"><img decoding=\"async\" src=\"https:\/\/www.romeing.it\/wp-content\/uploads\/2025\/09\/villa-torlonia-1.jpg\" alt=\"villa-torlonia\" class=\"wp-image-96843\" style=\"width:250px\"\/><\/figure>\n\n\n\n<h3 class=\"wp-block-heading\" id=\"h-24-visitare-i-bunker-di-mussolini-a-villa-torlonia\"><span style=\"color: #ff0000;\">24.<\/span> Visitare i bunker di Mussolini a Villa Torlonia<\/h3>\n\n\n\n<p class=\"has-text-align-center\">Villa Torlonia non \u00e8 un semplice parco. Prenotate una visita al bunker e ai rifugi antiaerei della Villa per scoprire una delle pagine pi\u00f9 buie della storia. Il bunker fu costruito tra il 1942 e il 1943 per proteggere Benito Mussolini e la sua famiglia nella residenza privata di Villa Torlonia. Il primo ambiente adibito a rifugio fu quello della cantina, sotto il laghetto del Fucino, attrezzato intorno alla met\u00e0 del 1940. Ma la sua scomodit\u00e0 indusse Mussolini a far attrezzare un secondo rifugio interno del Casino Nobile. La struttura blindata del bunker, costruita ex novo, fu scavata infine sotto il piazzale antistante il Casino Nobile, ma la sua costruzione rest\u00f2 incompiuta perch\u00e9, quando Mussolini fu destituito e arrestato, i lavori di rifinitura non erano terminati.<\/p>\n\n\n\n<hr class=\"wp-block-separator has-alpha-channel-opacity\"\/>\n\n\n\n<figure class=\"wp-block-image aligncenter size-full is-resized\"><img loading=\"lazy\" decoding=\"async\" width=\"770\" height=\"770\" src=\"https:\/\/www.romeing.it\/wp-content\/uploads\/2025\/09\/santa-maria-valicella.jpg\" alt=\"santa-maria-valicella\" class=\"wp-image-24291\" style=\"width:250px\" srcset=\"https:\/\/www.romeing.it\/wp-content\/uploads\/2025\/09\/santa-maria-valicella.jpg 770w, https:\/\/www.romeing.it\/wp-content\/uploads\/2025\/09\/santa-maria-valicella-300x300.jpg 300w, https:\/\/www.romeing.it\/wp-content\/uploads\/2025\/09\/santa-maria-valicella-150x150.jpg 150w, https:\/\/www.romeing.it\/wp-content\/uploads\/2025\/09\/santa-maria-valicella-768x768.jpg 768w\" sizes=\"(max-width: 770px) 100vw, 770px\" \/><\/figure>\n\n\n\n<h3 class=\"wp-block-heading\" id=\"h-25-scoprire-i-dipinti-di-rubens-a-santa-maria-della-vallicella-chiesa-nuova\"><span style=\"color: #ff0000;\">25.<\/span> Scoprire i dipinti di Rubens a Santa Maria della Vallicella (Chiesa Nuova)<\/h3>\n\n\n\n<p class=\"has-text-align-center\">Nella pianura del Campo Marzio, considerata dagli antichi Romani uno degli ingressi degli Inferi, la chiesa di Santa Maria in Vallicella \u00e8 una vera sorpresa per gli amanti della pittura fiamminga. L\u2019altare maggiore ospita la Madonna della Vallicella dipinta da Pieter Paul Rubens. Altri due dipinti del pittore fiammingo, realizzati su lastre di ardesia, occupano invece le pareti laterali del presbiterio.<\/p>\n\n\n\n<hr class=\"wp-block-separator has-alpha-channel-opacity\"\/>\n\n\n\n<figure class=\"wp-block-image aligncenter is-resized\"><img decoding=\"async\" src=\"https:\/\/www.romeing.it\/wp-content\/uploads\/2025\/12\/rafting-rome-tiber-river-1-300x201.jpg\" alt=\"39 incredible things to do in Rome\" class=\"wp-image-78570\" style=\"width:250px\"\/><\/figure>\n\n\n\n<h3 class=\"wp-block-heading\" id=\"h-26-fare-rafting-lungo-il-tevere\"><span style=\"color: #ff0000;\">26.<\/span> Fare rafting lungo il Tevere<\/h3>\n\n\n\n<p class=\"has-text-align-center\">Per ammirare Roma da una prospettiva diversa e vivere la citt\u00e0 dal ventre del suo fiume, prenotate la vostra esperienza di rafting lungo il Tevere in compagnia di una guida esperta. Il percorso attraversa tutta la citt\u00e0, partendo dall\u2019imbarco nei pressi di piazza del Popolo per allungarsi fino a Castel Sant\u2019Angelo e all\u2019isola Tiberina, lungo un fiume a tratti anche impetuoso, lontano dai rumori&nbsp; del traffico.<\/p>\n\n\n\n<p class=\"has-text-align-center\"><a href=\"https:\/\/www.romeing.it\/shop\/it\/prodotto\/rafting-sul-tevere-roma\/\" class=\"su-button su-button-style-default\" style=\"color:#FFFFFF;background-color:#ef2d34;border-color:#c0242a;border-radius:6px\" target=\"_blank\" rel=\"noopener noreferrer\"><span style=\"color:#FFFFFF;padding:0px 18px;font-size:14px;line-height:28px;border-color:#f46c71;border-radius:6px;text-shadow:none\"> Prenota ora<\/span><\/a>\n\n\n\n<hr class=\"wp-block-separator has-alpha-channel-opacity\"\/>\n\n\n\n<figure class=\"wp-block-image aligncenter size-full is-resized\"><img loading=\"lazy\" decoding=\"async\" width=\"770\" height=\"770\" src=\"https:\/\/www.romeing.it\/wp-content\/uploads\/2025\/09\/villa-farnesina-1-1.jpg\" alt=\"villa-farnesina\" class=\"wp-image-24293\" style=\"width:250px\" srcset=\"https:\/\/www.romeing.it\/wp-content\/uploads\/2025\/09\/villa-farnesina-1-1.jpg 770w, https:\/\/www.romeing.it\/wp-content\/uploads\/2025\/09\/villa-farnesina-1-1-300x300.jpg 300w, https:\/\/www.romeing.it\/wp-content\/uploads\/2025\/09\/villa-farnesina-1-1-150x150.jpg 150w, https:\/\/www.romeing.it\/wp-content\/uploads\/2025\/09\/villa-farnesina-1-1-768x768.jpg 768w\" sizes=\"(max-width: 770px) 100vw, 770px\" \/><\/figure>\n\n\n\n<h3 class=\"wp-block-heading\" id=\"h-27-ammirare-gli-affreschi-di-raffaello-a-villa-farnesina\"><span style=\"color: #ff0000;\">27.<\/span> Ammirare gli affreschi di Raffaello a Villa Farnesina<\/h3>\n\n\n\n<p class=\"has-text-align-center\">Villa Farnesina \u00e8 uno dei capolavori assoluti del Rinascimento a Roma. Il banchiere senese Agostino Chigi la commission\u00f2 agli inizi del Cinquecento a Baldassarre Peruzzi affidandone le decorazioni a Raffaello e ai suoi allievi. Non perdete la <em>Loggia di Psiche<\/em> e la <em>Sala di Galatea<\/em>. Una curiosit\u00e0. Lo sfarzo esagerato dei banchetti di Agostino Chigi era noto a tutti tanto da rimanere proverbiale. Nel 1518 il banchiere arriv\u00f2 addirittura far gettare stoviglie e posate d\u2019oro nel Tevere davanti ai suoi ospiti, facendole astutamente recuperare ai suoi servitori grazie a delle reti appositamente preparate.<\/p>\n\n\n\n<p class=\"has-text-align-center\"><a href=\"https:\/\/www.romeing.it\/it\/villa-farnesina-roma\/\" class=\"su-button su-button-style-default\" style=\"color:#FFFFFF;background-color:#ef2d34;border-color:#c0242a;border-radius:6px\" target=\"_blank\" rel=\"noopener noreferrer\"><span style=\"color:#FFFFFF;padding:0px 18px;font-size:14px;line-height:28px;border-color:#f46c71;border-radius:6px;text-shadow:none\"> Scopri di pi\u00f9<\/span><\/a>\n\n\n\n<hr class=\"wp-block-separator has-alpha-channel-opacity\"\/>\n\n\n\n<figure class=\"wp-block-image aligncenter size-full is-resized\"><img loading=\"lazy\" decoding=\"async\" width=\"682\" height=\"712\" src=\"https:\/\/www.romeing.it\/wp-content\/uploads\/2025\/12\/ROOFTOP-SUNSET-EXPERIENCE.jpg\" alt=\"aperitivo al tramonto in terrazza a roma\" class=\"wp-image-92863\" style=\"width:250px\" srcset=\"https:\/\/www.romeing.it\/wp-content\/uploads\/2025\/12\/ROOFTOP-SUNSET-EXPERIENCE.jpg 682w, https:\/\/www.romeing.it\/wp-content\/uploads\/2025\/12\/ROOFTOP-SUNSET-EXPERIENCE-287x300.jpg 287w\" sizes=\"(max-width: 682px) 100vw, 682px\" \/><\/figure>\n\n\n\n<h3 class=\"wp-block-heading\" id=\"h-28-un-aperitivo-al-tramonto-su-una-terrazza-con-vista\"><span style=\"color: #ff0000;\">28.<\/span> Un aperitivo al tramonto su una terrazza con vista<\/h3>\n\n\n\n<p class=\"has-text-align-center\">Ci sono terrazze che regalano una vista a 360 gradi sulla citt\u00e0 eterna. Raggiungetene una e, con il pretesto di un aperitivo al tramonto, godetevi il panorama spettacolare affondando lo sguardo tra cupole, tetti e giardini di Roma. Se Les-Etoiles-rooftop offre il migliore affaccio della capitale sulla cupola di San Pietro, il roof garden di Mirabelle mescola alla vista panoramica sulla citt\u00e0, la possibilit\u00e0 di scegliere tra oltre 900 etichette.&nbsp; Gli amanti della cucina giapponese in chiave contemporanea apprezzeranno Zuma Rooftop Bar, Lounge &amp; Terrace, un luogo di ritrovo molto \u201cin\u201d, con cocktail accuratamente miscelati e vista mozzafiato su Trinit\u00e0 dei Monti.<\/p>\n\n\n\n<p class=\"has-text-align-center\"><span style=\"font-weight: 400;\">Scopri la nostra guida alle pi\u00f9 belle terrazze di Roma:<\/span><\/p>\n\n\n\n<p class=\"has-text-align-center\"><a href=\"https:\/\/www.romeing.it\/it\/i-migliori-rooftop-bar-e-terrazze-di-roma\/\" class=\"su-button su-button-style-default\" style=\"color:#FFFFFF;background-color:#ef2d34;border-color:#c0242a;border-radius:6px\" target=\"_blank\" rel=\"noopener noreferrer\"><span style=\"color:#FFFFFF;padding:0px 18px;font-size:14px;line-height:28px;border-color:#f46c71;border-radius:6px;text-shadow:none\"> Scopri di pi\u00f9<\/span><\/a>\n\n\n\n<hr class=\"wp-block-separator has-alpha-channel-opacity\"\/>\n\n\n\n<figure class=\"wp-block-image aligncenter size-full is-resized\"><img loading=\"lazy\" decoding=\"async\" width=\"770\" height=\"770\" src=\"https:\/\/www.romeing.it\/wp-content\/uploads\/2025\/09\/basilica-di-san-clemente.jpg\" alt=\"basilica-di-san-clemente\" class=\"wp-image-24295\" style=\"width:250px\" srcset=\"https:\/\/www.romeing.it\/wp-content\/uploads\/2025\/09\/basilica-di-san-clemente.jpg 770w, https:\/\/www.romeing.it\/wp-content\/uploads\/2025\/09\/basilica-di-san-clemente-300x300.jpg 300w, https:\/\/www.romeing.it\/wp-content\/uploads\/2025\/09\/basilica-di-san-clemente-150x150.jpg 150w, https:\/\/www.romeing.it\/wp-content\/uploads\/2025\/09\/basilica-di-san-clemente-768x768.jpg 768w\" sizes=\"(max-width: 770px) 100vw, 770px\" \/><\/figure>\n\n\n\n<h3 class=\"wp-block-heading\" id=\"h-29-a-san-clemente-una-delle-prime-iscrizioni-in-lingua-volgare-con-parolaccia\"><strong><span style=\"color: #ff0000;\">29.<\/span> A San Clemente una delle prime iscrizioni in lingua volgare (con parolaccia)<\/strong><\/h3>\n\n\n\n<p class=\"has-text-align-center\">Duemila anni di storia, tra affreschi e mosaici, per scendere nel mondo della Roma del I secolo alla scoperta di tempio pagano. Benvenuti nella Basilica di San Clemente al Laterano, nella cui navata centrale \u00e8 conservata un\u2019iscrizione (databile tra il 1084 e l&#8217;inizio del 1100) che rappresenta il primo esempio di volgare italiano scritto e usato con intento artistico. Il dipinto rappresenta un frammento della <em>Passio Sancti Clementis<\/em> (un testo anteriore al VI secolo), in cui il patrizio Sisinnio \u00e8 nell&#8217;atto di ordinare ai suoi servi di legare e trascinare san Clemente. I servi, accecati come il loro padrone, trasportano invece una colonna di marmo. C\u2019\u00e8 anche una parolaccia. Quale? Basta visitare San Clemente per scoprirlo.<\/p>\n\n\n\n<hr class=\"wp-block-separator has-alpha-channel-opacity\"\/>\n\n\n\n<figure class=\"wp-block-image aligncenter size-full is-resized\"><img loading=\"lazy\" decoding=\"async\" width=\"770\" height=\"770\" src=\"https:\/\/www.romeing.it\/wp-content\/uploads\/2025\/12\/teatro-dell-opera-roma-1.jpg\" alt=\"teatro-dell-opera-roma\" class=\"wp-image-79410\" style=\"width:250px\" srcset=\"https:\/\/www.romeing.it\/wp-content\/uploads\/2025\/12\/teatro-dell-opera-roma-1.jpg 770w, https:\/\/www.romeing.it\/wp-content\/uploads\/2025\/12\/teatro-dell-opera-roma-1-300x300.jpg 300w, https:\/\/www.romeing.it\/wp-content\/uploads\/2025\/12\/teatro-dell-opera-roma-1-150x150.jpg 150w, https:\/\/www.romeing.it\/wp-content\/uploads\/2025\/12\/teatro-dell-opera-roma-1-768x768.jpg 768w\" sizes=\"(max-width: 770px) 100vw, 770px\" \/><\/figure>\n\n\n\n<h3 class=\"wp-block-heading\" id=\"h-30-assistere-ad-uno-spettacolo-al-teatro-dell-opera-di-roma\"><span style=\"color: #ff0000;\">30.<\/span> Assistere ad uno spettacolo al Teatro dell\u2019Opera di Roma<\/h3>\n\n\n\n<p class=\"has-text-align-center\">Quando le luci si spengono e la voce degli attori riecheggia sotto il lampadario di cristallo tra i pi\u00f9 grandi d&#8217;Europa, al Teatro Costanzi la magia pu\u00f2 cominciare. Dall\u2019Opera al balletto, il Teatro dell\u2019Opera di Roma, che nella stagione estiva trova la sua suggestiva location alle <a href=\"https:\/\/www.romeing.it\/it\/terme-di-caracalla-roma\/\">Terme di Caracalla<\/a>, annovera tra le esecuzioni memorabili Le nozze di Figaro di Mozart del 1964 diretta da Carlo Maria Giulini per la regia di Luchino Visconti con Ilva Ligabue, Mariella Adani e Rolando Panerai, il Don Carlo di Giuseppe Verdi diretto da Giulini sempre per la regia di Visconti, nel 1965.<\/p>\n\n\n\n<hr class=\"wp-block-separator has-alpha-channel-opacity\"\/>\n\n\n\n<figure class=\"wp-block-image aligncenter size-full is-resized\"><img loading=\"lazy\" decoding=\"async\" width=\"770\" height=\"770\" src=\"https:\/\/www.romeing.it\/wp-content\/uploads\/2025\/12\/san-luigi-de-francesi-1.jpg\" alt=\"san-luigi-de-francesi\" class=\"wp-image-79390\" style=\"width:250px\" srcset=\"https:\/\/www.romeing.it\/wp-content\/uploads\/2025\/12\/san-luigi-de-francesi-1.jpg 770w, https:\/\/www.romeing.it\/wp-content\/uploads\/2025\/12\/san-luigi-de-francesi-1-300x300.jpg 300w, https:\/\/www.romeing.it\/wp-content\/uploads\/2025\/12\/san-luigi-de-francesi-1-150x150.jpg 150w, https:\/\/www.romeing.it\/wp-content\/uploads\/2025\/12\/san-luigi-de-francesi-1-768x768.jpg 768w\" sizes=\"(max-width: 770px) 100vw, 770px\" \/><\/figure>\n\n\n\n<h3 class=\"wp-block-heading\" id=\"h-31-ammirare-un-capolavoro-di-caravaggio-a-san-luigi-dei-francesi\"><span style=\"color: #ff0000;\">31.<\/span> Ammirare un capolavoro di Caravaggio a San Luigi dei Francesi<\/h3>\n\n\n\n<p class=\"has-text-align-center\">Basta inserire una moneta per illuminare la Cappella Contarelli, gioiello della Chiesa San Luigi dei Francesi, e far respirare i personaggi di Caravaggio. La cappella accoglie tre dei pi\u00f9 celebri dipinti dell\u2019artista: la <em>Vocazione san Matteo<\/em>, il <em>Martirio di san Matteo <\/em>e il <em>San Matteo e l&#8217;angelo<\/em>, realizzati per il cardinale Mathieu Cointrel. La tela di sinistra &#8211; con la chiamata da parte di Ges\u00f9 del giovane Matteo, intento a contare soldi &#8211; \u00e8 una delle \u201cinquadrature\u201d pi\u00f9 famose della storia dell\u2019arte. Il dipinto sull\u2019altare con San Matteo e l\u2019angelo \u00e8 la seconda versione realizzata dal Merisi. La prima fu rifiutata perch\u00e9 ritraeva il santo come un vecchio rozzo con i piedi sporchi.<\/p>\n\n\n\n<hr class=\"wp-block-separator has-alpha-channel-opacity\"\/>\n\n\n\n<figure class=\"wp-block-image aligncenter is-resized\"><img decoding=\"async\" src=\"https:\/\/www.romeing.it\/wp-content\/uploads\/2025\/09\/alexanderplatz-2.jpg\" alt=\"alexanderplatz\" class=\"wp-image-96847\" style=\"width:250px\"\/><\/figure>\n\n\n\n<h3 class=\"wp-block-heading\" id=\"h-32-una-serata-all-alexander-platz\"><span style=\"color: #ff0000;\">32.<\/span> Una serata all&#8217;Alexander Platz<\/h3>\n\n\n\n<p class=\"has-text-align-center\">Dal 1984 l&#8217; Alexander Platz Jazz Club, lo storico locale di Roma, considerato uno dei cento migliori locali jazz al mondo, allieta i suoi ospiti con una programmazione che si avvale della partecipazione di artisti nazionali e internazionali. Pluripremiato dalla rivista Downbeat International, lo storico club fondato da Giampiero Rubei \u00e8 pronto ad accogliervi in via Ostia 9.<\/p>\n\n\n\n<p class=\"has-text-align-center\"><a href=\"https:\/\/www.romeing.it\/it\/locali-musica-dal-vivo-roma-jazz-blues\/\" class=\"su-button su-button-style-default\" style=\"color:#FFFFFF;background-color:#ef2d34;border-color:#c0242a;border-radius:6px\" target=\"_blank\" rel=\"noopener noreferrer\"><span style=\"color:#FFFFFF;padding:0px 18px;font-size:14px;line-height:28px;border-color:#f46c71;border-radius:6px;text-shadow:none\"> I migliori Jazz Club di Roma<\/span><\/a>\n\n\n\n<hr class=\"wp-block-separator has-alpha-channel-opacity\"\/>\n\n\n\n<figure class=\"wp-block-image aligncenter is-resized\"><img decoding=\"async\" src=\"https:\/\/www.romeing.it\/wp-content\/uploads\/2025\/09\/palazzo-spada-1-1.jpg\" alt=\"Visita a Palazzo Spada\" class=\"wp-image-96852\" style=\"width:250px\"\/><\/figure>\n\n\n\n<h3 class=\"wp-block-heading\" id=\"h-33-visita-a-palazzo-spada\"><span style=\"color: #ff0000;\">33.<\/span> Visita a Palazzo Spada<\/h3>\n\n\n\n<p>Ospitata nel cinquecentesco Palazzo Capodiferro, la Galleria Spada accoglie l&#8217;importante collezione di pittura barocca creata nel corso del Seicento dai cardinali Bernardino e Fabrizio Spada. In questa affascinante &#8220;quadreria&#8221; barocca si respira ancora oggi l&#8217;atmosfera delle dimore patrizie del Seicento. Tra i capolavori da non perdere: <em>Ritratto di musico<\/em> di Tiziano (1515); <em>Santa Cecilia <\/em>di Artemisia Gentileschi (1620), il <em>Ritratto di Bernardino Spada<\/em> di Guido Reni (1631). Concludete il percorso con la visita al Giardino Segreto, che sfoggia il pi\u00f9 spettacolare artificio barocco di Roma, la Colonnata illusionistica realizzata nel 1653 da Francesco Borromini per il cardinal Bernardino Spada.<\/p>\n\n\n\n<p class=\"has-text-align-center\"><a href=\"https:\/\/www.romeing.it\/it\/galleria-spada-roma\/\" class=\"su-button su-button-style-default\" style=\"color:#FFFFFF;background-color:#ef2d34;border-color:#c0242a;border-radius:6px\" target=\"_blank\" rel=\"noopener noreferrer\"><span style=\"color:#FFFFFF;padding:0px 18px;font-size:14px;line-height:28px;border-color:#f46c71;border-radius:6px;text-shadow:none\"> Scopri di pi\u00f9<\/span><\/a>\n\n\n\n<hr class=\"wp-block-separator has-alpha-channel-opacity\"\/>\n\n\n\n<figure class=\"wp-block-image aligncenter size-full is-resized\"><img loading=\"lazy\" decoding=\"async\" width=\"770\" height=\"770\" src=\"https:\/\/www.romeing.it\/wp-content\/uploads\/2025\/12\/day-trip-to-tivoli-1.jpg\" alt=\"villa este villa adriana\" class=\"wp-image-79458\" style=\"width:250px\" srcset=\"https:\/\/www.romeing.it\/wp-content\/uploads\/2025\/12\/day-trip-to-tivoli-1.jpg 770w, https:\/\/www.romeing.it\/wp-content\/uploads\/2025\/12\/day-trip-to-tivoli-1-300x300.jpg 300w, https:\/\/www.romeing.it\/wp-content\/uploads\/2025\/12\/day-trip-to-tivoli-1-150x150.jpg 150w, https:\/\/www.romeing.it\/wp-content\/uploads\/2025\/12\/day-trip-to-tivoli-1-768x768.jpg 768w\" sizes=\"(max-width: 770px) 100vw, 770px\" \/><\/figure>\n\n\n\n<h3 class=\"wp-block-heading\" id=\"h-34-una-domenica-di-sole-tra-villa-d-este-e-villa-adriana\"><span style=\"color: #ff0000;\">34.<\/span> Una domenica di sole tra Villa d\u2019Este e Villa Adriana<\/h3>\n\n\n\n<p class=\"has-text-align-center\"><span style=\"font-weight: 400;\">Approfittate di una giornata di sole per raggiungere Tivoli, alle porte di Roma. Nei lussureggianti giardini di Villa d\u2019Este, il viale delle Cento Fontane, la Rometta e la scenografica Fontana dell\u2019Ovato, la fantasia di Pirro Ligorio di cui il giardino tracima, vi condurr\u00e0 in un\u2019atmosfera fuori dal tempo. Poco distante, costruita tra il 118 e 138 d.C. dall\u2019Imperatore Adriano, l\u2019omonima villa vi sorprender\u00e0 con le sue tecniche di costruzione, estremamente innovative per l\u2019epoca, in un susseguirsi di terme, residenze, ninfei e giardini.<br><\/span><\/p>\n\n\n\n<p class=\"has-text-align-center\"><a href=\"https:\/\/www.romeing.it\/shop\/it\/prodotto\/tour-di-villa-este-e-villa-adriana-tivoli-da-roma\/\" class=\"su-button su-button-style-default\" style=\"color:#FFFFFF;background-color:#ef2d34;border-color:#c0242a;border-radius:6px\" target=\"_blank\" rel=\"noopener noreferrer\"><span style=\"color:#FFFFFF;padding:0px 18px;font-size:14px;line-height:28px;border-color:#f46c71;border-radius:6px;text-shadow:none\"> Prenota ora<\/span><\/a>\n\n\n\n<hr class=\"wp-block-separator has-alpha-channel-opacity\"\/>\n\n\n\n<figure class=\"wp-block-image aligncenter is-resized\"><img decoding=\"async\" src=\"https:\/\/www.romeing.it\/wp-content\/uploads\/2025\/09\/fosse-ardeatine.jpg\" alt=\"fosse-ardeatine\" class=\"wp-image-96858\" style=\"width:250px\"\/><\/figure>\n\n\n\n<h3 class=\"wp-block-heading\" id=\"h-35-ripercorrere-la-storia-al-mausoleo-delle-fosse-ardeatine\"><span style=\"color: #ff0000;\">35.<\/span> Ripercorrere la storia al Mausoleo delle Fosse Ardeatine<\/h3>\n\n\n\n<p class=\"has-text-align-center\">Una monumentale cancellata in bronzo opera dello scultore Mirko Basaldella, capolavoro di spiccato espressionismo in cui l\u2019orrore umano trova forma nell&#8217;avviluppo contorto degli elementi figurativi, introduce al Sacrario delle Fosse Ardeatine. Costruito a perenne ricordo del massacro perpetrato dai nazisti a Roma il 24 marzo 1944 nelle cave di pozzolana della via Ardeatina, fu solennemente inaugurato nel 1949 in occasione del quinto anniversario della strage. Nell\u2019austerit\u00e0 della sua linea architettonica, il grandioso monumento abbraccia le grotte, nelle quali venne consumato l&#8217;eccidio, il Mausoleo, il gruppo scultoreo che sintetizza la tragedia dei 335 martiri. Alle sue spalle, una costruzione accoglie documentazioni, cimeli e fotografie che sintetizzano, in ordine cronologico le tragiche giornate vissute nella Capitale, dall&#8217;aggressione tedesca dell&#8217;8 settembre 1943 alla liberazione del 4 giugno 1944.<\/p>\n","protected":false},"excerpt":{"rendered":"<p>Scopri i migliori luoghi da visitare e pi\u00f9 belle cose da fare e vedere a Roma. Non perderti questa lista di attivit\u00e0 uniche!<\/p>\n","protected":false},"author":2673,"featured_media":103344,"comment_status":"open","ping_status":"open","sticky":false,"template":"","format":"standard","meta":{"_uag_custom_page_level_css":"","footnotes":""},"categories":[588,590,587,581,596,584,585,586,589],"tags":[],"class_list":["post-103340","post","type-post","status-publish","format-standard","has-post-thumbnail","hentry","category-altre-attrazioni-roma","category-articoli","category-chiese-siti-religiosi-roma","category-cosa-vedere-a-roma","category-itinerari","category-musei-gallerie-roma","category-palazzi-roma","category-parchi-giardini-roma","category-siti-storici-roma"],"featured_image_src":"https:\/\/www.romeing.it\/wp-content\/uploads\/2025\/12\/migliori-cose-da-fare-a-roma-1.jpg","author_info":{"display_name":"Samantha De Martin","author_link":"https:\/\/www.romeing.it\/it\/author\/samantha84\/"},"yoast_head":"<!-- This site is optimized with the Yoast SEO Premium plugin v26.9 (Yoast SEO v27.4) - https:\/\/yoast.com\/product\/yoast-seo-premium-wordpress\/ -->\n<title>35 cose da fare (e da vedere) assolutamente se visitate Roma<\/title>\n<meta name=\"description\" content=\"Scopri i migliori luoghi da visitare e pi\u00f9 belle cose da fare e vedere a Roma. Non perderti questa lista di attivit\u00e0 uniche!\" \/>\n<meta name=\"robots\" content=\"index, follow, max-snippet:-1, max-image-preview:large, max-video-preview:-1\" \/>\n<link rel=\"canonical\" href=\"https:\/\/www.romeing.it\/it\/migliori-cose-da-fare-e-vedere-a-roma\/\" \/>\n<meta property=\"og:locale\" content=\"it_IT\" \/>\n<meta property=\"og:type\" content=\"article\" \/>\n<meta property=\"og:title\" content=\"35 cose da fare (e da vedere) assolutamente se visitate Roma\" \/>\n<meta property=\"og:description\" content=\"Scopri i migliori luoghi da visitare e pi\u00f9 belle cose da fare e vedere a Roma. Non perderti questa lista di attivit\u00e0 uniche!\" \/>\n<meta property=\"og:url\" content=\"https:\/\/www.romeing.it\/it\/migliori-cose-da-fare-e-vedere-a-roma\/\" \/>\n<meta property=\"og:site_name\" content=\"Romeing | Rome&#039;s english magazine, events and exhibitions in Rome\" \/>\n<meta property=\"article:publisher\" content=\"https:\/\/www.facebook.com\/Romeing.it\" \/>\n<meta property=\"article:published_time\" content=\"2023-06-14T06:37:05+00:00\" \/>\n<meta property=\"article:modified_time\" content=\"2026-03-01T20:27:29+00:00\" \/>\n<meta property=\"og:image\" content=\"https:\/\/www.romeing.it\/wp-content\/uploads\/2025\/12\/migliori-cose-da-fare-a-roma-1.jpg\" \/>\n\t<meta property=\"og:image:width\" content=\"1200\" \/>\n\t<meta property=\"og:image:height\" content=\"789\" \/>\n\t<meta property=\"og:image:type\" content=\"image\/jpeg\" \/>\n<meta name=\"author\" content=\"Samantha De Martin\" \/>\n<meta name=\"twitter:card\" content=\"summary_large_image\" \/>\n<meta name=\"twitter:creator\" content=\"@romeing\" \/>\n<meta name=\"twitter:site\" content=\"@romeing\" \/>\n<meta name=\"twitter:label1\" content=\"Scritto da\" \/>\n\t<meta name=\"twitter:data1\" content=\"Samantha De Martin\" \/>\n\t<meta name=\"twitter:label2\" content=\"Tempo di lettura stimato\" \/>\n\t<meta name=\"twitter:data2\" content=\"28 minuti\" \/>\n<script type=\"application\/ld+json\" class=\"yoast-schema-graph\">{\"@context\":\"https:\\\/\\\/schema.org\",\"@graph\":[{\"@type\":\"NewsArticle\",\"@id\":\"https:\\\/\\\/www.romeing.it\\\/it\\\/migliori-cose-da-fare-e-vedere-a-roma\\\/#article\",\"isPartOf\":{\"@id\":\"https:\\\/\\\/www.romeing.it\\\/it\\\/migliori-cose-da-fare-e-vedere-a-roma\\\/\"},\"author\":{\"name\":\"Samantha De Martin\",\"@id\":\"https:\\\/\\\/www.romeing.it\\\/it\\\/#\\\/schema\\\/person\\\/98c8a79b65c7e5f03b76027f64b4ce99\"},\"headline\":\"35 cose da fare (e da vedere) assolutamente se visitate Roma\",\"datePublished\":\"2023-06-14T06:37:05+00:00\",\"dateModified\":\"2026-03-01T20:27:29+00:00\",\"mainEntityOfPage\":{\"@id\":\"https:\\\/\\\/www.romeing.it\\\/it\\\/migliori-cose-da-fare-e-vedere-a-roma\\\/\"},\"wordCount\":4854,\"commentCount\":0,\"publisher\":{\"@id\":\"https:\\\/\\\/www.romeing.it\\\/it\\\/#organization\"},\"image\":{\"@id\":\"https:\\\/\\\/www.romeing.it\\\/it\\\/migliori-cose-da-fare-e-vedere-a-roma\\\/#primaryimage\"},\"thumbnailUrl\":\"https:\\\/\\\/www.romeing.it\\\/wp-content\\\/uploads\\\/2025\\\/12\\\/migliori-cose-da-fare-a-roma-1.jpg\",\"articleSection\":[\"Altre attrazioni\",\"Articoli\",\"Chiese e Siti Religiosi\",\"Cosa vedere a Roma\",\"Itinerari\",\"Musei &amp; Gallerie\",\"Palazzi\",\"Parchi e Giardini\",\"Siti Storici\"],\"inLanguage\":\"it-IT\",\"potentialAction\":[{\"@type\":\"CommentAction\",\"name\":\"Comment\",\"target\":[\"https:\\\/\\\/www.romeing.it\\\/it\\\/migliori-cose-da-fare-e-vedere-a-roma\\\/#respond\"]}],\"copyrightYear\":\"2023\",\"copyrightHolder\":{\"@id\":\"https:\\\/\\\/www.romeing.it\\\/#organization\"}},{\"@type\":\"WebPage\",\"@id\":\"https:\\\/\\\/www.romeing.it\\\/it\\\/migliori-cose-da-fare-e-vedere-a-roma\\\/\",\"url\":\"https:\\\/\\\/www.romeing.it\\\/it\\\/migliori-cose-da-fare-e-vedere-a-roma\\\/\",\"name\":\"35 cose da fare (e da vedere) assolutamente se visitate Roma\",\"isPartOf\":{\"@id\":\"https:\\\/\\\/www.romeing.it\\\/it\\\/#website\"},\"primaryImageOfPage\":{\"@id\":\"https:\\\/\\\/www.romeing.it\\\/it\\\/migliori-cose-da-fare-e-vedere-a-roma\\\/#primaryimage\"},\"image\":{\"@id\":\"https:\\\/\\\/www.romeing.it\\\/it\\\/migliori-cose-da-fare-e-vedere-a-roma\\\/#primaryimage\"},\"thumbnailUrl\":\"https:\\\/\\\/www.romeing.it\\\/wp-content\\\/uploads\\\/2025\\\/12\\\/migliori-cose-da-fare-a-roma-1.jpg\",\"datePublished\":\"2023-06-14T06:37:05+00:00\",\"dateModified\":\"2026-03-01T20:27:29+00:00\",\"description\":\"Scopri i migliori luoghi da visitare e pi\u00f9 belle cose da fare e vedere a Roma. Non perderti questa lista di attivit\u00e0 uniche!\",\"inLanguage\":\"it-IT\",\"potentialAction\":[{\"@type\":\"ReadAction\",\"target\":[\"https:\\\/\\\/www.romeing.it\\\/it\\\/migliori-cose-da-fare-e-vedere-a-roma\\\/\"]}]},{\"@type\":\"ImageObject\",\"inLanguage\":\"it-IT\",\"@id\":\"https:\\\/\\\/www.romeing.it\\\/it\\\/migliori-cose-da-fare-e-vedere-a-roma\\\/#primaryimage\",\"url\":\"https:\\\/\\\/www.romeing.it\\\/wp-content\\\/uploads\\\/2025\\\/12\\\/migliori-cose-da-fare-a-roma-1.jpg\",\"contentUrl\":\"https:\\\/\\\/www.romeing.it\\\/wp-content\\\/uploads\\\/2025\\\/12\\\/migliori-cose-da-fare-a-roma-1.jpg\",\"width\":1200,\"height\":789,\"caption\":\"migliori-cose-da-fare-a-roma (1)\"},{\"@type\":\"WebSite\",\"@id\":\"https:\\\/\\\/www.romeing.it\\\/it\\\/#website\",\"url\":\"https:\\\/\\\/www.romeing.it\\\/it\\\/\",\"name\":\"Romeing: Rome's english magazine, events and exhibitions in Rome\",\"description\":\"Romeing is the english magazine for tourists and expats visiting or living in Rome. A guide to the best things to do and see in Rome &amp; Florence, attractions and restaurants with a listing of events and exhibitions.\",\"publisher\":{\"@id\":\"https:\\\/\\\/www.romeing.it\\\/it\\\/#organization\"},\"potentialAction\":[{\"@type\":\"SearchAction\",\"target\":{\"@type\":\"EntryPoint\",\"urlTemplate\":\"https:\\\/\\\/www.romeing.it\\\/it\\\/?s={search_term_string}\"},\"query-input\":{\"@type\":\"PropertyValueSpecification\",\"valueRequired\":true,\"valueName\":\"search_term_string\"}}],\"inLanguage\":\"it-IT\"},{\"@type\":\"Organization\",\"@id\":\"https:\\\/\\\/www.romeing.it\\\/it\\\/#organization\",\"name\":\"Romeing srl\",\"url\":\"https:\\\/\\\/www.romeing.it\\\/it\\\/\",\"logo\":{\"@type\":\"ImageObject\",\"inLanguage\":\"it-IT\",\"@id\":\"https:\\\/\\\/www.romeing.it\\\/it\\\/#\\\/schema\\\/logo\\\/image\\\/\",\"url\":\"https:\\\/\\\/www.romeing.it\\\/wp-content\\\/uploads\\\/2025\\\/12\\\/logo-quadrato-romeing.jpg\",\"contentUrl\":\"https:\\\/\\\/www.romeing.it\\\/wp-content\\\/uploads\\\/2025\\\/12\\\/logo-quadrato-romeing.jpg\",\"width\":696,\"height\":696,\"caption\":\"Romeing srl\"},\"image\":{\"@id\":\"https:\\\/\\\/www.romeing.it\\\/it\\\/#\\\/schema\\\/logo\\\/image\\\/\"},\"sameAs\":[\"https:\\\/\\\/www.facebook.com\\\/Romeing.it\",\"https:\\\/\\\/x.com\\\/romeing\",\"https:\\\/\\\/www.instagram.com\\\/romeing_magazine\\\/\",\"https:\\\/\\\/www.linkedin.com\\\/company\\\/romeing-srl\\\/\",\"https:\\\/\\\/www.pinterest.it\\\/romeing\\\/pins\\\/\",\"https:\\\/\\\/www.youtube.com\\\/@RomeingIt\"],\"email\":\"info@romeing.it\",\"legalName\":\"Romeing Srl\",\"foundingDate\":\"2010-12-01\",\"vatID\":\"11115241009\"},{\"@type\":\"Person\",\"@id\":\"https:\\\/\\\/www.romeing.it\\\/it\\\/#\\\/schema\\\/person\\\/98c8a79b65c7e5f03b76027f64b4ce99\",\"name\":\"Samantha De Martin\",\"image\":{\"@type\":\"ImageObject\",\"inLanguage\":\"it-IT\",\"@id\":\"https:\\\/\\\/secure.gravatar.com\\\/avatar\\\/3c9b922db1204b0a2ce3944404fc686837d096544b716dcafb5e4305ef77e262?s=96&d=mm&r=g\",\"url\":\"https:\\\/\\\/secure.gravatar.com\\\/avatar\\\/3c9b922db1204b0a2ce3944404fc686837d096544b716dcafb5e4305ef77e262?s=96&d=mm&r=g\",\"contentUrl\":\"https:\\\/\\\/secure.gravatar.com\\\/avatar\\\/3c9b922db1204b0a2ce3944404fc686837d096544b716dcafb5e4305ef77e262?s=96&d=mm&r=g\",\"caption\":\"Samantha De Martin\"},\"description\":\"Giornalista professionista, curiosa, viaggiatrice instancabile. Amo il mare e adoro praticare vela. Sono appassionata di arte e, nel tempo libero, mi piace dedicarmi alla fotografia. Vivo a Roma da vent'anni e adoro scoprire in bicicletta gli angoli pi\u00f9 nascosti della citt\u00e0, sempre con un foglio ed una penna in tasca.\",\"url\":\"https:\\\/\\\/www.romeing.it\\\/it\\\/author\\\/samantha84\\\/\"}]}<\/script>\n<!-- \/ Yoast SEO Premium plugin. -->","yoast_head_json":{"title":"35 cose da fare (e da vedere) assolutamente se visitate Roma","description":"Scopri i migliori luoghi da visitare e pi\u00f9 belle cose da fare e vedere a Roma. Non perderti questa lista di attivit\u00e0 uniche!","robots":{"index":"index","follow":"follow","max-snippet":"max-snippet:-1","max-image-preview":"max-image-preview:large","max-video-preview":"max-video-preview:-1"},"canonical":"https:\/\/www.romeing.it\/it\/migliori-cose-da-fare-e-vedere-a-roma\/","og_locale":"it_IT","og_type":"article","og_title":"35 cose da fare (e da vedere) assolutamente se visitate Roma","og_description":"Scopri i migliori luoghi da visitare e pi\u00f9 belle cose da fare e vedere a Roma. Non perderti questa lista di attivit\u00e0 uniche!","og_url":"https:\/\/www.romeing.it\/it\/migliori-cose-da-fare-e-vedere-a-roma\/","og_site_name":"Romeing | Rome&#039;s english magazine, events and exhibitions in Rome","article_publisher":"https:\/\/www.facebook.com\/Romeing.it","article_published_time":"2023-06-14T06:37:05+00:00","article_modified_time":"2026-03-01T20:27:29+00:00","og_image":[{"width":1200,"height":789,"url":"https:\/\/www.romeing.it\/wp-content\/uploads\/2025\/12\/migliori-cose-da-fare-a-roma-1.jpg","type":"image\/jpeg"}],"author":"Samantha De Martin","twitter_card":"summary_large_image","twitter_creator":"@romeing","twitter_site":"@romeing","twitter_misc":{"Scritto da":"Samantha De Martin","Tempo di lettura stimato":"28 minuti"},"schema":{"@context":"https:\/\/schema.org","@graph":[{"@type":"NewsArticle","@id":"https:\/\/www.romeing.it\/it\/migliori-cose-da-fare-e-vedere-a-roma\/#article","isPartOf":{"@id":"https:\/\/www.romeing.it\/it\/migliori-cose-da-fare-e-vedere-a-roma\/"},"author":{"name":"Samantha De Martin","@id":"https:\/\/www.romeing.it\/it\/#\/schema\/person\/98c8a79b65c7e5f03b76027f64b4ce99"},"headline":"35 cose da fare (e da vedere) assolutamente se visitate Roma","datePublished":"2023-06-14T06:37:05+00:00","dateModified":"2026-03-01T20:27:29+00:00","mainEntityOfPage":{"@id":"https:\/\/www.romeing.it\/it\/migliori-cose-da-fare-e-vedere-a-roma\/"},"wordCount":4854,"commentCount":0,"publisher":{"@id":"https:\/\/www.romeing.it\/it\/#organization"},"image":{"@id":"https:\/\/www.romeing.it\/it\/migliori-cose-da-fare-e-vedere-a-roma\/#primaryimage"},"thumbnailUrl":"https:\/\/www.romeing.it\/wp-content\/uploads\/2025\/12\/migliori-cose-da-fare-a-roma-1.jpg","articleSection":["Altre attrazioni","Articoli","Chiese e Siti Religiosi","Cosa vedere a Roma","Itinerari","Musei &amp; Gallerie","Palazzi","Parchi e Giardini","Siti Storici"],"inLanguage":"it-IT","potentialAction":[{"@type":"CommentAction","name":"Comment","target":["https:\/\/www.romeing.it\/it\/migliori-cose-da-fare-e-vedere-a-roma\/#respond"]}],"copyrightYear":"2023","copyrightHolder":{"@id":"https:\/\/www.romeing.it\/#organization"}},{"@type":"WebPage","@id":"https:\/\/www.romeing.it\/it\/migliori-cose-da-fare-e-vedere-a-roma\/","url":"https:\/\/www.romeing.it\/it\/migliori-cose-da-fare-e-vedere-a-roma\/","name":"35 cose da fare (e da vedere) assolutamente se visitate Roma","isPartOf":{"@id":"https:\/\/www.romeing.it\/it\/#website"},"primaryImageOfPage":{"@id":"https:\/\/www.romeing.it\/it\/migliori-cose-da-fare-e-vedere-a-roma\/#primaryimage"},"image":{"@id":"https:\/\/www.romeing.it\/it\/migliori-cose-da-fare-e-vedere-a-roma\/#primaryimage"},"thumbnailUrl":"https:\/\/www.romeing.it\/wp-content\/uploads\/2025\/12\/migliori-cose-da-fare-a-roma-1.jpg","datePublished":"2023-06-14T06:37:05+00:00","dateModified":"2026-03-01T20:27:29+00:00","description":"Scopri i migliori luoghi da visitare e pi\u00f9 belle cose da fare e vedere a Roma. Non perderti questa lista di attivit\u00e0 uniche!","inLanguage":"it-IT","potentialAction":[{"@type":"ReadAction","target":["https:\/\/www.romeing.it\/it\/migliori-cose-da-fare-e-vedere-a-roma\/"]}]},{"@type":"ImageObject","inLanguage":"it-IT","@id":"https:\/\/www.romeing.it\/it\/migliori-cose-da-fare-e-vedere-a-roma\/#primaryimage","url":"https:\/\/www.romeing.it\/wp-content\/uploads\/2025\/12\/migliori-cose-da-fare-a-roma-1.jpg","contentUrl":"https:\/\/www.romeing.it\/wp-content\/uploads\/2025\/12\/migliori-cose-da-fare-a-roma-1.jpg","width":1200,"height":789,"caption":"migliori-cose-da-fare-a-roma (1)"},{"@type":"WebSite","@id":"https:\/\/www.romeing.it\/it\/#website","url":"https:\/\/www.romeing.it\/it\/","name":"Romeing: Rome's english magazine, events and exhibitions in Rome","description":"Romeing is the english magazine for tourists and expats visiting or living in Rome. A guide to the best things to do and see in Rome &amp; Florence, attractions and restaurants with a listing of events and exhibitions.","publisher":{"@id":"https:\/\/www.romeing.it\/it\/#organization"},"potentialAction":[{"@type":"SearchAction","target":{"@type":"EntryPoint","urlTemplate":"https:\/\/www.romeing.it\/it\/?s={search_term_string}"},"query-input":{"@type":"PropertyValueSpecification","valueRequired":true,"valueName":"search_term_string"}}],"inLanguage":"it-IT"},{"@type":"Organization","@id":"https:\/\/www.romeing.it\/it\/#organization","name":"Romeing srl","url":"https:\/\/www.romeing.it\/it\/","logo":{"@type":"ImageObject","inLanguage":"it-IT","@id":"https:\/\/www.romeing.it\/it\/#\/schema\/logo\/image\/","url":"https:\/\/www.romeing.it\/wp-content\/uploads\/2025\/12\/logo-quadrato-romeing.jpg","contentUrl":"https:\/\/www.romeing.it\/wp-content\/uploads\/2025\/12\/logo-quadrato-romeing.jpg","width":696,"height":696,"caption":"Romeing srl"},"image":{"@id":"https:\/\/www.romeing.it\/it\/#\/schema\/logo\/image\/"},"sameAs":["https:\/\/www.facebook.com\/Romeing.it","https:\/\/x.com\/romeing","https:\/\/www.instagram.com\/romeing_magazine\/","https:\/\/www.linkedin.com\/company\/romeing-srl\/","https:\/\/www.pinterest.it\/romeing\/pins\/","https:\/\/www.youtube.com\/@RomeingIt"],"email":"info@romeing.it","legalName":"Romeing Srl","foundingDate":"2010-12-01","vatID":"11115241009"},{"@type":"Person","@id":"https:\/\/www.romeing.it\/it\/#\/schema\/person\/98c8a79b65c7e5f03b76027f64b4ce99","name":"Samantha De Martin","image":{"@type":"ImageObject","inLanguage":"it-IT","@id":"https:\/\/secure.gravatar.com\/avatar\/3c9b922db1204b0a2ce3944404fc686837d096544b716dcafb5e4305ef77e262?s=96&d=mm&r=g","url":"https:\/\/secure.gravatar.com\/avatar\/3c9b922db1204b0a2ce3944404fc686837d096544b716dcafb5e4305ef77e262?s=96&d=mm&r=g","contentUrl":"https:\/\/secure.gravatar.com\/avatar\/3c9b922db1204b0a2ce3944404fc686837d096544b716dcafb5e4305ef77e262?s=96&d=mm&r=g","caption":"Samantha De Martin"},"description":"Giornalista professionista, curiosa, viaggiatrice instancabile. Amo il mare e adoro praticare vela. Sono appassionata di arte e, nel tempo libero, mi piace dedicarmi alla fotografia. Vivo a Roma da vent'anni e adoro scoprire in bicicletta gli angoli pi\u00f9 nascosti della citt\u00e0, sempre con un foglio ed una penna in tasca.","url":"https:\/\/www.romeing.it\/it\/author\/samantha84\/"}]}},"uagb_featured_image_src":{"full":["https:\/\/www.romeing.it\/wp-content\/uploads\/2025\/12\/migliori-cose-da-fare-a-roma-1.jpg",1200,789,false],"thumbnail":["https:\/\/www.romeing.it\/wp-content\/uploads\/2025\/12\/migliori-cose-da-fare-a-roma-1-150x150.jpg",150,150,true],"medium":["https:\/\/www.romeing.it\/wp-content\/uploads\/2025\/12\/migliori-cose-da-fare-a-roma-1-300x197.jpg",300,197,true],"medium_large":["https:\/\/www.romeing.it\/wp-content\/uploads\/2025\/12\/migliori-cose-da-fare-a-roma-1-768x505.jpg",768,505,true],"large":["https:\/\/www.romeing.it\/wp-content\/uploads\/2025\/12\/migliori-cose-da-fare-a-roma-1-1024x673.jpg",800,526,true],"1536x1536":["https:\/\/www.romeing.it\/wp-content\/uploads\/2025\/12\/migliori-cose-da-fare-a-roma-1.jpg",1200,789,false],"2048x2048":["https:\/\/www.romeing.it\/wp-content\/uploads\/2025\/12\/migliori-cose-da-fare-a-roma-1.jpg",1200,789,false]},"uagb_author_info":{"display_name":"Samantha De Martin","author_link":"https:\/\/www.romeing.it\/it\/author\/samantha84\/"},"uagb_comment_info":0,"uagb_excerpt":"Scopri i migliori luoghi da visitare e pi\u00f9 belle cose da fare e vedere a Roma. Non perderti questa lista di attivit\u00e0 uniche!","_links":{"self":[{"href":"https:\/\/www.romeing.it\/it\/wp-json\/wp\/v2\/posts\/103340","targetHints":{"allow":["GET"]}}],"collection":[{"href":"https:\/\/www.romeing.it\/it\/wp-json\/wp\/v2\/posts"}],"about":[{"href":"https:\/\/www.romeing.it\/it\/wp-json\/wp\/v2\/types\/post"}],"author":[{"embeddable":true,"href":"https:\/\/www.romeing.it\/it\/wp-json\/wp\/v2\/users\/2673"}],"replies":[{"embeddable":true,"href":"https:\/\/www.romeing.it\/it\/wp-json\/wp\/v2\/comments?post=103340"}],"version-history":[{"count":8,"href":"https:\/\/www.romeing.it\/it\/wp-json\/wp\/v2\/posts\/103340\/revisions"}],"predecessor-version":[{"id":123609,"href":"https:\/\/www.romeing.it\/it\/wp-json\/wp\/v2\/posts\/103340\/revisions\/123609"}],"wp:featuredmedia":[{"embeddable":true,"href":"https:\/\/www.romeing.it\/it\/wp-json\/wp\/v2\/media\/103344"}],"wp:attachment":[{"href":"https:\/\/www.romeing.it\/it\/wp-json\/wp\/v2\/media?parent=103340"}],"wp:term":[{"taxonomy":"category","embeddable":true,"href":"https:\/\/www.romeing.it\/it\/wp-json\/wp\/v2\/categories?post=103340"},{"taxonomy":"post_tag","embeddable":true,"href":"https:\/\/www.romeing.it\/it\/wp-json\/wp\/v2\/tags?post=103340"}],"curies":[{"name":"wp","href":"https:\/\/api.w.org\/{rel}","templated":true}]}}