{"id":103463,"date":"2021-05-05T15:08:37","date_gmt":"2021-05-05T15:08:37","guid":{"rendered":"https:\/\/www.romeing.it\/dante-alighieri-rhinoceros-gallery-rome\/"},"modified":"2025-12-03T08:33:10","modified_gmt":"2025-12-03T08:33:10","slug":"dante-alighieri-rhinoceros-gallery-rome","status":"publish","type":"post","link":"https:\/\/www.romeing.it\/it\/dante-alighieri-rhinoceros-gallery-rome\/","title":{"rendered":"A Roma rhinoceros gallery celebra Dante Alighieri"},"content":{"rendered":"\n<h2 class=\"wp-block-heading\" id=\"h-rhinoceros-gallery-con-fondazione-alda-fendi-esperimenti-nbsp-e-con-l-accademia-della-crusca-celebrano-dante\">Rhinoceros gallery con Fondazione Alda Fendi \u2013 Esperimenti&nbsp;e con l\u2019Accademia della Crusca celebrano Dante <\/h2>\n\n\n\n<p>La<em> <\/em><strong><em>rhinoceros gallery<\/em> e la Fondazione Alda Fendi \u2013 Esperimenti<\/strong>, che quest\u2019anno festeggia i vent\u2019anni di attivit\u00e0, si uniscono all\u2019<strong>Accademia della Crusca<\/strong> e fanno ripartire la loro proposta culturale con un audace <strong>progetto espositivo dedicato a Dante Alighieri<\/strong>.<\/p>\n\n\n\n<p>In occasione del settimo centenario della morte del Sommo Poeta la <em>rhinoceros gallery<\/em> di <em>palazzo rhinoceros<\/em> in via dei Cerchi 19 a Roma ospita, <strong>fino al 15 luglio 2021<\/strong>, un<strong>\u2019originale rivisitazione della <em>Divina Commedia<\/em><\/strong> che nasce dall\u2019intreccio del <strong>progetto fotografico <em>EverAfter<\/em> di Claudia Rogge<\/strong> con la suggestiva <strong>installazione multimediale <em>DANTE. In a private dream of Raffaele Curi<\/em><\/strong> e l\u2019iniziativa <strong><em>La parola di Dante fresca di giornata<\/em> dell\u2019Accademia della Crusca<\/strong>. Una mostra avvincente e stimolante che coinvolge il visitatore in un dinamico e multiforme percorso espositivo all\u2019interno di <em>palazzo rhinoceros<\/em>, ideato da Alda Fendi e progettato dall\u2019architetto Jean Nouvel.<\/p>\n\n\n\n<blockquote class=\"wp-block-quote is-style-default is-layout-flow wp-block-quote-is-layout-flow\">\n<p><em>Dante, Milton, Michelangelo, Shakespeare, i tragici greci. Nomi roboanti di un eterno immaginario, che ci avvicina al Figlio dell\u2019uomo, con incandescente timore. Un Dante, questo di Curi, apparentemente docile, ma espressivamente folgorante, con forti rimandi al nucleare e ai problemi dell\u2019ambiente, nascosti nei versi incisivi del sommo poeta che trasporta la loro forza da sempre e per sempre. Caustica la visione dell\u2019Inferno, iridescente il Paradiso visto questa volta con gli occhi di Giovanni di Paolo che raccontano Dante in un tripudio appassionato di Astri d\u2019oro e di lapislazzuli. L\u2019Accademia della Crusca \u00e8 con noi! Per me una vera carezza spirituale!<\/em><\/p>\n<cite>spiega <strong>Alda Fendi<\/strong><\/cite><\/blockquote>\n\n\n\n<hr class=\"wp-block-separator has-text-color has-black-color has-css-opacity has-black-background-color has-background\"\/>\n\n\n\n<figure class=\"wp-block-image aligncenter size-large\"><img decoding=\"async\" src=\"https:\/\/www.romeing.it\/wp-content\/uploads\/2025\/09\/2a_Claudia-Rogge-EverAfter-Paradise-I-2010-165x215-cm-courtesy-Galleria-Paola-Verrengia-Salerno-1024x786-1.jpg\" alt=\"Claudia Rogge, EverAfter, Paradise I, 2010, 165x215 cm, courtesy Galleria Paola Verrengia, Salerno\" class=\"wp-image-102246\"\/><figcaption class=\"wp-element-caption\">Claudia Rogge, EverAfter, Paradise I, 2010, 165&#215;215 cm\nCourtesy Galleria Paola Verrengia, Salerno<\/figcaption><\/figure>\n\n\n\n<h3 class=\"wp-block-heading\" id=\"h-everafter-di-claudia-rogge\">EverAfter di Claudia Rogge<\/h3>\n\n\n\n<p><em>EverAfter<\/em> \u00e8 il titolo della mostra di fotografie di grandi dimensioni dell\u2019artista tedesca Claudia Rogge ospitata negli spazi espositivi di <em>rhinoceros gallery<\/em> al piano terra di <em>palazzo rhinoceros<\/em>. Le opere di Claudia Rogge, realizzate nel 2011, rappresentano i tre regni dell\u2019oltretomba dantesco \u201c<em>Inferno<\/em>, <em>Purgatorio<\/em> e <em>Paradiso\u201d<\/em> e catturano l\u2019attenzione del visitatore con immagini, visionarie e di grande impatto visivo, elaborate digitalmente. Decine di corpi nudi, che si contorcono o si elevano a seconda della cantica immaginata dall\u2019artista, animano le scene, molto complesse e di carattere fortemente teatrale.<\/p>\n\n\n\n<p>Ritratti celati di giovani figure femminili che, attraverso l\u2019elaborazione digitale, si moltiplicano all\u2019infinito sono, invece, i soggetti di alcune opere della serie <em>Rapport,<\/em> sempre di Claudia Rogge del 2005, esposti nell\u2019ambito della mostra <em>EverAfter.<\/em><\/p>\n\n\n\n<figure class=\"wp-block-image aligncenter size-large\"><img decoding=\"async\" src=\"https:\/\/www.romeing.it\/wp-content\/uploads\/2025\/09\/2b_-Claudia-Rogge-Rapport-150505-2005-100x150-cm-courtesy-Galleria-Paola-Verrengia-Salerno-1024x683-1.jpg\" alt=\"Claudia Rogge, Rapport 150505, 2005, 100x150 cm, courtesy Galleria Paola Verrengia, Salerno\" class=\"wp-image-102248\"\/><figcaption class=\"wp-element-caption\">Claudia Rogge, Rapport 150505, 2005, 100&#215;150 cm\nCourtesy Galleria Paola Verrengia, Salerno<\/figcaption><\/figure>\n\n\n\n<blockquote class=\"wp-block-quote is-layout-flow wp-block-quote-is-layout-flow\">\n<p><em>rhinoceros gallery \u00e8 un\u2019esperienza primitiva che punta alle radici delle emozioni. Un occhio puntato sulle enormi tavole fotografiche di Claudia Rogge e l\u2019altro sulle installazioni tragiche e paradisiache di Raffaele Curi. La raffinatezza e la perfetta costruzione estetica, rinascimentale, dei quadri fotografici dell\u2019artista tedesca dialogano con le immersioni sensoriali in suoni rock di apocalissi contemporanee e luci abbaglianti di miniature del Quattrocento. Il nostro cammino tra inferni e paradisi dell\u2019anima e della mente inizia qui.<\/em><\/p>\n<cite>racconta <strong>Alessia Caruso Fendi<\/strong>, direttrice dello spazio espositivo<\/cite><\/blockquote>\n\n\n\n<hr class=\"wp-block-separator has-text-color has-black-color has-css-opacity has-black-background-color has-background\"\/>\n\n\n\n<figure class=\"wp-block-image aligncenter size-large\"><img decoding=\"async\" src=\"https:\/\/www.romeing.it\/wp-content\/uploads\/2025\/12\/3_rhinoceros-gallery-Raffaele-Curi-DANTE-in-a-private-dream-of-Raffaele-Curi-Installation-view-1024x683.jpg\" alt=\"rhinoceros gallery, DANTE in a private dream of Raffaele Curi\" class=\"wp-image-102259\"\/><figcaption class=\"wp-element-caption\">rhinoceros gallery, DANTE in a private dream of Raffaele Curi\nFoto: Simone Liberanome<\/figcaption><\/figure>\n\n\n\n<h3 class=\"wp-block-heading\" id=\"h-dante-in-a-private-dream-of-raffaele-curi\">DANTE. In a private dream of Raffaele Curi<\/h3>\n\n\n\n<p><em>DANTE. In a private dream of Raffaele Curi<\/em> \u00e8 il titolo della suggestiva installazione multimediale ideata dal direttore artistico della Fondazione Alda Fendi &#8211; Esperimenti che propone, negli spazi&nbsp; espositivi di <em>rhinoceros gallery,<\/em> una rilettura inedita e originale della selva dei suicidi descritta da Dante Alighieri nel canto XIII dell\u2019<em>Inferno<\/em> a suggello della quale spicca il verso dantesco pronunciato da Pier della Vigna: \u201c<em>Uomini fummo, e or siam fatti sterpi\u201d. <\/em>Musica elettronica ad altissimo volume, sulle note di R<em>adioactivity<\/em> dei Kraftwerk, luci fioche e proiezioni di immagini dei disastri nucleari del ventesimo secolo accolgono il visitatore in una stanza buia e spettrale dove alcuni monitor, posizionati a diverse altezze dal soffitto, sono sintonizzati sulle quattro citt\u00e0 radioattive di Chernobyl, Hiroshima, Sellafield e Harrisburg. Una sorta di \u201cforesta elettronica\u201d o \u201cInferno contemporaneo\u201d che invita il visitatore a riflettere sulle attuali tematiche ambientali ed ecologiche.<\/p>\n\n\n\n<blockquote class=\"wp-block-quote is-layout-flow wp-block-quote-is-layout-flow\">\n<p><em>Raffaele Curi<\/em> <em>vede il canto XIII dell\u2019Inferno, un luogo non solo inameno, ma invivibile per colpa degli uomini che lo abitano e che l\u2019hanno ridotto come lo vediamo: uno scenario di distruzione come i luoghi inariditi dopo gli attacchi nucleari. Il paesaggio dell\u2019inferno evoca i luoghi convolti delle citt\u00e0 radioattive dopo i bombardamenti nucleari. La descrizione dantesca indica l\u2019inaridimento delle foreste pietrificate in analogia con i disastri del ventesimo secolo. L\u2019uomo \u00e8 stato in grado di crearsi il suo inferno, e alcuni luoghi estremi del mondo, Hiroshima, Chernobyl, Sellafield, Harrisburg rivelano nel loro destino l\u2019allarme per ci\u00f2 che l\u2019uomo pu\u00f2 fare contro se stesso. Il suicidio di Pier della Vigna diventa quindi metafora del suicidio dell\u2019umanit\u00e0, nella sperimentazione della ricerca che \u00e8 contro l\u2019uomo, e nonostante la volont\u00e0 dell\u2019uomo<\/em>.<\/p>\n<cite>scrive <strong>Vittorio Sgarbi<\/strong> nel suo testo critico che accompagna il catalogo della mostra, pubblicato da Manfredi Edizioni.<\/cite><\/blockquote>\n\n\n\n<figure class=\"wp-block-image aligncenter size-large\"><img decoding=\"async\" src=\"https:\/\/www.romeing.it\/wp-content\/uploads\/2025\/12\/4_rhinoceros-gallery-Raffaele-Curi-DANTE-in-a-private-dream-of-Raffaele-Curi-Installation-view-1024x683.jpg\" alt=\"rhinoceros gallery, DANTE in a private dream of Raffaele Curi\" class=\"wp-image-102257\"\/><figcaption class=\"wp-element-caption\">rhinoceros gallery, DANTE in a private dream of Raffaele Curi\nFoto: Simone Liberanome<\/figcaption><\/figure>\n\n\n\n<p>L\u2019installazione multimediale <em>DANTE. In a private dream of Raffaele Curi<\/em>, prosegue al primo piano di <em>palazzo rhinoceros<\/em> con un\u2019intima visione del canto XXXIII del <em>Paradiso<\/em> con \u201cL\u2019amor che move il sole e l\u2019altre stelle\u201d rendendo omaggio a Dante Alighieri attraverso la riproduzione di una celebre miniatura quattrocentesca del pittore toscano Giovanni di Paolo di Grazia<strong> <\/strong>(1398-1482). Una grande sala, di color azzurro intenso e inebriata di una luce abbagliante, fa da cornice all\u2019opera dell\u2019artista riprodotta in grandi dimensioni e accoglie il visitatore in un vero e proprio spazio \u201ccelestiale\u201d, sulle note di <em>Enjoy the silence<\/em> dei Denmark+Winter. <\/p>\n\n\n\n<blockquote class=\"wp-block-quote is-layout-flow wp-block-quote-is-layout-flow\">\n<p><em>Dal panorama desolato<em> dell\u2019Inferno<\/em>, senza vita e senza luce, siamo proiettati nella dimensione del Paradiso, in apoteosi di luce, al culmine del percorso di Dante, nel sublime canto trentatresimo, quello della visione di San Bernardo che, per l\u2019occasione, \u00e8 illustrato da una miniatura di Giovanni di Paolo. Dante, accompagnato da Beatrice, vede in solitudine la luce per la quale Bernardo prega, quella Vergine che chiama subito \u2018Termine fisso d\u2019etterno consiglio\u2019. E qui si apre una definizione sensoriale del piacere della visione, senza precedenti. Con gli occhi fissi nella visione, il Dante\/viaggiatore continua a vedere sempre pi\u00f9 chiaramente nella mente di Dio, dove tutto \u00e8 perfetto, ammirando cose che sono impossibili da dire con le parole. \u00c8 questa la forza di Dante. E quanto pi\u00f9 \u00e8 alta l\u2019emozione tanto pi\u00f9 non si pu\u00f2 dire. Il cielo ce la cela. La luce \u00e8 vita, la luce \u00e8 Dio.<\/em><\/p>\n<cite><em>scrive <strong>Vittorio Sgarbi<\/strong><\/em>.<\/cite><\/blockquote>\n\n\n\n<hr class=\"wp-block-separator has-text-color has-black-color has-css-opacity has-black-background-color has-background is-style-default\"\/>\n\n\n\n<figure class=\"wp-block-image aligncenter size-large\"><img decoding=\"async\" src=\"https:\/\/www.romeing.it\/wp-content\/uploads\/2025\/09\/5a_LaParolaDiDanteFrescaDiGiornata_Accademia-della-Crusca_rhinoceros-gallery-scaled.jpg\" alt=\"LaParolaDiDanteFrescaDiGiornata_Accademia della Crusca_rhinoceros gallery\" class=\"wp-image-102252\"\/><figcaption class=\"wp-element-caption\">rhinoceros gallery, Accademia della Crusca, La parola di Dante fresca di giornata<\/figcaption><\/figure>\n\n\n\n<h3 class=\"wp-block-heading\" id=\"h-la-parola-di-dante-con-l-accademia-della-crusca\">La parola di Dante con l\u2019Accademia della Crusca<\/h3>\n\n\n\n<p><em>La parola di Dante fresca di giornata<\/em>, \u00e8 il titolo dell\u2019iniziativa dell\u2019Accademia della Crusca a cui viene dedicato uno spazio speciale all\u2019interno di <em>rhinoceros gallery<\/em> per presentare la ricchezza e vitalit\u00e0 della lingua italiana. Una parola al giorno, seguita da un breve commento e dalla citazione dantesca da cui \u00e8 tratta, viene proposta dall\u2019Accademia della Crusca sul suo profilo Instagram e proiettata, accompagnata da letture dantesche, nel cavedio di <em>rhinoceros gallery<\/em>.<\/p>\n\n\n\n<blockquote class=\"wp-block-quote is-layout-flow wp-block-quote-is-layout-flow\">\n<p><em>Il titolo che abbiamo scelto, La parola di Dante fresca di giornata, \u00e8 persino un po\u2019 scherzoso, forse fin troppo scherzoso, se si pensa che viene dall\u2019Accademia della Crusca. Eppure l\u2019iniziativa ha riscosso un notevole successo, forse proprio per il suo tono leggero, un po\u2019 sbarazzino. Ci siamo divertiti a proporre al pubblico neologismi, latinismi, onomatopee dantesche, e anche parole comuni parole semplici, che usiamo ancora oggi: perch\u00e9 in Dante c\u2019\u00e8 gi\u00e0 quasi tutto il nostro italiano di base. Certo, ci sono anche tanti altri termini troppo difficili per la nostra banale vita quotidiana moderna e massificata. Tutto questo patrimonio lessicale messo assieme dimostra l\u2019infinita ricchezza dell\u2019italiano, cos\u00ec come lo usava un uomo del Medioevo per scrivere un capolavoro della letteratura mondiale\u201d<\/em><\/p>\n<cite>dichiara il professor<strong> Claudio Marazzini, <\/strong>Presidente dell\u2019Accademia della Crusca.<\/cite><\/blockquote>\n\n\n\n<hr class=\"wp-block-separator has-text-color has-black-color has-css-opacity has-black-background-color has-background is-style-default\"\/>\n\n\n\n<figure class=\"wp-block-image aligncenter size-large\"><img decoding=\"async\" src=\"https:\/\/www.romeing.it\/wp-content\/uploads\/2025\/12\/6_palazzo-rhinoceros.-Architect-Jean-Nouvel.-Photo-Roland-Halbe_RHINOCEROS-EXTERIOR_RH2637-0196-1024x768.jpg\" alt=\"palazzo rhinoceros\" class=\"wp-image-102255\"\/><figcaption class=\"wp-element-caption\">palazzo rhinoceros, architetto Jean Nouvel\nFoto: Roland Halbe\n<\/figcaption><\/figure>\n\n\n\n<h3 class=\"wp-block-heading\" id=\"h-palazzo-rhinoceros-una-citta-dell-arte-nel-cuore-di-roma\">Palazzo rhinoceros: una citt\u00e0 dell\u2019arte nel cuore di Roma<\/h3>\n\n\n\n<p><em>palazzo rhinoceros<\/em>, inaugurato nel 2018 e progettato dall\u2019architetto Jean Nouvel per la Fondazione Alda Fendi \u2013 Esperimenti, \u00e8 una vera e propria \u201ccitt\u00e0 dell\u2019arte\u201d nel cuore di Roma. Un luogo da visitare attraverso i percorsi artistici di <em>rhinoceros gallery, <\/em>da abitare nelle sue magnifiche venticinque residenze e da vivere per le sue spettacolari terrazze panoramiche. Ricavato in un edificio storico del 1600, in via dei Cerchi 19, <em>palazzo rhinoceros<\/em> fa parte di un pi\u00f9 ampio progetto di recupero e riqualificazione dell\u2019area del Foro Boario promosso da Alda Fendi, con interventi da lei donati alla citt\u00e0 di Roma, tra i quali l\u2019illuminazione permanente dell\u2019Arco di Giano, realizzata dal premio Oscar Vittorio Storaro e dalla lighting designer Francesca Storaro e candidata al prestigioso premio internazionale DARC awards.<\/p>\n\n\n\n<blockquote class=\"wp-block-quote is-layout-flow wp-block-quote-is-layout-flow\">\n<p><em>palazzo rhinoceros gode di una posizione privilegiata<\/em>. <em>La terrazza con il ristorante della galleria e il suo belvedere ne costituiscono la prova giorno e notte: \u00e8 uno strumento fatto per ammirare. La cosa eccezionale \u00e8 anche il potere di inquadrare il pi\u00f9 vicino possibile ci\u00f2 che si ha davanti: le rovine e i pini marittimi in primo piano e in lontananza la linea del cielo, delle colline e delle cupole romane, come un ciclorama<\/em>.<\/p>\n<cite>racconta l\u2019architetto <strong>Jean Nouvel<\/strong>.<\/cite><\/blockquote>\n\n\n\n<hr class=\"wp-block-separator has-text-color has-black-color has-css-opacity has-black-background-color has-background is-style-default\"\/>\n\n\n\n<p class=\"has-text-align-center\"><strong>FINO AL 15 LUGLIO 2021<\/strong><\/p>\n\n\n\n<p class=\"has-text-align-center\"><em>rhinoceros gallery<\/em><\/p>\n\n\n\n<p class=\"has-text-align-center\">via dei Cerchi, 19 (Circo Massimo)<\/p>\n\n\n\n<p class=\"has-text-align-center\">La mostra \u00e8 aperta dal marted\u00ec alla domenica dalle 11.00 alle 20.00.<\/p>\n\n\n\n<p class=\"has-text-align-center\">Ingresso gratuito. \u00c8 necessaria la prenotazione.<\/p>\n\n\n\n<p class=\"has-text-align-center\">Per informazioni: (+39) 340.6430435<\/p>\n","protected":false},"excerpt":{"rendered":"<p>La rhinoceros gallery e la Fondazione Alda Fendi \u2013 Esperimenti, propongono un ambizioso progetto espositivo dedicato a Dante Alighieri.<\/p>\n","protected":false},"author":2592,"featured_media":103471,"comment_status":"open","ping_status":"open","sticky":false,"template":"","format":"standard","meta":{"_uag_custom_page_level_css":"","footnotes":""},"categories":[580,592],"tags":[],"class_list":["post-103463","post","type-post","status-publish","format-standard","has-post-thumbnail","hentry","category-eventi-a-roma","category-mostre-a-roma"],"featured_image_src":"https:\/\/www.romeing.it\/wp-content\/uploads\/2025\/12\/1_rhinoceros-gallery.-Architect-Jean-Nouvel.-Photo-Roland-Halbe_RHINOCEROS-INTERIOR_RH2637-0156-e1620225512459.jpg","author_info":{"display_name":"Arianna Callocchia","author_link":"https:\/\/www.romeing.it\/it\/author\/romeing2020\/"},"yoast_head":"<!-- This site is optimized with the Yoast SEO Premium plugin v26.9 (Yoast SEO v27.5) - https:\/\/yoast.com\/product\/yoast-seo-premium-wordpress\/ -->\n<title>A Roma rhinoceros gallery celebra Dante Alighieri - Romeing<\/title>\n<meta name=\"description\" content=\"La rhinoceros gallery e la Fondazione Alda Fendi \u2013 Esperimenti, propongono un ambizioso progetto espositivo dedicato a Dante Alighieri.\" \/>\n<meta name=\"robots\" content=\"index, follow, max-snippet:-1, max-image-preview:large, max-video-preview:-1\" \/>\n<link rel=\"canonical\" href=\"https:\/\/www.romeing.it\/it\/dante-alighieri-rhinoceros-gallery-rome\/\" \/>\n<meta property=\"og:locale\" content=\"it_IT\" \/>\n<meta property=\"og:type\" content=\"article\" \/>\n<meta property=\"og:title\" content=\"A Roma rhinoceros gallery celebra Dante Alighieri\" \/>\n<meta property=\"og:description\" content=\"La rhinoceros gallery e la Fondazione Alda Fendi \u2013 Esperimenti, propongono un ambizioso progetto espositivo dedicato a Dante Alighieri.\" \/>\n<meta property=\"og:url\" content=\"https:\/\/www.romeing.it\/it\/dante-alighieri-rhinoceros-gallery-rome\/\" \/>\n<meta property=\"og:site_name\" content=\"Romeing | Rome&#039;s english magazine, events and exhibitions in Rome\" \/>\n<meta property=\"article:publisher\" content=\"https:\/\/www.facebook.com\/Romeing.it\" \/>\n<meta property=\"article:published_time\" content=\"2021-05-05T15:08:37+00:00\" \/>\n<meta property=\"article:modified_time\" content=\"2025-12-03T08:33:10+00:00\" \/>\n<meta property=\"og:image\" content=\"https:\/\/www.romeing.it\/wp-content\/uploads\/2025\/12\/1_rhinoceros-gallery.-Architect-Jean-Nouvel.-Photo-Roland-Halbe_RHINOCEROS-INTERIOR_RH2637-0156-e1620225512459.jpg\" \/>\n\t<meta property=\"og:image:width\" content=\"1200\" \/>\n\t<meta property=\"og:image:height\" content=\"900\" \/>\n\t<meta property=\"og:image:type\" content=\"image\/jpeg\" \/>\n<meta name=\"author\" content=\"Arianna Callocchia\" \/>\n<meta name=\"twitter:card\" content=\"summary_large_image\" \/>\n<meta name=\"twitter:creator\" content=\"@romeing\" \/>\n<meta name=\"twitter:site\" content=\"@romeing\" \/>\n<meta name=\"twitter:label1\" content=\"Scritto da\" \/>\n\t<meta name=\"twitter:data1\" content=\"Arianna Callocchia\" \/>\n\t<meta name=\"twitter:label2\" content=\"Tempo di lettura stimato\" \/>\n\t<meta name=\"twitter:data2\" content=\"8 minuti\" \/>\n<script type=\"application\/ld+json\" class=\"yoast-schema-graph\">{\"@context\":\"https:\\\/\\\/schema.org\",\"@graph\":[{\"@type\":\"NewsArticle\",\"@id\":\"https:\\\/\\\/www.romeing.it\\\/it\\\/dante-alighieri-rhinoceros-gallery-rome\\\/#article\",\"isPartOf\":{\"@id\":\"https:\\\/\\\/www.romeing.it\\\/it\\\/dante-alighieri-rhinoceros-gallery-rome\\\/\"},\"author\":{\"name\":\"Arianna Callocchia\",\"@id\":\"https:\\\/\\\/www.romeing.it\\\/it\\\/#\\\/schema\\\/person\\\/8a2c3cc155816d9a093cdfb14ad4244b\"},\"headline\":\"A Roma rhinoceros gallery celebra Dante Alighieri\",\"datePublished\":\"2021-05-05T15:08:37+00:00\",\"dateModified\":\"2025-12-03T08:33:10+00:00\",\"mainEntityOfPage\":{\"@id\":\"https:\\\/\\\/www.romeing.it\\\/it\\\/dante-alighieri-rhinoceros-gallery-rome\\\/\"},\"wordCount\":1567,\"commentCount\":0,\"publisher\":{\"@id\":\"https:\\\/\\\/www.romeing.it\\\/it\\\/#organization\"},\"image\":{\"@id\":\"https:\\\/\\\/www.romeing.it\\\/it\\\/dante-alighieri-rhinoceros-gallery-rome\\\/#primaryimage\"},\"thumbnailUrl\":\"https:\\\/\\\/www.romeing.it\\\/wp-content\\\/uploads\\\/2025\\\/12\\\/1_rhinoceros-gallery.-Architect-Jean-Nouvel.-Photo-Roland-Halbe_RHINOCEROS-INTERIOR_RH2637-0156-e1620225512459.jpg\",\"articleSection\":[\"Eventi a Roma\",\"Mostre\"],\"inLanguage\":\"it-IT\",\"potentialAction\":[{\"@type\":\"CommentAction\",\"name\":\"Comment\",\"target\":[\"https:\\\/\\\/www.romeing.it\\\/it\\\/dante-alighieri-rhinoceros-gallery-rome\\\/#respond\"]}],\"copyrightYear\":\"2021\",\"copyrightHolder\":{\"@id\":\"https:\\\/\\\/www.romeing.it\\\/#organization\"}},{\"@type\":\"WebPage\",\"@id\":\"https:\\\/\\\/www.romeing.it\\\/it\\\/dante-alighieri-rhinoceros-gallery-rome\\\/\",\"url\":\"https:\\\/\\\/www.romeing.it\\\/it\\\/dante-alighieri-rhinoceros-gallery-rome\\\/\",\"name\":\"A Roma rhinoceros gallery celebra Dante Alighieri - Romeing\",\"isPartOf\":{\"@id\":\"https:\\\/\\\/www.romeing.it\\\/it\\\/#website\"},\"primaryImageOfPage\":{\"@id\":\"https:\\\/\\\/www.romeing.it\\\/it\\\/dante-alighieri-rhinoceros-gallery-rome\\\/#primaryimage\"},\"image\":{\"@id\":\"https:\\\/\\\/www.romeing.it\\\/it\\\/dante-alighieri-rhinoceros-gallery-rome\\\/#primaryimage\"},\"thumbnailUrl\":\"https:\\\/\\\/www.romeing.it\\\/wp-content\\\/uploads\\\/2025\\\/12\\\/1_rhinoceros-gallery.-Architect-Jean-Nouvel.-Photo-Roland-Halbe_RHINOCEROS-INTERIOR_RH2637-0156-e1620225512459.jpg\",\"datePublished\":\"2021-05-05T15:08:37+00:00\",\"dateModified\":\"2025-12-03T08:33:10+00:00\",\"description\":\"La rhinoceros gallery e la Fondazione Alda Fendi \u2013 Esperimenti, propongono un ambizioso progetto espositivo dedicato a Dante Alighieri.\",\"inLanguage\":\"it-IT\",\"potentialAction\":[{\"@type\":\"ReadAction\",\"target\":[\"https:\\\/\\\/www.romeing.it\\\/it\\\/dante-alighieri-rhinoceros-gallery-rome\\\/\"]}]},{\"@type\":\"ImageObject\",\"inLanguage\":\"it-IT\",\"@id\":\"https:\\\/\\\/www.romeing.it\\\/it\\\/dante-alighieri-rhinoceros-gallery-rome\\\/#primaryimage\",\"url\":\"https:\\\/\\\/www.romeing.it\\\/wp-content\\\/uploads\\\/2025\\\/12\\\/1_rhinoceros-gallery.-Architect-Jean-Nouvel.-Photo-Roland-Halbe_RHINOCEROS-INTERIOR_RH2637-0156-e1620225512459.jpg\",\"contentUrl\":\"https:\\\/\\\/www.romeing.it\\\/wp-content\\\/uploads\\\/2025\\\/12\\\/1_rhinoceros-gallery.-Architect-Jean-Nouvel.-Photo-Roland-Halbe_RHINOCEROS-INTERIOR_RH2637-0156-e1620225512459.jpg\",\"width\":1200,\"height\":900,\"caption\":\"rhinoceros gallery, architetto Jean Nouvel\"},{\"@type\":\"WebSite\",\"@id\":\"https:\\\/\\\/www.romeing.it\\\/it\\\/#website\",\"url\":\"https:\\\/\\\/www.romeing.it\\\/it\\\/\",\"name\":\"Romeing: Rome's english magazine, events and exhibitions in Rome\",\"description\":\"Romeing is the english magazine for tourists and expats visiting or living in Rome. A guide to the best things to do and see in Rome &amp; Florence, attractions and restaurants with a listing of events and exhibitions.\",\"publisher\":{\"@id\":\"https:\\\/\\\/www.romeing.it\\\/it\\\/#organization\"},\"potentialAction\":[{\"@type\":\"SearchAction\",\"target\":{\"@type\":\"EntryPoint\",\"urlTemplate\":\"https:\\\/\\\/www.romeing.it\\\/it\\\/?s={search_term_string}\"},\"query-input\":{\"@type\":\"PropertyValueSpecification\",\"valueRequired\":true,\"valueName\":\"search_term_string\"}}],\"inLanguage\":\"it-IT\"},{\"@type\":\"Organization\",\"@id\":\"https:\\\/\\\/www.romeing.it\\\/it\\\/#organization\",\"name\":\"Romeing srl\",\"url\":\"https:\\\/\\\/www.romeing.it\\\/it\\\/\",\"logo\":{\"@type\":\"ImageObject\",\"inLanguage\":\"it-IT\",\"@id\":\"https:\\\/\\\/www.romeing.it\\\/it\\\/#\\\/schema\\\/logo\\\/image\\\/\",\"url\":\"https:\\\/\\\/www.romeing.it\\\/wp-content\\\/uploads\\\/2025\\\/12\\\/logo-quadrato-romeing.jpg\",\"contentUrl\":\"https:\\\/\\\/www.romeing.it\\\/wp-content\\\/uploads\\\/2025\\\/12\\\/logo-quadrato-romeing.jpg\",\"width\":696,\"height\":696,\"caption\":\"Romeing srl\"},\"image\":{\"@id\":\"https:\\\/\\\/www.romeing.it\\\/it\\\/#\\\/schema\\\/logo\\\/image\\\/\"},\"sameAs\":[\"https:\\\/\\\/www.facebook.com\\\/Romeing.it\",\"https:\\\/\\\/x.com\\\/romeing\",\"https:\\\/\\\/www.instagram.com\\\/romeing_magazine\\\/\",\"https:\\\/\\\/www.linkedin.com\\\/company\\\/romeing-srl\\\/\",\"https:\\\/\\\/www.pinterest.it\\\/romeing\\\/pins\\\/\",\"https:\\\/\\\/www.youtube.com\\\/@RomeingIt\"],\"email\":\"info@romeing.it\",\"legalName\":\"Romeing Srl\",\"foundingDate\":\"2010-12-01\",\"vatID\":\"11115241009\"},{\"@type\":\"Person\",\"@id\":\"https:\\\/\\\/www.romeing.it\\\/it\\\/#\\\/schema\\\/person\\\/8a2c3cc155816d9a093cdfb14ad4244b\",\"name\":\"Arianna Callocchia\",\"image\":{\"@type\":\"ImageObject\",\"inLanguage\":\"it-IT\",\"@id\":\"https:\\\/\\\/secure.gravatar.com\\\/avatar\\\/4018bd8bb486641db33923544cc1c2239725c6661d70dcea2f46b6fab6333706?s=96&d=mm&r=g\",\"url\":\"https:\\\/\\\/secure.gravatar.com\\\/avatar\\\/4018bd8bb486641db33923544cc1c2239725c6661d70dcea2f46b6fab6333706?s=96&d=mm&r=g\",\"contentUrl\":\"https:\\\/\\\/secure.gravatar.com\\\/avatar\\\/4018bd8bb486641db33923544cc1c2239725c6661d70dcea2f46b6fab6333706?s=96&d=mm&r=g\",\"caption\":\"Arianna Callocchia\"},\"description\":\"Arianna Callocchia is an italian architect and an indipendent curator, based in Rome, specialised in organising, promoting and communicating exhibitions, conferences and cultural events. She also collaborates with some magazines, writing articles and conducting interviews in Italy and abroad.\",\"sameAs\":[\"http:\\\/\\\/www.studiocallocchia.it\"],\"url\":\"https:\\\/\\\/www.romeing.it\\\/it\\\/author\\\/romeing2020\\\/\"}]}<\/script>\n<!-- \/ Yoast SEO Premium plugin. -->","yoast_head_json":{"title":"A Roma rhinoceros gallery celebra Dante Alighieri - Romeing","description":"La rhinoceros gallery e la Fondazione Alda Fendi \u2013 Esperimenti, propongono un ambizioso progetto espositivo dedicato a Dante Alighieri.","robots":{"index":"index","follow":"follow","max-snippet":"max-snippet:-1","max-image-preview":"max-image-preview:large","max-video-preview":"max-video-preview:-1"},"canonical":"https:\/\/www.romeing.it\/it\/dante-alighieri-rhinoceros-gallery-rome\/","og_locale":"it_IT","og_type":"article","og_title":"A Roma rhinoceros gallery celebra Dante Alighieri","og_description":"La rhinoceros gallery e la Fondazione Alda Fendi \u2013 Esperimenti, propongono un ambizioso progetto espositivo dedicato a Dante Alighieri.","og_url":"https:\/\/www.romeing.it\/it\/dante-alighieri-rhinoceros-gallery-rome\/","og_site_name":"Romeing | Rome&#039;s english magazine, events and exhibitions in Rome","article_publisher":"https:\/\/www.facebook.com\/Romeing.it","article_published_time":"2021-05-05T15:08:37+00:00","article_modified_time":"2025-12-03T08:33:10+00:00","og_image":[{"width":1200,"height":900,"url":"https:\/\/www.romeing.it\/wp-content\/uploads\/2025\/12\/1_rhinoceros-gallery.-Architect-Jean-Nouvel.-Photo-Roland-Halbe_RHINOCEROS-INTERIOR_RH2637-0156-e1620225512459.jpg","type":"image\/jpeg"}],"author":"Arianna Callocchia","twitter_card":"summary_large_image","twitter_creator":"@romeing","twitter_site":"@romeing","twitter_misc":{"Scritto da":"Arianna Callocchia","Tempo di lettura stimato":"8 minuti"},"schema":{"@context":"https:\/\/schema.org","@graph":[{"@type":"NewsArticle","@id":"https:\/\/www.romeing.it\/it\/dante-alighieri-rhinoceros-gallery-rome\/#article","isPartOf":{"@id":"https:\/\/www.romeing.it\/it\/dante-alighieri-rhinoceros-gallery-rome\/"},"author":{"name":"Arianna Callocchia","@id":"https:\/\/www.romeing.it\/it\/#\/schema\/person\/8a2c3cc155816d9a093cdfb14ad4244b"},"headline":"A Roma rhinoceros gallery celebra Dante Alighieri","datePublished":"2021-05-05T15:08:37+00:00","dateModified":"2025-12-03T08:33:10+00:00","mainEntityOfPage":{"@id":"https:\/\/www.romeing.it\/it\/dante-alighieri-rhinoceros-gallery-rome\/"},"wordCount":1567,"commentCount":0,"publisher":{"@id":"https:\/\/www.romeing.it\/it\/#organization"},"image":{"@id":"https:\/\/www.romeing.it\/it\/dante-alighieri-rhinoceros-gallery-rome\/#primaryimage"},"thumbnailUrl":"https:\/\/www.romeing.it\/wp-content\/uploads\/2025\/12\/1_rhinoceros-gallery.-Architect-Jean-Nouvel.-Photo-Roland-Halbe_RHINOCEROS-INTERIOR_RH2637-0156-e1620225512459.jpg","articleSection":["Eventi a Roma","Mostre"],"inLanguage":"it-IT","potentialAction":[{"@type":"CommentAction","name":"Comment","target":["https:\/\/www.romeing.it\/it\/dante-alighieri-rhinoceros-gallery-rome\/#respond"]}],"copyrightYear":"2021","copyrightHolder":{"@id":"https:\/\/www.romeing.it\/#organization"}},{"@type":"WebPage","@id":"https:\/\/www.romeing.it\/it\/dante-alighieri-rhinoceros-gallery-rome\/","url":"https:\/\/www.romeing.it\/it\/dante-alighieri-rhinoceros-gallery-rome\/","name":"A Roma rhinoceros gallery celebra Dante Alighieri - Romeing","isPartOf":{"@id":"https:\/\/www.romeing.it\/it\/#website"},"primaryImageOfPage":{"@id":"https:\/\/www.romeing.it\/it\/dante-alighieri-rhinoceros-gallery-rome\/#primaryimage"},"image":{"@id":"https:\/\/www.romeing.it\/it\/dante-alighieri-rhinoceros-gallery-rome\/#primaryimage"},"thumbnailUrl":"https:\/\/www.romeing.it\/wp-content\/uploads\/2025\/12\/1_rhinoceros-gallery.-Architect-Jean-Nouvel.-Photo-Roland-Halbe_RHINOCEROS-INTERIOR_RH2637-0156-e1620225512459.jpg","datePublished":"2021-05-05T15:08:37+00:00","dateModified":"2025-12-03T08:33:10+00:00","description":"La rhinoceros gallery e la Fondazione Alda Fendi \u2013 Esperimenti, propongono un ambizioso progetto espositivo dedicato a Dante Alighieri.","inLanguage":"it-IT","potentialAction":[{"@type":"ReadAction","target":["https:\/\/www.romeing.it\/it\/dante-alighieri-rhinoceros-gallery-rome\/"]}]},{"@type":"ImageObject","inLanguage":"it-IT","@id":"https:\/\/www.romeing.it\/it\/dante-alighieri-rhinoceros-gallery-rome\/#primaryimage","url":"https:\/\/www.romeing.it\/wp-content\/uploads\/2025\/12\/1_rhinoceros-gallery.-Architect-Jean-Nouvel.-Photo-Roland-Halbe_RHINOCEROS-INTERIOR_RH2637-0156-e1620225512459.jpg","contentUrl":"https:\/\/www.romeing.it\/wp-content\/uploads\/2025\/12\/1_rhinoceros-gallery.-Architect-Jean-Nouvel.-Photo-Roland-Halbe_RHINOCEROS-INTERIOR_RH2637-0156-e1620225512459.jpg","width":1200,"height":900,"caption":"rhinoceros gallery, architetto Jean Nouvel"},{"@type":"WebSite","@id":"https:\/\/www.romeing.it\/it\/#website","url":"https:\/\/www.romeing.it\/it\/","name":"Romeing: Rome's english magazine, events and exhibitions in Rome","description":"Romeing is the english magazine for tourists and expats visiting or living in Rome. A guide to the best things to do and see in Rome &amp; Florence, attractions and restaurants with a listing of events and exhibitions.","publisher":{"@id":"https:\/\/www.romeing.it\/it\/#organization"},"potentialAction":[{"@type":"SearchAction","target":{"@type":"EntryPoint","urlTemplate":"https:\/\/www.romeing.it\/it\/?s={search_term_string}"},"query-input":{"@type":"PropertyValueSpecification","valueRequired":true,"valueName":"search_term_string"}}],"inLanguage":"it-IT"},{"@type":"Organization","@id":"https:\/\/www.romeing.it\/it\/#organization","name":"Romeing srl","url":"https:\/\/www.romeing.it\/it\/","logo":{"@type":"ImageObject","inLanguage":"it-IT","@id":"https:\/\/www.romeing.it\/it\/#\/schema\/logo\/image\/","url":"https:\/\/www.romeing.it\/wp-content\/uploads\/2025\/12\/logo-quadrato-romeing.jpg","contentUrl":"https:\/\/www.romeing.it\/wp-content\/uploads\/2025\/12\/logo-quadrato-romeing.jpg","width":696,"height":696,"caption":"Romeing srl"},"image":{"@id":"https:\/\/www.romeing.it\/it\/#\/schema\/logo\/image\/"},"sameAs":["https:\/\/www.facebook.com\/Romeing.it","https:\/\/x.com\/romeing","https:\/\/www.instagram.com\/romeing_magazine\/","https:\/\/www.linkedin.com\/company\/romeing-srl\/","https:\/\/www.pinterest.it\/romeing\/pins\/","https:\/\/www.youtube.com\/@RomeingIt"],"email":"info@romeing.it","legalName":"Romeing Srl","foundingDate":"2010-12-01","vatID":"11115241009"},{"@type":"Person","@id":"https:\/\/www.romeing.it\/it\/#\/schema\/person\/8a2c3cc155816d9a093cdfb14ad4244b","name":"Arianna Callocchia","image":{"@type":"ImageObject","inLanguage":"it-IT","@id":"https:\/\/secure.gravatar.com\/avatar\/4018bd8bb486641db33923544cc1c2239725c6661d70dcea2f46b6fab6333706?s=96&d=mm&r=g","url":"https:\/\/secure.gravatar.com\/avatar\/4018bd8bb486641db33923544cc1c2239725c6661d70dcea2f46b6fab6333706?s=96&d=mm&r=g","contentUrl":"https:\/\/secure.gravatar.com\/avatar\/4018bd8bb486641db33923544cc1c2239725c6661d70dcea2f46b6fab6333706?s=96&d=mm&r=g","caption":"Arianna Callocchia"},"description":"Arianna Callocchia is an italian architect and an indipendent curator, based in Rome, specialised in organising, promoting and communicating exhibitions, conferences and cultural events. She also collaborates with some magazines, writing articles and conducting interviews in Italy and abroad.","sameAs":["http:\/\/www.studiocallocchia.it"],"url":"https:\/\/www.romeing.it\/it\/author\/romeing2020\/"}]}},"uagb_featured_image_src":{"full":["https:\/\/www.romeing.it\/wp-content\/uploads\/2025\/12\/1_rhinoceros-gallery.-Architect-Jean-Nouvel.-Photo-Roland-Halbe_RHINOCEROS-INTERIOR_RH2637-0156-e1620225512459.jpg",1200,900,false],"thumbnail":["https:\/\/www.romeing.it\/wp-content\/uploads\/2025\/12\/1_rhinoceros-gallery.-Architect-Jean-Nouvel.-Photo-Roland-Halbe_RHINOCEROS-INTERIOR_RH2637-0156-e1620225512459-150x150.jpg",150,150,true],"medium":["https:\/\/www.romeing.it\/wp-content\/uploads\/2025\/12\/1_rhinoceros-gallery.-Architect-Jean-Nouvel.-Photo-Roland-Halbe_RHINOCEROS-INTERIOR_RH2637-0156-e1620225512459-300x225.jpg",300,225,true],"medium_large":["https:\/\/www.romeing.it\/wp-content\/uploads\/2025\/12\/1_rhinoceros-gallery.-Architect-Jean-Nouvel.-Photo-Roland-Halbe_RHINOCEROS-INTERIOR_RH2637-0156-e1620225512459-768x576.jpg",768,576,true],"large":["https:\/\/www.romeing.it\/wp-content\/uploads\/2025\/12\/1_rhinoceros-gallery.-Architect-Jean-Nouvel.-Photo-Roland-Halbe_RHINOCEROS-INTERIOR_RH2637-0156-e1620225512459-1024x768.jpg",800,600,true],"1536x1536":["https:\/\/www.romeing.it\/wp-content\/uploads\/2025\/12\/1_rhinoceros-gallery.-Architect-Jean-Nouvel.-Photo-Roland-Halbe_RHINOCEROS-INTERIOR_RH2637-0156-e1620225512459.jpg",1200,900,false],"2048x2048":["https:\/\/www.romeing.it\/wp-content\/uploads\/2025\/12\/1_rhinoceros-gallery.-Architect-Jean-Nouvel.-Photo-Roland-Halbe_RHINOCEROS-INTERIOR_RH2637-0156-e1620225512459.jpg",1200,900,false]},"uagb_author_info":{"display_name":"Arianna Callocchia","author_link":"https:\/\/www.romeing.it\/it\/author\/romeing2020\/"},"uagb_comment_info":0,"uagb_excerpt":"La rhinoceros gallery e la Fondazione Alda Fendi \u2013 Esperimenti, propongono un ambizioso progetto espositivo dedicato a Dante Alighieri.","_links":{"self":[{"href":"https:\/\/www.romeing.it\/it\/wp-json\/wp\/v2\/posts\/103463","targetHints":{"allow":["GET"]}}],"collection":[{"href":"https:\/\/www.romeing.it\/it\/wp-json\/wp\/v2\/posts"}],"about":[{"href":"https:\/\/www.romeing.it\/it\/wp-json\/wp\/v2\/types\/post"}],"author":[{"embeddable":true,"href":"https:\/\/www.romeing.it\/it\/wp-json\/wp\/v2\/users\/2592"}],"replies":[{"embeddable":true,"href":"https:\/\/www.romeing.it\/it\/wp-json\/wp\/v2\/comments?post=103463"}],"version-history":[{"count":1,"href":"https:\/\/www.romeing.it\/it\/wp-json\/wp\/v2\/posts\/103463\/revisions"}],"predecessor-version":[{"id":103470,"href":"https:\/\/www.romeing.it\/it\/wp-json\/wp\/v2\/posts\/103463\/revisions\/103470"}],"wp:featuredmedia":[{"embeddable":true,"href":"https:\/\/www.romeing.it\/it\/wp-json\/wp\/v2\/media\/103471"}],"wp:attachment":[{"href":"https:\/\/www.romeing.it\/it\/wp-json\/wp\/v2\/media?parent=103463"}],"wp:term":[{"taxonomy":"category","embeddable":true,"href":"https:\/\/www.romeing.it\/it\/wp-json\/wp\/v2\/categories?post=103463"},{"taxonomy":"post_tag","embeddable":true,"href":"https:\/\/www.romeing.it\/it\/wp-json\/wp\/v2\/tags?post=103463"}],"curies":[{"name":"wp","href":"https:\/\/api.w.org\/{rel}","templated":true}]}}