{"id":103634,"date":"2021-11-16T13:39:32","date_gmt":"2021-11-16T13:39:32","guid":{"rendered":"https:\/\/www.romeing.it\/festa-della-amatriciana-da-eataly-roma\/"},"modified":"2025-12-03T08:36:58","modified_gmt":"2025-12-03T08:36:58","slug":"festa-della-amatriciana-da-eataly-roma","status":"publish","type":"post","link":"https:\/\/www.romeing.it\/it\/festa-della-amatriciana-da-eataly-roma\/","title":{"rendered":"Festa della Amatriciana da Eataly Roma"},"content":{"rendered":"\n<h2 class=\"wp-block-heading\" id=\"h-eataly-roma-ostiense-celebra-dal-19-al-21-novembre-uno-dei-piatti-pi-iconici-della-cucina-romana-l-amatriciana\">Eataly Roma Ostiense celebra dal 19 al 21 novembre uno dei piatti pi\u00f9 iconici della cucina romana: l&#8217;amatriciana<\/h2>\n\n\n\n<p>L&#8217;amatriciana \u00e8 uno dei piatti pi\u00f9 tipici della cucina romana e come ogni piatto tipico ha una storia che affonda le sue radici in un passato che sconfina nel mito. <strong>Eataly Roma<\/strong> ospita un evento dedicato a questa specialit\u00e0 al terzo piano dello store di Ostiense dal <strong>19 al 21 novembre<\/strong>, con degustazioni, ospiti, showcooking e tanto divertimento. Si potr\u00e0 assaporare un ricco ventaglio di proposte culinarie da quelle pi\u00f9 classiche a quelle pi\u00f9 sfiziose, ovviamente tutte a base di amatriciana. Ogni sera Dj-Set a partire dalle 19.00, domenica anche dalle 13.00<\/p>\n\n\n\n<div class=\"wp-block-image\"><figure class=\"aligncenter size-large\"><img decoding=\"async\" src=\"https:\/\/www.romeing.it\/wp-content\/uploads\/2025\/12\/amatriciana-eataly-rome-1-1024x683.jpg\" alt=\"Amatriciana festival Eataly November\" class=\"wp-image-108549\"\/><\/figure><\/div>\n\n\n\n<h3 class=\"wp-block-heading\">COME FUNZIONA<\/h3>\n\n\n\n<p>La Festa dell\u2019Amatriciana si svolger\u00e0 al Terzo Piano di Eataly Roma&nbsp;<strong>venerd\u00ec 19 e sabato 20 novembre&nbsp;<\/strong>dalle 19.00 alle 24.00 (chiusura casse alle 23.30);&nbsp;<strong>domenica 21 novembre&nbsp;<\/strong>dalle 12.00 alle 16.00 e dalle 18.00 alle 22.00 (chiusura casse alle 22.00).<\/p>\n\n\n\n<p>L&#8217;ingresso \u00e8 gratuito, sar\u00e0 necessario essere in possesso del Green Pass per accedere all&#8217;area evento. Tutte le proposte potranno essere acquistate tramite gettoni. <\/p>\n\n\n\n<p>Un gettone costa 2 \u20ac.<br>Carnet singolo | 12 gettoni = 22 \u20ac (anzich\u00e9 24 \u20ac) <br>Carnet doppio | 25 gettoni = 45 \u20ac (anzich\u00e9 50\u20ac)<\/p>\n\n\n\n<h3 class=\"wp-block-heading\">COSA SI MANGIA<\/h3>\n\n\n\n<p><strong>Flavio al Veloavevodetto<br><\/strong>Un&#8217;amatriciana piccante con &#8216;nduja e pecorino romano<\/p>\n\n\n\n<p><strong>Angolo Cottura<br><\/strong>Il classico con le fettuccine, o la pasta ripiena del giorno<\/p>\n\n\n\n<p><strong>Rosario Ristorante<br><\/strong>Come se fossimo in spiaggia: un&#8217;amatriciana di mare<\/p>\n\n\n\n<p><strong>Ma &#8211; Tru<br><\/strong>Il classico e in pi\u00f9 la gricia<\/p>\n\n\n\n<p><strong>L&#8217;Ombelico di Venere<br><\/strong>&#8216;L&#8217;Amatriciagna&#8217; &#8211; lasagna con sugo all&#8217;amatriciana<br>Cannelloni ripieni di stracciatella e guanciale croccante con pomodorino e pecorino<\/p>\n\n\n\n<p><strong>Alari<br><\/strong>Suppl\u00ec all&#8217;amatriciana &amp; bombette fritte<\/p>\n\n\n\n<p><strong>B.Ro<br><\/strong>Hamburger e costolette &#8211; Amatriciana in stile americano<\/p>\n\n\n\n<p><strong>La Fornarina<br><\/strong>Dolci romani classici dalla crostatina al castagnaccio<\/p>\n\n\n\n<p><strong>Il mercato dei produttori di Amatrice<br><\/strong>Tagliere di salumi e formaggi<\/p>\n\n\n\n<h3 class=\"wp-block-heading\">COSA SI BEVE<\/h3>\n\n\n\n<p>Birrificio Alta Quota<\/p>\n\n\n\n<h3 class=\"wp-block-heading\">C&#8217;\u00c8 ALTRO? SETTIMANA DELLA AMATRICIANA<\/h3>\n\n\n\n<p>Un&#8217;intera settimana dedicata a una delle ricette pi\u00f9 amate in citt\u00e0 <strong>da luned\u00ec 15 novembre a domenica 21<\/strong> nei ristoranti di Eataly Roma. Il weekend era solamente la ciliegina sulla torta se calcoliamo che ci saranno piatti speciali nei ristoranti Eataly, menu dedicati e ospiti speciali <strong>durante tutta la settimana per vivere sette giorni all&#8217;insegna del gusto<\/strong>.<\/p>\n\n\n\n<p>Il Castagneto dal 15 al 16 novembre, e Ristorante Roma dal 17 al 18 saranno gli ospiti del ristorante <a href=\"https:\/\/www.romeing.it\/it\/pizza-e-cucina-ristorante-pizzeria-eataly-roma\/\">Pizza &amp; Cucina<\/a>, portando con loro dei piatti particolari e unici, come per esempio l&#8217;amatriciana bianca, cosi come lo spaghetto classico con ingredienti nostrani e 100% italiani.<\/p>\n\n\n\n<p>Mozao aggiunger\u00e0 un gnocco fritto all&#8217;amatriciana, Carnalito preparer\u00e0 dei Tacos all&#8217;Amatriciana, nella Birreria si potr\u00e0 trovare il Panino Amatriciano durante il weekend, e infine, Pizza &amp; Cucina proporr\u00e0 suppl\u00ec, polpette e una Pizza Amatriciana &#8211; il tutto per celebrare uno dei piatti romani pi\u00f9 gustosi.<\/p>\n\n\n\n<p><\/p>\n","protected":false},"excerpt":{"rendered":"<p>Eataly Roma Ostiense celebra dal 19 al 21 novembre un piatto tipico della cucina romana: l&#8217;amatriciana con cibo squisito e birre artigianali.<\/p>\n","protected":false},"author":2591,"featured_media":53180,"comment_status":"open","ping_status":"open","sticky":false,"template":"","format":"standard","meta":{"_uag_custom_page_level_css":"","footnotes":""},"categories":[580,598],"tags":[],"class_list":["post-103634","post","type-post","status-publish","format-standard","has-post-thumbnail","hentry","category-eventi-a-roma","category-mercatini-eventi-enogastronomici"],"featured_image_src":"https:\/\/www.romeing.it\/wp-content\/uploads\/2025\/12\/festa-amatriciana-eataly-rome.jpg","author_info":{"display_name":"Romeing Editorial Staff","author_link":"https:\/\/www.romeing.it\/it\/author\/romeing\/"},"yoast_head":"<!-- This site is optimized with the Yoast SEO Premium plugin v26.9 (Yoast SEO v27.5) - https:\/\/yoast.com\/product\/yoast-seo-premium-wordpress\/ -->\n<title>Festa della Amatriciana da Eataly Roma - Romeing<\/title>\n<meta name=\"description\" content=\"Eataly Roma Ostiense celebra dal 19 al 21 novembre un piatto tipico della cucina romana: l&#039;amatriciana con cibo squisito e birre artigianali.\" \/>\n<meta name=\"robots\" content=\"index, follow, max-snippet:-1, max-image-preview:large, max-video-preview:-1\" \/>\n<link rel=\"canonical\" href=\"https:\/\/www.romeing.it\/it\/festa-della-amatriciana-da-eataly-roma\/\" \/>\n<meta property=\"og:locale\" content=\"it_IT\" \/>\n<meta property=\"og:type\" content=\"article\" \/>\n<meta property=\"og:title\" content=\"Festa della Amatriciana da Eataly Roma\" \/>\n<meta property=\"og:description\" content=\"Eataly Roma Ostiense celebra dal 19 al 21 novembre un piatto tipico della cucina romana: l&#039;amatriciana con cibo squisito e birre artigianali.\" \/>\n<meta property=\"og:url\" content=\"https:\/\/www.romeing.it\/it\/festa-della-amatriciana-da-eataly-roma\/\" \/>\n<meta property=\"og:site_name\" content=\"Romeing | Rome&#039;s english magazine, events and exhibitions in Rome\" \/>\n<meta property=\"article:publisher\" content=\"https:\/\/www.facebook.com\/Romeing.it\" \/>\n<meta property=\"article:published_time\" content=\"2021-11-16T13:39:32+00:00\" \/>\n<meta property=\"article:modified_time\" content=\"2025-12-03T08:36:58+00:00\" \/>\n<meta property=\"og:image\" content=\"https:\/\/www.romeing.it\/wp-content\/uploads\/2025\/12\/festa-amatriciana-eataly-rome.jpg\" \/>\n\t<meta property=\"og:image:width\" content=\"1200\" \/>\n\t<meta property=\"og:image:height\" content=\"675\" \/>\n\t<meta property=\"og:image:type\" content=\"image\/jpeg\" \/>\n<meta name=\"author\" content=\"Romeing Editorial Staff\" \/>\n<meta name=\"twitter:card\" content=\"summary_large_image\" \/>\n<meta name=\"twitter:creator\" content=\"@romeing\" \/>\n<meta name=\"twitter:site\" content=\"@romeing\" \/>\n<meta name=\"twitter:label1\" content=\"Scritto da\" \/>\n\t<meta name=\"twitter:data1\" content=\"Romeing Editorial Staff\" \/>\n\t<meta name=\"twitter:label2\" content=\"Tempo di lettura stimato\" \/>\n\t<meta name=\"twitter:data2\" content=\"3 minuti\" \/>\n<script type=\"application\/ld+json\" class=\"yoast-schema-graph\">{\"@context\":\"https:\\\/\\\/schema.org\",\"@graph\":[{\"@type\":\"NewsArticle\",\"@id\":\"https:\\\/\\\/www.romeing.it\\\/it\\\/festa-della-amatriciana-da-eataly-roma\\\/#article\",\"isPartOf\":{\"@id\":\"https:\\\/\\\/www.romeing.it\\\/it\\\/festa-della-amatriciana-da-eataly-roma\\\/\"},\"author\":{\"name\":\"Romeing Editorial Staff\",\"@id\":\"https:\\\/\\\/www.romeing.it\\\/it\\\/#\\\/schema\\\/person\\\/d1016d571abf1cac761e7c6510dcf0a0\"},\"headline\":\"Festa della Amatriciana da Eataly Roma\",\"datePublished\":\"2021-11-16T13:39:32+00:00\",\"dateModified\":\"2025-12-03T08:36:58+00:00\",\"mainEntityOfPage\":{\"@id\":\"https:\\\/\\\/www.romeing.it\\\/it\\\/festa-della-amatriciana-da-eataly-roma\\\/\"},\"wordCount\":447,\"commentCount\":0,\"publisher\":{\"@id\":\"https:\\\/\\\/www.romeing.it\\\/it\\\/#organization\"},\"image\":{\"@id\":\"https:\\\/\\\/www.romeing.it\\\/it\\\/festa-della-amatriciana-da-eataly-roma\\\/#primaryimage\"},\"thumbnailUrl\":\"https:\\\/\\\/www.romeing.it\\\/wp-content\\\/uploads\\\/2025\\\/12\\\/festa-amatriciana-eataly-rome.jpg\",\"articleSection\":[\"Eventi a Roma\",\"Mercatini &amp; Eventi Enogastronomici\"],\"inLanguage\":\"it-IT\",\"potentialAction\":[{\"@type\":\"CommentAction\",\"name\":\"Comment\",\"target\":[\"https:\\\/\\\/www.romeing.it\\\/it\\\/festa-della-amatriciana-da-eataly-roma\\\/#respond\"]}],\"copyrightYear\":\"2021\",\"copyrightHolder\":{\"@id\":\"https:\\\/\\\/www.romeing.it\\\/#organization\"}},{\"@type\":\"WebPage\",\"@id\":\"https:\\\/\\\/www.romeing.it\\\/it\\\/festa-della-amatriciana-da-eataly-roma\\\/\",\"url\":\"https:\\\/\\\/www.romeing.it\\\/it\\\/festa-della-amatriciana-da-eataly-roma\\\/\",\"name\":\"Festa della Amatriciana da Eataly Roma - Romeing\",\"isPartOf\":{\"@id\":\"https:\\\/\\\/www.romeing.it\\\/it\\\/#website\"},\"primaryImageOfPage\":{\"@id\":\"https:\\\/\\\/www.romeing.it\\\/it\\\/festa-della-amatriciana-da-eataly-roma\\\/#primaryimage\"},\"image\":{\"@id\":\"https:\\\/\\\/www.romeing.it\\\/it\\\/festa-della-amatriciana-da-eataly-roma\\\/#primaryimage\"},\"thumbnailUrl\":\"https:\\\/\\\/www.romeing.it\\\/wp-content\\\/uploads\\\/2025\\\/12\\\/festa-amatriciana-eataly-rome.jpg\",\"datePublished\":\"2021-11-16T13:39:32+00:00\",\"dateModified\":\"2025-12-03T08:36:58+00:00\",\"description\":\"Eataly Roma Ostiense celebra dal 19 al 21 novembre un piatto tipico della cucina romana: l'amatriciana con cibo squisito e birre artigianali.\",\"inLanguage\":\"it-IT\",\"potentialAction\":[{\"@type\":\"ReadAction\",\"target\":[\"https:\\\/\\\/www.romeing.it\\\/it\\\/festa-della-amatriciana-da-eataly-roma\\\/\"]}]},{\"@type\":\"ImageObject\",\"inLanguage\":\"it-IT\",\"@id\":\"https:\\\/\\\/www.romeing.it\\\/it\\\/festa-della-amatriciana-da-eataly-roma\\\/#primaryimage\",\"url\":\"https:\\\/\\\/www.romeing.it\\\/wp-content\\\/uploads\\\/2025\\\/12\\\/festa-amatriciana-eataly-rome.jpg\",\"contentUrl\":\"https:\\\/\\\/www.romeing.it\\\/wp-content\\\/uploads\\\/2025\\\/12\\\/festa-amatriciana-eataly-rome.jpg\",\"width\":1200,\"height\":675,\"caption\":\"Amatriciana festival Eataly November\"},{\"@type\":\"WebSite\",\"@id\":\"https:\\\/\\\/www.romeing.it\\\/it\\\/#website\",\"url\":\"https:\\\/\\\/www.romeing.it\\\/it\\\/\",\"name\":\"Romeing: Rome's english magazine, events and exhibitions in Rome\",\"description\":\"Romeing is the english magazine for tourists and expats visiting or living in Rome. A guide to the best things to do and see in Rome &amp; Florence, attractions and restaurants with a listing of events and exhibitions.\",\"publisher\":{\"@id\":\"https:\\\/\\\/www.romeing.it\\\/it\\\/#organization\"},\"potentialAction\":[{\"@type\":\"SearchAction\",\"target\":{\"@type\":\"EntryPoint\",\"urlTemplate\":\"https:\\\/\\\/www.romeing.it\\\/it\\\/?s={search_term_string}\"},\"query-input\":{\"@type\":\"PropertyValueSpecification\",\"valueRequired\":true,\"valueName\":\"search_term_string\"}}],\"inLanguage\":\"it-IT\"},{\"@type\":\"Organization\",\"@id\":\"https:\\\/\\\/www.romeing.it\\\/it\\\/#organization\",\"name\":\"Romeing srl\",\"url\":\"https:\\\/\\\/www.romeing.it\\\/it\\\/\",\"logo\":{\"@type\":\"ImageObject\",\"inLanguage\":\"it-IT\",\"@id\":\"https:\\\/\\\/www.romeing.it\\\/it\\\/#\\\/schema\\\/logo\\\/image\\\/\",\"url\":\"https:\\\/\\\/www.romeing.it\\\/wp-content\\\/uploads\\\/2025\\\/12\\\/logo-quadrato-romeing.jpg\",\"contentUrl\":\"https:\\\/\\\/www.romeing.it\\\/wp-content\\\/uploads\\\/2025\\\/12\\\/logo-quadrato-romeing.jpg\",\"width\":696,\"height\":696,\"caption\":\"Romeing srl\"},\"image\":{\"@id\":\"https:\\\/\\\/www.romeing.it\\\/it\\\/#\\\/schema\\\/logo\\\/image\\\/\"},\"sameAs\":[\"https:\\\/\\\/www.facebook.com\\\/Romeing.it\",\"https:\\\/\\\/x.com\\\/romeing\",\"https:\\\/\\\/www.instagram.com\\\/romeing_magazine\\\/\",\"https:\\\/\\\/www.linkedin.com\\\/company\\\/romeing-srl\\\/\",\"https:\\\/\\\/www.pinterest.it\\\/romeing\\\/pins\\\/\",\"https:\\\/\\\/www.youtube.com\\\/@RomeingIt\"],\"email\":\"info@romeing.it\",\"legalName\":\"Romeing Srl\",\"foundingDate\":\"2010-12-01\",\"vatID\":\"11115241009\"},{\"@type\":\"Person\",\"@id\":\"https:\\\/\\\/www.romeing.it\\\/it\\\/#\\\/schema\\\/person\\\/d1016d571abf1cac761e7c6510dcf0a0\",\"name\":\"Romeing Editorial Staff\",\"image\":{\"@type\":\"ImageObject\",\"inLanguage\":\"it-IT\",\"@id\":\"https:\\\/\\\/secure.gravatar.com\\\/avatar\\\/fa77907d763bad05dbb8a472492889275a24ec72dbee0f696cec3f344a78e384?s=96&d=mm&r=g\",\"url\":\"https:\\\/\\\/secure.gravatar.com\\\/avatar\\\/fa77907d763bad05dbb8a472492889275a24ec72dbee0f696cec3f344a78e384?s=96&d=mm&r=g\",\"contentUrl\":\"https:\\\/\\\/secure.gravatar.com\\\/avatar\\\/fa77907d763bad05dbb8a472492889275a24ec72dbee0f696cec3f344a78e384?s=96&d=mm&r=g\",\"caption\":\"Romeing Editorial Staff\"},\"description\":\"The Go-To Print And Online Magazine For Italian Destinations.\",\"url\":\"https:\\\/\\\/www.romeing.it\\\/it\\\/author\\\/romeing\\\/\"}]}<\/script>\n<!-- \/ Yoast SEO Premium plugin. -->","yoast_head_json":{"title":"Festa della Amatriciana da Eataly Roma - Romeing","description":"Eataly Roma Ostiense celebra dal 19 al 21 novembre un piatto tipico della cucina romana: l'amatriciana con cibo squisito e birre artigianali.","robots":{"index":"index","follow":"follow","max-snippet":"max-snippet:-1","max-image-preview":"max-image-preview:large","max-video-preview":"max-video-preview:-1"},"canonical":"https:\/\/www.romeing.it\/it\/festa-della-amatriciana-da-eataly-roma\/","og_locale":"it_IT","og_type":"article","og_title":"Festa della Amatriciana da Eataly Roma","og_description":"Eataly Roma Ostiense celebra dal 19 al 21 novembre un piatto tipico della cucina romana: l'amatriciana con cibo squisito e birre artigianali.","og_url":"https:\/\/www.romeing.it\/it\/festa-della-amatriciana-da-eataly-roma\/","og_site_name":"Romeing | Rome&#039;s english magazine, events and exhibitions in Rome","article_publisher":"https:\/\/www.facebook.com\/Romeing.it","article_published_time":"2021-11-16T13:39:32+00:00","article_modified_time":"2025-12-03T08:36:58+00:00","og_image":[{"width":1200,"height":675,"url":"https:\/\/www.romeing.it\/wp-content\/uploads\/2025\/12\/festa-amatriciana-eataly-rome.jpg","type":"image\/jpeg"}],"author":"Romeing Editorial Staff","twitter_card":"summary_large_image","twitter_creator":"@romeing","twitter_site":"@romeing","twitter_misc":{"Scritto da":"Romeing Editorial Staff","Tempo di lettura stimato":"3 minuti"},"schema":{"@context":"https:\/\/schema.org","@graph":[{"@type":"NewsArticle","@id":"https:\/\/www.romeing.it\/it\/festa-della-amatriciana-da-eataly-roma\/#article","isPartOf":{"@id":"https:\/\/www.romeing.it\/it\/festa-della-amatriciana-da-eataly-roma\/"},"author":{"name":"Romeing Editorial Staff","@id":"https:\/\/www.romeing.it\/it\/#\/schema\/person\/d1016d571abf1cac761e7c6510dcf0a0"},"headline":"Festa della Amatriciana da Eataly Roma","datePublished":"2021-11-16T13:39:32+00:00","dateModified":"2025-12-03T08:36:58+00:00","mainEntityOfPage":{"@id":"https:\/\/www.romeing.it\/it\/festa-della-amatriciana-da-eataly-roma\/"},"wordCount":447,"commentCount":0,"publisher":{"@id":"https:\/\/www.romeing.it\/it\/#organization"},"image":{"@id":"https:\/\/www.romeing.it\/it\/festa-della-amatriciana-da-eataly-roma\/#primaryimage"},"thumbnailUrl":"https:\/\/www.romeing.it\/wp-content\/uploads\/2025\/12\/festa-amatriciana-eataly-rome.jpg","articleSection":["Eventi a Roma","Mercatini &amp; Eventi Enogastronomici"],"inLanguage":"it-IT","potentialAction":[{"@type":"CommentAction","name":"Comment","target":["https:\/\/www.romeing.it\/it\/festa-della-amatriciana-da-eataly-roma\/#respond"]}],"copyrightYear":"2021","copyrightHolder":{"@id":"https:\/\/www.romeing.it\/#organization"}},{"@type":"WebPage","@id":"https:\/\/www.romeing.it\/it\/festa-della-amatriciana-da-eataly-roma\/","url":"https:\/\/www.romeing.it\/it\/festa-della-amatriciana-da-eataly-roma\/","name":"Festa della Amatriciana da Eataly Roma - Romeing","isPartOf":{"@id":"https:\/\/www.romeing.it\/it\/#website"},"primaryImageOfPage":{"@id":"https:\/\/www.romeing.it\/it\/festa-della-amatriciana-da-eataly-roma\/#primaryimage"},"image":{"@id":"https:\/\/www.romeing.it\/it\/festa-della-amatriciana-da-eataly-roma\/#primaryimage"},"thumbnailUrl":"https:\/\/www.romeing.it\/wp-content\/uploads\/2025\/12\/festa-amatriciana-eataly-rome.jpg","datePublished":"2021-11-16T13:39:32+00:00","dateModified":"2025-12-03T08:36:58+00:00","description":"Eataly Roma Ostiense celebra dal 19 al 21 novembre un piatto tipico della cucina romana: l'amatriciana con cibo squisito e birre artigianali.","inLanguage":"it-IT","potentialAction":[{"@type":"ReadAction","target":["https:\/\/www.romeing.it\/it\/festa-della-amatriciana-da-eataly-roma\/"]}]},{"@type":"ImageObject","inLanguage":"it-IT","@id":"https:\/\/www.romeing.it\/it\/festa-della-amatriciana-da-eataly-roma\/#primaryimage","url":"https:\/\/www.romeing.it\/wp-content\/uploads\/2025\/12\/festa-amatriciana-eataly-rome.jpg","contentUrl":"https:\/\/www.romeing.it\/wp-content\/uploads\/2025\/12\/festa-amatriciana-eataly-rome.jpg","width":1200,"height":675,"caption":"Amatriciana festival Eataly November"},{"@type":"WebSite","@id":"https:\/\/www.romeing.it\/it\/#website","url":"https:\/\/www.romeing.it\/it\/","name":"Romeing: Rome's english magazine, events and exhibitions in Rome","description":"Romeing is the english magazine for tourists and expats visiting or living in Rome. A guide to the best things to do and see in Rome &amp; Florence, attractions and restaurants with a listing of events and exhibitions.","publisher":{"@id":"https:\/\/www.romeing.it\/it\/#organization"},"potentialAction":[{"@type":"SearchAction","target":{"@type":"EntryPoint","urlTemplate":"https:\/\/www.romeing.it\/it\/?s={search_term_string}"},"query-input":{"@type":"PropertyValueSpecification","valueRequired":true,"valueName":"search_term_string"}}],"inLanguage":"it-IT"},{"@type":"Organization","@id":"https:\/\/www.romeing.it\/it\/#organization","name":"Romeing srl","url":"https:\/\/www.romeing.it\/it\/","logo":{"@type":"ImageObject","inLanguage":"it-IT","@id":"https:\/\/www.romeing.it\/it\/#\/schema\/logo\/image\/","url":"https:\/\/www.romeing.it\/wp-content\/uploads\/2025\/12\/logo-quadrato-romeing.jpg","contentUrl":"https:\/\/www.romeing.it\/wp-content\/uploads\/2025\/12\/logo-quadrato-romeing.jpg","width":696,"height":696,"caption":"Romeing srl"},"image":{"@id":"https:\/\/www.romeing.it\/it\/#\/schema\/logo\/image\/"},"sameAs":["https:\/\/www.facebook.com\/Romeing.it","https:\/\/x.com\/romeing","https:\/\/www.instagram.com\/romeing_magazine\/","https:\/\/www.linkedin.com\/company\/romeing-srl\/","https:\/\/www.pinterest.it\/romeing\/pins\/","https:\/\/www.youtube.com\/@RomeingIt"],"email":"info@romeing.it","legalName":"Romeing Srl","foundingDate":"2010-12-01","vatID":"11115241009"},{"@type":"Person","@id":"https:\/\/www.romeing.it\/it\/#\/schema\/person\/d1016d571abf1cac761e7c6510dcf0a0","name":"Romeing Editorial Staff","image":{"@type":"ImageObject","inLanguage":"it-IT","@id":"https:\/\/secure.gravatar.com\/avatar\/fa77907d763bad05dbb8a472492889275a24ec72dbee0f696cec3f344a78e384?s=96&d=mm&r=g","url":"https:\/\/secure.gravatar.com\/avatar\/fa77907d763bad05dbb8a472492889275a24ec72dbee0f696cec3f344a78e384?s=96&d=mm&r=g","contentUrl":"https:\/\/secure.gravatar.com\/avatar\/fa77907d763bad05dbb8a472492889275a24ec72dbee0f696cec3f344a78e384?s=96&d=mm&r=g","caption":"Romeing Editorial Staff"},"description":"The Go-To Print And Online Magazine For Italian Destinations.","url":"https:\/\/www.romeing.it\/it\/author\/romeing\/"}]}},"uagb_featured_image_src":{"full":["https:\/\/www.romeing.it\/wp-content\/uploads\/2025\/12\/festa-amatriciana-eataly-rome.jpg",1200,675,false],"thumbnail":["https:\/\/www.romeing.it\/wp-content\/uploads\/2025\/12\/festa-amatriciana-eataly-rome-150x150.jpg",150,150,true],"medium":["https:\/\/www.romeing.it\/wp-content\/uploads\/2025\/12\/festa-amatriciana-eataly-rome-300x169.jpg",300,169,true],"medium_large":["https:\/\/www.romeing.it\/wp-content\/uploads\/2025\/12\/festa-amatriciana-eataly-rome-768x432.jpg",768,432,true],"large":["https:\/\/www.romeing.it\/wp-content\/uploads\/2025\/12\/festa-amatriciana-eataly-rome-1024x576.jpg",800,450,true],"1536x1536":["https:\/\/www.romeing.it\/wp-content\/uploads\/2025\/12\/festa-amatriciana-eataly-rome.jpg",1200,675,false],"2048x2048":["https:\/\/www.romeing.it\/wp-content\/uploads\/2025\/12\/festa-amatriciana-eataly-rome.jpg",1200,675,false]},"uagb_author_info":{"display_name":"Romeing Editorial Staff","author_link":"https:\/\/www.romeing.it\/it\/author\/romeing\/"},"uagb_comment_info":0,"uagb_excerpt":"Eataly Roma Ostiense celebra dal 19 al 21 novembre un piatto tipico della cucina romana: l'amatriciana con cibo squisito e birre artigianali.","_links":{"self":[{"href":"https:\/\/www.romeing.it\/it\/wp-json\/wp\/v2\/posts\/103634","targetHints":{"allow":["GET"]}}],"collection":[{"href":"https:\/\/www.romeing.it\/it\/wp-json\/wp\/v2\/posts"}],"about":[{"href":"https:\/\/www.romeing.it\/it\/wp-json\/wp\/v2\/types\/post"}],"author":[{"embeddable":true,"href":"https:\/\/www.romeing.it\/it\/wp-json\/wp\/v2\/users\/2591"}],"replies":[{"embeddable":true,"href":"https:\/\/www.romeing.it\/it\/wp-json\/wp\/v2\/comments?post=103634"}],"version-history":[{"count":1,"href":"https:\/\/www.romeing.it\/it\/wp-json\/wp\/v2\/posts\/103634\/revisions"}],"predecessor-version":[{"id":103635,"href":"https:\/\/www.romeing.it\/it\/wp-json\/wp\/v2\/posts\/103634\/revisions\/103635"}],"wp:featuredmedia":[{"embeddable":true,"href":"https:\/\/www.romeing.it\/it\/wp-json\/wp\/v2\/media\/53180"}],"wp:attachment":[{"href":"https:\/\/www.romeing.it\/it\/wp-json\/wp\/v2\/media?parent=103634"}],"wp:term":[{"taxonomy":"category","embeddable":true,"href":"https:\/\/www.romeing.it\/it\/wp-json\/wp\/v2\/categories?post=103634"},{"taxonomy":"post_tag","embeddable":true,"href":"https:\/\/www.romeing.it\/it\/wp-json\/wp\/v2\/tags?post=103634"}],"curies":[{"name":"wp","href":"https:\/\/api.w.org\/{rel}","templated":true}]}}