{"id":103759,"date":"2023-01-30T13:53:12","date_gmt":"2023-01-30T13:53:12","guid":{"rendered":"https:\/\/www.romeing.it\/altaroma-fashion-week-roma\/"},"modified":"2025-12-03T08:38:32","modified_gmt":"2025-12-03T08:38:32","slug":"altaroma-fashion-week-roma","status":"publish","type":"post","link":"https:\/\/www.romeing.it\/it\/altaroma-fashion-week-roma\/","title":{"rendered":"Altaroma 2023"},"content":{"rendered":"\n<h2 class=\"wp-block-heading\" id=\"h-torna-altaroma-la-celebrazione-della-moda-quest-anno-si-terra-a-pratibus-district\">Torna Altaroma, la celebrazione della moda quest&#8217;anno si terr\u00e0 a Pratibus District<\/h2>\n\n\n\n<p><span style=\"font-weight: 400\">I giovani talenti del fashion tornando a sfilare ad <strong>Altaroma<\/strong>. <\/span>Tre giorni all&#8217;interno del <strong>Pratibus district,<\/strong> l\u2019ex deposito ATAC, spazio industriale riqualificato, diventa headquarter della manifestazione, con sfilate, talk ed eventi.<\/p>\n\n\n\n<p>Guidata da <span style=\"font-weight: 400\">Silvia Venturini Fendi, Altaroma apre ufficialmente le danze il <strong>31 gennaio 2023<\/strong>. L&#8217;<strong>edizione invernale di Alta Roma 2023<\/strong> consolida il suo ruolo di piattaforma di scambio &#8211; un luogo per esplorare nuove tendenze, essere una vetrina ed un incubatore per le etichette emergenti, oltre a preservare il legame con la tradizione storica e artigianale e diffondere la conoscenza del Made in Ital<\/span>y.<\/p>\n\n\n\n<figure class=\"wp-block-image aligncenter size-large\"><img decoding=\"async\" src=\"https:\/\/www.romeing.it\/wp-content\/uploads\/2025\/12\/alta-roma-2023-1-1-1024x683.jpg\" alt=\"alta roma 2023\" class=\"wp-image-132313\"\/><\/figure>\n\n\n\n<p>Come in ogni edizione, Altaroma si impegna a valorizzare brand, designer e piccole aziende del Made in Italy attraverso il <strong>progetto showcase<\/strong>, nato nel 2018 con il supporto il supporto del Ministero degli Affari Esteri e della Cooperazione Internazionale, Agenzia ICE. Una fiera non convenzionale in cui giovani brand incontrano nuovi buyer e stampa di settore.<\/p>\n\n\n\n<p class=\"p1\">Le sfilate si svolgeranno in presenza davanti a un pubblico di selezionati operatori del settore, ma saranno trasmesse anche in streaming sulla piattaforma <strong>Digital Runway<\/strong> e sull&#8217;<strong>App Altaroma<\/strong>.<\/p>\n\n\n\n<p>L&#8217;evento sar\u00e0 disponibile sulla piattaforma digitale per incoraggiare la partecipazione di tutti coloro che vogliono interagire ed essere parte della <em>tre giorni <\/em>dedicata alla moda.&nbsp;Una soluzione che abbraccia le esigenze legate alla pandemia in corso, consentendo cos\u00ec la partecipazione simultanea di chi non pu\u00f2 viaggiare, e soddisfacendo il desiderio di tutti coloro che non vogliono rinunciare alla possibilit\u00e0 di entrare in contatto con gli <strong>addetti ai lavori<\/strong>.<\/p>\n\n\n\n<p class=\"has-background\" style=\"background-color:#f0f2f4\"><span style=\"color: #dd3333;\"><strong>TI POTREBBE INTERESSARE<\/strong><\/span><br><strong><a href=\"https:\/\/www.romeing.it\/it\/guida-migliori-negozi-boutique-di-roma\/\">La guida alle migliori boutique di Roma<\/a><\/strong><\/p>\n\n\n\n<hr class=\"wp-block-separator has-css-opacity\"\/>\n\n\n\n<p class=\"has-text-align-center\"><strong>31 gennaio &#8211; 2 Febbraio 2023<\/strong><\/p>\n\n\n\n<p class=\"has-text-align-center\">Pratibus district<\/p>\n\n\n\n<p class=\"has-text-align-center\">Viale Angelico, 52<\/p>\n\n\n\n<p class=\"has-text-align-center\"><span style=\"font-weight: 400\">altaroma.it <\/span><\/p>\n","protected":false},"excerpt":{"rendered":"<p>Torna Altaroma, che si terr\u00e0 dal 31 gennaio al 2 febbraio 2023 al Pratibus District di Roma e sar\u00e0 visibile sulla piattaforma Digital Runway.<\/p>\n","protected":false},"author":1576,"featured_media":85064,"comment_status":"open","ping_status":"open","sticky":false,"template":"","format":"standard","meta":{"_uag_custom_page_level_css":"","footnotes":""},"categories":[580,594],"tags":[],"class_list":["post-103759","post","type-post","status-publish","format-standard","has-post-thumbnail","hentry","category-eventi-a-roma","category-spettacoli-teatri-roma"],"featured_image_src":"https:\/\/www.romeing.it\/wp-content\/uploads\/2025\/12\/alta-roma-2023-qinter-edition-1.jpg","author_info":{"display_name":"Valentina Martinoli","author_link":"https:\/\/www.romeing.it\/it\/author\/katiba\/"},"yoast_head":"<!-- This site is optimized with the Yoast SEO Premium plugin v26.9 (Yoast SEO v27.5) - https:\/\/yoast.com\/product\/yoast-seo-premium-wordpress\/ -->\n<title>Altaroma 2023: tre giorni dedicati alla moda - Romeing<\/title>\n<meta name=\"description\" content=\"Torna Altaroma, che si terr\u00e0 dal 31 gennaio al 2 febbraio 2023 al Pratibus District di Roma e sar\u00e0 visibile sulla piattaforma Digital Runway.\" \/>\n<meta name=\"robots\" content=\"index, follow, max-snippet:-1, max-image-preview:large, max-video-preview:-1\" \/>\n<link rel=\"canonical\" href=\"https:\/\/www.romeing.it\/it\/altaroma-fashion-week-roma\/\" \/>\n<meta property=\"og:locale\" content=\"it_IT\" \/>\n<meta property=\"og:type\" content=\"article\" \/>\n<meta property=\"og:title\" content=\"Altaroma 2023\" \/>\n<meta property=\"og:description\" content=\"Torna Altaroma, che si terr\u00e0 dal 31 gennaio al 2 febbraio 2023 al Pratibus District di Roma e sar\u00e0 visibile sulla piattaforma Digital Runway.\" \/>\n<meta property=\"og:url\" content=\"https:\/\/www.romeing.it\/it\/altaroma-fashion-week-roma\/\" \/>\n<meta property=\"og:site_name\" content=\"Romeing | Rome&#039;s english magazine, events and exhibitions in Rome\" \/>\n<meta property=\"article:publisher\" content=\"https:\/\/www.facebook.com\/Romeing.it\" \/>\n<meta property=\"article:published_time\" content=\"2023-01-30T13:53:12+00:00\" \/>\n<meta property=\"article:modified_time\" content=\"2025-12-03T08:38:32+00:00\" \/>\n<meta property=\"og:image\" content=\"https:\/\/www.romeing.it\/wp-content\/uploads\/2025\/12\/alta-roma-2023-qinter-edition-1.jpg\" \/>\n\t<meta property=\"og:image:width\" content=\"900\" \/>\n\t<meta property=\"og:image:height\" content=\"900\" \/>\n\t<meta property=\"og:image:type\" content=\"image\/jpeg\" \/>\n<meta name=\"author\" content=\"Valentina Martinoli\" \/>\n<meta name=\"twitter:card\" content=\"summary_large_image\" \/>\n<meta name=\"twitter:creator\" content=\"@romeing\" \/>\n<meta name=\"twitter:site\" content=\"@romeing\" \/>\n<meta name=\"twitter:label1\" content=\"Scritto da\" \/>\n\t<meta name=\"twitter:data1\" content=\"Valentina Martinoli\" \/>\n\t<meta name=\"twitter:label2\" content=\"Tempo di lettura stimato\" \/>\n\t<meta name=\"twitter:data2\" content=\"2 minuti\" \/>\n<script type=\"application\/ld+json\" class=\"yoast-schema-graph\">{\"@context\":\"https:\\\/\\\/schema.org\",\"@graph\":[{\"@type\":\"NewsArticle\",\"@id\":\"https:\\\/\\\/www.romeing.it\\\/it\\\/altaroma-fashion-week-roma\\\/#article\",\"isPartOf\":{\"@id\":\"https:\\\/\\\/www.romeing.it\\\/it\\\/altaroma-fashion-week-roma\\\/\"},\"author\":{\"name\":\"Valentina Martinoli\",\"@id\":\"https:\\\/\\\/www.romeing.it\\\/it\\\/#\\\/schema\\\/person\\\/54e8bd3637f34425a9c6f5736631215a\"},\"headline\":\"Altaroma 2023\",\"datePublished\":\"2023-01-30T13:53:12+00:00\",\"dateModified\":\"2025-12-03T08:38:32+00:00\",\"mainEntityOfPage\":{\"@id\":\"https:\\\/\\\/www.romeing.it\\\/it\\\/altaroma-fashion-week-roma\\\/\"},\"wordCount\":282,\"commentCount\":0,\"publisher\":{\"@id\":\"https:\\\/\\\/www.romeing.it\\\/it\\\/#organization\"},\"image\":{\"@id\":\"https:\\\/\\\/www.romeing.it\\\/it\\\/altaroma-fashion-week-roma\\\/#primaryimage\"},\"thumbnailUrl\":\"https:\\\/\\\/www.romeing.it\\\/wp-content\\\/uploads\\\/2025\\\/12\\\/alta-roma-2023-qinter-edition-1.jpg\",\"articleSection\":[\"Eventi a Roma\",\"Spettacoli \\\/ Teatri \\\/ Fashion\"],\"inLanguage\":\"it-IT\",\"potentialAction\":[{\"@type\":\"CommentAction\",\"name\":\"Comment\",\"target\":[\"https:\\\/\\\/www.romeing.it\\\/it\\\/altaroma-fashion-week-roma\\\/#respond\"]}],\"copyrightYear\":\"2023\",\"copyrightHolder\":{\"@id\":\"https:\\\/\\\/www.romeing.it\\\/#organization\"}},{\"@type\":\"WebPage\",\"@id\":\"https:\\\/\\\/www.romeing.it\\\/it\\\/altaroma-fashion-week-roma\\\/\",\"url\":\"https:\\\/\\\/www.romeing.it\\\/it\\\/altaroma-fashion-week-roma\\\/\",\"name\":\"Altaroma 2023: tre giorni dedicati alla moda - Romeing\",\"isPartOf\":{\"@id\":\"https:\\\/\\\/www.romeing.it\\\/it\\\/#website\"},\"primaryImageOfPage\":{\"@id\":\"https:\\\/\\\/www.romeing.it\\\/it\\\/altaroma-fashion-week-roma\\\/#primaryimage\"},\"image\":{\"@id\":\"https:\\\/\\\/www.romeing.it\\\/it\\\/altaroma-fashion-week-roma\\\/#primaryimage\"},\"thumbnailUrl\":\"https:\\\/\\\/www.romeing.it\\\/wp-content\\\/uploads\\\/2025\\\/12\\\/alta-roma-2023-qinter-edition-1.jpg\",\"datePublished\":\"2023-01-30T13:53:12+00:00\",\"dateModified\":\"2025-12-03T08:38:32+00:00\",\"description\":\"Torna Altaroma, che si terr\u00e0 dal 31 gennaio al 2 febbraio 2023 al Pratibus District di Roma e sar\u00e0 visibile sulla piattaforma Digital Runway.\",\"inLanguage\":\"it-IT\",\"potentialAction\":[{\"@type\":\"ReadAction\",\"target\":[\"https:\\\/\\\/www.romeing.it\\\/it\\\/altaroma-fashion-week-roma\\\/\"]}]},{\"@type\":\"ImageObject\",\"inLanguage\":\"it-IT\",\"@id\":\"https:\\\/\\\/www.romeing.it\\\/it\\\/altaroma-fashion-week-roma\\\/#primaryimage\",\"url\":\"https:\\\/\\\/www.romeing.it\\\/wp-content\\\/uploads\\\/2025\\\/12\\\/alta-roma-2023-qinter-edition-1.jpg\",\"contentUrl\":\"https:\\\/\\\/www.romeing.it\\\/wp-content\\\/uploads\\\/2025\\\/12\\\/alta-roma-2023-qinter-edition-1.jpg\",\"width\":900,\"height\":900,\"caption\":\"alta-roma-2023-winter-edition\"},{\"@type\":\"WebSite\",\"@id\":\"https:\\\/\\\/www.romeing.it\\\/it\\\/#website\",\"url\":\"https:\\\/\\\/www.romeing.it\\\/it\\\/\",\"name\":\"Romeing: Rome's english magazine, events and exhibitions in Rome\",\"description\":\"Romeing is the english magazine for tourists and expats visiting or living in Rome. A guide to the best things to do and see in Rome &amp; Florence, attractions and restaurants with a listing of events and exhibitions.\",\"publisher\":{\"@id\":\"https:\\\/\\\/www.romeing.it\\\/it\\\/#organization\"},\"potentialAction\":[{\"@type\":\"SearchAction\",\"target\":{\"@type\":\"EntryPoint\",\"urlTemplate\":\"https:\\\/\\\/www.romeing.it\\\/it\\\/?s={search_term_string}\"},\"query-input\":{\"@type\":\"PropertyValueSpecification\",\"valueRequired\":true,\"valueName\":\"search_term_string\"}}],\"inLanguage\":\"it-IT\"},{\"@type\":\"Organization\",\"@id\":\"https:\\\/\\\/www.romeing.it\\\/it\\\/#organization\",\"name\":\"Romeing srl\",\"url\":\"https:\\\/\\\/www.romeing.it\\\/it\\\/\",\"logo\":{\"@type\":\"ImageObject\",\"inLanguage\":\"it-IT\",\"@id\":\"https:\\\/\\\/www.romeing.it\\\/it\\\/#\\\/schema\\\/logo\\\/image\\\/\",\"url\":\"https:\\\/\\\/www.romeing.it\\\/wp-content\\\/uploads\\\/2025\\\/12\\\/logo-quadrato-romeing.jpg\",\"contentUrl\":\"https:\\\/\\\/www.romeing.it\\\/wp-content\\\/uploads\\\/2025\\\/12\\\/logo-quadrato-romeing.jpg\",\"width\":696,\"height\":696,\"caption\":\"Romeing srl\"},\"image\":{\"@id\":\"https:\\\/\\\/www.romeing.it\\\/it\\\/#\\\/schema\\\/logo\\\/image\\\/\"},\"sameAs\":[\"https:\\\/\\\/www.facebook.com\\\/Romeing.it\",\"https:\\\/\\\/x.com\\\/romeing\",\"https:\\\/\\\/www.instagram.com\\\/romeing_magazine\\\/\",\"https:\\\/\\\/www.linkedin.com\\\/company\\\/romeing-srl\\\/\",\"https:\\\/\\\/www.pinterest.it\\\/romeing\\\/pins\\\/\",\"https:\\\/\\\/www.youtube.com\\\/@RomeingIt\"],\"email\":\"info@romeing.it\",\"legalName\":\"Romeing Srl\",\"foundingDate\":\"2010-12-01\",\"vatID\":\"11115241009\"},{\"@type\":\"Person\",\"@id\":\"https:\\\/\\\/www.romeing.it\\\/it\\\/#\\\/schema\\\/person\\\/54e8bd3637f34425a9c6f5736631215a\",\"name\":\"Valentina Martinoli\",\"image\":{\"@type\":\"ImageObject\",\"inLanguage\":\"it-IT\",\"@id\":\"https:\\\/\\\/secure.gravatar.com\\\/avatar\\\/acb5e89aeba74afae8d7b6d28692cc0d6908d8267f8c94fa4a18470daa55cfbd?s=96&d=mm&r=g\",\"url\":\"https:\\\/\\\/secure.gravatar.com\\\/avatar\\\/acb5e89aeba74afae8d7b6d28692cc0d6908d8267f8c94fa4a18470daa55cfbd?s=96&d=mm&r=g\",\"contentUrl\":\"https:\\\/\\\/secure.gravatar.com\\\/avatar\\\/acb5e89aeba74afae8d7b6d28692cc0d6908d8267f8c94fa4a18470daa55cfbd?s=96&d=mm&r=g\",\"caption\":\"Valentina Martinoli\"},\"description\":\"Valentina Martinoli is an italian art historian, journalist and content writer, based in Rome, specialised in cultural communication and exhibitions organisation. She fully agrees with Dostoevskij famous quote \\\"Beauty will save the world\\\".\",\"url\":\"https:\\\/\\\/www.romeing.it\\\/it\\\/author\\\/katiba\\\/\"}]}<\/script>\n<!-- \/ Yoast SEO Premium plugin. -->","yoast_head_json":{"title":"Altaroma 2023: tre giorni dedicati alla moda - Romeing","description":"Torna Altaroma, che si terr\u00e0 dal 31 gennaio al 2 febbraio 2023 al Pratibus District di Roma e sar\u00e0 visibile sulla piattaforma Digital Runway.","robots":{"index":"index","follow":"follow","max-snippet":"max-snippet:-1","max-image-preview":"max-image-preview:large","max-video-preview":"max-video-preview:-1"},"canonical":"https:\/\/www.romeing.it\/it\/altaroma-fashion-week-roma\/","og_locale":"it_IT","og_type":"article","og_title":"Altaroma 2023","og_description":"Torna Altaroma, che si terr\u00e0 dal 31 gennaio al 2 febbraio 2023 al Pratibus District di Roma e sar\u00e0 visibile sulla piattaforma Digital Runway.","og_url":"https:\/\/www.romeing.it\/it\/altaroma-fashion-week-roma\/","og_site_name":"Romeing | Rome&#039;s english magazine, events and exhibitions in Rome","article_publisher":"https:\/\/www.facebook.com\/Romeing.it","article_published_time":"2023-01-30T13:53:12+00:00","article_modified_time":"2025-12-03T08:38:32+00:00","og_image":[{"width":900,"height":900,"url":"https:\/\/www.romeing.it\/wp-content\/uploads\/2025\/12\/alta-roma-2023-qinter-edition-1.jpg","type":"image\/jpeg"}],"author":"Valentina Martinoli","twitter_card":"summary_large_image","twitter_creator":"@romeing","twitter_site":"@romeing","twitter_misc":{"Scritto da":"Valentina Martinoli","Tempo di lettura stimato":"2 minuti"},"schema":{"@context":"https:\/\/schema.org","@graph":[{"@type":"NewsArticle","@id":"https:\/\/www.romeing.it\/it\/altaroma-fashion-week-roma\/#article","isPartOf":{"@id":"https:\/\/www.romeing.it\/it\/altaroma-fashion-week-roma\/"},"author":{"name":"Valentina Martinoli","@id":"https:\/\/www.romeing.it\/it\/#\/schema\/person\/54e8bd3637f34425a9c6f5736631215a"},"headline":"Altaroma 2023","datePublished":"2023-01-30T13:53:12+00:00","dateModified":"2025-12-03T08:38:32+00:00","mainEntityOfPage":{"@id":"https:\/\/www.romeing.it\/it\/altaroma-fashion-week-roma\/"},"wordCount":282,"commentCount":0,"publisher":{"@id":"https:\/\/www.romeing.it\/it\/#organization"},"image":{"@id":"https:\/\/www.romeing.it\/it\/altaroma-fashion-week-roma\/#primaryimage"},"thumbnailUrl":"https:\/\/www.romeing.it\/wp-content\/uploads\/2025\/12\/alta-roma-2023-qinter-edition-1.jpg","articleSection":["Eventi a Roma","Spettacoli \/ Teatri \/ Fashion"],"inLanguage":"it-IT","potentialAction":[{"@type":"CommentAction","name":"Comment","target":["https:\/\/www.romeing.it\/it\/altaroma-fashion-week-roma\/#respond"]}],"copyrightYear":"2023","copyrightHolder":{"@id":"https:\/\/www.romeing.it\/#organization"}},{"@type":"WebPage","@id":"https:\/\/www.romeing.it\/it\/altaroma-fashion-week-roma\/","url":"https:\/\/www.romeing.it\/it\/altaroma-fashion-week-roma\/","name":"Altaroma 2023: tre giorni dedicati alla moda - Romeing","isPartOf":{"@id":"https:\/\/www.romeing.it\/it\/#website"},"primaryImageOfPage":{"@id":"https:\/\/www.romeing.it\/it\/altaroma-fashion-week-roma\/#primaryimage"},"image":{"@id":"https:\/\/www.romeing.it\/it\/altaroma-fashion-week-roma\/#primaryimage"},"thumbnailUrl":"https:\/\/www.romeing.it\/wp-content\/uploads\/2025\/12\/alta-roma-2023-qinter-edition-1.jpg","datePublished":"2023-01-30T13:53:12+00:00","dateModified":"2025-12-03T08:38:32+00:00","description":"Torna Altaroma, che si terr\u00e0 dal 31 gennaio al 2 febbraio 2023 al Pratibus District di Roma e sar\u00e0 visibile sulla piattaforma Digital Runway.","inLanguage":"it-IT","potentialAction":[{"@type":"ReadAction","target":["https:\/\/www.romeing.it\/it\/altaroma-fashion-week-roma\/"]}]},{"@type":"ImageObject","inLanguage":"it-IT","@id":"https:\/\/www.romeing.it\/it\/altaroma-fashion-week-roma\/#primaryimage","url":"https:\/\/www.romeing.it\/wp-content\/uploads\/2025\/12\/alta-roma-2023-qinter-edition-1.jpg","contentUrl":"https:\/\/www.romeing.it\/wp-content\/uploads\/2025\/12\/alta-roma-2023-qinter-edition-1.jpg","width":900,"height":900,"caption":"alta-roma-2023-winter-edition"},{"@type":"WebSite","@id":"https:\/\/www.romeing.it\/it\/#website","url":"https:\/\/www.romeing.it\/it\/","name":"Romeing: Rome's english magazine, events and exhibitions in Rome","description":"Romeing is the english magazine for tourists and expats visiting or living in Rome. A guide to the best things to do and see in Rome &amp; Florence, attractions and restaurants with a listing of events and exhibitions.","publisher":{"@id":"https:\/\/www.romeing.it\/it\/#organization"},"potentialAction":[{"@type":"SearchAction","target":{"@type":"EntryPoint","urlTemplate":"https:\/\/www.romeing.it\/it\/?s={search_term_string}"},"query-input":{"@type":"PropertyValueSpecification","valueRequired":true,"valueName":"search_term_string"}}],"inLanguage":"it-IT"},{"@type":"Organization","@id":"https:\/\/www.romeing.it\/it\/#organization","name":"Romeing srl","url":"https:\/\/www.romeing.it\/it\/","logo":{"@type":"ImageObject","inLanguage":"it-IT","@id":"https:\/\/www.romeing.it\/it\/#\/schema\/logo\/image\/","url":"https:\/\/www.romeing.it\/wp-content\/uploads\/2025\/12\/logo-quadrato-romeing.jpg","contentUrl":"https:\/\/www.romeing.it\/wp-content\/uploads\/2025\/12\/logo-quadrato-romeing.jpg","width":696,"height":696,"caption":"Romeing srl"},"image":{"@id":"https:\/\/www.romeing.it\/it\/#\/schema\/logo\/image\/"},"sameAs":["https:\/\/www.facebook.com\/Romeing.it","https:\/\/x.com\/romeing","https:\/\/www.instagram.com\/romeing_magazine\/","https:\/\/www.linkedin.com\/company\/romeing-srl\/","https:\/\/www.pinterest.it\/romeing\/pins\/","https:\/\/www.youtube.com\/@RomeingIt"],"email":"info@romeing.it","legalName":"Romeing Srl","foundingDate":"2010-12-01","vatID":"11115241009"},{"@type":"Person","@id":"https:\/\/www.romeing.it\/it\/#\/schema\/person\/54e8bd3637f34425a9c6f5736631215a","name":"Valentina Martinoli","image":{"@type":"ImageObject","inLanguage":"it-IT","@id":"https:\/\/secure.gravatar.com\/avatar\/acb5e89aeba74afae8d7b6d28692cc0d6908d8267f8c94fa4a18470daa55cfbd?s=96&d=mm&r=g","url":"https:\/\/secure.gravatar.com\/avatar\/acb5e89aeba74afae8d7b6d28692cc0d6908d8267f8c94fa4a18470daa55cfbd?s=96&d=mm&r=g","contentUrl":"https:\/\/secure.gravatar.com\/avatar\/acb5e89aeba74afae8d7b6d28692cc0d6908d8267f8c94fa4a18470daa55cfbd?s=96&d=mm&r=g","caption":"Valentina Martinoli"},"description":"Valentina Martinoli is an italian art historian, journalist and content writer, based in Rome, specialised in cultural communication and exhibitions organisation. She fully agrees with Dostoevskij famous quote \"Beauty will save the world\".","url":"https:\/\/www.romeing.it\/it\/author\/katiba\/"}]}},"uagb_featured_image_src":{"full":["https:\/\/www.romeing.it\/wp-content\/uploads\/2025\/12\/alta-roma-2023-qinter-edition-1.jpg",900,900,false],"thumbnail":["https:\/\/www.romeing.it\/wp-content\/uploads\/2025\/12\/alta-roma-2023-qinter-edition-1-150x150.jpg",150,150,true],"medium":["https:\/\/www.romeing.it\/wp-content\/uploads\/2025\/12\/alta-roma-2023-qinter-edition-1-300x300.jpg",300,300,true],"medium_large":["https:\/\/www.romeing.it\/wp-content\/uploads\/2025\/12\/alta-roma-2023-qinter-edition-1-768x768.jpg",768,768,true],"large":["https:\/\/www.romeing.it\/wp-content\/uploads\/2025\/12\/alta-roma-2023-qinter-edition-1.jpg",800,800,false],"1536x1536":["https:\/\/www.romeing.it\/wp-content\/uploads\/2025\/12\/alta-roma-2023-qinter-edition-1.jpg",900,900,false],"2048x2048":["https:\/\/www.romeing.it\/wp-content\/uploads\/2025\/12\/alta-roma-2023-qinter-edition-1.jpg",900,900,false]},"uagb_author_info":{"display_name":"Valentina Martinoli","author_link":"https:\/\/www.romeing.it\/it\/author\/katiba\/"},"uagb_comment_info":0,"uagb_excerpt":"Torna Altaroma, che si terr\u00e0 dal 31 gennaio al 2 febbraio 2023 al Pratibus District di Roma e sar\u00e0 visibile sulla piattaforma Digital Runway.","_links":{"self":[{"href":"https:\/\/www.romeing.it\/it\/wp-json\/wp\/v2\/posts\/103759","targetHints":{"allow":["GET"]}}],"collection":[{"href":"https:\/\/www.romeing.it\/it\/wp-json\/wp\/v2\/posts"}],"about":[{"href":"https:\/\/www.romeing.it\/it\/wp-json\/wp\/v2\/types\/post"}],"author":[{"embeddable":true,"href":"https:\/\/www.romeing.it\/it\/wp-json\/wp\/v2\/users\/1576"}],"replies":[{"embeddable":true,"href":"https:\/\/www.romeing.it\/it\/wp-json\/wp\/v2\/comments?post=103759"}],"version-history":[{"count":1,"href":"https:\/\/www.romeing.it\/it\/wp-json\/wp\/v2\/posts\/103759\/revisions"}],"predecessor-version":[{"id":103760,"href":"https:\/\/www.romeing.it\/it\/wp-json\/wp\/v2\/posts\/103759\/revisions\/103760"}],"wp:featuredmedia":[{"embeddable":true,"href":"https:\/\/www.romeing.it\/it\/wp-json\/wp\/v2\/media\/85064"}],"wp:attachment":[{"href":"https:\/\/www.romeing.it\/it\/wp-json\/wp\/v2\/media?parent=103759"}],"wp:term":[{"taxonomy":"category","embeddable":true,"href":"https:\/\/www.romeing.it\/it\/wp-json\/wp\/v2\/categories?post=103759"},{"taxonomy":"post_tag","embeddable":true,"href":"https:\/\/www.romeing.it\/it\/wp-json\/wp\/v2\/tags?post=103759"}],"curies":[{"name":"wp","href":"https:\/\/api.w.org\/{rel}","templated":true}]}}