{"id":104018,"date":"2025-05-02T13:34:18","date_gmt":"2025-05-02T13:34:18","guid":{"rendered":"https:\/\/www.romeing.it\/race-for-the-cure\/"},"modified":"2025-12-03T08:41:49","modified_gmt":"2025-12-03T08:41:49","slug":"race-for-the-cure","status":"publish","type":"post","link":"https:\/\/www.romeing.it\/it\/race-for-the-cure\/","title":{"rendered":"Race for the Cure 2025"},"content":{"rendered":"\n<h2 class=\"wp-block-heading\" id=\"h-torna-a-roma-la-piu-grande-manifestazione-al-mondo-per-la-lotta-ai-tumori-del-seno\">Torna a Roma la pi\u00f9 grande manifestazione al mondo per la lotta ai tumori del seno<\/h2>\n\n\n\n<p>Sar\u00e0 Roma la citt\u00e0 da dove partir\u00e0 la <strong>XXVI edizione<\/strong> della <strong>Race for the Cure<\/strong>, che si terr\u00e0 al <strong>Circo Massimo dall&#8217;8 all&#8217;11 maggio<\/strong>, seguita da altre 4 citt\u00e0 italiane: <strong>Bari <\/strong>(16 &#8211; 18 maggio), <strong>Bologna<\/strong> (19 &#8211; 21 settembre), <strong>Brescia<\/strong> (26 &#8211; 28 settembre) e <strong>Matera<\/strong> (26 &#8211; 28 settembre).<\/p>\n\n\n\n<p>Le protagoniste della Race for the Cure sono le <strong>Donne in Rosa<\/strong>, donne che stanno affrontando o hanno affrontato il tumore del seno che con la loro speciale maglia rosa sensibilizzano l\u2019opinione pubblica sull\u2019importanza della prevenzione e mandano un forte messaggio di incoraggiamento alle 56.000 donne che in Italia ogni anno si confrontano con la malattia.<\/p>\n\n\n\n<p><strong>Grazie alla Race for the Cure, Komen Italia ha potuto investire oltre 31 milioni di euro per dare avvio a tantissimi nuovi progetti di promozione della prevenzione e supporto alle donne operate, su tutto il territorio nazionale.<\/strong><\/p>\n\n\n\n<p>Scopriamo insieme tutti gli <strong>eventi in programma a Roma<\/strong> in questa 4 giorni di sport e solidariet\u00e0.<\/p>\n\n\n\n<figure class=\"wp-block-image aligncenter size-large\"><img decoding=\"async\" src=\"https:\/\/www.romeing.it\/wp-content\/uploads\/2025\/12\/VILLAGGIO-RACE-ROMA-1-1024x509.jpg\" alt=\"\" class=\"wp-image-137608\"\/><\/figure>\n\n\n\n<h3 class=\"wp-block-heading\" id=\"h-villaggio-della-salute\">Villaggio della Salute<\/h3>\n\n\n\n<p>Il Villaggio sar\u00e0 allestito nella splendida cornice del Circo Massimo e sar\u00e0 aperto <strong>da gioved\u00ec 8 a domenica 11 maggio<\/strong> con tante iniziative gratuite di<strong>\u00a0salute, sport e benessere.<\/strong><\/p>\n\n\n\n<p>Il Villaggio della salute offrir\u00e0 gratuitamente prestazioni e consulenze aperte a tutti, e, grazie all\u2019ausilio delle Unit\u00e0 Mobili della \u201cCarovana della Prevenzione\u201d, un percorso dedicato a donne in condizioni di fragilit\u00e0 socioeconomica e transgender.<\/p>\n\n\n\n<ul class=\"wp-block-list\">\n<li>CONSULENZE E PRESTAZIONI SPECIALISTICHE APERTE A TUTTI*<br>per la prevenzione dei tumori ginecologici, della pelle, del cavo orale, del retto-ano, delle<br>patologie cardiache, della tiroide e del fegato. Consulenze su nutrizione, menopausa, salute<br>delle ossa e su come invecchiare in salute.<\/li>\n\n\n\n<li>SERVIZIO DI PRENOTAZIONE E INFORMAZIONE<br>per l\u2019accesso ai percorsi di screening oncologici, a cura della Regione Lazio<\/li>\n\n\n\n<li>SERVIZI DI FARMACIA*<br>Misurazione della pressione arteriosa, misurazione della glicemia, valutazione cardiologica con l\u2019ECG in telemedicina e servizio bilancia con analisi impedenziometrica, a cura di Federfarma Roma<\/li>\n\n\n\n<li>PREVENZIONE VISIVA*<br>a cura di Commissione Difesa Vista<\/li>\n\n\n\n<li>UNIT\u00c0 DONAZIONE SANGUE<br>a cura di Gruppo donatori sangue Francesco Olgiati ODV<\/li>\n\n\n\n<li>SPORTELLO SALUTE FEMMINILE<\/li>\n\n\n\n<li>SERVIZIO D\u2019INFORMAZIONE BLSD<br>tecniche di primo soccorso<\/li>\n\n\n\n<li>SCREENING DELLA TIPIZZAZIONE DEL MIDOLLO OSSEO<br>a cura di ADMO<\/li>\n\n\n\n<li>SCREENING PER IL CONTROLLO E IL BENESSERE UDITIVO<br>a cura di WS Audiology<\/li>\n<\/ul>\n\n\n\n<p><em>*per le prenotazioni, consultare il sito www.komen.it<\/em><\/p>\n\n\n\n<h3 class=\"wp-block-heading\" id=\"h-villaggio-dello-sport\">Villaggio dello Sport<\/h3>\n\n\n\n<p>Con la collaborazione di numerose Federazioni sportive, ampio spazio \u00e8 dedicato allo sport, elemento fondamentale per uno stile di vita in salute.<\/p>\n\n\n\n<p>La <strong>Federazione Italiana di Atletica Leggera<\/strong> La Federazione Italiana di Atletica Leggera organizzer\u00e0 attivit\u00e0 per avvicinare bambini e ragazzi alle varie discipline dell\u2019atletica.<\/p>\n\n\n\n<p>La <strong>Federazione Italia Giuoco Calcio<\/strong> La Federazione Italiana Giuoco Calcio porter\u00e0 gli ultimi trofei vinti<br>dalla Nazionale Italiana, le Coppe del mondo del 1982 e del 2006 e la Coppa dei campionati europei 2020.<\/p>\n\n\n\n<p><strong>La<\/strong> <strong>Federazione Italiana Pallacanestro<\/strong> a Federazione Italiana Pallacanestro allestir\u00e0 nell\u2019area Italbasket un<br>\u201chalf-court\u201d per permettere a tutto il pubblico di cimentarsi con canestri e palla a spicchi.<\/p>\n\n\n\n<p><strong>La<\/strong> <strong>Federazione Italiana Pallavolo<\/strong>, tra le prime a sostenere le attivit\u00e0 della Komen Italia, organizzando negli anni diversi tornei \u201cVolley for the Cure\u201d, offrir\u00e0 momenti di gioco per bambini e ragazzi.<\/p>\n\n\n\n<p><strong>L\u2019Accademia Romana d\u2019Armi SSD <\/strong>offrir\u00e0 al pubblico lezioni introduttive alla scherma storica, accompagnate da dimostrazioni pratiche con atleti qualificati. Un\u2019occasione per avvicinarsi a questa disciplina affascinante e scoprire le tecniche e la storia della scherma attraverso un\u2019esperienza coinvolgente.<\/p>\n\n\n\n<p>E molto altro. Scopri il programma dettagliato qui.<\/p>\n\n\n\n<h3 class=\"wp-block-heading\" id=\"h-area-donne-in-rosa\">Area Donne in Rosa<\/h3>\n\n\n\n<p>Nell\u2019area dedicata alle Donne in Rosa, vere protagoniste della Race, saranno organizzate numerose attivit\u00e0 per il benessere della mente e del corpo, grazie alla guida di insegnanti con elevata esperienza, con l\u2019obiettivo di migliorare la qualit\u00e0 della vita e alleviare gli effetti collaterali delle terapie oncologiche.<\/p>\n\n\n\n<h3 class=\"wp-block-heading\" id=\"h-l-emotional-room\">L&#8217;Emotional Room<\/h3>\n\n\n\n<p>Quest\u2019anno Komen Italia ha pensato a un vero e proprio percorso fra le emozioni. Subito dopo l\u2019ingresso infatti, troverete la celebre installazione immersiva nella quale tutti i visitatori, sospesi tra cielo e terra in un\u2019atmosfera onirica, possono vivere le emozioni del \u201clancio dei palloncini rosa\u201d che per tanti anni ha concluso la Race e che nel rispetto dell\u2019ambiente \u00e8 stato poi sostituito dal volo simbolico di un unico palloncino al termine delle celebrazioni. A seguire, sarete accolti in uno spazio dedicato agli abbracci: qui potrete abbracciarvi mentre scattate una fotografia o un selfie-ricordo.<\/p>\n\n\n\n<p>Il percorso continua con un ambiente a met\u00e0 fra gioco e immaginazione dove voleranno nel cielo grandi bolle di sapone, mentre nell\u2019ultima sala una panchina rosa all\u2019ombra di un ciliegio faciliter\u00e0<br>momenti di ricordi e riflessione.<\/p>\n\n\n\n<figure class=\"wp-block-image aligncenter size-large\"><img decoding=\"async\" src=\"https:\/\/www.romeing.it\/wp-content\/uploads\/2025\/12\/RACE-FOR-THE-CURE-5-1024x683.png\" alt=\"\" class=\"wp-image-137601\"\/><\/figure>\n\n\n\n<h3 class=\"wp-block-heading\" id=\"h-ingresso-gratuito-nei-musei-per-tutti-gl-iscritti-alla-race-grazie-alla-partnership-con-il-ministero-della-cultura\">Ingresso gratuito nei musei per tutti gl iscritti alla Race grazie alla partnership con il Ministero della Cultura<\/h3>\n\n\n\n<p>Anche quest&#8217;anno, grazie al protocollo di intesa con il <strong>Ministero della Cultura<\/strong>, durante il weekend dedicato all&#8217;evento<strong> <\/strong>gli <strong>iscritti alle Race <\/strong>potranno <strong>entrare gratis<\/strong> <strong>nei <a href=\"https:\/\/www.romeing.it\/it\/la-tua-guida-ai-musei-di-roma\/\">musei di Roma<\/a><\/strong>. Baster\u00e0 esibire la ricevuta di iscrizione o la maglia <strong>Race for the Cure<\/strong>.<\/p>\n\n\n\n<p>Gli elenchi dei musei aderenti, in costante aggiornamento, sono consultabili su <a href=\"http:\/\/www.komen.it\" target=\"_blank\" rel=\"noreferrer noopener\">www.komen.it<\/a>.<\/p>\n\n\n\n<h3 class=\"wp-block-heading\">Le attivit\u00e0 per i pi\u00f9 piccoli<\/h3>\n\n\n\n<p>Come ogni anno, nell\u2019ambito del progetto Kids for the Cure, si terr\u00e0 la <strong>corsa per i bimbi delle scuole dell\u2019infanzia e primarie<\/strong>, grazie alla collaborazione con l\u2019Assessorato alla Scuola del Comune di Roma, e attivit\u00e0 ludico-didattiche per i ragazzi della scuola secondaria di primo e secondo grado, con laboratori e momenti di gioco e sport.<\/p>\n\n\n\n<figure class=\"wp-block-image aligncenter size-large\"><img decoding=\"async\" src=\"https:\/\/www.romeing.it\/wp-content\/uploads\/2025\/12\/RACE-FOR-THE-CURE-1-1024x681.jpg\" alt=\"\" class=\"wp-image-137606\"\/><\/figure>\n\n\n\n<h3 class=\"wp-block-heading\">Il programma della domenica<\/h3>\n\n\n\n<p>La gara inizier\u00e0 domenica<strong> 11 maggio alle ore 10<\/strong>; per gli atleti pi\u00f9 competitivi il percorso sar\u00e0 di 10 km, per tutti gli altri avr\u00e0 luogo la tradizionale passeggiata di 2 km e corsa amatoriale di 5 km, con partenza da via Petroselli (Bocca della Verit\u00e0), che attraverser\u00e0 le vie del centro di Roma.<\/p>\n\n\n\n<h3 class=\"wp-block-heading\">Come iscriversi e partecipare<\/h3>\n\n\n\n<p>Ci si pu\u00f2 iscrivere alla Race con una donazione minima di almeno 18 euro sul <a href=\"http:\/\/www.raceforthecure.it\" target=\"_blank\" rel=\"noreferrer noopener\">sito<\/a> o in uno degli oltre cento punti di iscrizione in tutta Italia, tra cui i <strong>negozi Decathlon di Roma<\/strong> e le palestre <strong>Fit and Go<\/strong>.<\/p>\n\n\n\n<p>L\u2019iscrizione d\u00e0 diritto a ricevere (fino a esaurimento) la maglia ufficiale e lo zainetto che sar\u00e0 possibile personalizzare al Villaggio della Race.<\/p>\n\n\n\n<hr class=\"wp-block-separator has-css-opacity\"\/>\n\n\n\n<p class=\"has-text-align-center\"><strong>Race for the Cure 2025<\/strong><\/p>\n\n\n\n<p class=\"has-text-align-center\">Roma, 8-11 maggio 2025<\/p>\n\n\n\n<p class=\"has-text-align-center\">Info e iscrizioni:&nbsp; <a href=\"http:\/\/www.raceforthecure.it\" target=\"_blank\" rel=\"noreferrer noopener\">www.raceforthecure.it<\/a>&nbsp;|&nbsp; <a href=\"http:\/\/www.komen.it\">ww<\/a><a href=\"http:\/\/www.komen.it\" target=\"_blank\" rel=\"noreferrer noopener\">w<\/a><em><a href=\"http:\/\/www.komen.it\" target=\"_blank\" rel=\"noreferrer noopener\">.<\/a><\/em><a href=\"http:\/\/www.komen.it\">komen.it<\/a><\/p>\n","protected":false},"excerpt":{"rendered":"<p>Torna a Roma, dall&#8217;8 all&#8217;11maggio, la pi\u00f9 grande manifestazione al mondo per la lotta ai tumori del seno. Scopri tutte le iniziative.<\/p>\n","protected":false},"author":2591,"featured_media":104026,"comment_status":"open","ping_status":"open","sticky":false,"template":"","format":"standard","meta":{"_uag_custom_page_level_css":"","footnotes":""},"categories":[597,580,591],"tags":[],"class_list":["post-104018","post","type-post","status-publish","format-standard","has-post-thumbnail","hentry","category-cinema-sport-roma","category-eventi-a-roma","category-news"],"featured_image_src":"https:\/\/www.romeing.it\/wp-content\/uploads\/2025\/12\/race-for-the-cure-roma-2024.jpg","author_info":{"display_name":"Romeing Editorial Staff","author_link":"https:\/\/www.romeing.it\/it\/author\/romeing\/"},"yoast_head":"<!-- This site is optimized with the Yoast SEO Premium plugin v26.9 (Yoast SEO v27.5) - https:\/\/yoast.com\/product\/yoast-seo-premium-wordpress\/ -->\n<title>Race for the Cure 2025: dall&#039;8 all&#039;11 maggio al Circo Massimo<\/title>\n<meta name=\"description\" content=\"Torna a Roma, dall&#039;8 all&#039;11 maggio, la pi\u00f9 grande manifestazione al mondo per la lotta ai tumori del seno. Scopri tutte le iniziative.\" \/>\n<meta name=\"robots\" content=\"index, follow, max-snippet:-1, max-image-preview:large, max-video-preview:-1\" \/>\n<link rel=\"canonical\" href=\"https:\/\/www.romeing.it\/it\/race-for-the-cure\/\" \/>\n<meta property=\"og:locale\" content=\"it_IT\" \/>\n<meta property=\"og:type\" content=\"article\" \/>\n<meta property=\"og:title\" content=\"Race for the Cure 2025\" \/>\n<meta property=\"og:description\" content=\"Torna a Roma, dall&#039;8 all&#039;11 maggio, la pi\u00f9 grande manifestazione al mondo per la lotta ai tumori del seno. Scopri tutte le iniziative.\" \/>\n<meta property=\"og:url\" content=\"https:\/\/www.romeing.it\/it\/race-for-the-cure\/\" \/>\n<meta property=\"og:site_name\" content=\"Romeing | Rome&#039;s english magazine, events and exhibitions in Rome\" \/>\n<meta property=\"article:publisher\" content=\"https:\/\/www.facebook.com\/Romeing.it\" \/>\n<meta property=\"article:published_time\" content=\"2025-05-02T13:34:18+00:00\" \/>\n<meta property=\"article:modified_time\" content=\"2025-12-03T08:41:49+00:00\" \/>\n<meta property=\"og:image\" content=\"https:\/\/www.romeing.it\/wp-content\/uploads\/2025\/12\/race-for-the-cure-roma-2024.jpg\" \/>\n\t<meta property=\"og:image:width\" content=\"1080\" \/>\n\t<meta property=\"og:image:height\" content=\"825\" \/>\n\t<meta property=\"og:image:type\" content=\"image\/jpeg\" \/>\n<meta name=\"author\" content=\"Romeing Editorial Staff\" \/>\n<meta name=\"twitter:card\" content=\"summary_large_image\" \/>\n<meta name=\"twitter:creator\" content=\"@romeing\" \/>\n<meta name=\"twitter:site\" content=\"@romeing\" \/>\n<meta name=\"twitter:label1\" content=\"Scritto da\" \/>\n\t<meta name=\"twitter:data1\" content=\"Romeing Editorial Staff\" \/>\n\t<meta name=\"twitter:label2\" content=\"Tempo di lettura stimato\" \/>\n\t<meta name=\"twitter:data2\" content=\"5 minuti\" \/>\n<script type=\"application\/ld+json\" class=\"yoast-schema-graph\">{\"@context\":\"https:\\\/\\\/schema.org\",\"@graph\":[{\"@type\":\"NewsArticle\",\"@id\":\"https:\\\/\\\/www.romeing.it\\\/it\\\/race-for-the-cure\\\/#article\",\"isPartOf\":{\"@id\":\"https:\\\/\\\/www.romeing.it\\\/it\\\/race-for-the-cure\\\/\"},\"author\":{\"name\":\"Romeing Editorial Staff\",\"@id\":\"https:\\\/\\\/www.romeing.it\\\/it\\\/#\\\/schema\\\/person\\\/d1016d571abf1cac761e7c6510dcf0a0\"},\"headline\":\"Race for the Cure 2025\",\"datePublished\":\"2025-05-02T13:34:18+00:00\",\"dateModified\":\"2025-12-03T08:41:49+00:00\",\"mainEntityOfPage\":{\"@id\":\"https:\\\/\\\/www.romeing.it\\\/it\\\/race-for-the-cure\\\/\"},\"wordCount\":1034,\"commentCount\":0,\"publisher\":{\"@id\":\"https:\\\/\\\/www.romeing.it\\\/it\\\/#organization\"},\"image\":{\"@id\":\"https:\\\/\\\/www.romeing.it\\\/it\\\/race-for-the-cure\\\/#primaryimage\"},\"thumbnailUrl\":\"https:\\\/\\\/www.romeing.it\\\/wp-content\\\/uploads\\\/2025\\\/12\\\/race-for-the-cure-roma-2024.jpg\",\"articleSection\":[\"Cinema e Sport\",\"Eventi a Roma\",\"News\"],\"inLanguage\":\"it-IT\",\"potentialAction\":[{\"@type\":\"CommentAction\",\"name\":\"Comment\",\"target\":[\"https:\\\/\\\/www.romeing.it\\\/it\\\/race-for-the-cure\\\/#respond\"]}],\"copyrightYear\":\"2025\",\"copyrightHolder\":{\"@id\":\"https:\\\/\\\/www.romeing.it\\\/#organization\"}},{\"@type\":\"WebPage\",\"@id\":\"https:\\\/\\\/www.romeing.it\\\/it\\\/race-for-the-cure\\\/\",\"url\":\"https:\\\/\\\/www.romeing.it\\\/it\\\/race-for-the-cure\\\/\",\"name\":\"Race for the Cure 2025: dall'8 all'11 maggio al Circo Massimo\",\"isPartOf\":{\"@id\":\"https:\\\/\\\/www.romeing.it\\\/it\\\/#website\"},\"primaryImageOfPage\":{\"@id\":\"https:\\\/\\\/www.romeing.it\\\/it\\\/race-for-the-cure\\\/#primaryimage\"},\"image\":{\"@id\":\"https:\\\/\\\/www.romeing.it\\\/it\\\/race-for-the-cure\\\/#primaryimage\"},\"thumbnailUrl\":\"https:\\\/\\\/www.romeing.it\\\/wp-content\\\/uploads\\\/2025\\\/12\\\/race-for-the-cure-roma-2024.jpg\",\"datePublished\":\"2025-05-02T13:34:18+00:00\",\"dateModified\":\"2025-12-03T08:41:49+00:00\",\"description\":\"Torna a Roma, dall'8 all'11 maggio, la pi\u00f9 grande manifestazione al mondo per la lotta ai tumori del seno. Scopri tutte le iniziative.\",\"inLanguage\":\"it-IT\",\"potentialAction\":[{\"@type\":\"ReadAction\",\"target\":[\"https:\\\/\\\/www.romeing.it\\\/it\\\/race-for-the-cure\\\/\"]}]},{\"@type\":\"ImageObject\",\"inLanguage\":\"it-IT\",\"@id\":\"https:\\\/\\\/www.romeing.it\\\/it\\\/race-for-the-cure\\\/#primaryimage\",\"url\":\"https:\\\/\\\/www.romeing.it\\\/wp-content\\\/uploads\\\/2025\\\/12\\\/race-for-the-cure-roma-2024.jpg\",\"contentUrl\":\"https:\\\/\\\/www.romeing.it\\\/wp-content\\\/uploads\\\/2025\\\/12\\\/race-for-the-cure-roma-2024.jpg\",\"width\":1080,\"height\":825,\"caption\":\"race-for-the-cure-roma-2024\"},{\"@type\":\"WebSite\",\"@id\":\"https:\\\/\\\/www.romeing.it\\\/it\\\/#website\",\"url\":\"https:\\\/\\\/www.romeing.it\\\/it\\\/\",\"name\":\"Romeing: Rome's english magazine, events and exhibitions in Rome\",\"description\":\"Romeing is the english magazine for tourists and expats visiting or living in Rome. A guide to the best things to do and see in Rome &amp; Florence, attractions and restaurants with a listing of events and exhibitions.\",\"publisher\":{\"@id\":\"https:\\\/\\\/www.romeing.it\\\/it\\\/#organization\"},\"potentialAction\":[{\"@type\":\"SearchAction\",\"target\":{\"@type\":\"EntryPoint\",\"urlTemplate\":\"https:\\\/\\\/www.romeing.it\\\/it\\\/?s={search_term_string}\"},\"query-input\":{\"@type\":\"PropertyValueSpecification\",\"valueRequired\":true,\"valueName\":\"search_term_string\"}}],\"inLanguage\":\"it-IT\"},{\"@type\":\"Organization\",\"@id\":\"https:\\\/\\\/www.romeing.it\\\/it\\\/#organization\",\"name\":\"Romeing srl\",\"url\":\"https:\\\/\\\/www.romeing.it\\\/it\\\/\",\"logo\":{\"@type\":\"ImageObject\",\"inLanguage\":\"it-IT\",\"@id\":\"https:\\\/\\\/www.romeing.it\\\/it\\\/#\\\/schema\\\/logo\\\/image\\\/\",\"url\":\"https:\\\/\\\/www.romeing.it\\\/wp-content\\\/uploads\\\/2025\\\/12\\\/logo-quadrato-romeing.jpg\",\"contentUrl\":\"https:\\\/\\\/www.romeing.it\\\/wp-content\\\/uploads\\\/2025\\\/12\\\/logo-quadrato-romeing.jpg\",\"width\":696,\"height\":696,\"caption\":\"Romeing srl\"},\"image\":{\"@id\":\"https:\\\/\\\/www.romeing.it\\\/it\\\/#\\\/schema\\\/logo\\\/image\\\/\"},\"sameAs\":[\"https:\\\/\\\/www.facebook.com\\\/Romeing.it\",\"https:\\\/\\\/x.com\\\/romeing\",\"https:\\\/\\\/www.instagram.com\\\/romeing_magazine\\\/\",\"https:\\\/\\\/www.linkedin.com\\\/company\\\/romeing-srl\\\/\",\"https:\\\/\\\/www.pinterest.it\\\/romeing\\\/pins\\\/\",\"https:\\\/\\\/www.youtube.com\\\/@RomeingIt\"],\"email\":\"info@romeing.it\",\"legalName\":\"Romeing Srl\",\"foundingDate\":\"2010-12-01\",\"vatID\":\"11115241009\"},{\"@type\":\"Person\",\"@id\":\"https:\\\/\\\/www.romeing.it\\\/it\\\/#\\\/schema\\\/person\\\/d1016d571abf1cac761e7c6510dcf0a0\",\"name\":\"Romeing Editorial Staff\",\"image\":{\"@type\":\"ImageObject\",\"inLanguage\":\"it-IT\",\"@id\":\"https:\\\/\\\/secure.gravatar.com\\\/avatar\\\/fa77907d763bad05dbb8a472492889275a24ec72dbee0f696cec3f344a78e384?s=96&d=mm&r=g\",\"url\":\"https:\\\/\\\/secure.gravatar.com\\\/avatar\\\/fa77907d763bad05dbb8a472492889275a24ec72dbee0f696cec3f344a78e384?s=96&d=mm&r=g\",\"contentUrl\":\"https:\\\/\\\/secure.gravatar.com\\\/avatar\\\/fa77907d763bad05dbb8a472492889275a24ec72dbee0f696cec3f344a78e384?s=96&d=mm&r=g\",\"caption\":\"Romeing Editorial Staff\"},\"description\":\"The Go-To Print And Online Magazine For Italian Destinations.\",\"url\":\"https:\\\/\\\/www.romeing.it\\\/it\\\/author\\\/romeing\\\/\"}]}<\/script>\n<!-- \/ Yoast SEO Premium plugin. -->","yoast_head_json":{"title":"Race for the Cure 2025: dall'8 all'11 maggio al Circo Massimo","description":"Torna a Roma, dall'8 all'11 maggio, la pi\u00f9 grande manifestazione al mondo per la lotta ai tumori del seno. Scopri tutte le iniziative.","robots":{"index":"index","follow":"follow","max-snippet":"max-snippet:-1","max-image-preview":"max-image-preview:large","max-video-preview":"max-video-preview:-1"},"canonical":"https:\/\/www.romeing.it\/it\/race-for-the-cure\/","og_locale":"it_IT","og_type":"article","og_title":"Race for the Cure 2025","og_description":"Torna a Roma, dall'8 all'11 maggio, la pi\u00f9 grande manifestazione al mondo per la lotta ai tumori del seno. Scopri tutte le iniziative.","og_url":"https:\/\/www.romeing.it\/it\/race-for-the-cure\/","og_site_name":"Romeing | Rome&#039;s english magazine, events and exhibitions in Rome","article_publisher":"https:\/\/www.facebook.com\/Romeing.it","article_published_time":"2025-05-02T13:34:18+00:00","article_modified_time":"2025-12-03T08:41:49+00:00","og_image":[{"width":1080,"height":825,"url":"https:\/\/www.romeing.it\/wp-content\/uploads\/2025\/12\/race-for-the-cure-roma-2024.jpg","type":"image\/jpeg"}],"author":"Romeing Editorial Staff","twitter_card":"summary_large_image","twitter_creator":"@romeing","twitter_site":"@romeing","twitter_misc":{"Scritto da":"Romeing Editorial Staff","Tempo di lettura stimato":"5 minuti"},"schema":{"@context":"https:\/\/schema.org","@graph":[{"@type":"NewsArticle","@id":"https:\/\/www.romeing.it\/it\/race-for-the-cure\/#article","isPartOf":{"@id":"https:\/\/www.romeing.it\/it\/race-for-the-cure\/"},"author":{"name":"Romeing Editorial Staff","@id":"https:\/\/www.romeing.it\/it\/#\/schema\/person\/d1016d571abf1cac761e7c6510dcf0a0"},"headline":"Race for the Cure 2025","datePublished":"2025-05-02T13:34:18+00:00","dateModified":"2025-12-03T08:41:49+00:00","mainEntityOfPage":{"@id":"https:\/\/www.romeing.it\/it\/race-for-the-cure\/"},"wordCount":1034,"commentCount":0,"publisher":{"@id":"https:\/\/www.romeing.it\/it\/#organization"},"image":{"@id":"https:\/\/www.romeing.it\/it\/race-for-the-cure\/#primaryimage"},"thumbnailUrl":"https:\/\/www.romeing.it\/wp-content\/uploads\/2025\/12\/race-for-the-cure-roma-2024.jpg","articleSection":["Cinema e Sport","Eventi a Roma","News"],"inLanguage":"it-IT","potentialAction":[{"@type":"CommentAction","name":"Comment","target":["https:\/\/www.romeing.it\/it\/race-for-the-cure\/#respond"]}],"copyrightYear":"2025","copyrightHolder":{"@id":"https:\/\/www.romeing.it\/#organization"}},{"@type":"WebPage","@id":"https:\/\/www.romeing.it\/it\/race-for-the-cure\/","url":"https:\/\/www.romeing.it\/it\/race-for-the-cure\/","name":"Race for the Cure 2025: dall'8 all'11 maggio al Circo Massimo","isPartOf":{"@id":"https:\/\/www.romeing.it\/it\/#website"},"primaryImageOfPage":{"@id":"https:\/\/www.romeing.it\/it\/race-for-the-cure\/#primaryimage"},"image":{"@id":"https:\/\/www.romeing.it\/it\/race-for-the-cure\/#primaryimage"},"thumbnailUrl":"https:\/\/www.romeing.it\/wp-content\/uploads\/2025\/12\/race-for-the-cure-roma-2024.jpg","datePublished":"2025-05-02T13:34:18+00:00","dateModified":"2025-12-03T08:41:49+00:00","description":"Torna a Roma, dall'8 all'11 maggio, la pi\u00f9 grande manifestazione al mondo per la lotta ai tumori del seno. Scopri tutte le iniziative.","inLanguage":"it-IT","potentialAction":[{"@type":"ReadAction","target":["https:\/\/www.romeing.it\/it\/race-for-the-cure\/"]}]},{"@type":"ImageObject","inLanguage":"it-IT","@id":"https:\/\/www.romeing.it\/it\/race-for-the-cure\/#primaryimage","url":"https:\/\/www.romeing.it\/wp-content\/uploads\/2025\/12\/race-for-the-cure-roma-2024.jpg","contentUrl":"https:\/\/www.romeing.it\/wp-content\/uploads\/2025\/12\/race-for-the-cure-roma-2024.jpg","width":1080,"height":825,"caption":"race-for-the-cure-roma-2024"},{"@type":"WebSite","@id":"https:\/\/www.romeing.it\/it\/#website","url":"https:\/\/www.romeing.it\/it\/","name":"Romeing: Rome's english magazine, events and exhibitions in Rome","description":"Romeing is the english magazine for tourists and expats visiting or living in Rome. A guide to the best things to do and see in Rome &amp; Florence, attractions and restaurants with a listing of events and exhibitions.","publisher":{"@id":"https:\/\/www.romeing.it\/it\/#organization"},"potentialAction":[{"@type":"SearchAction","target":{"@type":"EntryPoint","urlTemplate":"https:\/\/www.romeing.it\/it\/?s={search_term_string}"},"query-input":{"@type":"PropertyValueSpecification","valueRequired":true,"valueName":"search_term_string"}}],"inLanguage":"it-IT"},{"@type":"Organization","@id":"https:\/\/www.romeing.it\/it\/#organization","name":"Romeing srl","url":"https:\/\/www.romeing.it\/it\/","logo":{"@type":"ImageObject","inLanguage":"it-IT","@id":"https:\/\/www.romeing.it\/it\/#\/schema\/logo\/image\/","url":"https:\/\/www.romeing.it\/wp-content\/uploads\/2025\/12\/logo-quadrato-romeing.jpg","contentUrl":"https:\/\/www.romeing.it\/wp-content\/uploads\/2025\/12\/logo-quadrato-romeing.jpg","width":696,"height":696,"caption":"Romeing srl"},"image":{"@id":"https:\/\/www.romeing.it\/it\/#\/schema\/logo\/image\/"},"sameAs":["https:\/\/www.facebook.com\/Romeing.it","https:\/\/x.com\/romeing","https:\/\/www.instagram.com\/romeing_magazine\/","https:\/\/www.linkedin.com\/company\/romeing-srl\/","https:\/\/www.pinterest.it\/romeing\/pins\/","https:\/\/www.youtube.com\/@RomeingIt"],"email":"info@romeing.it","legalName":"Romeing Srl","foundingDate":"2010-12-01","vatID":"11115241009"},{"@type":"Person","@id":"https:\/\/www.romeing.it\/it\/#\/schema\/person\/d1016d571abf1cac761e7c6510dcf0a0","name":"Romeing Editorial Staff","image":{"@type":"ImageObject","inLanguage":"it-IT","@id":"https:\/\/secure.gravatar.com\/avatar\/fa77907d763bad05dbb8a472492889275a24ec72dbee0f696cec3f344a78e384?s=96&d=mm&r=g","url":"https:\/\/secure.gravatar.com\/avatar\/fa77907d763bad05dbb8a472492889275a24ec72dbee0f696cec3f344a78e384?s=96&d=mm&r=g","contentUrl":"https:\/\/secure.gravatar.com\/avatar\/fa77907d763bad05dbb8a472492889275a24ec72dbee0f696cec3f344a78e384?s=96&d=mm&r=g","caption":"Romeing Editorial Staff"},"description":"The Go-To Print And Online Magazine For Italian Destinations.","url":"https:\/\/www.romeing.it\/it\/author\/romeing\/"}]}},"uagb_featured_image_src":{"full":["https:\/\/www.romeing.it\/wp-content\/uploads\/2025\/12\/race-for-the-cure-roma-2024.jpg",1080,825,false],"thumbnail":["https:\/\/www.romeing.it\/wp-content\/uploads\/2025\/12\/race-for-the-cure-roma-2024-150x150.jpg",150,150,true],"medium":["https:\/\/www.romeing.it\/wp-content\/uploads\/2025\/12\/race-for-the-cure-roma-2024-300x229.jpg",300,229,true],"medium_large":["https:\/\/www.romeing.it\/wp-content\/uploads\/2025\/12\/race-for-the-cure-roma-2024-768x587.jpg",768,587,true],"large":["https:\/\/www.romeing.it\/wp-content\/uploads\/2025\/12\/race-for-the-cure-roma-2024-1024x782.jpg",800,611,true],"1536x1536":["https:\/\/www.romeing.it\/wp-content\/uploads\/2025\/12\/race-for-the-cure-roma-2024.jpg",1080,825,false],"2048x2048":["https:\/\/www.romeing.it\/wp-content\/uploads\/2025\/12\/race-for-the-cure-roma-2024.jpg",1080,825,false]},"uagb_author_info":{"display_name":"Romeing Editorial Staff","author_link":"https:\/\/www.romeing.it\/it\/author\/romeing\/"},"uagb_comment_info":0,"uagb_excerpt":"Torna a Roma, dall'8 all'11maggio, la pi\u00f9 grande manifestazione al mondo per la lotta ai tumori del seno. Scopri tutte le iniziative.","_links":{"self":[{"href":"https:\/\/www.romeing.it\/it\/wp-json\/wp\/v2\/posts\/104018","targetHints":{"allow":["GET"]}}],"collection":[{"href":"https:\/\/www.romeing.it\/it\/wp-json\/wp\/v2\/posts"}],"about":[{"href":"https:\/\/www.romeing.it\/it\/wp-json\/wp\/v2\/types\/post"}],"author":[{"embeddable":true,"href":"https:\/\/www.romeing.it\/it\/wp-json\/wp\/v2\/users\/2591"}],"replies":[{"embeddable":true,"href":"https:\/\/www.romeing.it\/it\/wp-json\/wp\/v2\/comments?post=104018"}],"version-history":[{"count":1,"href":"https:\/\/www.romeing.it\/it\/wp-json\/wp\/v2\/posts\/104018\/revisions"}],"predecessor-version":[{"id":104025,"href":"https:\/\/www.romeing.it\/it\/wp-json\/wp\/v2\/posts\/104018\/revisions\/104025"}],"wp:featuredmedia":[{"embeddable":true,"href":"https:\/\/www.romeing.it\/it\/wp-json\/wp\/v2\/media\/104026"}],"wp:attachment":[{"href":"https:\/\/www.romeing.it\/it\/wp-json\/wp\/v2\/media?parent=104018"}],"wp:term":[{"taxonomy":"category","embeddable":true,"href":"https:\/\/www.romeing.it\/it\/wp-json\/wp\/v2\/categories?post=104018"},{"taxonomy":"post_tag","embeddable":true,"href":"https:\/\/www.romeing.it\/it\/wp-json\/wp\/v2\/tags?post=104018"}],"curies":[{"name":"wp","href":"https:\/\/api.w.org\/{rel}","templated":true}]}}