{"id":104130,"date":"2022-09-21T13:00:01","date_gmt":"2022-09-21T13:00:01","guid":{"rendered":"https:\/\/www.romeing.it\/festa-birre-artigianali-eataly-roma\/"},"modified":"2025-12-03T08:43:17","modified_gmt":"2025-12-03T08:43:17","slug":"festa-birre-artigianali-eataly-roma","status":"publish","type":"post","link":"https:\/\/www.romeing.it\/it\/festa-birre-artigianali-eataly-roma\/","title":{"rendered":"Festa Delle Birre Artigianali Da Eataly"},"content":{"rendered":"\n<h2 class=\"wp-block-heading\" id=\"h-dal-29-settembre-al-2-ottobre-ti-aspetta-la-festa-delle-birre-artigianali-all-aperto\">Dal 29 settembre al 2 ottobre ti aspetta la Festa delle birre artigianali all&#8217;aperto!<\/h2>\n\n\n\n<p>Una grande festa dedicata alle birre artigianali ti aspetta! Dal&nbsp;<strong>29 settembre al 2 ottobre&nbsp;<\/strong>da <strong>Eataly all&#8217;aperto<\/strong> potrai gustare le migliori produzioni italiane e internazionali.<\/p>\n\n\n\n<p><strong>Oltre 60 birre artigianali diverse<\/strong>, tanti prodotti esclusivi e una selezione di&nbsp;<strong>sidro&nbsp;<\/strong>e&nbsp;<strong>birre gluten free<\/strong>&nbsp;da abbinare alle gustosissime&nbsp;<strong>proposte&nbsp;<\/strong>dei <strong>food truck<\/strong>!&nbsp;<br><br>Il tutto arricchito da una ricca programmazione musicale, per la prima volta in collaborazione tra&nbsp;<strong>Eataly Roma<\/strong>&nbsp;e il&nbsp;<strong>Monk Club<\/strong>, e tante attivit\u00e0, per una quattro giorni da non perdere!&nbsp;Per i pi\u00f9 piccoli ci sar\u00e0 un area kids con laboratori per bambini a cura dell&#8217;associazione&nbsp;<strong>Arcoiris<\/strong>.<\/p>\n\n\n\n<figure class=\"wp-block-image size-large\"><img decoding=\"async\" src=\"https:\/\/www.romeing.it\/wp-content\/uploads\/2025\/12\/Festa-delle-Birre-Artigianali-Eataly-Roma-1-1024x683.jpg\" alt=\"Festa-delle-Birre-Artigianali-Eataly-Roma\" class=\"wp-image-125213\"\/><\/figure>\n\n\n\n<h3 class=\"wp-block-heading\">I Birrifici presenti<\/h3>\n\n\n\n<p>\u2022 Altaquota<br>\u2022 Balabiott<br>\u2022 Baladin<br>\u2022 Beer Solutio<br>\u2022 Evoque Brewing<br>\u2022 Birra Losa &#8211; Birrificio Agricolo<br>\u2022 La casa di cura<br>\u2022 Oxiana<br>\u2022 Beer Fellas<\/p>\n\n\n\n<figure class=\"wp-block-image size-large\"><img decoding=\"async\" src=\"https:\/\/www.romeing.it\/wp-content\/uploads\/2025\/12\/Festa-delle-Birre-Artigianali-Eataly-Roma-5-1024x683.jpg\" alt=\"Festa-delle-Birre-Artigianali-Eataly-Roma\" class=\"wp-image-125211\"\/><\/figure>\n\n\n\n<h3 class=\"wp-block-heading\">Food<\/h3>\n\n\n\n<p>\u2022&nbsp;Polletti San Bartolomeo<br>\u2022 Cargo Burger Lab<br>\u2022 BBQ Chianina Station <br>\u2022 L\u2019Apulia food truck<br>\u2022 Phil&#8217;s Deli &#8211; Slow Smoked Barbecu<br>\u2022 Scottadito<br>\u2022 Pasticceria Lisita<\/p>\n\n\n\n<h3 class=\"wp-block-heading\">Drink<\/h3>\n\n\n\n<p>\u2022 Latta \u2013 Fermenti e miscele<br>\u2022 Bar Eataly<\/p>\n\n\n\n<h3 class=\"wp-block-heading\">Musica<\/h3>\n\n\n\n<p>Gli eventi musicali sono realizzati in collaborazione con Monk Club. Aprir\u00e0 la Festa delle Birre Artigianali&nbsp;Heartdeath alle 18.30 e, alle 21.30, entrer\u00e0 in scena Mojo Station. Venerd\u00ec spazio alla musica exotica, surf, dischi cinematici, latin soul con Luzy&nbsp;L e, a seguire, si passer\u00e0 al funky, groove, afrobeat, reggae con Roberta Strada.&nbsp;Sabato si alterneranno sul palco Leo Mastropierro&nbsp;e Yakuza. La Festa si concluder\u00e0 domenica con la black music e il roots rock di Cristiano Cervoni alle 18.30&nbsp;e il pop italiano di Poppy alle 21.30.<\/p>\n\n\n\n<hr class=\"wp-block-separator has-css-opacity\"\/>\n\n\n\n<p class=\"has-text-align-center\"><strong>29 settembre &#8211; 2 ottobre 2022<\/strong><\/p>\n\n\n\n<p class=\"has-text-align-center\">Eataly &#8211; Piazzale XII Ottobre 1492&nbsp; (Ostiense)<\/p>\n\n\n\n<p class=\"has-text-align-center\">18.00 &#8211; 01.00<\/p>\n\n\n\n<p class=\"has-text-align-center\"><a href=\"https:\/\/www.eataly.net\/it_it\/negozi\/roma\/ristoranti\" target=\"_blank\" rel=\"noreferrer noopener\">www.eataly.net\/it_it\/negozi\/roma\/ristoranti<\/a><\/p>\n","protected":false},"excerpt":{"rendered":"<p>Dal\u00a029 settembre al 2 ottobre\u00a0da Eataly, nel piazzante antistante il negozio, potrai gustare le migliori produzioni italiane e internazionali.<\/p>\n","protected":false},"author":2591,"featured_media":104134,"comment_status":"open","ping_status":"open","sticky":false,"template":"","format":"standard","meta":{"_uag_custom_page_level_css":"","footnotes":""},"categories":[580,598],"tags":[],"class_list":["post-104130","post","type-post","status-publish","format-standard","has-post-thumbnail","hentry","category-eventi-a-roma","category-mercatini-eventi-enogastronomici"],"featured_image_src":"https:\/\/www.romeing.it\/wp-content\/uploads\/2025\/12\/Festa-delle-Birre-Artigianali-Eataly-Roma-1-1.jpg","author_info":{"display_name":"Romeing Editorial Staff","author_link":"https:\/\/www.romeing.it\/it\/author\/romeing\/"},"yoast_head":"<!-- This site is optimized with the Yoast SEO Premium plugin v26.9 (Yoast SEO v27.5) - https:\/\/yoast.com\/product\/yoast-seo-premium-wordpress\/ -->\n<title>Festa Delle Birre Artigianali Da Eataly - Romeing<\/title>\n<meta name=\"description\" content=\"Dal\u00a029 settembre al 2 ottobre\u00a0da Eataly, nel piazzante antistante il negozio, potrai gustare le migliori produzioni italiane e internazionali.\" \/>\n<meta name=\"robots\" content=\"index, follow, max-snippet:-1, max-image-preview:large, max-video-preview:-1\" \/>\n<link rel=\"canonical\" href=\"https:\/\/www.romeing.it\/it\/festa-birre-artigianali-eataly-roma\/\" \/>\n<meta property=\"og:locale\" content=\"it_IT\" \/>\n<meta property=\"og:type\" content=\"article\" \/>\n<meta property=\"og:title\" content=\"Festa Delle Birre Artigianali Da Eataly\" \/>\n<meta property=\"og:description\" content=\"Dal\u00a029 settembre al 2 ottobre\u00a0da Eataly, nel piazzante antistante il negozio, potrai gustare le migliori produzioni italiane e internazionali.\" \/>\n<meta property=\"og:url\" content=\"https:\/\/www.romeing.it\/it\/festa-birre-artigianali-eataly-roma\/\" \/>\n<meta property=\"og:site_name\" content=\"Romeing | Rome&#039;s english magazine, events and exhibitions in Rome\" \/>\n<meta property=\"article:publisher\" content=\"https:\/\/www.facebook.com\/Romeing.it\" \/>\n<meta property=\"article:published_time\" content=\"2022-09-21T13:00:01+00:00\" \/>\n<meta property=\"article:modified_time\" content=\"2025-12-03T08:43:17+00:00\" \/>\n<meta property=\"og:image\" content=\"https:\/\/www.romeing.it\/wp-content\/uploads\/2025\/12\/Festa-delle-Birre-Artigianali-Eataly-Roma-1-1.jpg\" \/>\n\t<meta property=\"og:image:width\" content=\"1200\" \/>\n\t<meta property=\"og:image:height\" content=\"628\" \/>\n\t<meta property=\"og:image:type\" content=\"image\/jpeg\" \/>\n<meta name=\"author\" content=\"Romeing Editorial Staff\" \/>\n<meta name=\"twitter:card\" content=\"summary_large_image\" \/>\n<meta name=\"twitter:creator\" content=\"@romeing\" \/>\n<meta name=\"twitter:site\" content=\"@romeing\" \/>\n<meta name=\"twitter:label1\" content=\"Scritto da\" \/>\n\t<meta name=\"twitter:data1\" content=\"Romeing Editorial Staff\" \/>\n\t<meta name=\"twitter:label2\" content=\"Tempo di lettura stimato\" \/>\n\t<meta name=\"twitter:data2\" content=\"2 minuti\" \/>\n<script type=\"application\/ld+json\" class=\"yoast-schema-graph\">{\"@context\":\"https:\\\/\\\/schema.org\",\"@graph\":[{\"@type\":\"NewsArticle\",\"@id\":\"https:\\\/\\\/www.romeing.it\\\/it\\\/festa-birre-artigianali-eataly-roma\\\/#article\",\"isPartOf\":{\"@id\":\"https:\\\/\\\/www.romeing.it\\\/it\\\/festa-birre-artigianali-eataly-roma\\\/\"},\"author\":{\"name\":\"Romeing Editorial Staff\",\"@id\":\"https:\\\/\\\/www.romeing.it\\\/it\\\/#\\\/schema\\\/person\\\/d1016d571abf1cac761e7c6510dcf0a0\"},\"headline\":\"Festa Delle Birre Artigianali Da Eataly\",\"datePublished\":\"2022-09-21T13:00:01+00:00\",\"dateModified\":\"2025-12-03T08:43:17+00:00\",\"mainEntityOfPage\":{\"@id\":\"https:\\\/\\\/www.romeing.it\\\/it\\\/festa-birre-artigianali-eataly-roma\\\/\"},\"wordCount\":294,\"commentCount\":0,\"publisher\":{\"@id\":\"https:\\\/\\\/www.romeing.it\\\/it\\\/#organization\"},\"image\":{\"@id\":\"https:\\\/\\\/www.romeing.it\\\/it\\\/festa-birre-artigianali-eataly-roma\\\/#primaryimage\"},\"thumbnailUrl\":\"https:\\\/\\\/www.romeing.it\\\/wp-content\\\/uploads\\\/2025\\\/12\\\/Festa-delle-Birre-Artigianali-Eataly-Roma-1-1.jpg\",\"articleSection\":[\"Eventi a Roma\",\"Mercatini &amp; Eventi Enogastronomici\"],\"inLanguage\":\"it-IT\",\"potentialAction\":[{\"@type\":\"CommentAction\",\"name\":\"Comment\",\"target\":[\"https:\\\/\\\/www.romeing.it\\\/it\\\/festa-birre-artigianali-eataly-roma\\\/#respond\"]}],\"copyrightYear\":\"2022\",\"copyrightHolder\":{\"@id\":\"https:\\\/\\\/www.romeing.it\\\/#organization\"}},{\"@type\":\"WebPage\",\"@id\":\"https:\\\/\\\/www.romeing.it\\\/it\\\/festa-birre-artigianali-eataly-roma\\\/\",\"url\":\"https:\\\/\\\/www.romeing.it\\\/it\\\/festa-birre-artigianali-eataly-roma\\\/\",\"name\":\"Festa Delle Birre Artigianali Da Eataly - Romeing\",\"isPartOf\":{\"@id\":\"https:\\\/\\\/www.romeing.it\\\/it\\\/#website\"},\"primaryImageOfPage\":{\"@id\":\"https:\\\/\\\/www.romeing.it\\\/it\\\/festa-birre-artigianali-eataly-roma\\\/#primaryimage\"},\"image\":{\"@id\":\"https:\\\/\\\/www.romeing.it\\\/it\\\/festa-birre-artigianali-eataly-roma\\\/#primaryimage\"},\"thumbnailUrl\":\"https:\\\/\\\/www.romeing.it\\\/wp-content\\\/uploads\\\/2025\\\/12\\\/Festa-delle-Birre-Artigianali-Eataly-Roma-1-1.jpg\",\"datePublished\":\"2022-09-21T13:00:01+00:00\",\"dateModified\":\"2025-12-03T08:43:17+00:00\",\"description\":\"Dal\u00a029 settembre al 2 ottobre\u00a0da Eataly, nel piazzante antistante il negozio, potrai gustare le migliori produzioni italiane e internazionali.\",\"inLanguage\":\"it-IT\",\"potentialAction\":[{\"@type\":\"ReadAction\",\"target\":[\"https:\\\/\\\/www.romeing.it\\\/it\\\/festa-birre-artigianali-eataly-roma\\\/\"]}]},{\"@type\":\"ImageObject\",\"inLanguage\":\"it-IT\",\"@id\":\"https:\\\/\\\/www.romeing.it\\\/it\\\/festa-birre-artigianali-eataly-roma\\\/#primaryimage\",\"url\":\"https:\\\/\\\/www.romeing.it\\\/wp-content\\\/uploads\\\/2025\\\/12\\\/Festa-delle-Birre-Artigianali-Eataly-Roma-1-1.jpg\",\"contentUrl\":\"https:\\\/\\\/www.romeing.it\\\/wp-content\\\/uploads\\\/2025\\\/12\\\/Festa-delle-Birre-Artigianali-Eataly-Roma-1-1.jpg\",\"width\":1200,\"height\":628,\"caption\":\"Festa-delle-Birre-Artigianali-Eataly-Roma\"},{\"@type\":\"WebSite\",\"@id\":\"https:\\\/\\\/www.romeing.it\\\/it\\\/#website\",\"url\":\"https:\\\/\\\/www.romeing.it\\\/it\\\/\",\"name\":\"Romeing: Rome's english magazine, events and exhibitions in Rome\",\"description\":\"Romeing is the english magazine for tourists and expats visiting or living in Rome. A guide to the best things to do and see in Rome &amp; Florence, attractions and restaurants with a listing of events and exhibitions.\",\"publisher\":{\"@id\":\"https:\\\/\\\/www.romeing.it\\\/it\\\/#organization\"},\"potentialAction\":[{\"@type\":\"SearchAction\",\"target\":{\"@type\":\"EntryPoint\",\"urlTemplate\":\"https:\\\/\\\/www.romeing.it\\\/it\\\/?s={search_term_string}\"},\"query-input\":{\"@type\":\"PropertyValueSpecification\",\"valueRequired\":true,\"valueName\":\"search_term_string\"}}],\"inLanguage\":\"it-IT\"},{\"@type\":\"Organization\",\"@id\":\"https:\\\/\\\/www.romeing.it\\\/it\\\/#organization\",\"name\":\"Romeing srl\",\"url\":\"https:\\\/\\\/www.romeing.it\\\/it\\\/\",\"logo\":{\"@type\":\"ImageObject\",\"inLanguage\":\"it-IT\",\"@id\":\"https:\\\/\\\/www.romeing.it\\\/it\\\/#\\\/schema\\\/logo\\\/image\\\/\",\"url\":\"https:\\\/\\\/www.romeing.it\\\/wp-content\\\/uploads\\\/2025\\\/12\\\/logo-quadrato-romeing.jpg\",\"contentUrl\":\"https:\\\/\\\/www.romeing.it\\\/wp-content\\\/uploads\\\/2025\\\/12\\\/logo-quadrato-romeing.jpg\",\"width\":696,\"height\":696,\"caption\":\"Romeing srl\"},\"image\":{\"@id\":\"https:\\\/\\\/www.romeing.it\\\/it\\\/#\\\/schema\\\/logo\\\/image\\\/\"},\"sameAs\":[\"https:\\\/\\\/www.facebook.com\\\/Romeing.it\",\"https:\\\/\\\/x.com\\\/romeing\",\"https:\\\/\\\/www.instagram.com\\\/romeing_magazine\\\/\",\"https:\\\/\\\/www.linkedin.com\\\/company\\\/romeing-srl\\\/\",\"https:\\\/\\\/www.pinterest.it\\\/romeing\\\/pins\\\/\",\"https:\\\/\\\/www.youtube.com\\\/@RomeingIt\"],\"email\":\"info@romeing.it\",\"legalName\":\"Romeing Srl\",\"foundingDate\":\"2010-12-01\",\"vatID\":\"11115241009\"},{\"@type\":\"Person\",\"@id\":\"https:\\\/\\\/www.romeing.it\\\/it\\\/#\\\/schema\\\/person\\\/d1016d571abf1cac761e7c6510dcf0a0\",\"name\":\"Romeing Editorial Staff\",\"image\":{\"@type\":\"ImageObject\",\"inLanguage\":\"it-IT\",\"@id\":\"https:\\\/\\\/secure.gravatar.com\\\/avatar\\\/fa77907d763bad05dbb8a472492889275a24ec72dbee0f696cec3f344a78e384?s=96&d=mm&r=g\",\"url\":\"https:\\\/\\\/secure.gravatar.com\\\/avatar\\\/fa77907d763bad05dbb8a472492889275a24ec72dbee0f696cec3f344a78e384?s=96&d=mm&r=g\",\"contentUrl\":\"https:\\\/\\\/secure.gravatar.com\\\/avatar\\\/fa77907d763bad05dbb8a472492889275a24ec72dbee0f696cec3f344a78e384?s=96&d=mm&r=g\",\"caption\":\"Romeing Editorial Staff\"},\"description\":\"The Go-To Print And Online Magazine For Italian Destinations.\",\"url\":\"https:\\\/\\\/www.romeing.it\\\/it\\\/author\\\/romeing\\\/\"}]}<\/script>\n<!-- \/ Yoast SEO Premium plugin. -->","yoast_head_json":{"title":"Festa Delle Birre Artigianali Da Eataly - Romeing","description":"Dal\u00a029 settembre al 2 ottobre\u00a0da Eataly, nel piazzante antistante il negozio, potrai gustare le migliori produzioni italiane e internazionali.","robots":{"index":"index","follow":"follow","max-snippet":"max-snippet:-1","max-image-preview":"max-image-preview:large","max-video-preview":"max-video-preview:-1"},"canonical":"https:\/\/www.romeing.it\/it\/festa-birre-artigianali-eataly-roma\/","og_locale":"it_IT","og_type":"article","og_title":"Festa Delle Birre Artigianali Da Eataly","og_description":"Dal\u00a029 settembre al 2 ottobre\u00a0da Eataly, nel piazzante antistante il negozio, potrai gustare le migliori produzioni italiane e internazionali.","og_url":"https:\/\/www.romeing.it\/it\/festa-birre-artigianali-eataly-roma\/","og_site_name":"Romeing | Rome&#039;s english magazine, events and exhibitions in Rome","article_publisher":"https:\/\/www.facebook.com\/Romeing.it","article_published_time":"2022-09-21T13:00:01+00:00","article_modified_time":"2025-12-03T08:43:17+00:00","og_image":[{"width":1200,"height":628,"url":"https:\/\/www.romeing.it\/wp-content\/uploads\/2025\/12\/Festa-delle-Birre-Artigianali-Eataly-Roma-1-1.jpg","type":"image\/jpeg"}],"author":"Romeing Editorial Staff","twitter_card":"summary_large_image","twitter_creator":"@romeing","twitter_site":"@romeing","twitter_misc":{"Scritto da":"Romeing Editorial Staff","Tempo di lettura stimato":"2 minuti"},"schema":{"@context":"https:\/\/schema.org","@graph":[{"@type":"NewsArticle","@id":"https:\/\/www.romeing.it\/it\/festa-birre-artigianali-eataly-roma\/#article","isPartOf":{"@id":"https:\/\/www.romeing.it\/it\/festa-birre-artigianali-eataly-roma\/"},"author":{"name":"Romeing Editorial Staff","@id":"https:\/\/www.romeing.it\/it\/#\/schema\/person\/d1016d571abf1cac761e7c6510dcf0a0"},"headline":"Festa Delle Birre Artigianali Da Eataly","datePublished":"2022-09-21T13:00:01+00:00","dateModified":"2025-12-03T08:43:17+00:00","mainEntityOfPage":{"@id":"https:\/\/www.romeing.it\/it\/festa-birre-artigianali-eataly-roma\/"},"wordCount":294,"commentCount":0,"publisher":{"@id":"https:\/\/www.romeing.it\/it\/#organization"},"image":{"@id":"https:\/\/www.romeing.it\/it\/festa-birre-artigianali-eataly-roma\/#primaryimage"},"thumbnailUrl":"https:\/\/www.romeing.it\/wp-content\/uploads\/2025\/12\/Festa-delle-Birre-Artigianali-Eataly-Roma-1-1.jpg","articleSection":["Eventi a Roma","Mercatini &amp; Eventi Enogastronomici"],"inLanguage":"it-IT","potentialAction":[{"@type":"CommentAction","name":"Comment","target":["https:\/\/www.romeing.it\/it\/festa-birre-artigianali-eataly-roma\/#respond"]}],"copyrightYear":"2022","copyrightHolder":{"@id":"https:\/\/www.romeing.it\/#organization"}},{"@type":"WebPage","@id":"https:\/\/www.romeing.it\/it\/festa-birre-artigianali-eataly-roma\/","url":"https:\/\/www.romeing.it\/it\/festa-birre-artigianali-eataly-roma\/","name":"Festa Delle Birre Artigianali Da Eataly - Romeing","isPartOf":{"@id":"https:\/\/www.romeing.it\/it\/#website"},"primaryImageOfPage":{"@id":"https:\/\/www.romeing.it\/it\/festa-birre-artigianali-eataly-roma\/#primaryimage"},"image":{"@id":"https:\/\/www.romeing.it\/it\/festa-birre-artigianali-eataly-roma\/#primaryimage"},"thumbnailUrl":"https:\/\/www.romeing.it\/wp-content\/uploads\/2025\/12\/Festa-delle-Birre-Artigianali-Eataly-Roma-1-1.jpg","datePublished":"2022-09-21T13:00:01+00:00","dateModified":"2025-12-03T08:43:17+00:00","description":"Dal\u00a029 settembre al 2 ottobre\u00a0da Eataly, nel piazzante antistante il negozio, potrai gustare le migliori produzioni italiane e internazionali.","inLanguage":"it-IT","potentialAction":[{"@type":"ReadAction","target":["https:\/\/www.romeing.it\/it\/festa-birre-artigianali-eataly-roma\/"]}]},{"@type":"ImageObject","inLanguage":"it-IT","@id":"https:\/\/www.romeing.it\/it\/festa-birre-artigianali-eataly-roma\/#primaryimage","url":"https:\/\/www.romeing.it\/wp-content\/uploads\/2025\/12\/Festa-delle-Birre-Artigianali-Eataly-Roma-1-1.jpg","contentUrl":"https:\/\/www.romeing.it\/wp-content\/uploads\/2025\/12\/Festa-delle-Birre-Artigianali-Eataly-Roma-1-1.jpg","width":1200,"height":628,"caption":"Festa-delle-Birre-Artigianali-Eataly-Roma"},{"@type":"WebSite","@id":"https:\/\/www.romeing.it\/it\/#website","url":"https:\/\/www.romeing.it\/it\/","name":"Romeing: Rome's english magazine, events and exhibitions in Rome","description":"Romeing is the english magazine for tourists and expats visiting or living in Rome. A guide to the best things to do and see in Rome &amp; Florence, attractions and restaurants with a listing of events and exhibitions.","publisher":{"@id":"https:\/\/www.romeing.it\/it\/#organization"},"potentialAction":[{"@type":"SearchAction","target":{"@type":"EntryPoint","urlTemplate":"https:\/\/www.romeing.it\/it\/?s={search_term_string}"},"query-input":{"@type":"PropertyValueSpecification","valueRequired":true,"valueName":"search_term_string"}}],"inLanguage":"it-IT"},{"@type":"Organization","@id":"https:\/\/www.romeing.it\/it\/#organization","name":"Romeing srl","url":"https:\/\/www.romeing.it\/it\/","logo":{"@type":"ImageObject","inLanguage":"it-IT","@id":"https:\/\/www.romeing.it\/it\/#\/schema\/logo\/image\/","url":"https:\/\/www.romeing.it\/wp-content\/uploads\/2025\/12\/logo-quadrato-romeing.jpg","contentUrl":"https:\/\/www.romeing.it\/wp-content\/uploads\/2025\/12\/logo-quadrato-romeing.jpg","width":696,"height":696,"caption":"Romeing srl"},"image":{"@id":"https:\/\/www.romeing.it\/it\/#\/schema\/logo\/image\/"},"sameAs":["https:\/\/www.facebook.com\/Romeing.it","https:\/\/x.com\/romeing","https:\/\/www.instagram.com\/romeing_magazine\/","https:\/\/www.linkedin.com\/company\/romeing-srl\/","https:\/\/www.pinterest.it\/romeing\/pins\/","https:\/\/www.youtube.com\/@RomeingIt"],"email":"info@romeing.it","legalName":"Romeing Srl","foundingDate":"2010-12-01","vatID":"11115241009"},{"@type":"Person","@id":"https:\/\/www.romeing.it\/it\/#\/schema\/person\/d1016d571abf1cac761e7c6510dcf0a0","name":"Romeing Editorial Staff","image":{"@type":"ImageObject","inLanguage":"it-IT","@id":"https:\/\/secure.gravatar.com\/avatar\/fa77907d763bad05dbb8a472492889275a24ec72dbee0f696cec3f344a78e384?s=96&d=mm&r=g","url":"https:\/\/secure.gravatar.com\/avatar\/fa77907d763bad05dbb8a472492889275a24ec72dbee0f696cec3f344a78e384?s=96&d=mm&r=g","contentUrl":"https:\/\/secure.gravatar.com\/avatar\/fa77907d763bad05dbb8a472492889275a24ec72dbee0f696cec3f344a78e384?s=96&d=mm&r=g","caption":"Romeing Editorial Staff"},"description":"The Go-To Print And Online Magazine For Italian Destinations.","url":"https:\/\/www.romeing.it\/it\/author\/romeing\/"}]}},"uagb_featured_image_src":{"full":["https:\/\/www.romeing.it\/wp-content\/uploads\/2025\/12\/Festa-delle-Birre-Artigianali-Eataly-Roma-1-1.jpg",1200,628,false],"thumbnail":["https:\/\/www.romeing.it\/wp-content\/uploads\/2025\/12\/Festa-delle-Birre-Artigianali-Eataly-Roma-1-1-150x150.jpg",150,150,true],"medium":["https:\/\/www.romeing.it\/wp-content\/uploads\/2025\/12\/Festa-delle-Birre-Artigianali-Eataly-Roma-1-1-300x157.jpg",300,157,true],"medium_large":["https:\/\/www.romeing.it\/wp-content\/uploads\/2025\/12\/Festa-delle-Birre-Artigianali-Eataly-Roma-1-1-768x402.jpg",768,402,true],"large":["https:\/\/www.romeing.it\/wp-content\/uploads\/2025\/12\/Festa-delle-Birre-Artigianali-Eataly-Roma-1-1-1024x536.jpg",800,419,true],"1536x1536":["https:\/\/www.romeing.it\/wp-content\/uploads\/2025\/12\/Festa-delle-Birre-Artigianali-Eataly-Roma-1-1.jpg",1200,628,false],"2048x2048":["https:\/\/www.romeing.it\/wp-content\/uploads\/2025\/12\/Festa-delle-Birre-Artigianali-Eataly-Roma-1-1.jpg",1200,628,false]},"uagb_author_info":{"display_name":"Romeing Editorial Staff","author_link":"https:\/\/www.romeing.it\/it\/author\/romeing\/"},"uagb_comment_info":0,"uagb_excerpt":"Dal\u00a029 settembre al 2 ottobre\u00a0da Eataly, nel piazzante antistante il negozio, potrai gustare le migliori produzioni italiane e internazionali.","_links":{"self":[{"href":"https:\/\/www.romeing.it\/it\/wp-json\/wp\/v2\/posts\/104130","targetHints":{"allow":["GET"]}}],"collection":[{"href":"https:\/\/www.romeing.it\/it\/wp-json\/wp\/v2\/posts"}],"about":[{"href":"https:\/\/www.romeing.it\/it\/wp-json\/wp\/v2\/types\/post"}],"author":[{"embeddable":true,"href":"https:\/\/www.romeing.it\/it\/wp-json\/wp\/v2\/users\/2591"}],"replies":[{"embeddable":true,"href":"https:\/\/www.romeing.it\/it\/wp-json\/wp\/v2\/comments?post=104130"}],"version-history":[{"count":1,"href":"https:\/\/www.romeing.it\/it\/wp-json\/wp\/v2\/posts\/104130\/revisions"}],"predecessor-version":[{"id":104133,"href":"https:\/\/www.romeing.it\/it\/wp-json\/wp\/v2\/posts\/104130\/revisions\/104133"}],"wp:featuredmedia":[{"embeddable":true,"href":"https:\/\/www.romeing.it\/it\/wp-json\/wp\/v2\/media\/104134"}],"wp:attachment":[{"href":"https:\/\/www.romeing.it\/it\/wp-json\/wp\/v2\/media?parent=104130"}],"wp:term":[{"taxonomy":"category","embeddable":true,"href":"https:\/\/www.romeing.it\/it\/wp-json\/wp\/v2\/categories?post=104130"},{"taxonomy":"post_tag","embeddable":true,"href":"https:\/\/www.romeing.it\/it\/wp-json\/wp\/v2\/tags?post=104130"}],"curies":[{"name":"wp","href":"https:\/\/api.w.org\/{rel}","templated":true}]}}