{"id":104177,"date":"2022-11-01T10:22:47","date_gmt":"2022-11-01T10:22:47","guid":{"rendered":"https:\/\/www.romeing.it\/pasolini-tutto-santo-corpo-poetico-palazzo-delle-esposizioni\/"},"modified":"2025-12-03T16:56:07","modified_gmt":"2025-12-03T16:56:07","slug":"pasolini-tutto-santo-corpo-poetico-palazzo-delle-esposizioni","status":"publish","type":"post","link":"https:\/\/www.romeing.it\/it\/pasolini-tutto-santo-corpo-poetico-palazzo-delle-esposizioni\/","title":{"rendered":"Il corpo poetico. Pasolini in mostra a Palazzo delle Esposizioni"},"content":{"rendered":"\n<h2 class=\"wp-block-heading\" id=\"h-a-cento-anni-dalla-nascita-tre-sedi-museali-celebrano-pier-paolo-pasolini-con-il-progetto-espositivo-tutto-e-santo\">A cento anni dalla nascita tre sedi museali celebrano Pier Paolo Pasolini con il progetto espositivo <em>Tutto \u00e8 santo<\/em><\/h2>\n\n\n\n<p>A un secolo dalla nascita di <strong>Pier Paolo Pasolini<\/strong>, quel 5 marzo 1922, Roma con l\u2019<strong>Azienda Speciale Palaexpo, le Gallerie Nazionali di Arte Antica e il MAXXI Museo nazionale delle arti del XXI secolo<\/strong>, rende omaggio al <strong>poeta, regista, scrittore e artista<\/strong> con un grande progetto espositivo dal titolo <em><strong>Pier Paolo Pasolini. Tutto \u00e8 santo<\/strong><\/em>, in tre sedi museali.<\/p>\n\n\n\n<p>Si comincia da <strong>Palazzo delle Esposizioni<\/strong> dove la mostra <em><strong>Pier Paolo Pasolini. Tutto \u00e8 santo. Il corpo poetico<\/strong><\/em>, visitabile fino al <strong>26 febbraio<\/strong>, \u00e8 un viaggio a tutto tondo nella dimensione radicale di Pasolini autore, sempre vissuta attraverso una fisicit\u00e0 che attraversa il mondo come splendore e tragedia, in un amore estremo per la vita e per la realt\u00e0 straripante delle borgate e in un&#8217;opposizione profetica alla sottomissione dei corpi e dei volti, alle convenzioni e alle normalizzazioni omologanti.<\/p>\n\n\n\n<blockquote class=\"wp-block-quote is-layout-flow wp-block-quote-is-layout-flow\">\n<p>\u201cTutto \u00e8 santo\u2026Non c\u2019\u00e8 niente di naturale nella natura, ragazzo mio, tientelo bene a mente. Quando la natura ti sembrer\u00e0 naturale, tutto sar\u00e0 finito, e comincer\u00e0 qualcos\u2019altro\u201d.<\/p>\n<\/blockquote>\n\n\n\n<p>L\u2019idea del progetto si ispira a questa frase pronunciata dal saggio <strong>Chirone<\/strong> nel film <em><strong>Medea<\/strong><\/em> (1969), a ricordare la misteriosa sacralit\u00e0 del mondo del sottoproletariato, arcaico e religioso, in contrasto con gli eroi di un mondo laico, razionale, borghese.<\/p>\n\n\n\n<p>A partire dalla prima delle sette sezioni del percorso incontriamo il volto di Pasolini, nelle sue espressioni, nelle sue pieghe, come un\u2019autentica incarnazione della poesia.<\/p>\n\n\n\n<figure class=\"wp-block-image aligncenter size-large\"><img decoding=\"async\" src=\"https:\/\/www.romeing.it\/wp-content\/uploads\/2025\/12\/FOTO-2-2-1024x678.jpg\" alt=\"Il corpo poetico. Pasolini in mostra a Palazzo delle Esposizioni\" class=\"wp-image-126809\"\/><figcaption class=\"wp-element-caption\">Pier Paolo Pasolini con la madre Susanna nella loro casa in Via Carini a Roma, 23 maggio 1962. Fotografia di Vittorio La Verde \u00a9 GERARDO MARTORELLI<\/figcaption><\/figure>\n\n\n\n<blockquote class=\"wp-block-quote is-layout-flow wp-block-quote-is-layout-flow\">\n<p>\u201cIl dopo pranzo esco, e vado a spasso quasi sempre almeno fino alle due di notte: passo dalle borgate e dalla periferia pi\u00f9 affamata a qualche, non frequente, riunione con gli amici, Bertolucci, Bassani, Gadda, Moravia, la Morante, Citati\u2026Ma la maggior parte della mia vita la trascorro al di l\u00e0 del confine della citt\u00e0, oltre i capolinea\u201d.<\/p>\n<\/blockquote>\n\n\n\n<p>Ritroviamo lo scrittore ostaggio degli innumerevoli procedimenti giudiziari che per 25 anni hanno fatto di Pasolini vittima della magistratura, accompagnati da una quotidiana operazione di derisione su giornali, riviste, cinegiornali, volantini dove la lingua del disprezzo e dell\u2019odio ha come bersaglio l\u2019omosessualit\u00e0 del poeta.<\/p>\n\n\n\n<p>L\u2019anima dello scrittore ferocemente innamorato della vita, che divora senza limiti la sua abbondanza sconfinata, emerge nel percorso, curato da <strong>Giuseppe Garrera, Cesare Pietroiusti, Clara Tosi Pamphili e Olivier Saillard<\/strong>, attraverso la corporeit\u00e0 degli oggetti.<\/p>\n\n\n\n<p>I filmati e le fotografie, accanto alle testimonianze di chi Pasolini lo ha conosciuto, costituiscono la parte forse pi\u00f9 emozionante del percorso.<\/p>\n\n\n\n<p>Pasolini in Mali fotografato da <strong>Dacia Maraini<\/strong>, o ancora sul set di <em><strong>Comizi d\u2019amore<\/strong><\/em> &#8211; un documentario girato nel 1965 in giro per l\u2019Italia a intervistare gli italiani sulla sessualit\u00e0 &#8211; lascia il posto a giornali dell\u2019epoca, prime edizioni di libri, riviste sulle quali per la prima volta compaiono interviste, articoli, interventi.<\/p>\n\n\n\n<p>Con la loro consistenza massiccia, come fossero ancora adagiati sui corpi degli attori, i costumi dei film di Pasolini, realizzati da Danilo Donati, caratterizzano un\u2019interessante sezione della mostra co-curata da Olivier Saillard. Il pubblico li scruta come fossero ancora nella<strong> sartoria Farani<\/strong>, simili a testi da consultare, opere dell\u2019archivio di un museo dedicato al suo cinema.<\/p>\n\n\n\n<p>Tra queste autentiche opere artistiche concettuali capaci di assecondare la volont\u00e0 del regista sbucano la tunica per ancella dell\u2019<em><strong>Edipo Re<\/strong><\/em>, la tunica Aziz per <strong>Ninetto Davoli<\/strong> ne <em><strong>Il fiore delle mille e una notte<\/strong><\/em>, e ancora i costumi de <em><strong>Il Vangelo secondo Matteo<\/strong><\/em>, il primo film pasoliniano nel quale i costumi hanno una fondamentale funzione espressiva.<\/p>\n\n\n\n<p>Oltre ai dattiloscritti, ai ciclostilati, ai filmati, non manca la musica a impreziosire una delle sette sezioni del percorso allestito, con la sua selezione di oltre <strong>700 pezzi<\/strong>, all\u2019interno delle sale del piano nobile del Palazzo delle Esposizioni. Il ritratto inedito del grande intellettuale italiano passa infatti anche attraverso i nastri e i dischi.<\/p>\n\n\n\n<figure class=\"wp-block-image aligncenter size-large\"><img decoding=\"async\" src=\"https:\/\/www.romeing.it\/wp-content\/uploads\/2025\/12\/FOTO-5-1024x683.jpg\" alt=\"Il corpo poetico. Pasolini in mostra a Palazzo delle Esposizioni\" class=\"wp-image-126813\"\/><figcaption class=\"wp-element-caption\"><em>Pier Paolo Pasolini. Tutto \u00e8 santo. Il corpo poetico<\/em>, Allestimento | Foto: Paolo Darra<\/figcaption><\/figure>\n\n\n\n<p>Nella sezione <em><strong>Voci &#8211; di popolo e di poeta<\/strong><\/em> le incisioni discografiche dei canti dei lavoratori, di quelli dialettali, rivoluzionari e di protesta, registrati e raccolti negli anni Sessanta e Settanta, attestano un patrimonio immenso ormai inabissato. Qui \u00e8 presentata al pubblico tutta la produzione sonora e musicale di Pasolini: le incisioni discografiche in 33 e 45 giri della sua voce, di musiche e canzoni, oltre ai libretti di sala e alle immagini degli spettacoli di <strong>Laura Betti, Sergio Endrigo, Domenico Modugno, Gabriella Ferri<\/strong>.<\/p>\n\n\n\n<p>L\u2019intrattenimento \u00e8 uno dei dispositivi pi\u00f9 offensivi e sprezzanti, e al contempo uno dei pi\u00f9 efficaci, nella trasformazione dei cittadini in sudditi. \u201c<em>Mia madre e mia zia sono tra i dannati che vedono la televisione tutte le sere<\/em>\u201d, scriver\u00e0 da l\u00ec a pochi anni Pasolini.<\/p>\n\n\n\n<p>Questa sezione accoglie <em><strong>Canzonette<\/strong><\/em>, un vinile realizzato espressamente da <strong>Bomba Dischi<\/strong>, in collaborazione con <strong>GUCCI<\/strong>, sponsor del progetto, con Ariete, Franco126, CLAVDIO, Giorgio Poi, POP X &amp; Giacomo Laser, un omaggio alla musica scritta e amata da Pasolini.<\/p>\n\n\n\n<p>Il miracolo della diversit\u00e0 dei volti e di un pensare anarchico, la sacralit\u00e0 della donna come appartenente a una \u201crazza sacra\u201d che assume su di s\u00e9 il dolore dei millenni fatto di esclusione e pregiudizio, irrisione e demonizzazione, un Sud visto come orizzonte di alterit\u00e0 e salvezza sono tematiche che attraversano tutta l\u2019opera di Pasolini, come anche l\u2019amore o lo struggimento per i dialetti e le parlate, per la progressiva scomparsa delle voci e dei canti del popolo provocata dall&#8217;omologazione televisiva, la centralit\u00e0 della povert\u00e0 come dimensione umana reale di fronte all&#8217;irrealt\u00e0 alienata del consumismo.<\/p>\n\n\n\n<figure class=\"wp-block-image aligncenter size-large\"><img decoding=\"async\" src=\"https:\/\/www.romeing.it\/wp-content\/uploads\/2025\/12\/FOTO-3.jpg\" alt=\"Il corpo poetico. Pasolini in mostra a Palazzo delle Esposizioni\" class=\"wp-image-126811\"\/><figcaption class=\"wp-element-caption\">Pier Paolo Pasolini. Stadio Flaminio, Roma, 1974 | Fotografia di Aldo Durazzi Agenzia Du foto \u00a9 ALBERTO DURAZZI<\/figcaption><\/figure>\n\n\n\n<p>Il pubblico segue lo scrittore, poeta e regista Pasolini e lo ritrova nel sogno di una visionaria partitella al Trullo, una visione di Paradiso, e ancora sui campi da calcio, allo stadio Flaminio a disputare, il 22 febbraio 1975, l\u2019amichevole tra i circensi del circo Orfei e i protagonisti dello spettacolo, ma soprattutto nella sua casa di via Carini o nell\u2019appartamento di via Eufrate.<\/p>\n\n\n\n<p>E soprattutto nelle periferie di Roma.<\/p>\n\n\n\n<figure class=\"wp-block-image aligncenter size-full\"><img decoding=\"async\" src=\"https:\/\/www.romeing.it\/wp-content\/uploads\/2025\/12\/pasolini-palazzo-esposizioni.jpg\" alt=\"Il corpo poetico. Pasolini in mostra a Palazzo delle Esposizioni\" class=\"wp-image-126861\"\/><figcaption class=\"wp-element-caption\">Pier Paolo Pasolini sulla riva del Tevere a Roma, Fotografia Gabriella Drudi, anni Cinquanta | Courtesy Fondazione Toti Scialoja, Roma<\/figcaption><\/figure>\n\n\n\n<p>Ed ecco l\u2019incontro con la citt\u00e0 eterna, regno e gloria di Sodoma, la citt\u00e0 dove, dopo aver lasciato precipitosamente Casarsa e il Friuli in seguito all\u2019imputazione di atti osceni in luogo pubblico e di corruzione di minore, Pasolini arriva all\u2019alba del 28 gennaio 1950 assieme alla madre Susanna.<\/p>\n\n\n\n<blockquote class=\"wp-block-quote is-layout-flow wp-block-quote-is-layout-flow\">\n<p>\u201cIo sto diventando romano, non so pi\u00f9 spiccicare una parola in veneto o in friulano e dico li mortacci tua. Faccio il bagno nel Tevere\u201d scriveva al cugino Nico Naldini.<\/p>\n<\/blockquote>\n\n\n\n<p>E due anni dopo all\u2019amico <strong>Giacinto Spagnoletti<\/strong>: \u201c<em>Tu sapessi che cosa \u00e8 Roma! Tutta vizio e sole, croste e luce: un popolo invasato dalla gioia di vivere, dall\u2019esibizionismo e dalla sensualit\u00e0 contagiosi, che riempie le periferie. Sono proprio perduto qui in mezzo<\/em>\u201d.<\/p>\n\n\n\n<p>Tra i ricordi di chi lo ha conosciuto c\u2019\u00e8 anche quello del poeta <strong>Sandro Penna<\/strong>: &#8220;<em>Era buono, dolcissimo e bello. I miei ragazzi lo guardavano e dicevano: sembra la luna\u201d.<\/em><\/p>\n\n\n\n<figure class=\"wp-block-image size-large\"><img decoding=\"async\" src=\"https:\/\/www.romeing.it\/wp-content\/uploads\/2025\/12\/FOTO-6-3-1024x683.jpg\" alt=\"Il corpo poetico. Pasolini in mostra a Palazzo delle Esposizioni\" class=\"wp-image-126815\"\/><figcaption class=\"wp-element-caption\"><em>Pier Paolo Pasolini. Tutto \u00e8 santo. Il corpo poetico<\/em>, Allestimento | Foto: Paolo Darra<\/figcaption><\/figure>\n\n\n\n<p>Prima di lasciare la mostra i visitatori sono invitati a intrattenersi nello spazio circolare della Rotonda, trasformato per l\u2019occasione in una grande sala-lettura con numerose edizioni di libri su e di Pier Paolo Pasolini liberamente fruibili.<\/p>\n\n\n\n<p>La mostra fa parte del programma <em>PPP100-Roma Racconta Pasolini<\/em> promosso da Roma Capitale Assessorato alla Cultura con il coordinamento del Dipartimento Attivit\u00e0 Culturali.<\/p>\n\n\n\n<hr class=\"wp-block-separator has-alpha-channel-opacity\"\/>\n\n\n\n<p class=\"has-text-align-center\"><strong>Fino al 26 febbraio 2023<\/strong><\/p>\n\n\n\n<p class=\"has-text-align-center\">Palazzo delle Esposizioni<\/p>\n\n\n\n<p class=\"has-text-align-center\">Via Nazionale, 194<\/p>\n\n\n\n<p class=\"has-text-align-center\"><strong>Orari di apertura: <\/strong>Marted\u00ec &#8211; Domenica 10.00-20.00<\/p>\n\n\n\n<p class=\"has-text-align-center\"><strong>Biglietti:<\/strong> Intero \u20ac10, Ridotto \u20ac8 &#8211; \u20ac4<\/p>\n\n\n\n<p class=\"has-text-align-center\"><a href=\"https:\/\/www.palazzoesposizioni.it\/\" target=\"_blank\" rel=\"noreferrer noopener\">palazzoesposizioni.it<\/a><\/p>\n\n\n\n<div class=\"wp-block-buttons is-horizontal is-content-justification-center is-layout-flex wp-container-core-buttons-is-layout-03627597 wp-block-buttons-is-layout-flex\">\n<div class=\"wp-block-button\"><a class=\"wp-block-button__link has-vivid-red-background-color has-background wp-element-button\" href=\"https:\/\/www.romeing.it\/it\/mostre-a-roma\/\">LE MIGLIORI MOSTRE A ROMA<\/a><\/div>\n\n\n\n<div class=\"wp-block-button\"><a class=\"wp-block-button__link has-vivid-red-background-color has-background wp-element-button\" href=\"https:\/\/www.romeing.it\/it\/la-tua-guida-ai-musei-di-roma\/\">GUIDA AI MUSEI DI ROMA<\/a><\/div>\n<\/div>\n","protected":false},"excerpt":{"rendered":"<p>Il corpo poetico. A Palazzo delle Esposizioni una delle tre mostre dedicate a Pier Paolo Pasolini in occasione del centenario della nascita.<\/p>\n","protected":false},"author":2673,"featured_media":23104,"comment_status":"open","ping_status":"open","sticky":false,"template":"","format":"standard","meta":{"_uag_custom_page_level_css":"","footnotes":""},"categories":[580,592],"tags":[],"class_list":["post-104177","post","type-post","status-publish","format-standard","has-post-thumbnail","hentry","category-eventi-a-roma","category-mostre-a-roma"],"featured_image_src":"https:\/\/www.romeing.it\/wp-content\/uploads\/2025\/09\/foto-1.jpg","author_info":{"display_name":"Samantha De Martin","author_link":"https:\/\/www.romeing.it\/it\/author\/samantha84\/"},"yoast_head":"<!-- This site is optimized with the Yoast SEO Premium plugin v26.9 (Yoast SEO v27.5) - https:\/\/yoast.com\/product\/yoast-seo-premium-wordpress\/ -->\n<title>Il corpo poetico. Pasolini in mostra a Palazzo delle Esposizioni<\/title>\n<meta name=\"description\" content=\"Il corpo poetico. A Palazzo delle Esposizioni una delle tre mostre dedicate a Pier Paolo Pasolini in occasione del centenario della nascita.\" \/>\n<meta name=\"robots\" content=\"index, follow, max-snippet:-1, max-image-preview:large, max-video-preview:-1\" \/>\n<link rel=\"canonical\" href=\"https:\/\/www.romeing.it\/it\/pasolini-tutto-santo-corpo-poetico-palazzo-delle-esposizioni\/\" \/>\n<meta property=\"og:locale\" content=\"it_IT\" \/>\n<meta property=\"og:type\" content=\"article\" \/>\n<meta property=\"og:title\" content=\"Il corpo poetico. Pasolini in mostra a Palazzo delle Esposizioni\" \/>\n<meta property=\"og:description\" content=\"Il corpo poetico. A Palazzo delle Esposizioni una delle tre mostre dedicate a Pier Paolo Pasolini in occasione del centenario della nascita.\" \/>\n<meta property=\"og:url\" content=\"https:\/\/www.romeing.it\/it\/pasolini-tutto-santo-corpo-poetico-palazzo-delle-esposizioni\/\" \/>\n<meta property=\"og:site_name\" content=\"Romeing | Rome&#039;s english magazine, events and exhibitions in Rome\" \/>\n<meta property=\"article:publisher\" content=\"https:\/\/www.facebook.com\/Romeing.it\" \/>\n<meta property=\"article:published_time\" content=\"2022-11-01T10:22:47+00:00\" \/>\n<meta property=\"article:modified_time\" content=\"2025-12-03T16:56:07+00:00\" \/>\n<meta property=\"og:image\" content=\"https:\/\/www.romeing.it\/wp-content\/uploads\/2025\/09\/foto-1.jpg\" \/>\n\t<meta property=\"og:image:width\" content=\"1200\" \/>\n\t<meta property=\"og:image:height\" content=\"675\" \/>\n\t<meta property=\"og:image:type\" content=\"image\/jpeg\" \/>\n<meta name=\"author\" content=\"Samantha De Martin\" \/>\n<meta name=\"twitter:card\" content=\"summary_large_image\" \/>\n<meta name=\"twitter:creator\" content=\"@romeing\" \/>\n<meta name=\"twitter:site\" content=\"@romeing\" \/>\n<meta name=\"twitter:label1\" content=\"Scritto da\" \/>\n\t<meta name=\"twitter:data1\" content=\"Samantha De Martin\" \/>\n\t<meta name=\"twitter:label2\" content=\"Tempo di lettura stimato\" \/>\n\t<meta name=\"twitter:data2\" content=\"7 minuti\" \/>\n<script type=\"application\/ld+json\" class=\"yoast-schema-graph\">{\"@context\":\"https:\\\/\\\/schema.org\",\"@graph\":[{\"@type\":\"NewsArticle\",\"@id\":\"https:\\\/\\\/www.romeing.it\\\/it\\\/pasolini-tutto-santo-corpo-poetico-palazzo-delle-esposizioni\\\/#article\",\"isPartOf\":{\"@id\":\"https:\\\/\\\/www.romeing.it\\\/it\\\/pasolini-tutto-santo-corpo-poetico-palazzo-delle-esposizioni\\\/\"},\"author\":{\"name\":\"Samantha De Martin\",\"@id\":\"https:\\\/\\\/www.romeing.it\\\/it\\\/#\\\/schema\\\/person\\\/98c8a79b65c7e5f03b76027f64b4ce99\"},\"headline\":\"Il corpo poetico. Pasolini in mostra a Palazzo delle Esposizioni\",\"datePublished\":\"2022-11-01T10:22:47+00:00\",\"dateModified\":\"2025-12-03T16:56:07+00:00\",\"mainEntityOfPage\":{\"@id\":\"https:\\\/\\\/www.romeing.it\\\/it\\\/pasolini-tutto-santo-corpo-poetico-palazzo-delle-esposizioni\\\/\"},\"wordCount\":1287,\"commentCount\":0,\"publisher\":{\"@id\":\"https:\\\/\\\/www.romeing.it\\\/it\\\/#organization\"},\"image\":{\"@id\":\"https:\\\/\\\/www.romeing.it\\\/it\\\/pasolini-tutto-santo-corpo-poetico-palazzo-delle-esposizioni\\\/#primaryimage\"},\"thumbnailUrl\":\"https:\\\/\\\/www.romeing.it\\\/wp-content\\\/uploads\\\/2025\\\/09\\\/foto-1.jpg\",\"articleSection\":[\"Eventi a Roma\",\"Mostre\"],\"inLanguage\":\"it-IT\",\"potentialAction\":[{\"@type\":\"CommentAction\",\"name\":\"Comment\",\"target\":[\"https:\\\/\\\/www.romeing.it\\\/it\\\/pasolini-tutto-santo-corpo-poetico-palazzo-delle-esposizioni\\\/#respond\"]}],\"copyrightYear\":\"2022\",\"copyrightHolder\":{\"@id\":\"https:\\\/\\\/www.romeing.it\\\/#organization\"}},{\"@type\":\"WebPage\",\"@id\":\"https:\\\/\\\/www.romeing.it\\\/it\\\/pasolini-tutto-santo-corpo-poetico-palazzo-delle-esposizioni\\\/\",\"url\":\"https:\\\/\\\/www.romeing.it\\\/it\\\/pasolini-tutto-santo-corpo-poetico-palazzo-delle-esposizioni\\\/\",\"name\":\"Il corpo poetico. Pasolini in mostra a Palazzo delle Esposizioni\",\"isPartOf\":{\"@id\":\"https:\\\/\\\/www.romeing.it\\\/it\\\/#website\"},\"primaryImageOfPage\":{\"@id\":\"https:\\\/\\\/www.romeing.it\\\/it\\\/pasolini-tutto-santo-corpo-poetico-palazzo-delle-esposizioni\\\/#primaryimage\"},\"image\":{\"@id\":\"https:\\\/\\\/www.romeing.it\\\/it\\\/pasolini-tutto-santo-corpo-poetico-palazzo-delle-esposizioni\\\/#primaryimage\"},\"thumbnailUrl\":\"https:\\\/\\\/www.romeing.it\\\/wp-content\\\/uploads\\\/2025\\\/09\\\/foto-1.jpg\",\"datePublished\":\"2022-11-01T10:22:47+00:00\",\"dateModified\":\"2025-12-03T16:56:07+00:00\",\"description\":\"Il corpo poetico. A Palazzo delle Esposizioni una delle tre mostre dedicate a Pier Paolo Pasolini in occasione del centenario della nascita.\",\"inLanguage\":\"it-IT\",\"potentialAction\":[{\"@type\":\"ReadAction\",\"target\":[\"https:\\\/\\\/www.romeing.it\\\/it\\\/pasolini-tutto-santo-corpo-poetico-palazzo-delle-esposizioni\\\/\"]}]},{\"@type\":\"ImageObject\",\"inLanguage\":\"it-IT\",\"@id\":\"https:\\\/\\\/www.romeing.it\\\/it\\\/pasolini-tutto-santo-corpo-poetico-palazzo-delle-esposizioni\\\/#primaryimage\",\"url\":\"https:\\\/\\\/www.romeing.it\\\/wp-content\\\/uploads\\\/2025\\\/09\\\/foto-1.jpg\",\"contentUrl\":\"https:\\\/\\\/www.romeing.it\\\/wp-content\\\/uploads\\\/2025\\\/09\\\/foto-1.jpg\",\"width\":1200,\"height\":675,\"caption\":\"Da sinistra: Alberto Moravia, Dacia Maraini, Pier Paolo Pasolini, persona non identificata, Maria Callas. Polaroid\"},{\"@type\":\"WebSite\",\"@id\":\"https:\\\/\\\/www.romeing.it\\\/it\\\/#website\",\"url\":\"https:\\\/\\\/www.romeing.it\\\/it\\\/\",\"name\":\"Romeing: Rome's english magazine, events and exhibitions in Rome\",\"description\":\"Romeing is the english magazine for tourists and expats visiting or living in Rome. A guide to the best things to do and see in Rome &amp; Florence, attractions and restaurants with a listing of events and exhibitions.\",\"publisher\":{\"@id\":\"https:\\\/\\\/www.romeing.it\\\/it\\\/#organization\"},\"potentialAction\":[{\"@type\":\"SearchAction\",\"target\":{\"@type\":\"EntryPoint\",\"urlTemplate\":\"https:\\\/\\\/www.romeing.it\\\/it\\\/?s={search_term_string}\"},\"query-input\":{\"@type\":\"PropertyValueSpecification\",\"valueRequired\":true,\"valueName\":\"search_term_string\"}}],\"inLanguage\":\"it-IT\"},{\"@type\":\"Organization\",\"@id\":\"https:\\\/\\\/www.romeing.it\\\/it\\\/#organization\",\"name\":\"Romeing srl\",\"url\":\"https:\\\/\\\/www.romeing.it\\\/it\\\/\",\"logo\":{\"@type\":\"ImageObject\",\"inLanguage\":\"it-IT\",\"@id\":\"https:\\\/\\\/www.romeing.it\\\/it\\\/#\\\/schema\\\/logo\\\/image\\\/\",\"url\":\"https:\\\/\\\/www.romeing.it\\\/wp-content\\\/uploads\\\/2025\\\/12\\\/logo-quadrato-romeing.jpg\",\"contentUrl\":\"https:\\\/\\\/www.romeing.it\\\/wp-content\\\/uploads\\\/2025\\\/12\\\/logo-quadrato-romeing.jpg\",\"width\":696,\"height\":696,\"caption\":\"Romeing srl\"},\"image\":{\"@id\":\"https:\\\/\\\/www.romeing.it\\\/it\\\/#\\\/schema\\\/logo\\\/image\\\/\"},\"sameAs\":[\"https:\\\/\\\/www.facebook.com\\\/Romeing.it\",\"https:\\\/\\\/x.com\\\/romeing\",\"https:\\\/\\\/www.instagram.com\\\/romeing_magazine\\\/\",\"https:\\\/\\\/www.linkedin.com\\\/company\\\/romeing-srl\\\/\",\"https:\\\/\\\/www.pinterest.it\\\/romeing\\\/pins\\\/\",\"https:\\\/\\\/www.youtube.com\\\/@RomeingIt\"],\"email\":\"info@romeing.it\",\"legalName\":\"Romeing Srl\",\"foundingDate\":\"2010-12-01\",\"vatID\":\"11115241009\"},{\"@type\":\"Person\",\"@id\":\"https:\\\/\\\/www.romeing.it\\\/it\\\/#\\\/schema\\\/person\\\/98c8a79b65c7e5f03b76027f64b4ce99\",\"name\":\"Samantha De Martin\",\"image\":{\"@type\":\"ImageObject\",\"inLanguage\":\"it-IT\",\"@id\":\"https:\\\/\\\/secure.gravatar.com\\\/avatar\\\/3c9b922db1204b0a2ce3944404fc686837d096544b716dcafb5e4305ef77e262?s=96&d=mm&r=g\",\"url\":\"https:\\\/\\\/secure.gravatar.com\\\/avatar\\\/3c9b922db1204b0a2ce3944404fc686837d096544b716dcafb5e4305ef77e262?s=96&d=mm&r=g\",\"contentUrl\":\"https:\\\/\\\/secure.gravatar.com\\\/avatar\\\/3c9b922db1204b0a2ce3944404fc686837d096544b716dcafb5e4305ef77e262?s=96&d=mm&r=g\",\"caption\":\"Samantha De Martin\"},\"description\":\"Giornalista professionista, curiosa, viaggiatrice instancabile. Amo il mare e adoro praticare vela. Sono appassionata di arte e, nel tempo libero, mi piace dedicarmi alla fotografia. Vivo a Roma da vent'anni e adoro scoprire in bicicletta gli angoli pi\u00f9 nascosti della citt\u00e0, sempre con un foglio ed una penna in tasca.\",\"url\":\"https:\\\/\\\/www.romeing.it\\\/it\\\/author\\\/samantha84\\\/\"}]}<\/script>\n<!-- \/ Yoast SEO Premium plugin. -->","yoast_head_json":{"title":"Il corpo poetico. Pasolini in mostra a Palazzo delle Esposizioni","description":"Il corpo poetico. A Palazzo delle Esposizioni una delle tre mostre dedicate a Pier Paolo Pasolini in occasione del centenario della nascita.","robots":{"index":"index","follow":"follow","max-snippet":"max-snippet:-1","max-image-preview":"max-image-preview:large","max-video-preview":"max-video-preview:-1"},"canonical":"https:\/\/www.romeing.it\/it\/pasolini-tutto-santo-corpo-poetico-palazzo-delle-esposizioni\/","og_locale":"it_IT","og_type":"article","og_title":"Il corpo poetico. Pasolini in mostra a Palazzo delle Esposizioni","og_description":"Il corpo poetico. A Palazzo delle Esposizioni una delle tre mostre dedicate a Pier Paolo Pasolini in occasione del centenario della nascita.","og_url":"https:\/\/www.romeing.it\/it\/pasolini-tutto-santo-corpo-poetico-palazzo-delle-esposizioni\/","og_site_name":"Romeing | Rome&#039;s english magazine, events and exhibitions in Rome","article_publisher":"https:\/\/www.facebook.com\/Romeing.it","article_published_time":"2022-11-01T10:22:47+00:00","article_modified_time":"2025-12-03T16:56:07+00:00","og_image":[{"width":1200,"height":675,"url":"https:\/\/www.romeing.it\/wp-content\/uploads\/2025\/09\/foto-1.jpg","type":"image\/jpeg"}],"author":"Samantha De Martin","twitter_card":"summary_large_image","twitter_creator":"@romeing","twitter_site":"@romeing","twitter_misc":{"Scritto da":"Samantha De Martin","Tempo di lettura stimato":"7 minuti"},"schema":{"@context":"https:\/\/schema.org","@graph":[{"@type":"NewsArticle","@id":"https:\/\/www.romeing.it\/it\/pasolini-tutto-santo-corpo-poetico-palazzo-delle-esposizioni\/#article","isPartOf":{"@id":"https:\/\/www.romeing.it\/it\/pasolini-tutto-santo-corpo-poetico-palazzo-delle-esposizioni\/"},"author":{"name":"Samantha De Martin","@id":"https:\/\/www.romeing.it\/it\/#\/schema\/person\/98c8a79b65c7e5f03b76027f64b4ce99"},"headline":"Il corpo poetico. Pasolini in mostra a Palazzo delle Esposizioni","datePublished":"2022-11-01T10:22:47+00:00","dateModified":"2025-12-03T16:56:07+00:00","mainEntityOfPage":{"@id":"https:\/\/www.romeing.it\/it\/pasolini-tutto-santo-corpo-poetico-palazzo-delle-esposizioni\/"},"wordCount":1287,"commentCount":0,"publisher":{"@id":"https:\/\/www.romeing.it\/it\/#organization"},"image":{"@id":"https:\/\/www.romeing.it\/it\/pasolini-tutto-santo-corpo-poetico-palazzo-delle-esposizioni\/#primaryimage"},"thumbnailUrl":"https:\/\/www.romeing.it\/wp-content\/uploads\/2025\/09\/foto-1.jpg","articleSection":["Eventi a Roma","Mostre"],"inLanguage":"it-IT","potentialAction":[{"@type":"CommentAction","name":"Comment","target":["https:\/\/www.romeing.it\/it\/pasolini-tutto-santo-corpo-poetico-palazzo-delle-esposizioni\/#respond"]}],"copyrightYear":"2022","copyrightHolder":{"@id":"https:\/\/www.romeing.it\/#organization"}},{"@type":"WebPage","@id":"https:\/\/www.romeing.it\/it\/pasolini-tutto-santo-corpo-poetico-palazzo-delle-esposizioni\/","url":"https:\/\/www.romeing.it\/it\/pasolini-tutto-santo-corpo-poetico-palazzo-delle-esposizioni\/","name":"Il corpo poetico. Pasolini in mostra a Palazzo delle Esposizioni","isPartOf":{"@id":"https:\/\/www.romeing.it\/it\/#website"},"primaryImageOfPage":{"@id":"https:\/\/www.romeing.it\/it\/pasolini-tutto-santo-corpo-poetico-palazzo-delle-esposizioni\/#primaryimage"},"image":{"@id":"https:\/\/www.romeing.it\/it\/pasolini-tutto-santo-corpo-poetico-palazzo-delle-esposizioni\/#primaryimage"},"thumbnailUrl":"https:\/\/www.romeing.it\/wp-content\/uploads\/2025\/09\/foto-1.jpg","datePublished":"2022-11-01T10:22:47+00:00","dateModified":"2025-12-03T16:56:07+00:00","description":"Il corpo poetico. A Palazzo delle Esposizioni una delle tre mostre dedicate a Pier Paolo Pasolini in occasione del centenario della nascita.","inLanguage":"it-IT","potentialAction":[{"@type":"ReadAction","target":["https:\/\/www.romeing.it\/it\/pasolini-tutto-santo-corpo-poetico-palazzo-delle-esposizioni\/"]}]},{"@type":"ImageObject","inLanguage":"it-IT","@id":"https:\/\/www.romeing.it\/it\/pasolini-tutto-santo-corpo-poetico-palazzo-delle-esposizioni\/#primaryimage","url":"https:\/\/www.romeing.it\/wp-content\/uploads\/2025\/09\/foto-1.jpg","contentUrl":"https:\/\/www.romeing.it\/wp-content\/uploads\/2025\/09\/foto-1.jpg","width":1200,"height":675,"caption":"Da sinistra: Alberto Moravia, Dacia Maraini, Pier Paolo Pasolini, persona non identificata, Maria Callas. Polaroid"},{"@type":"WebSite","@id":"https:\/\/www.romeing.it\/it\/#website","url":"https:\/\/www.romeing.it\/it\/","name":"Romeing: Rome's english magazine, events and exhibitions in Rome","description":"Romeing is the english magazine for tourists and expats visiting or living in Rome. A guide to the best things to do and see in Rome &amp; Florence, attractions and restaurants with a listing of events and exhibitions.","publisher":{"@id":"https:\/\/www.romeing.it\/it\/#organization"},"potentialAction":[{"@type":"SearchAction","target":{"@type":"EntryPoint","urlTemplate":"https:\/\/www.romeing.it\/it\/?s={search_term_string}"},"query-input":{"@type":"PropertyValueSpecification","valueRequired":true,"valueName":"search_term_string"}}],"inLanguage":"it-IT"},{"@type":"Organization","@id":"https:\/\/www.romeing.it\/it\/#organization","name":"Romeing srl","url":"https:\/\/www.romeing.it\/it\/","logo":{"@type":"ImageObject","inLanguage":"it-IT","@id":"https:\/\/www.romeing.it\/it\/#\/schema\/logo\/image\/","url":"https:\/\/www.romeing.it\/wp-content\/uploads\/2025\/12\/logo-quadrato-romeing.jpg","contentUrl":"https:\/\/www.romeing.it\/wp-content\/uploads\/2025\/12\/logo-quadrato-romeing.jpg","width":696,"height":696,"caption":"Romeing srl"},"image":{"@id":"https:\/\/www.romeing.it\/it\/#\/schema\/logo\/image\/"},"sameAs":["https:\/\/www.facebook.com\/Romeing.it","https:\/\/x.com\/romeing","https:\/\/www.instagram.com\/romeing_magazine\/","https:\/\/www.linkedin.com\/company\/romeing-srl\/","https:\/\/www.pinterest.it\/romeing\/pins\/","https:\/\/www.youtube.com\/@RomeingIt"],"email":"info@romeing.it","legalName":"Romeing Srl","foundingDate":"2010-12-01","vatID":"11115241009"},{"@type":"Person","@id":"https:\/\/www.romeing.it\/it\/#\/schema\/person\/98c8a79b65c7e5f03b76027f64b4ce99","name":"Samantha De Martin","image":{"@type":"ImageObject","inLanguage":"it-IT","@id":"https:\/\/secure.gravatar.com\/avatar\/3c9b922db1204b0a2ce3944404fc686837d096544b716dcafb5e4305ef77e262?s=96&d=mm&r=g","url":"https:\/\/secure.gravatar.com\/avatar\/3c9b922db1204b0a2ce3944404fc686837d096544b716dcafb5e4305ef77e262?s=96&d=mm&r=g","contentUrl":"https:\/\/secure.gravatar.com\/avatar\/3c9b922db1204b0a2ce3944404fc686837d096544b716dcafb5e4305ef77e262?s=96&d=mm&r=g","caption":"Samantha De Martin"},"description":"Giornalista professionista, curiosa, viaggiatrice instancabile. Amo il mare e adoro praticare vela. Sono appassionata di arte e, nel tempo libero, mi piace dedicarmi alla fotografia. Vivo a Roma da vent'anni e adoro scoprire in bicicletta gli angoli pi\u00f9 nascosti della citt\u00e0, sempre con un foglio ed una penna in tasca.","url":"https:\/\/www.romeing.it\/it\/author\/samantha84\/"}]}},"uagb_featured_image_src":{"full":["https:\/\/www.romeing.it\/wp-content\/uploads\/2025\/09\/foto-1.jpg",1200,675,false],"thumbnail":["https:\/\/www.romeing.it\/wp-content\/uploads\/2025\/09\/foto-1-150x150.jpg",150,150,true],"medium":["https:\/\/www.romeing.it\/wp-content\/uploads\/2025\/09\/foto-1-300x169.jpg",300,169,true],"medium_large":["https:\/\/www.romeing.it\/wp-content\/uploads\/2025\/09\/foto-1-768x432.jpg",768,432,true],"large":["https:\/\/www.romeing.it\/wp-content\/uploads\/2025\/09\/foto-1-1024x576.jpg",800,450,true],"1536x1536":["https:\/\/www.romeing.it\/wp-content\/uploads\/2025\/09\/foto-1.jpg",1200,675,false],"2048x2048":["https:\/\/www.romeing.it\/wp-content\/uploads\/2025\/09\/foto-1.jpg",1200,675,false]},"uagb_author_info":{"display_name":"Samantha De Martin","author_link":"https:\/\/www.romeing.it\/it\/author\/samantha84\/"},"uagb_comment_info":0,"uagb_excerpt":"Il corpo poetico. A Palazzo delle Esposizioni una delle tre mostre dedicate a Pier Paolo Pasolini in occasione del centenario della nascita.","_links":{"self":[{"href":"https:\/\/www.romeing.it\/it\/wp-json\/wp\/v2\/posts\/104177","targetHints":{"allow":["GET"]}}],"collection":[{"href":"https:\/\/www.romeing.it\/it\/wp-json\/wp\/v2\/posts"}],"about":[{"href":"https:\/\/www.romeing.it\/it\/wp-json\/wp\/v2\/types\/post"}],"author":[{"embeddable":true,"href":"https:\/\/www.romeing.it\/it\/wp-json\/wp\/v2\/users\/2673"}],"replies":[{"embeddable":true,"href":"https:\/\/www.romeing.it\/it\/wp-json\/wp\/v2\/comments?post=104177"}],"version-history":[{"count":2,"href":"https:\/\/www.romeing.it\/it\/wp-json\/wp\/v2\/posts\/104177\/revisions"}],"predecessor-version":[{"id":105591,"href":"https:\/\/www.romeing.it\/it\/wp-json\/wp\/v2\/posts\/104177\/revisions\/105591"}],"wp:featuredmedia":[{"embeddable":true,"href":"https:\/\/www.romeing.it\/it\/wp-json\/wp\/v2\/media\/23104"}],"wp:attachment":[{"href":"https:\/\/www.romeing.it\/it\/wp-json\/wp\/v2\/media?parent=104177"}],"wp:term":[{"taxonomy":"category","embeddable":true,"href":"https:\/\/www.romeing.it\/it\/wp-json\/wp\/v2\/categories?post=104177"},{"taxonomy":"post_tag","embeddable":true,"href":"https:\/\/www.romeing.it\/it\/wp-json\/wp\/v2\/tags?post=104177"}],"curies":[{"name":"wp","href":"https:\/\/api.w.org\/{rel}","templated":true}]}}