{"id":104185,"date":"2022-11-02T17:02:24","date_gmt":"2022-11-02T17:02:24","guid":{"rendered":"https:\/\/www.romeing.it\/pasolini-pittore-galleria-arte-moderna-roma\/"},"modified":"2025-12-03T19:09:06","modified_gmt":"2025-12-03T19:09:06","slug":"pasolini-pittore-galleria-arte-moderna-roma","status":"publish","type":"post","link":"https:\/\/www.romeing.it\/it\/pasolini-pittore-galleria-arte-moderna-roma\/","title":{"rendered":"Pasolini pittore"},"content":{"rendered":"\n<h2 class=\"wp-block-heading\" id=\"h-alla-galleria-d-arte-moderna-di-roma-un-inedito-lato-artistico-del-grande-poeta-e-regista\">Alla Galleria d&#8217;Arte Moderna di Roma un inedito lato artistico del grande poeta e regista<\/h2>\n\n\n\n<p>Cent&#8217;anni fa nasceva <strong>Pier Paolo Pasolini<\/strong>. Roma celebra il centenario della sua nascita con una serie di importanti iniziative, come ad esempio il progetto espositivo <em><strong>Tutto \u00e8 Santo<\/strong><\/em>, che si divide in tre mostre allestite in altrettanti musei della Capitale: <strong>Palazzo delle Esposizioni, <a href=\"https:\/\/www.romeing.it\/it\/museo-maxxi-arte-contemporanea-roma\/\">MAXXI<\/a> e <a href=\"https:\/\/www.romeing.it\/it\/palazzo-barberini-e-galleria-corsini\/\">Palazzo Barberini<\/a><\/strong>. Quando si parla di Pasolini si pensa immediatamente al suo importantissimo ruolo di regista e scrittore. Pochi sanno che aveva anche delle inclinazioni importanti in senso pittorico. L&#8217;occasione per scoprirlo \u00e8 data da un&#8217;ulteriore mostra a lui dedicata, <em><strong>Pasolini pittore<\/strong><\/em>, allestita presso le sale della <strong>Galleria d\u2019Arte Moderna<\/strong> <strong>di Roma dal<\/strong> <strong>29 ottobre 2022 al 4 giugno 2023<\/strong>.<\/p>\n\n\n\n<p>In scena <strong>150 opere <\/strong>che ne ricostruiscono il percorso artistico, dalle prime prove legate alle memorie e ai paesaggi dell&#8217;infanzia alla corposa serie di ritratti e autoritratti, fino alle delicate indagini sul corpo umano, declinato in modo non anatomico ma intensamente animico.<\/p>\n\n\n\n<figure class=\"wp-block-image aligncenter size-large\"><img decoding=\"async\" src=\"https:\/\/www.romeing.it\/wp-content\/uploads\/2025\/12\/fig-6-1024x865.jpg\" alt=\"Pasolini Pittore\" class=\"wp-image-127211\"\/><figcaption class=\"wp-element-caption\">Pier Paolo Pasolini, Paesaggio di Casarsa, 1944, olio su tela, Archivio Giuseppe Zigaina \u00a9<\/figcaption><\/figure>\n\n\n\n<blockquote class=\"wp-block-quote is-layout-flow wp-block-quote-is-layout-flow\">\n<p>&#8220;Non leggo molto, ma dipingo&#8221;.<\/p>\n<\/blockquote>\n\n\n\n<p>Il percorso espositivo inizia con una serie di pitture e disegni che ritraggono i luoghi dell&#8217;infanzia del poeta, vissuta nella campagna del Friuli, regione dal clima freddo, connotata da paesaggi lunari, spesso malinconici. L&#8217;amore e la tenerezza che questi luoghi ispirano in Pasolini risulta evidente dai paesaggi esposti, spesso dedicati a luoghi o edifici specifici, come chiese, casolari, persino alberi. Una terra madre, con la quale non ha mai spezzato davvero il cordone ombelicale, verso la quale tende le braccia attraverso i pennelli e le matite che usa per disegnare.<\/p>\n\n\n\n<p>Si passa poi ad analizzare le prove legate all&#8217;autoritratto, che occupa una parte sostanziale della produzione di Pasolini. Il volto del regista viene riprodotto attraverso tecniche diverse, spesso mentre tiene tra le labbra un fiore, simbolo poetico di fanciullezza e purezza. Ritrarre i volti di familiari ed amici sembra essere l&#8217;aspetto pi\u00f9 ricorrente nella produzione del poeta: dalle rappresentazioni dei suoi famigliari pi\u00f9 stretti si passa a quelli degli amici pi\u00f9 importanti, come <strong>Laura Betti, Ninetto Davoli, Maria Callas e Andrea Zanzotto.<\/strong><\/p>\n\n\n\n<figure class=\"wp-block-image aligncenter size-full\"><img decoding=\"async\" src=\"https:\/\/www.romeing.it\/wp-content\/uploads\/2025\/12\/Pasolini-pittore.jpg\" alt=\"Pasolini pittore\" class=\"wp-image-127376\"\/><\/figure>\n\n\n\n<p>Una citazione particolare meritano i ritratti dedicati agli amici intellettuali <strong>Roberto Longhi e Ezra Pound<\/strong>, i cui tratti vengono schizzati in modo veloce e sintetico, quasi fossero frutto di un&#8217;operazione di scrittura automatica. La personalit\u00e0, le inclinazioni caratteriali, la morfologia del viso viene data attraverso brevi tocchi, in grado di delineare una silhouette che non si ferma alla somiglianza fisica ma sconfina fino a lambire il modus operandi dei processi intellettivi delle grandi menti ritratte.<\/p>\n\n\n\n<div class=\"wp-block-columns is-layout-flex wp-container-core-columns-is-layout-28f84493 wp-block-columns-is-layout-flex\">\n<div class=\"wp-block-column is-layout-flow wp-block-column-is-layout-flow\">\n<figure class=\"wp-block-image size-full\"><img decoding=\"async\" src=\"https:\/\/www.romeing.it\/wp-content\/uploads\/2025\/12\/fig-10.jpg\" alt=\"Pasolini Pittore\" class=\"wp-image-127213\"\/><figcaption class=\"wp-element-caption\">Ritratto di Roberto Longhi, 1975, pennello e inchiostro su carta, \u00a9 Gabinetto Scientifico Letterario G.P. Vieusseux, Firenze<\/figcaption><\/figure>\n<\/div>\n\n\n\n<div class=\"wp-block-column is-layout-flow wp-block-column-is-layout-flow\">\n<figure class=\"wp-block-image size-full\"><img decoding=\"async\" src=\"https:\/\/www.romeing.it\/wp-content\/uploads\/2025\/12\/fig-2.jpg\" alt=\"Pasolini Pittore \" class=\"wp-image-127216\"\/><figcaption class=\"wp-element-caption\">Pier Paolo Pasolini, Ritratto di Ezra Pound, 1967, matite e tempera su cartoncino, courtesy Vanni Ronsisvalle \u00a9<\/figcaption><\/figure>\n<\/div>\n<\/div>\n\n\n\n<p>Il percorso espositivo prosegue con un&#8217;interessante allestimento dialogico che si snoda lungo il secondo piano del museo, dove sono stati esposti i lavori appartenenti alla collezione permanente della Galleria d&#8217;Arte Moderna eseguiti dagli artisti pi\u00f9 amati da Pasolini, o che comunque hanno avuto su di lui una certa influenza. Artisti come <strong>Carlo Carr\u00e0, Filippo de Pisis, Giorgio Morandi, Mario Mafai, Scipione and Antonietta Raph\u00e4el, Renato Guttuso, Carlo Levi, Giacomo Manz\u00f9, Lorenzo Tornabuoni and Giuseppe Zigaina<\/strong>. Verso alcuni di loro il regista assume anche il ruolo di collezionista: possedeva infatti alcune tele di <strong>Massimo Campigli, Giorgio de Chirico, Renato Guttuso, Carlo Levi, Alberto Savinio and Andy Warhol<\/strong>, qui in mostra per l&#8217;occasione.<\/p>\n\n\n\n<p><em>Pasolini pittore<\/em> conferma la grande versatilit\u00e0 di questo intellettuale, figura fondamentale del Novecento italiano; un talento che, come un sole, \u00e8 riuscito a espandere il suo calore attraverso una molteplicit\u00e0 di raggi, legati a tutte le arti. Un calore emanato dalla forza della sua mente e della sua anima, che perdura ancora, un secolo dopo la sua nascita.<\/p>\n\n\n\n<hr class=\"wp-block-separator has-alpha-channel-opacity\"\/>\n\n\n\n<p class=\"has-text-align-center\"><strong>Fino al 4 giugno 2023<\/strong><\/p>\n\n\n\n<p class=\"has-text-align-center\"><strong>GALLERIA D\u2019ARTE MODERNA<\/strong><br><br>Via Francesco Crispi, 24<\/p>\n\n\n\n<p class=\"has-text-align-center\"><strong>Orari:&nbsp;<\/strong>Mar-Dom 10.00-18.30<\/p>\n\n\n\n<p class=\"has-text-align-center\"><strong>Biglietti:<\/strong>&nbsp;Intero 10 \u20ac \u2013 Ridotto 8\u20ac<\/p>\n\n\n\n<p class=\"has-text-align-center\"><a href=\"http:\/\/galleriaartemodernaroma.it\" target=\"_blank\" rel=\"noreferrer noopener\">galleriaartemodernaroma.it<\/a><\/p>\n\n\n\n<div class=\"wp-block-buttons is-horizontal is-content-justification-center is-layout-flex wp-container-core-buttons-is-layout-03627597 wp-block-buttons-is-layout-flex\">\n<div class=\"wp-block-button\"><a class=\"wp-block-button__link has-vivid-red-background-color has-background wp-element-button\" href=\"https:\/\/www.romeing.it\/it\/mostre-a-roma\/\">LE MIGLIORI MOSTRE A ROMA<\/a><\/div>\n\n\n\n<div class=\"wp-block-button\"><a class=\"wp-block-button__link has-vivid-red-background-color has-background wp-element-button\" href=\"https:\/\/www.romeing.it\/it\/la-tua-guida-ai-musei-di-roma\/\">GUIDA AI MUSEI DI ROMA<\/a><\/div>\n<\/div>\n","protected":false},"excerpt":{"rendered":"<p>Pasolini pittore: alla Galleria d&#8217;Arte Moderna di Roma dal 29 ottobre 2022 al 4 giugno 2023 in mostra le opere pittoriche del grande regista.<\/p>\n","protected":false},"author":1576,"featured_media":68506,"comment_status":"open","ping_status":"open","sticky":false,"template":"","format":"standard","meta":{"_uag_custom_page_level_css":"","footnotes":""},"categories":[580,592],"tags":[],"class_list":["post-104185","post","type-post","status-publish","format-standard","has-post-thumbnail","hentry","category-eventi-a-roma","category-mostre-a-roma"],"featured_image_src":"https:\/\/www.romeing.it\/wp-content\/uploads\/2025\/12\/Autoritratto-con-fiore-in-bocca-1947-olio-su-faesite-\u00a9-Gabinetto-Scientifico-Letterario-G.P.-Vieusseux-Firenze.jpg","author_info":{"display_name":"Valentina Martinoli","author_link":"https:\/\/www.romeing.it\/it\/author\/katiba\/"},"yoast_head":"<!-- This site is optimized with the Yoast SEO Premium plugin v26.9 (Yoast SEO v27.4) - https:\/\/yoast.com\/product\/yoast-seo-premium-wordpress\/ -->\n<title>Pasolini pittore alla Galleria d&#039;Arte Moderna di Roma - Romeing<\/title>\n<meta name=\"description\" content=\"Pasolini pittore: alla Galleria d&#039;Arte Moderna di Roma dal 29 ottobre 2022 al 4 giugno 2023 in mostra le opere pittoriche del grande regista.\" \/>\n<meta name=\"robots\" content=\"index, follow, max-snippet:-1, max-image-preview:large, max-video-preview:-1\" \/>\n<link rel=\"canonical\" href=\"https:\/\/www.romeing.it\/it\/pasolini-pittore-galleria-arte-moderna-roma\/\" \/>\n<meta property=\"og:locale\" content=\"it_IT\" \/>\n<meta property=\"og:type\" content=\"article\" \/>\n<meta property=\"og:title\" content=\"Pasolini pittore\" \/>\n<meta property=\"og:description\" content=\"Pasolini pittore: alla Galleria d&#039;Arte Moderna di Roma dal 29 ottobre 2022 al 4 giugno 2023 in mostra le opere pittoriche del grande regista.\" \/>\n<meta property=\"og:url\" content=\"https:\/\/www.romeing.it\/it\/pasolini-pittore-galleria-arte-moderna-roma\/\" \/>\n<meta property=\"og:site_name\" content=\"Romeing | Rome&#039;s english magazine, events and exhibitions in Rome\" \/>\n<meta property=\"article:publisher\" content=\"https:\/\/www.facebook.com\/Romeing.it\" \/>\n<meta property=\"article:published_time\" content=\"2022-11-02T17:02:24+00:00\" \/>\n<meta property=\"article:modified_time\" content=\"2025-12-03T19:09:06+00:00\" \/>\n<meta property=\"og:image\" content=\"https:\/\/www.romeing.it\/wp-content\/uploads\/2025\/12\/Autoritratto-con-fiore-in-bocca-1947-olio-su-faesite-\u00a9-Gabinetto-Scientifico-Letterario-G.P.-Vieusseux-Firenze.jpg\" \/>\n\t<meta property=\"og:image:width\" content=\"1200\" \/>\n\t<meta property=\"og:image:height\" content=\"622\" \/>\n\t<meta property=\"og:image:type\" content=\"image\/jpeg\" \/>\n<meta name=\"author\" content=\"Valentina Martinoli\" \/>\n<meta name=\"twitter:card\" content=\"summary_large_image\" \/>\n<meta name=\"twitter:creator\" content=\"@romeing\" \/>\n<meta name=\"twitter:site\" content=\"@romeing\" \/>\n<meta name=\"twitter:label1\" content=\"Scritto da\" \/>\n\t<meta name=\"twitter:data1\" content=\"Valentina Martinoli\" \/>\n\t<meta name=\"twitter:label2\" content=\"Tempo di lettura stimato\" \/>\n\t<meta name=\"twitter:data2\" content=\"4 minuti\" \/>\n<script type=\"application\/ld+json\" class=\"yoast-schema-graph\">{\"@context\":\"https:\\\/\\\/schema.org\",\"@graph\":[{\"@type\":\"NewsArticle\",\"@id\":\"https:\\\/\\\/www.romeing.it\\\/it\\\/pasolini-pittore-galleria-arte-moderna-roma\\\/#article\",\"isPartOf\":{\"@id\":\"https:\\\/\\\/www.romeing.it\\\/it\\\/pasolini-pittore-galleria-arte-moderna-roma\\\/\"},\"author\":{\"name\":\"Valentina Martinoli\",\"@id\":\"https:\\\/\\\/www.romeing.it\\\/it\\\/#\\\/schema\\\/person\\\/54e8bd3637f34425a9c6f5736631215a\"},\"headline\":\"Pasolini pittore\",\"datePublished\":\"2022-11-02T17:02:24+00:00\",\"dateModified\":\"2025-12-03T19:09:06+00:00\",\"mainEntityOfPage\":{\"@id\":\"https:\\\/\\\/www.romeing.it\\\/it\\\/pasolini-pittore-galleria-arte-moderna-roma\\\/\"},\"wordCount\":655,\"commentCount\":0,\"publisher\":{\"@id\":\"https:\\\/\\\/www.romeing.it\\\/it\\\/#organization\"},\"image\":{\"@id\":\"https:\\\/\\\/www.romeing.it\\\/it\\\/pasolini-pittore-galleria-arte-moderna-roma\\\/#primaryimage\"},\"thumbnailUrl\":\"https:\\\/\\\/www.romeing.it\\\/wp-content\\\/uploads\\\/2025\\\/12\\\/Autoritratto-con-fiore-in-bocca-1947-olio-su-faesite-\u00a9-Gabinetto-Scientifico-Letterario-G.P.-Vieusseux-Firenze.jpg\",\"articleSection\":[\"Eventi a Roma\",\"Mostre\"],\"inLanguage\":\"it-IT\",\"potentialAction\":[{\"@type\":\"CommentAction\",\"name\":\"Comment\",\"target\":[\"https:\\\/\\\/www.romeing.it\\\/it\\\/pasolini-pittore-galleria-arte-moderna-roma\\\/#respond\"]}],\"copyrightYear\":\"2022\",\"copyrightHolder\":{\"@id\":\"https:\\\/\\\/www.romeing.it\\\/#organization\"}},{\"@type\":\"WebPage\",\"@id\":\"https:\\\/\\\/www.romeing.it\\\/it\\\/pasolini-pittore-galleria-arte-moderna-roma\\\/\",\"url\":\"https:\\\/\\\/www.romeing.it\\\/it\\\/pasolini-pittore-galleria-arte-moderna-roma\\\/\",\"name\":\"Pasolini pittore alla Galleria d'Arte Moderna di Roma - Romeing\",\"isPartOf\":{\"@id\":\"https:\\\/\\\/www.romeing.it\\\/it\\\/#website\"},\"primaryImageOfPage\":{\"@id\":\"https:\\\/\\\/www.romeing.it\\\/it\\\/pasolini-pittore-galleria-arte-moderna-roma\\\/#primaryimage\"},\"image\":{\"@id\":\"https:\\\/\\\/www.romeing.it\\\/it\\\/pasolini-pittore-galleria-arte-moderna-roma\\\/#primaryimage\"},\"thumbnailUrl\":\"https:\\\/\\\/www.romeing.it\\\/wp-content\\\/uploads\\\/2025\\\/12\\\/Autoritratto-con-fiore-in-bocca-1947-olio-su-faesite-\u00a9-Gabinetto-Scientifico-Letterario-G.P.-Vieusseux-Firenze.jpg\",\"datePublished\":\"2022-11-02T17:02:24+00:00\",\"dateModified\":\"2025-12-03T19:09:06+00:00\",\"description\":\"Pasolini pittore: alla Galleria d'Arte Moderna di Roma dal 29 ottobre 2022 al 4 giugno 2023 in mostra le opere pittoriche del grande regista.\",\"inLanguage\":\"it-IT\",\"potentialAction\":[{\"@type\":\"ReadAction\",\"target\":[\"https:\\\/\\\/www.romeing.it\\\/it\\\/pasolini-pittore-galleria-arte-moderna-roma\\\/\"]}]},{\"@type\":\"ImageObject\",\"inLanguage\":\"it-IT\",\"@id\":\"https:\\\/\\\/www.romeing.it\\\/it\\\/pasolini-pittore-galleria-arte-moderna-roma\\\/#primaryimage\",\"url\":\"https:\\\/\\\/www.romeing.it\\\/wp-content\\\/uploads\\\/2025\\\/12\\\/Autoritratto-con-fiore-in-bocca-1947-olio-su-faesite-\u00a9-Gabinetto-Scientifico-Letterario-G.P.-Vieusseux-Firenze.jpg\",\"contentUrl\":\"https:\\\/\\\/www.romeing.it\\\/wp-content\\\/uploads\\\/2025\\\/12\\\/Autoritratto-con-fiore-in-bocca-1947-olio-su-faesite-\u00a9-Gabinetto-Scientifico-Letterario-G.P.-Vieusseux-Firenze.jpg\",\"width\":1200,\"height\":622,\"caption\":\"Autoritratto-con-fiore-in-bocca-1947-olio-su-faesite-\u00a9-Gabinetto-Scientifico-Letterario-G.P.-Vieusseux-Firenze.jpg\"},{\"@type\":\"WebSite\",\"@id\":\"https:\\\/\\\/www.romeing.it\\\/it\\\/#website\",\"url\":\"https:\\\/\\\/www.romeing.it\\\/it\\\/\",\"name\":\"Romeing: Rome's english magazine, events and exhibitions in Rome\",\"description\":\"Romeing is the english magazine for tourists and expats visiting or living in Rome. A guide to the best things to do and see in Rome &amp; Florence, attractions and restaurants with a listing of events and exhibitions.\",\"publisher\":{\"@id\":\"https:\\\/\\\/www.romeing.it\\\/it\\\/#organization\"},\"potentialAction\":[{\"@type\":\"SearchAction\",\"target\":{\"@type\":\"EntryPoint\",\"urlTemplate\":\"https:\\\/\\\/www.romeing.it\\\/it\\\/?s={search_term_string}\"},\"query-input\":{\"@type\":\"PropertyValueSpecification\",\"valueRequired\":true,\"valueName\":\"search_term_string\"}}],\"inLanguage\":\"it-IT\"},{\"@type\":\"Organization\",\"@id\":\"https:\\\/\\\/www.romeing.it\\\/it\\\/#organization\",\"name\":\"Romeing srl\",\"url\":\"https:\\\/\\\/www.romeing.it\\\/it\\\/\",\"logo\":{\"@type\":\"ImageObject\",\"inLanguage\":\"it-IT\",\"@id\":\"https:\\\/\\\/www.romeing.it\\\/it\\\/#\\\/schema\\\/logo\\\/image\\\/\",\"url\":\"https:\\\/\\\/www.romeing.it\\\/wp-content\\\/uploads\\\/2025\\\/12\\\/logo-quadrato-romeing.jpg\",\"contentUrl\":\"https:\\\/\\\/www.romeing.it\\\/wp-content\\\/uploads\\\/2025\\\/12\\\/logo-quadrato-romeing.jpg\",\"width\":696,\"height\":696,\"caption\":\"Romeing srl\"},\"image\":{\"@id\":\"https:\\\/\\\/www.romeing.it\\\/it\\\/#\\\/schema\\\/logo\\\/image\\\/\"},\"sameAs\":[\"https:\\\/\\\/www.facebook.com\\\/Romeing.it\",\"https:\\\/\\\/x.com\\\/romeing\",\"https:\\\/\\\/www.instagram.com\\\/romeing_magazine\\\/\",\"https:\\\/\\\/www.linkedin.com\\\/company\\\/romeing-srl\\\/\",\"https:\\\/\\\/www.pinterest.it\\\/romeing\\\/pins\\\/\",\"https:\\\/\\\/www.youtube.com\\\/@RomeingIt\"],\"email\":\"info@romeing.it\",\"legalName\":\"Romeing Srl\",\"foundingDate\":\"2010-12-01\",\"vatID\":\"11115241009\"},{\"@type\":\"Person\",\"@id\":\"https:\\\/\\\/www.romeing.it\\\/it\\\/#\\\/schema\\\/person\\\/54e8bd3637f34425a9c6f5736631215a\",\"name\":\"Valentina Martinoli\",\"image\":{\"@type\":\"ImageObject\",\"inLanguage\":\"it-IT\",\"@id\":\"https:\\\/\\\/secure.gravatar.com\\\/avatar\\\/acb5e89aeba74afae8d7b6d28692cc0d6908d8267f8c94fa4a18470daa55cfbd?s=96&d=mm&r=g\",\"url\":\"https:\\\/\\\/secure.gravatar.com\\\/avatar\\\/acb5e89aeba74afae8d7b6d28692cc0d6908d8267f8c94fa4a18470daa55cfbd?s=96&d=mm&r=g\",\"contentUrl\":\"https:\\\/\\\/secure.gravatar.com\\\/avatar\\\/acb5e89aeba74afae8d7b6d28692cc0d6908d8267f8c94fa4a18470daa55cfbd?s=96&d=mm&r=g\",\"caption\":\"Valentina Martinoli\"},\"description\":\"Valentina Martinoli is an italian art historian, journalist and content writer, based in Rome, specialised in cultural communication and exhibitions organisation. She fully agrees with Dostoevskij famous quote \\\"Beauty will save the world\\\".\",\"url\":\"https:\\\/\\\/www.romeing.it\\\/it\\\/author\\\/katiba\\\/\"}]}<\/script>\n<!-- \/ Yoast SEO Premium plugin. -->","yoast_head_json":{"title":"Pasolini pittore alla Galleria d'Arte Moderna di Roma - Romeing","description":"Pasolini pittore: alla Galleria d'Arte Moderna di Roma dal 29 ottobre 2022 al 4 giugno 2023 in mostra le opere pittoriche del grande regista.","robots":{"index":"index","follow":"follow","max-snippet":"max-snippet:-1","max-image-preview":"max-image-preview:large","max-video-preview":"max-video-preview:-1"},"canonical":"https:\/\/www.romeing.it\/it\/pasolini-pittore-galleria-arte-moderna-roma\/","og_locale":"it_IT","og_type":"article","og_title":"Pasolini pittore","og_description":"Pasolini pittore: alla Galleria d'Arte Moderna di Roma dal 29 ottobre 2022 al 4 giugno 2023 in mostra le opere pittoriche del grande regista.","og_url":"https:\/\/www.romeing.it\/it\/pasolini-pittore-galleria-arte-moderna-roma\/","og_site_name":"Romeing | Rome&#039;s english magazine, events and exhibitions in Rome","article_publisher":"https:\/\/www.facebook.com\/Romeing.it","article_published_time":"2022-11-02T17:02:24+00:00","article_modified_time":"2025-12-03T19:09:06+00:00","og_image":[{"width":1200,"height":622,"url":"https:\/\/www.romeing.it\/wp-content\/uploads\/2025\/12\/Autoritratto-con-fiore-in-bocca-1947-olio-su-faesite-\u00a9-Gabinetto-Scientifico-Letterario-G.P.-Vieusseux-Firenze.jpg","type":"image\/jpeg"}],"author":"Valentina Martinoli","twitter_card":"summary_large_image","twitter_creator":"@romeing","twitter_site":"@romeing","twitter_misc":{"Scritto da":"Valentina Martinoli","Tempo di lettura stimato":"4 minuti"},"schema":{"@context":"https:\/\/schema.org","@graph":[{"@type":"NewsArticle","@id":"https:\/\/www.romeing.it\/it\/pasolini-pittore-galleria-arte-moderna-roma\/#article","isPartOf":{"@id":"https:\/\/www.romeing.it\/it\/pasolini-pittore-galleria-arte-moderna-roma\/"},"author":{"name":"Valentina Martinoli","@id":"https:\/\/www.romeing.it\/it\/#\/schema\/person\/54e8bd3637f34425a9c6f5736631215a"},"headline":"Pasolini pittore","datePublished":"2022-11-02T17:02:24+00:00","dateModified":"2025-12-03T19:09:06+00:00","mainEntityOfPage":{"@id":"https:\/\/www.romeing.it\/it\/pasolini-pittore-galleria-arte-moderna-roma\/"},"wordCount":655,"commentCount":0,"publisher":{"@id":"https:\/\/www.romeing.it\/it\/#organization"},"image":{"@id":"https:\/\/www.romeing.it\/it\/pasolini-pittore-galleria-arte-moderna-roma\/#primaryimage"},"thumbnailUrl":"https:\/\/www.romeing.it\/wp-content\/uploads\/2025\/12\/Autoritratto-con-fiore-in-bocca-1947-olio-su-faesite-\u00a9-Gabinetto-Scientifico-Letterario-G.P.-Vieusseux-Firenze.jpg","articleSection":["Eventi a Roma","Mostre"],"inLanguage":"it-IT","potentialAction":[{"@type":"CommentAction","name":"Comment","target":["https:\/\/www.romeing.it\/it\/pasolini-pittore-galleria-arte-moderna-roma\/#respond"]}],"copyrightYear":"2022","copyrightHolder":{"@id":"https:\/\/www.romeing.it\/#organization"}},{"@type":"WebPage","@id":"https:\/\/www.romeing.it\/it\/pasolini-pittore-galleria-arte-moderna-roma\/","url":"https:\/\/www.romeing.it\/it\/pasolini-pittore-galleria-arte-moderna-roma\/","name":"Pasolini pittore alla Galleria d'Arte Moderna di Roma - Romeing","isPartOf":{"@id":"https:\/\/www.romeing.it\/it\/#website"},"primaryImageOfPage":{"@id":"https:\/\/www.romeing.it\/it\/pasolini-pittore-galleria-arte-moderna-roma\/#primaryimage"},"image":{"@id":"https:\/\/www.romeing.it\/it\/pasolini-pittore-galleria-arte-moderna-roma\/#primaryimage"},"thumbnailUrl":"https:\/\/www.romeing.it\/wp-content\/uploads\/2025\/12\/Autoritratto-con-fiore-in-bocca-1947-olio-su-faesite-\u00a9-Gabinetto-Scientifico-Letterario-G.P.-Vieusseux-Firenze.jpg","datePublished":"2022-11-02T17:02:24+00:00","dateModified":"2025-12-03T19:09:06+00:00","description":"Pasolini pittore: alla Galleria d'Arte Moderna di Roma dal 29 ottobre 2022 al 4 giugno 2023 in mostra le opere pittoriche del grande regista.","inLanguage":"it-IT","potentialAction":[{"@type":"ReadAction","target":["https:\/\/www.romeing.it\/it\/pasolini-pittore-galleria-arte-moderna-roma\/"]}]},{"@type":"ImageObject","inLanguage":"it-IT","@id":"https:\/\/www.romeing.it\/it\/pasolini-pittore-galleria-arte-moderna-roma\/#primaryimage","url":"https:\/\/www.romeing.it\/wp-content\/uploads\/2025\/12\/Autoritratto-con-fiore-in-bocca-1947-olio-su-faesite-\u00a9-Gabinetto-Scientifico-Letterario-G.P.-Vieusseux-Firenze.jpg","contentUrl":"https:\/\/www.romeing.it\/wp-content\/uploads\/2025\/12\/Autoritratto-con-fiore-in-bocca-1947-olio-su-faesite-\u00a9-Gabinetto-Scientifico-Letterario-G.P.-Vieusseux-Firenze.jpg","width":1200,"height":622,"caption":"Autoritratto-con-fiore-in-bocca-1947-olio-su-faesite-\u00a9-Gabinetto-Scientifico-Letterario-G.P.-Vieusseux-Firenze.jpg"},{"@type":"WebSite","@id":"https:\/\/www.romeing.it\/it\/#website","url":"https:\/\/www.romeing.it\/it\/","name":"Romeing: Rome's english magazine, events and exhibitions in Rome","description":"Romeing is the english magazine for tourists and expats visiting or living in Rome. A guide to the best things to do and see in Rome &amp; Florence, attractions and restaurants with a listing of events and exhibitions.","publisher":{"@id":"https:\/\/www.romeing.it\/it\/#organization"},"potentialAction":[{"@type":"SearchAction","target":{"@type":"EntryPoint","urlTemplate":"https:\/\/www.romeing.it\/it\/?s={search_term_string}"},"query-input":{"@type":"PropertyValueSpecification","valueRequired":true,"valueName":"search_term_string"}}],"inLanguage":"it-IT"},{"@type":"Organization","@id":"https:\/\/www.romeing.it\/it\/#organization","name":"Romeing srl","url":"https:\/\/www.romeing.it\/it\/","logo":{"@type":"ImageObject","inLanguage":"it-IT","@id":"https:\/\/www.romeing.it\/it\/#\/schema\/logo\/image\/","url":"https:\/\/www.romeing.it\/wp-content\/uploads\/2025\/12\/logo-quadrato-romeing.jpg","contentUrl":"https:\/\/www.romeing.it\/wp-content\/uploads\/2025\/12\/logo-quadrato-romeing.jpg","width":696,"height":696,"caption":"Romeing srl"},"image":{"@id":"https:\/\/www.romeing.it\/it\/#\/schema\/logo\/image\/"},"sameAs":["https:\/\/www.facebook.com\/Romeing.it","https:\/\/x.com\/romeing","https:\/\/www.instagram.com\/romeing_magazine\/","https:\/\/www.linkedin.com\/company\/romeing-srl\/","https:\/\/www.pinterest.it\/romeing\/pins\/","https:\/\/www.youtube.com\/@RomeingIt"],"email":"info@romeing.it","legalName":"Romeing Srl","foundingDate":"2010-12-01","vatID":"11115241009"},{"@type":"Person","@id":"https:\/\/www.romeing.it\/it\/#\/schema\/person\/54e8bd3637f34425a9c6f5736631215a","name":"Valentina Martinoli","image":{"@type":"ImageObject","inLanguage":"it-IT","@id":"https:\/\/secure.gravatar.com\/avatar\/acb5e89aeba74afae8d7b6d28692cc0d6908d8267f8c94fa4a18470daa55cfbd?s=96&d=mm&r=g","url":"https:\/\/secure.gravatar.com\/avatar\/acb5e89aeba74afae8d7b6d28692cc0d6908d8267f8c94fa4a18470daa55cfbd?s=96&d=mm&r=g","contentUrl":"https:\/\/secure.gravatar.com\/avatar\/acb5e89aeba74afae8d7b6d28692cc0d6908d8267f8c94fa4a18470daa55cfbd?s=96&d=mm&r=g","caption":"Valentina Martinoli"},"description":"Valentina Martinoli is an italian art historian, journalist and content writer, based in Rome, specialised in cultural communication and exhibitions organisation. She fully agrees with Dostoevskij famous quote \"Beauty will save the world\".","url":"https:\/\/www.romeing.it\/it\/author\/katiba\/"}]}},"uagb_featured_image_src":{"full":["https:\/\/www.romeing.it\/wp-content\/uploads\/2025\/12\/Autoritratto-con-fiore-in-bocca-1947-olio-su-faesite-\u00a9-Gabinetto-Scientifico-Letterario-G.P.-Vieusseux-Firenze.jpg",1200,622,false],"thumbnail":["https:\/\/www.romeing.it\/wp-content\/uploads\/2025\/12\/Autoritratto-con-fiore-in-bocca-1947-olio-su-faesite-\u00a9-Gabinetto-Scientifico-Letterario-G.P.-Vieusseux-Firenze-150x150.jpg",150,150,true],"medium":["https:\/\/www.romeing.it\/wp-content\/uploads\/2025\/12\/Autoritratto-con-fiore-in-bocca-1947-olio-su-faesite-\u00a9-Gabinetto-Scientifico-Letterario-G.P.-Vieusseux-Firenze-300x156.jpg",300,156,true],"medium_large":["https:\/\/www.romeing.it\/wp-content\/uploads\/2025\/12\/Autoritratto-con-fiore-in-bocca-1947-olio-su-faesite-\u00a9-Gabinetto-Scientifico-Letterario-G.P.-Vieusseux-Firenze-768x398.jpg",768,398,true],"large":["https:\/\/www.romeing.it\/wp-content\/uploads\/2025\/12\/Autoritratto-con-fiore-in-bocca-1947-olio-su-faesite-\u00a9-Gabinetto-Scientifico-Letterario-G.P.-Vieusseux-Firenze-1024x531.jpg",800,415,true],"1536x1536":["https:\/\/www.romeing.it\/wp-content\/uploads\/2025\/12\/Autoritratto-con-fiore-in-bocca-1947-olio-su-faesite-\u00a9-Gabinetto-Scientifico-Letterario-G.P.-Vieusseux-Firenze.jpg",1200,622,false],"2048x2048":["https:\/\/www.romeing.it\/wp-content\/uploads\/2025\/12\/Autoritratto-con-fiore-in-bocca-1947-olio-su-faesite-\u00a9-Gabinetto-Scientifico-Letterario-G.P.-Vieusseux-Firenze.jpg",1200,622,false]},"uagb_author_info":{"display_name":"Valentina Martinoli","author_link":"https:\/\/www.romeing.it\/it\/author\/katiba\/"},"uagb_comment_info":0,"uagb_excerpt":"Pasolini pittore: alla Galleria d'Arte Moderna di Roma dal 29 ottobre 2022 al 4 giugno 2023 in mostra le opere pittoriche del grande regista.","_links":{"self":[{"href":"https:\/\/www.romeing.it\/it\/wp-json\/wp\/v2\/posts\/104185","targetHints":{"allow":["GET"]}}],"collection":[{"href":"https:\/\/www.romeing.it\/it\/wp-json\/wp\/v2\/posts"}],"about":[{"href":"https:\/\/www.romeing.it\/it\/wp-json\/wp\/v2\/types\/post"}],"author":[{"embeddable":true,"href":"https:\/\/www.romeing.it\/it\/wp-json\/wp\/v2\/users\/1576"}],"replies":[{"embeddable":true,"href":"https:\/\/www.romeing.it\/it\/wp-json\/wp\/v2\/comments?post=104185"}],"version-history":[{"count":2,"href":"https:\/\/www.romeing.it\/it\/wp-json\/wp\/v2\/posts\/104185\/revisions"}],"predecessor-version":[{"id":105655,"href":"https:\/\/www.romeing.it\/it\/wp-json\/wp\/v2\/posts\/104185\/revisions\/105655"}],"wp:featuredmedia":[{"embeddable":true,"href":"https:\/\/www.romeing.it\/it\/wp-json\/wp\/v2\/media\/68506"}],"wp:attachment":[{"href":"https:\/\/www.romeing.it\/it\/wp-json\/wp\/v2\/media?parent=104185"}],"wp:term":[{"taxonomy":"category","embeddable":true,"href":"https:\/\/www.romeing.it\/it\/wp-json\/wp\/v2\/categories?post=104185"},{"taxonomy":"post_tag","embeddable":true,"href":"https:\/\/www.romeing.it\/it\/wp-json\/wp\/v2\/tags?post=104185"}],"curies":[{"name":"wp","href":"https:\/\/api.w.org\/{rel}","templated":true}]}}