{"id":104189,"date":"2024-11-29T15:16:25","date_gmt":"2024-11-29T15:16:25","guid":{"rendered":"https:\/\/www.romeing.it\/trame-di-luci\/"},"modified":"2025-12-03T08:44:05","modified_gmt":"2025-12-03T08:44:05","slug":"trame-di-luci","status":"publish","type":"post","link":"https:\/\/www.romeing.it\/it\/trame-di-luci\/","title":{"rendered":"Trame di Luce: una sinfonia luminosa all&#8217;Orto Botanico di Roma"},"content":{"rendered":"\n<h2 class=\"wp-block-heading\" id=\"h-a-natale-l-orto-botanico-e-l-accademia-dei-lincei-diventano-un-capolavoro-di-light-art\">A Natale l&#8217;Orto Botanico e l&#8217;Accademia dei Lincei diventano un capolavoro di light art<\/h2>\n\n\n\n<p>Le festivit\u00e0 natalizie sono da sempre strettamente legate al tema della luce che illumina le tenebre, portando gioia e speranza. Anche quest&#8217;anno a Roma questo tema prender\u00e0 vita, in modo particolarmente sfavillante, in uno dei grandi cuori verdi della citt\u00e0. Dal <strong>30 Novembre al 12 gennaio<\/strong> l\u2019<strong><a href=\"https:\/\/www.romeing.it\/it\/orto-botanico-roma\/\">Orto Botanico di Roma<\/a><\/strong> infatti si illuminer\u00e0 a festa: si svolger\u00e0 qui infatti lo show di light art intitolato <strong><em>Trame di Luc<\/em><\/strong>e, curato dalla IMG and Be.it Eventi.<\/p>\n\n\n\n<p>La <strong>mostra immersiva en plein air<\/strong>, da vivere insieme a tutta la famiglia, ospiter\u00e0 le installazioni luminose di artisti nazionali e internazionali, oltre a talentuosi studenti di alcuni atenei italiani, accompagnate da coinvolgenti performance musicali per un percorso multisensoriale tra arte, spettacolo e natura.<\/p>\n\n\n\n<p>L\u2019<strong>Orto Botanico<\/strong>, posizionato dietro <strong><a href=\"https:\/\/www.romeing.it\/it\/palazzo-barberini-e-galleria-corsini\/\">Palazzo Corsini<\/a><\/strong>, \u00e8 presente in citt\u00e0 dal <strong>1883<\/strong>; oltre a contenere numerossime variet\u00e0 di piante e alberi, conserva anche dei resti archeologici importanti, provenienti dalla antiche <strong>Terme di Settimio Severo<\/strong>, che sorgevano proprio in quest\u2019area.&nbsp;&nbsp;<\/p>\n\n\n\n<p><strong>Grazie a questo evento il giardino botanico si trasformer\u00e0 in uno spettacolo di luci colorate, invitando i visitatori a immergersi in un&#8217;esperienza sensoriale unica<\/strong>, in cui ognuna delle numerose sezioni in cui \u00e8 suddiviso il percorso li far\u00e0 vivere suggestioni diverse.<\/p>\n\n\n\n<div class=\"wp-block-buttons is-horizontal is-content-justification-center is-layout-flex wp-container-core-buttons-is-layout-03627597 wp-block-buttons-is-layout-flex\">\n<div class=\"wp-block-button\"><a class=\"wp-block-button__link has-vivid-red-background-color has-background wp-element-button\" href=\"https:\/\/www.romeing.it\/it\/mercatini-e-villaggi-di-natale-a-roma\/\">SCOPRI I MERCATINI DI NATALE<\/a><\/div>\n\n\n\n<div class=\"wp-block-button\"><a class=\"wp-block-button__link has-vivid-red-background-color has-background wp-element-button\" href=\"https:\/\/www.romeing.it\/it\/10-cose-da-fare-a-natale-a-roma\/\">COSA FARE A NATALE A ROMA<\/a><\/div>\n<\/div>\n\n\n\n<figure class=\"wp-block-image aligncenter size-full\"><img decoding=\"async\" src=\"https:\/\/www.romeing.it\/wp-content\/uploads\/2025\/12\/trame-di-luce-Aetherea.jpg\" alt=\"trame di luce orto botanico roma\" class=\"wp-image-169734\"\/><\/figure>\n\n\n\n<p>Uno spettacolo armonioso di luce e musica, che vi permetter\u00e0 di immergervi nello spirito natalizio, stando al contempo a contatto con la natura: la splendida vegetazione del luogo infatti verr\u00e0 ancora di pi\u00f9 esaltata dal gioco di luci e melodie. <\/p>\n\n\n\n<p>A comporre la mappa delle meraviglie luminose di <strong>\u201cTrame di luce\u201d sono 22 tappe<\/strong>, tra installazioni e opere di light art, alcune delle quali inedite e interattive, anche indoor.<\/p>\n\n\n\n<figure class=\"wp-block-image aligncenter size-large\"><img decoding=\"async\" src=\"https:\/\/www.romeing.it\/wp-content\/uploads\/2025\/12\/Trame-di-luce-installazione-luminosa-al-bambuseto-1024x683.jpg\" alt=\"trame-di-luce-orto-botanico-2024\" class=\"wp-image-169661\"\/><\/figure>\n\n\n\n<h3 class=\"wp-block-heading\" id=\"h-il-percorso-multisensoriale\">Il percorso multisensoriale<\/h3>\n\n\n\n<p>Il percorso inizia negli <strong>spazi esterni di Palazzo Corsini<\/strong> con&nbsp;<em><strong>Luminaripainting<\/strong><\/em>, un\u2019opera dell\u2019Accademia di Belle Arti di Lecce che reinterpreta le tradizionali luminarie pugliesi. Tra le installazioni pi\u00f9 suggestive ci sono l\u2019albero&nbsp;<em><strong>E luce sia<\/strong><\/em>, il nuovo albero di Natale illuminato da circa 300 lanterne accese in sequenza, e&nbsp;<em><strong>La Palma: Albero della Vita<\/strong><\/em>, che richiama le tradizioni mediorientali.<\/p>\n\n\n\n<p>Altri punti salienti includono&nbsp;<em><strong>Aetherea<\/strong><\/em>&nbsp;alla Fontana del Tritone, un\u2019esperienza luminosa immersiva, e&nbsp;<em><strong>Soffio di Vita<\/strong><\/em>, un\u2019opera interattiva che permette di modificare i colori con il tocco. Il percorso \u00e8 arricchito da giochi di luce, installazioni fiabesche e opere interattive come&nbsp;<em><strong>L\u2019Universo con un dito<\/strong><\/em>, che trasporta i visitatori in una galassia di stelle.<\/p>\n\n\n\n<p>E poi ancora <em><strong>Creature nel Bosco<\/strong><\/em>, il bosco degli elfi, ricreati con video olografici come delle laboriose creature luminescenti in simbiosi con la natura e <em><strong>Corsa ai regali<\/strong><\/em>, installazione realizzata con ben 40 tubi di luci a Led di 2 metri di altezza ciascuno che evoca l\u2019eccitamento dei bambini nel momento che precede l\u2019attesissima apertura dei doni.<\/p>\n\n\n\n<p>Grazie ai QR code lungo il percorso, \u00e8 possibile accedere gratuitamente a contenuti che spiegano e approfondiscono ogni opera.<span style=\"font-family: Karla;font-size: 19px;font-style: normal;font-weight: 400;letter-spacing: normal;text-align: start;text-indent: 0px;text-transform: none;float: none\"><\/span><\/p>\n\n\n\n<figure class=\"wp-block-image aligncenter size-large is-resized\"><img decoding=\"async\" src=\"https:\/\/www.romeing.it\/wp-content\/uploads\/2025\/12\/trame-di-luce-Eco-di-stelle-1024x683.jpg\" alt=\"trame di luce orto botanico roma\" class=\"wp-image-169728\"\/><\/figure>\n\n\n\n<h3 class=\"wp-block-heading\" id=\"h-un-momento-di-festa-con-i-propri-cari\">Un momento di festa con i propri cari<\/h3>\n\n\n\n<p>E dopo la passeggiata, spazio alla golosit\u00e0! Nell&#8217;area gastronomica <em>Luci di gusto<\/em> adulti e bambini potranno rifocillarsi e vivere un momento di relax e convivialit\u00e0. Visto il contesto non pu\u00f2 mancare il vin brul\u00e9, insieme a finger food di cibi della tradizione italiana, come i fritti misti napoletani e le olive ripiene abruzzesi. Gli stand gastronomici si alternano a un&#8217;ampia area coperta, in modo da garantire il servizio anche in caso di maltempo.<\/p>\n\n\n\n<figure class=\"wp-block-image size-large\"><img decoding=\"async\" src=\"https:\/\/www.romeing.it\/wp-content\/uploads\/2025\/12\/trame-di-luce-Fluxit-1024x683.jpg\" alt=\"trame di luce orto botanico roma\" class=\"wp-image-169732\"\/><\/figure>\n\n\n\n<hr class=\"wp-block-separator has-alpha-channel-opacity\"\/>\n\n\n\n<p class=\"has-text-align-center\"><strong>Fino al 12 Gennaio 2025<\/strong><\/p>\n\n\n\n<p class=\"has-text-align-center\">Accademia dei Lincei \u2013 Via Corsini 25<\/p>\n\n\n\n<p class=\"has-text-align-center\"><strong>Orari:<\/strong> 18 alle ore 23, con ultimo ingresso alle ore 21 circa<\/p>\n\n\n\n<p class=\"has-text-align-center\"><strong>Biglietti:<\/strong> a partire da 21 euro<\/p>\n\n\n\n<p class=\"has-text-align-center\"><a href=\"https:\/\/tramediluce.it\/\" target=\"_blank\" rel=\"noreferrer noopener\">tramediluce.it<\/a><\/p>\n","protected":false},"excerpt":{"rendered":"<p>Dal 30 Novembre al 12 gennaio 2025 l&#8217;Orto Botanico di Roma e l&#8217;Accademia dei Lincei diventano un capolavoro di light art.<\/p>\n","protected":false},"author":1576,"featured_media":68546,"comment_status":"open","ping_status":"open","sticky":false,"template":"","format":"standard","meta":{"_uag_custom_page_level_css":"","footnotes":""},"categories":[590,581,580,591,586,594],"tags":[],"class_list":["post-104189","post","type-post","status-publish","format-standard","has-post-thumbnail","hentry","category-articoli","category-cosa-vedere-a-roma","category-eventi-a-roma","category-news","category-parchi-giardini-roma","category-spettacoli-teatri-roma"],"featured_image_src":"https:\/\/www.romeing.it\/wp-content\/uploads\/2025\/12\/trame-di-luce-Aetherea.jpg","author_info":{"display_name":"Valentina Martinoli","author_link":"https:\/\/www.romeing.it\/it\/author\/katiba\/"},"yoast_head":"<!-- This site is optimized with the Yoast SEO Premium plugin v26.9 (Yoast SEO v27.4) - https:\/\/yoast.com\/product\/yoast-seo-premium-wordpress\/ -->\n<title>Trame di Luce: una sinfonia luminosa all&#039;Orto Botanico di Roma<\/title>\n<meta name=\"description\" content=\"Dal 30 Novembre al 12 gennaio 2025 l&#039;Orto Botanico di Roma e l&#039;Accademia dei Lincei diventano un capolavoro di light art.\" \/>\n<meta name=\"robots\" content=\"index, follow, max-snippet:-1, max-image-preview:large, max-video-preview:-1\" \/>\n<link rel=\"canonical\" href=\"https:\/\/www.romeing.it\/it\/trame-di-luci\/\" \/>\n<meta property=\"og:locale\" content=\"it_IT\" \/>\n<meta property=\"og:type\" content=\"article\" \/>\n<meta property=\"og:title\" content=\"Trame di Luce: una sinfonia luminosa all&#039;Orto Botanico di Roma\" \/>\n<meta property=\"og:description\" content=\"Dal 30 Novembre al 12 gennaio 2025 l&#039;Orto Botanico di Roma e l&#039;Accademia dei Lincei diventano un capolavoro di light art.\" \/>\n<meta property=\"og:url\" content=\"https:\/\/www.romeing.it\/it\/trame-di-luci\/\" \/>\n<meta property=\"og:site_name\" content=\"Romeing | Rome&#039;s english magazine, events and exhibitions in Rome\" \/>\n<meta property=\"article:publisher\" content=\"https:\/\/www.facebook.com\/Romeing.it\" \/>\n<meta property=\"article:published_time\" content=\"2024-11-29T15:16:25+00:00\" \/>\n<meta property=\"article:modified_time\" content=\"2025-12-03T08:44:05+00:00\" \/>\n<meta property=\"og:image\" content=\"https:\/\/www.romeing.it\/wp-content\/uploads\/2025\/12\/trame-di-luce-Aetherea.jpg\" \/>\n\t<meta property=\"og:image:width\" content=\"1200\" \/>\n\t<meta property=\"og:image:height\" content=\"800\" \/>\n\t<meta property=\"og:image:type\" content=\"image\/jpeg\" \/>\n<meta name=\"author\" content=\"Valentina Martinoli\" \/>\n<meta name=\"twitter:card\" content=\"summary_large_image\" \/>\n<meta name=\"twitter:creator\" content=\"@romeing\" \/>\n<meta name=\"twitter:site\" content=\"@romeing\" \/>\n<meta name=\"twitter:label1\" content=\"Scritto da\" \/>\n\t<meta name=\"twitter:data1\" content=\"Valentina Martinoli\" \/>\n\t<meta name=\"twitter:label2\" content=\"Tempo di lettura stimato\" \/>\n\t<meta name=\"twitter:data2\" content=\"2 minuti\" \/>\n<script type=\"application\/ld+json\" class=\"yoast-schema-graph\">{\"@context\":\"https:\\\/\\\/schema.org\",\"@graph\":[{\"@type\":\"NewsArticle\",\"@id\":\"https:\\\/\\\/www.romeing.it\\\/it\\\/trame-di-luci\\\/#article\",\"isPartOf\":{\"@id\":\"https:\\\/\\\/www.romeing.it\\\/it\\\/trame-di-luci\\\/\"},\"author\":{\"name\":\"Valentina Martinoli\",\"@id\":\"https:\\\/\\\/www.romeing.it\\\/it\\\/#\\\/schema\\\/person\\\/54e8bd3637f34425a9c6f5736631215a\"},\"headline\":\"Trame di Luce: una sinfonia luminosa all&#8217;Orto Botanico di Roma\",\"datePublished\":\"2024-11-29T15:16:25+00:00\",\"dateModified\":\"2025-12-03T08:44:05+00:00\",\"mainEntityOfPage\":{\"@id\":\"https:\\\/\\\/www.romeing.it\\\/it\\\/trame-di-luci\\\/\"},\"wordCount\":617,\"commentCount\":0,\"publisher\":{\"@id\":\"https:\\\/\\\/www.romeing.it\\\/it\\\/#organization\"},\"image\":{\"@id\":\"https:\\\/\\\/www.romeing.it\\\/it\\\/trame-di-luci\\\/#primaryimage\"},\"thumbnailUrl\":\"https:\\\/\\\/www.romeing.it\\\/wp-content\\\/uploads\\\/2025\\\/12\\\/trame-di-luce-Aetherea.jpg\",\"articleSection\":[\"Articoli\",\"Cosa vedere a Roma\",\"Eventi a Roma\",\"News\",\"Parchi e Giardini\",\"Spettacoli \\\/ Teatri \\\/ Fashion\"],\"inLanguage\":\"it-IT\",\"potentialAction\":[{\"@type\":\"CommentAction\",\"name\":\"Comment\",\"target\":[\"https:\\\/\\\/www.romeing.it\\\/it\\\/trame-di-luci\\\/#respond\"]}],\"copyrightYear\":\"2024\",\"copyrightHolder\":{\"@id\":\"https:\\\/\\\/www.romeing.it\\\/#organization\"}},{\"@type\":\"WebPage\",\"@id\":\"https:\\\/\\\/www.romeing.it\\\/it\\\/trame-di-luci\\\/\",\"url\":\"https:\\\/\\\/www.romeing.it\\\/it\\\/trame-di-luci\\\/\",\"name\":\"Trame di Luce: una sinfonia luminosa all'Orto Botanico di Roma\",\"isPartOf\":{\"@id\":\"https:\\\/\\\/www.romeing.it\\\/it\\\/#website\"},\"primaryImageOfPage\":{\"@id\":\"https:\\\/\\\/www.romeing.it\\\/it\\\/trame-di-luci\\\/#primaryimage\"},\"image\":{\"@id\":\"https:\\\/\\\/www.romeing.it\\\/it\\\/trame-di-luci\\\/#primaryimage\"},\"thumbnailUrl\":\"https:\\\/\\\/www.romeing.it\\\/wp-content\\\/uploads\\\/2025\\\/12\\\/trame-di-luce-Aetherea.jpg\",\"datePublished\":\"2024-11-29T15:16:25+00:00\",\"dateModified\":\"2025-12-03T08:44:05+00:00\",\"description\":\"Dal 30 Novembre al 12 gennaio 2025 l'Orto Botanico di Roma e l'Accademia dei Lincei diventano un capolavoro di light art.\",\"inLanguage\":\"it-IT\",\"potentialAction\":[{\"@type\":\"ReadAction\",\"target\":[\"https:\\\/\\\/www.romeing.it\\\/it\\\/trame-di-luci\\\/\"]}]},{\"@type\":\"ImageObject\",\"inLanguage\":\"it-IT\",\"@id\":\"https:\\\/\\\/www.romeing.it\\\/it\\\/trame-di-luci\\\/#primaryimage\",\"url\":\"https:\\\/\\\/www.romeing.it\\\/wp-content\\\/uploads\\\/2025\\\/12\\\/trame-di-luce-Aetherea.jpg\",\"contentUrl\":\"https:\\\/\\\/www.romeing.it\\\/wp-content\\\/uploads\\\/2025\\\/12\\\/trame-di-luce-Aetherea.jpg\",\"width\":1200,\"height\":800,\"caption\":\"trame di luce orto botanico roma\"},{\"@type\":\"WebSite\",\"@id\":\"https:\\\/\\\/www.romeing.it\\\/it\\\/#website\",\"url\":\"https:\\\/\\\/www.romeing.it\\\/it\\\/\",\"name\":\"Romeing: Rome's english magazine, events and exhibitions in Rome\",\"description\":\"Romeing is the english magazine for tourists and expats visiting or living in Rome. A guide to the best things to do and see in Rome &amp; Florence, attractions and restaurants with a listing of events and exhibitions.\",\"publisher\":{\"@id\":\"https:\\\/\\\/www.romeing.it\\\/it\\\/#organization\"},\"potentialAction\":[{\"@type\":\"SearchAction\",\"target\":{\"@type\":\"EntryPoint\",\"urlTemplate\":\"https:\\\/\\\/www.romeing.it\\\/it\\\/?s={search_term_string}\"},\"query-input\":{\"@type\":\"PropertyValueSpecification\",\"valueRequired\":true,\"valueName\":\"search_term_string\"}}],\"inLanguage\":\"it-IT\"},{\"@type\":\"Organization\",\"@id\":\"https:\\\/\\\/www.romeing.it\\\/it\\\/#organization\",\"name\":\"Romeing srl\",\"url\":\"https:\\\/\\\/www.romeing.it\\\/it\\\/\",\"logo\":{\"@type\":\"ImageObject\",\"inLanguage\":\"it-IT\",\"@id\":\"https:\\\/\\\/www.romeing.it\\\/it\\\/#\\\/schema\\\/logo\\\/image\\\/\",\"url\":\"https:\\\/\\\/www.romeing.it\\\/wp-content\\\/uploads\\\/2025\\\/12\\\/logo-quadrato-romeing.jpg\",\"contentUrl\":\"https:\\\/\\\/www.romeing.it\\\/wp-content\\\/uploads\\\/2025\\\/12\\\/logo-quadrato-romeing.jpg\",\"width\":696,\"height\":696,\"caption\":\"Romeing srl\"},\"image\":{\"@id\":\"https:\\\/\\\/www.romeing.it\\\/it\\\/#\\\/schema\\\/logo\\\/image\\\/\"},\"sameAs\":[\"https:\\\/\\\/www.facebook.com\\\/Romeing.it\",\"https:\\\/\\\/x.com\\\/romeing\",\"https:\\\/\\\/www.instagram.com\\\/romeing_magazine\\\/\",\"https:\\\/\\\/www.linkedin.com\\\/company\\\/romeing-srl\\\/\",\"https:\\\/\\\/www.pinterest.it\\\/romeing\\\/pins\\\/\",\"https:\\\/\\\/www.youtube.com\\\/@RomeingIt\"],\"email\":\"info@romeing.it\",\"legalName\":\"Romeing Srl\",\"foundingDate\":\"2010-12-01\",\"vatID\":\"11115241009\"},{\"@type\":\"Person\",\"@id\":\"https:\\\/\\\/www.romeing.it\\\/it\\\/#\\\/schema\\\/person\\\/54e8bd3637f34425a9c6f5736631215a\",\"name\":\"Valentina Martinoli\",\"image\":{\"@type\":\"ImageObject\",\"inLanguage\":\"it-IT\",\"@id\":\"https:\\\/\\\/secure.gravatar.com\\\/avatar\\\/acb5e89aeba74afae8d7b6d28692cc0d6908d8267f8c94fa4a18470daa55cfbd?s=96&d=mm&r=g\",\"url\":\"https:\\\/\\\/secure.gravatar.com\\\/avatar\\\/acb5e89aeba74afae8d7b6d28692cc0d6908d8267f8c94fa4a18470daa55cfbd?s=96&d=mm&r=g\",\"contentUrl\":\"https:\\\/\\\/secure.gravatar.com\\\/avatar\\\/acb5e89aeba74afae8d7b6d28692cc0d6908d8267f8c94fa4a18470daa55cfbd?s=96&d=mm&r=g\",\"caption\":\"Valentina Martinoli\"},\"description\":\"Valentina Martinoli is an italian art historian, journalist and content writer, based in Rome, specialised in cultural communication and exhibitions organisation. She fully agrees with Dostoevskij famous quote \\\"Beauty will save the world\\\".\",\"url\":\"https:\\\/\\\/www.romeing.it\\\/it\\\/author\\\/katiba\\\/\"}]}<\/script>\n<!-- \/ Yoast SEO Premium plugin. -->","yoast_head_json":{"title":"Trame di Luce: una sinfonia luminosa all'Orto Botanico di Roma","description":"Dal 30 Novembre al 12 gennaio 2025 l'Orto Botanico di Roma e l'Accademia dei Lincei diventano un capolavoro di light art.","robots":{"index":"index","follow":"follow","max-snippet":"max-snippet:-1","max-image-preview":"max-image-preview:large","max-video-preview":"max-video-preview:-1"},"canonical":"https:\/\/www.romeing.it\/it\/trame-di-luci\/","og_locale":"it_IT","og_type":"article","og_title":"Trame di Luce: una sinfonia luminosa all'Orto Botanico di Roma","og_description":"Dal 30 Novembre al 12 gennaio 2025 l'Orto Botanico di Roma e l'Accademia dei Lincei diventano un capolavoro di light art.","og_url":"https:\/\/www.romeing.it\/it\/trame-di-luci\/","og_site_name":"Romeing | Rome&#039;s english magazine, events and exhibitions in Rome","article_publisher":"https:\/\/www.facebook.com\/Romeing.it","article_published_time":"2024-11-29T15:16:25+00:00","article_modified_time":"2025-12-03T08:44:05+00:00","og_image":[{"width":1200,"height":800,"url":"https:\/\/www.romeing.it\/wp-content\/uploads\/2025\/12\/trame-di-luce-Aetherea.jpg","type":"image\/jpeg"}],"author":"Valentina Martinoli","twitter_card":"summary_large_image","twitter_creator":"@romeing","twitter_site":"@romeing","twitter_misc":{"Scritto da":"Valentina Martinoli","Tempo di lettura stimato":"2 minuti"},"schema":{"@context":"https:\/\/schema.org","@graph":[{"@type":"NewsArticle","@id":"https:\/\/www.romeing.it\/it\/trame-di-luci\/#article","isPartOf":{"@id":"https:\/\/www.romeing.it\/it\/trame-di-luci\/"},"author":{"name":"Valentina Martinoli","@id":"https:\/\/www.romeing.it\/it\/#\/schema\/person\/54e8bd3637f34425a9c6f5736631215a"},"headline":"Trame di Luce: una sinfonia luminosa all&#8217;Orto Botanico di Roma","datePublished":"2024-11-29T15:16:25+00:00","dateModified":"2025-12-03T08:44:05+00:00","mainEntityOfPage":{"@id":"https:\/\/www.romeing.it\/it\/trame-di-luci\/"},"wordCount":617,"commentCount":0,"publisher":{"@id":"https:\/\/www.romeing.it\/it\/#organization"},"image":{"@id":"https:\/\/www.romeing.it\/it\/trame-di-luci\/#primaryimage"},"thumbnailUrl":"https:\/\/www.romeing.it\/wp-content\/uploads\/2025\/12\/trame-di-luce-Aetherea.jpg","articleSection":["Articoli","Cosa vedere a Roma","Eventi a Roma","News","Parchi e Giardini","Spettacoli \/ Teatri \/ Fashion"],"inLanguage":"it-IT","potentialAction":[{"@type":"CommentAction","name":"Comment","target":["https:\/\/www.romeing.it\/it\/trame-di-luci\/#respond"]}],"copyrightYear":"2024","copyrightHolder":{"@id":"https:\/\/www.romeing.it\/#organization"}},{"@type":"WebPage","@id":"https:\/\/www.romeing.it\/it\/trame-di-luci\/","url":"https:\/\/www.romeing.it\/it\/trame-di-luci\/","name":"Trame di Luce: una sinfonia luminosa all'Orto Botanico di Roma","isPartOf":{"@id":"https:\/\/www.romeing.it\/it\/#website"},"primaryImageOfPage":{"@id":"https:\/\/www.romeing.it\/it\/trame-di-luci\/#primaryimage"},"image":{"@id":"https:\/\/www.romeing.it\/it\/trame-di-luci\/#primaryimage"},"thumbnailUrl":"https:\/\/www.romeing.it\/wp-content\/uploads\/2025\/12\/trame-di-luce-Aetherea.jpg","datePublished":"2024-11-29T15:16:25+00:00","dateModified":"2025-12-03T08:44:05+00:00","description":"Dal 30 Novembre al 12 gennaio 2025 l'Orto Botanico di Roma e l'Accademia dei Lincei diventano un capolavoro di light art.","inLanguage":"it-IT","potentialAction":[{"@type":"ReadAction","target":["https:\/\/www.romeing.it\/it\/trame-di-luci\/"]}]},{"@type":"ImageObject","inLanguage":"it-IT","@id":"https:\/\/www.romeing.it\/it\/trame-di-luci\/#primaryimage","url":"https:\/\/www.romeing.it\/wp-content\/uploads\/2025\/12\/trame-di-luce-Aetherea.jpg","contentUrl":"https:\/\/www.romeing.it\/wp-content\/uploads\/2025\/12\/trame-di-luce-Aetherea.jpg","width":1200,"height":800,"caption":"trame di luce orto botanico roma"},{"@type":"WebSite","@id":"https:\/\/www.romeing.it\/it\/#website","url":"https:\/\/www.romeing.it\/it\/","name":"Romeing: Rome's english magazine, events and exhibitions in Rome","description":"Romeing is the english magazine for tourists and expats visiting or living in Rome. A guide to the best things to do and see in Rome &amp; Florence, attractions and restaurants with a listing of events and exhibitions.","publisher":{"@id":"https:\/\/www.romeing.it\/it\/#organization"},"potentialAction":[{"@type":"SearchAction","target":{"@type":"EntryPoint","urlTemplate":"https:\/\/www.romeing.it\/it\/?s={search_term_string}"},"query-input":{"@type":"PropertyValueSpecification","valueRequired":true,"valueName":"search_term_string"}}],"inLanguage":"it-IT"},{"@type":"Organization","@id":"https:\/\/www.romeing.it\/it\/#organization","name":"Romeing srl","url":"https:\/\/www.romeing.it\/it\/","logo":{"@type":"ImageObject","inLanguage":"it-IT","@id":"https:\/\/www.romeing.it\/it\/#\/schema\/logo\/image\/","url":"https:\/\/www.romeing.it\/wp-content\/uploads\/2025\/12\/logo-quadrato-romeing.jpg","contentUrl":"https:\/\/www.romeing.it\/wp-content\/uploads\/2025\/12\/logo-quadrato-romeing.jpg","width":696,"height":696,"caption":"Romeing srl"},"image":{"@id":"https:\/\/www.romeing.it\/it\/#\/schema\/logo\/image\/"},"sameAs":["https:\/\/www.facebook.com\/Romeing.it","https:\/\/x.com\/romeing","https:\/\/www.instagram.com\/romeing_magazine\/","https:\/\/www.linkedin.com\/company\/romeing-srl\/","https:\/\/www.pinterest.it\/romeing\/pins\/","https:\/\/www.youtube.com\/@RomeingIt"],"email":"info@romeing.it","legalName":"Romeing Srl","foundingDate":"2010-12-01","vatID":"11115241009"},{"@type":"Person","@id":"https:\/\/www.romeing.it\/it\/#\/schema\/person\/54e8bd3637f34425a9c6f5736631215a","name":"Valentina Martinoli","image":{"@type":"ImageObject","inLanguage":"it-IT","@id":"https:\/\/secure.gravatar.com\/avatar\/acb5e89aeba74afae8d7b6d28692cc0d6908d8267f8c94fa4a18470daa55cfbd?s=96&d=mm&r=g","url":"https:\/\/secure.gravatar.com\/avatar\/acb5e89aeba74afae8d7b6d28692cc0d6908d8267f8c94fa4a18470daa55cfbd?s=96&d=mm&r=g","contentUrl":"https:\/\/secure.gravatar.com\/avatar\/acb5e89aeba74afae8d7b6d28692cc0d6908d8267f8c94fa4a18470daa55cfbd?s=96&d=mm&r=g","caption":"Valentina Martinoli"},"description":"Valentina Martinoli is an italian art historian, journalist and content writer, based in Rome, specialised in cultural communication and exhibitions organisation. She fully agrees with Dostoevskij famous quote \"Beauty will save the world\".","url":"https:\/\/www.romeing.it\/it\/author\/katiba\/"}]}},"uagb_featured_image_src":{"full":["https:\/\/www.romeing.it\/wp-content\/uploads\/2025\/12\/trame-di-luce-Aetherea.jpg",1200,800,false],"thumbnail":["https:\/\/www.romeing.it\/wp-content\/uploads\/2025\/12\/trame-di-luce-Aetherea-150x150.jpg",150,150,true],"medium":["https:\/\/www.romeing.it\/wp-content\/uploads\/2025\/12\/trame-di-luce-Aetherea-300x200.jpg",300,200,true],"medium_large":["https:\/\/www.romeing.it\/wp-content\/uploads\/2025\/12\/trame-di-luce-Aetherea-768x512.jpg",768,512,true],"large":["https:\/\/www.romeing.it\/wp-content\/uploads\/2025\/12\/trame-di-luce-Aetherea-1024x683.jpg",800,534,true],"1536x1536":["https:\/\/www.romeing.it\/wp-content\/uploads\/2025\/12\/trame-di-luce-Aetherea.jpg",1200,800,false],"2048x2048":["https:\/\/www.romeing.it\/wp-content\/uploads\/2025\/12\/trame-di-luce-Aetherea.jpg",1200,800,false]},"uagb_author_info":{"display_name":"Valentina Martinoli","author_link":"https:\/\/www.romeing.it\/it\/author\/katiba\/"},"uagb_comment_info":0,"uagb_excerpt":"Dal 30 Novembre al 12 gennaio 2025 l'Orto Botanico di Roma e l'Accademia dei Lincei diventano un capolavoro di light art.","_links":{"self":[{"href":"https:\/\/www.romeing.it\/it\/wp-json\/wp\/v2\/posts\/104189","targetHints":{"allow":["GET"]}}],"collection":[{"href":"https:\/\/www.romeing.it\/it\/wp-json\/wp\/v2\/posts"}],"about":[{"href":"https:\/\/www.romeing.it\/it\/wp-json\/wp\/v2\/types\/post"}],"author":[{"embeddable":true,"href":"https:\/\/www.romeing.it\/it\/wp-json\/wp\/v2\/users\/1576"}],"replies":[{"embeddable":true,"href":"https:\/\/www.romeing.it\/it\/wp-json\/wp\/v2\/comments?post=104189"}],"version-history":[{"count":1,"href":"https:\/\/www.romeing.it\/it\/wp-json\/wp\/v2\/posts\/104189\/revisions"}],"predecessor-version":[{"id":104190,"href":"https:\/\/www.romeing.it\/it\/wp-json\/wp\/v2\/posts\/104189\/revisions\/104190"}],"wp:featuredmedia":[{"embeddable":true,"href":"https:\/\/www.romeing.it\/it\/wp-json\/wp\/v2\/media\/68546"}],"wp:attachment":[{"href":"https:\/\/www.romeing.it\/it\/wp-json\/wp\/v2\/media?parent=104189"}],"wp:term":[{"taxonomy":"category","embeddable":true,"href":"https:\/\/www.romeing.it\/it\/wp-json\/wp\/v2\/categories?post=104189"},{"taxonomy":"post_tag","embeddable":true,"href":"https:\/\/www.romeing.it\/it\/wp-json\/wp\/v2\/tags?post=104189"}],"curies":[{"name":"wp","href":"https:\/\/api.w.org\/{rel}","templated":true}]}}