{"id":104318,"date":"2023-02-27T17:02:55","date_gmt":"2023-02-27T17:02:55","guid":{"rendered":"https:\/\/www.romeing.it\/mira-il-vero-spirito-sudamericano-sbarca-a-roma\/"},"modified":"2025-12-03T08:46:09","modified_gmt":"2025-12-03T08:46:09","slug":"mira-il-vero-spirito-sudamericano-sbarca-a-roma","status":"publish","type":"post","link":"https:\/\/www.romeing.it\/it\/mira-il-vero-spirito-sudamericano-sbarca-a-roma\/","title":{"rendered":"MIRA! Il vero spirito sudamericano sbarca a Roma"},"content":{"rendered":"\n<h2 class=\"wp-block-heading\" id=\"h-il-nuovo-ristorante-fusion-latino-della-capitale-inaugura-venerdi-3-marzo-con-un-incredibile-opening-party\">Il nuovo ristorante fusion latino della Capitale inaugura venerd\u00ec 3 marzo con un incredibile Opening Party <\/h2>\n\n\n\n<p>Per sentirsi immersi nella natura lussureggiante del Sud America, gustando cibo dal sapore esotico mentre tutto intorno si balla seguendo il ritmo latino non serve prendere un aereo: basta arrivare a <strong>Via dei Colli Portuensi<\/strong>! Proprio qui, nel cuore di Monteverde Nuovo, sta per aprire, il prossimo <strong>3 marzo<\/strong>,  <strong>Mira<\/strong>, il nuovo locale di influenza <strong>fusion sudamericana<\/strong> dove godersi un <strong>aperitivo<\/strong> o una <strong>cena <\/strong>in un&#8217;atmosfera gioiosa e divertente.<\/p>\n\n\n\n<p>Quando si parla di America Latina si pensa immediatamente alla musica travolgente e ai balli tipici di questa terra. Ma non solo: il mondo latino offre anche una grande variet\u00e0 di cibi e pietanze, nonch\u00e8 di cocktail particolarissimi il cui gusto come un&#8217;onda sar\u00e0 in grado di trascinarvi in un&#8217;esperienza sensoriale senza precedenti!<\/p>\n\n\n\n<p>La serata di apertura si prospetta davvero imperdibile: l&#8217;<strong>Opening Party<\/strong> si terr\u00e0 <strong>venerd\u00ec 3 marzo<\/strong> dalle <strong>19 alle 22<\/strong>, e a scatenare le danze ci penser\u00e0 il <strong>Dj Set Cool3ra<\/strong>. A tutti gli ospiti verranno offerti <strong>2 drink<\/strong> e <strong>assaggi del men\u00f9 food<\/strong>. <\/p>\n\n\n\n<p><strong>Per poter accedere occorre essere inseriti nella lista nominale, per chiedere l&#8217;accredito baster\u00e0 scrivere a:\u00a0<a href=\"mailto:rsvp@slevin.it\">rsvp@slevin.it<\/a><\/strong><\/p>\n\n\n\n<figure class=\"wp-block-image aligncenter size-large is-resized\"><img fetchpriority=\"high\" decoding=\"async\" src=\"https:\/\/www.romeing.it\/wp-content\/uploads\/2025\/12\/Mira_Invito_00000-1024x1024.jpg\" alt=\"\" class=\"wp-image-134347\" width=\"768\" height=\"768\" \/><\/figure>\n\n\n\n<p>Per\u00f9, Brasile, Argentina, Messico: tutti i sapori e i colori di questi paesi meravigliosi si condensano in una serie di proposte food davvero sfiziose, presentate in formato tapas: <em>nachos, platano fritto, <\/em>soffici <em>empanadas<\/em> in tre varianti (Classiche Argentine, con carne; De Mar, con rag\u00f9 di tonno, spigola, gamberi e sour cream; Suavecita, mozzarella, cipolle caramellate, mais e salsa di prugna)<em>.<\/em> E ancora<em> Tacos di salmone e al Pastor loco, Arepas, Ceviche, Picanha Asada al Chimichurri<\/em> <em> <\/em>e i caratteristici <em>Churros.<\/em> Tutte questi piatti nascono dal sodalizio culinario tra 2 chef, uno italiano e uno argentino: il mix tra queste due culture crea un tipo di cucina fusion, originale ed accattivante, frutto della sperimentazione tra i fornelli. <\/p>\n\n\n\n<div class=\"wp-block-columns is-layout-flex wp-container-core-columns-is-layout-28f84493 wp-block-columns-is-layout-flex\">\n<div class=\"wp-block-column is-layout-flow wp-block-column-is-layout-flow\">\n<figure class=\"wp-block-image size-large\"><img decoding=\"async\" src=\"https:\/\/www.romeing.it\/wp-content\/uploads\/2025\/12\/MIRA_02_00031-1024x1024.jpg\" alt=\"\" class=\"wp-image-134349\" \/><\/figure>\n<\/div>\n\n\n\n<div class=\"wp-block-column is-layout-flow wp-block-column-is-layout-flow\">\n<figure class=\"wp-block-image size-large\"><img decoding=\"async\" src=\"https:\/\/www.romeing.it\/wp-content\/uploads\/2025\/12\/MIRA_02_00041-1024x1024.jpg\" alt=\"\" class=\"wp-image-134351\" \/><\/figure>\n<\/div>\n<\/div>\n\n\n\n<p>Non solo cibo, ma anche drink. <strong>Mira<\/strong> infatti ha una doppia anima: da un lato quella della ristorazione, dall&#8217;altra quella del club, dove ballare e scatenarsi anche dopo cena, fino a tarda notte. E&#8217; fortissima infatti la proposta <strong>mixology <\/strong>del locale, che spazia tra <em>Margarita, Pisco Sour, Caipirinha<\/em> e ben <strong>8 signature<\/strong> che portano alta la bandiera latina, come con il <em>Sofy Brazil<\/em> (Cachaca infused vanilla, rum, cordiale miele e zenzero, lime e ananas) e <em>La Tierra<\/em> (Tequila blanco, pompelmo, lime, agave, lamponi). Peculiarit\u00e0 del posto \u00e8 il doppio formato del beverage, che si presenta anche con whisky, tequila e mezcal a <em>porzioni<\/em>.<\/p>\n\n\n\n<p>Il design del locale \u00e8 un chiaro rimando al mondo magico e profumato della natura sudamericana, rigogliosa di fiori tropicali, lussureggiante di verde. Pavimento a scacchi, sedute in vimini, tavoli smaltati, luci soffuse: l&#8217;arredo, curato in ogni dettaglio, \u00e8 accarezzato da una distesa di fiori che scendono dal soffitto, regalando un&#8217;atmosfera davvero incantata. Il ristorante ospita fino a <strong>80 coperti<\/strong> nella parte interna, mentre altri <strong>20<\/strong> si trovano nel dehors. <\/p>\n\n\n\n<p>Per una fuga dal grigiore cittadino, lasciatevi sedurre da questa location affascinante dove il ritmo si sposa col gusto!<\/p>\n\n\n\n<div class=\"wp-block-uagb-inline-notice uagb-inline_notice__align-left uagb-block-b5be0d97\"><h4 class=\"uagb-notice-title\">Come partecipare all&#8217;Opening Party<\/h4><div class=\"uagb-notice-text\"><strong>Per poter accedere occorre essere inseriti nella lista nominale, per chiedere l&#8217;accredito baster\u00e0 scrivere a:\u00a0<a href=\"mailto:rsvp@slevin.it\">rsvp@slevin.it<\/a><\/strong><\/div><\/div>\n\n\n\n<figure class=\"wp-block-image aligncenter size-large\"><img decoding=\"async\" src=\"https:\/\/www.romeing.it\/wp-content\/uploads\/2025\/12\/MIRA_01_00026-819x1024.jpg\" alt=\"\" class=\"wp-image-134354\" \/><\/figure>\n\n\n\n<hr class=\"wp-block-separator has-alpha-channel-opacity\" \/>\n\n\n\n<div class=\"wp-block-columns is-layout-flex wp-container-core-columns-is-layout-28f84493 wp-block-columns-is-layout-flex\">\n<div class=\"wp-block-column is-layout-flow wp-block-column-is-layout-flow\">\t\t\t<div \n\t\t\tclass=\"wp-block-uagb-google-map uagb-google-map__wrap uagb-block-fb4f8cec     \"\n\t\t\tstyle=\"\" >\n\t\t\t\t<embed\n\t\t\t\t\tclass=\"uagb-google-map__iframe\"\n\t\t\t\t\ttitle=\"Google Map for \"\n\t\t\t\t\tsrc=\"https:\/\/maps.google.com\/maps?q=Via%20dei%20Colli%20Portuensi%2C%20563%20Roma&#038;z=15&#038;hl=en&#038;t=m&#038;output=embed&#038;iwloc=near\"\n\t\t\t\t\twidth=\"640\"\n\t\t\t\t\theight=\"300\"\n\t\t\t\t\tloading=\"lazy\"\n\t\t\t\t><\/embed>\n\t\t\t<\/div>\n\t\t\t<\/div>\n\n\n\n<div class=\"wp-block-column is-layout-flow wp-block-column-is-layout-flow\">\n<p class=\"has-text-align-left\">Via dei Colli Portuensi, 563 <\/p>\n\n\n\n<p class=\"has-text-align-left\"><strong>Orari:<\/strong> tutti i giorni dalle 12:00 alle 15:00 e dalle 18:00 alle 00:00<\/p>\n\n\n\n<p class=\"has-text-align-left\"><strong>Contatti:<\/strong> 06 33972268<\/p>\n\n\n\n<div class=\"wp-block-uagb-icon-list uagb-block-b532ebe5\"><div class=\"uagb-icon-list__wrap\">\n<div class=\"wp-block-uagb-icon-list-child uagb-block-c23ea4f4\"><a target=\"_blank\" aria-label=\"facebook.com\/Mirafusion\" rel=\"noopener noreferrer\" href=\"https:\/\/www.facebook.com\/Mirafusion\"> <\/a><span class=\"uagb-icon-list__source-wrap\"><\/span><span class=\"uagb-icon-list__label\">facebook.com\/Mirafusion<\/span><\/div>\n\n\n\n<div class=\"wp-block-uagb-icon-list-child uagb-block-729c9cf5\"><a target=\"_blank\" aria-label=\"instagram.com\/mirafusion\/\" rel=\"noopener noreferrer\" href=\"https:\/\/www.instagram.com\/mirafusion\/\"> <\/a><span class=\"uagb-icon-list__source-wrap\"><\/span><span class=\"uagb-icon-list__label\">instagram.com\/mirafusion\/<\/span><\/div>\n<\/div><\/div>\n<\/div>\n<\/div>\n","protected":false},"excerpt":{"rendered":"<p>MIRA! Il nuovo ristorante fusion latino di Roma inaugura venerd\u00ec 3 marzo a Via dei Colli Portuensi con un grandioso opening party.<\/p>\n","protected":false},"author":1576,"featured_media":104328,"comment_status":"open","ping_status":"open","sticky":false,"template":"","format":"standard","meta":{"_uag_custom_page_level_css":"","footnotes":""},"categories":[580,606,591,579],"tags":[],"class_list":["post-104318","post","type-post","status-publish","format-standard","has-post-thumbnail","hentry","category-eventi-a-roma","category-mangiare-a-roma","category-news","category-ristoranti-roma"],"featured_image_src":"https:\/\/www.romeing.it\/wp-content\/uploads\/2025\/12\/IMG_1394.jpg","author_info":{"display_name":"Valentina Martinoli","author_link":"https:\/\/www.romeing.it\/it\/author\/katiba\/"},"yoast_head":"<!-- This site is optimized with the Yoast SEO Premium plugin v26.9 (Yoast SEO v27.4) - https:\/\/yoast.com\/product\/yoast-seo-premium-wordpress\/ -->\n<title>MIRA! Il vero spirito sudamericano sbarca a Roma - Romeing<\/title>\n<meta name=\"description\" content=\"MIRA! Il nuovo ristorante fusion latino di Roma inaugura venerd\u00ec 3 marzo a Via dei Colli Portuensi con un grandioso opening party.\" \/>\n<meta name=\"robots\" content=\"index, follow, max-snippet:-1, max-image-preview:large, max-video-preview:-1\" \/>\n<link rel=\"canonical\" href=\"https:\/\/www.romeing.it\/it\/mira-il-vero-spirito-sudamericano-sbarca-a-roma\/\" \/>\n<meta property=\"og:locale\" content=\"it_IT\" \/>\n<meta property=\"og:type\" content=\"article\" \/>\n<meta property=\"og:title\" content=\"MIRA! Il vero spirito sudamericano sbarca a Roma\" \/>\n<meta property=\"og:description\" content=\"MIRA! Il nuovo ristorante fusion latino di Roma inaugura venerd\u00ec 3 marzo a Via dei Colli Portuensi con un grandioso opening party.\" \/>\n<meta property=\"og:url\" content=\"https:\/\/www.romeing.it\/it\/mira-il-vero-spirito-sudamericano-sbarca-a-roma\/\" \/>\n<meta property=\"og:site_name\" content=\"Romeing | Rome&#039;s english magazine, events and exhibitions in Rome\" \/>\n<meta property=\"article:publisher\" content=\"https:\/\/www.facebook.com\/Romeing.it\" \/>\n<meta property=\"article:published_time\" content=\"2023-02-27T17:02:55+00:00\" \/>\n<meta property=\"article:modified_time\" content=\"2025-12-03T08:46:09+00:00\" \/>\n<meta property=\"og:image\" content=\"https:\/\/www.romeing.it\/wp-content\/uploads\/2025\/12\/IMG_1394.jpg\" \/>\n\t<meta property=\"og:image:width\" content=\"1200\" \/>\n\t<meta property=\"og:image:height\" content=\"800\" \/>\n\t<meta property=\"og:image:type\" content=\"image\/jpeg\" \/>\n<meta name=\"author\" content=\"Valentina Martinoli\" \/>\n<meta name=\"twitter:card\" content=\"summary_large_image\" \/>\n<meta name=\"twitter:creator\" content=\"@romeing\" \/>\n<meta name=\"twitter:site\" content=\"@romeing\" \/>\n<meta name=\"twitter:label1\" content=\"Scritto da\" \/>\n\t<meta name=\"twitter:data1\" content=\"Valentina Martinoli\" \/>\n\t<meta name=\"twitter:label2\" content=\"Tempo di lettura stimato\" \/>\n\t<meta name=\"twitter:data2\" content=\"4 minuti\" \/>\n<script type=\"application\/ld+json\" class=\"yoast-schema-graph\">{\"@context\":\"https:\\\/\\\/schema.org\",\"@graph\":[{\"@type\":\"NewsArticle\",\"@id\":\"https:\\\/\\\/www.romeing.it\\\/it\\\/mira-il-vero-spirito-sudamericano-sbarca-a-roma\\\/#article\",\"isPartOf\":{\"@id\":\"https:\\\/\\\/www.romeing.it\\\/it\\\/mira-il-vero-spirito-sudamericano-sbarca-a-roma\\\/\"},\"author\":{\"name\":\"Valentina Martinoli\",\"@id\":\"https:\\\/\\\/www.romeing.it\\\/it\\\/#\\\/schema\\\/person\\\/54e8bd3637f34425a9c6f5736631215a\"},\"headline\":\"MIRA! Il vero spirito sudamericano sbarca a Roma\",\"datePublished\":\"2023-02-27T17:02:55+00:00\",\"dateModified\":\"2025-12-03T08:46:09+00:00\",\"mainEntityOfPage\":{\"@id\":\"https:\\\/\\\/www.romeing.it\\\/it\\\/mira-il-vero-spirito-sudamericano-sbarca-a-roma\\\/\"},\"wordCount\":554,\"commentCount\":0,\"publisher\":{\"@id\":\"https:\\\/\\\/www.romeing.it\\\/it\\\/#organization\"},\"image\":{\"@id\":\"https:\\\/\\\/www.romeing.it\\\/it\\\/mira-il-vero-spirito-sudamericano-sbarca-a-roma\\\/#primaryimage\"},\"thumbnailUrl\":\"https:\\\/\\\/www.romeing.it\\\/wp-content\\\/uploads\\\/2025\\\/12\\\/IMG_1394.jpg\",\"articleSection\":[\"Eventi a Roma\",\"Mangiare\",\"News\",\"Ristoranti a Roma\"],\"inLanguage\":\"it-IT\",\"potentialAction\":[{\"@type\":\"CommentAction\",\"name\":\"Comment\",\"target\":[\"https:\\\/\\\/www.romeing.it\\\/it\\\/mira-il-vero-spirito-sudamericano-sbarca-a-roma\\\/#respond\"]}],\"copyrightYear\":\"2023\",\"copyrightHolder\":{\"@id\":\"https:\\\/\\\/www.romeing.it\\\/#organization\"}},{\"@type\":\"WebPage\",\"@id\":\"https:\\\/\\\/www.romeing.it\\\/it\\\/mira-il-vero-spirito-sudamericano-sbarca-a-roma\\\/\",\"url\":\"https:\\\/\\\/www.romeing.it\\\/it\\\/mira-il-vero-spirito-sudamericano-sbarca-a-roma\\\/\",\"name\":\"MIRA! Il vero spirito sudamericano sbarca a Roma - Romeing\",\"isPartOf\":{\"@id\":\"https:\\\/\\\/www.romeing.it\\\/it\\\/#website\"},\"primaryImageOfPage\":{\"@id\":\"https:\\\/\\\/www.romeing.it\\\/it\\\/mira-il-vero-spirito-sudamericano-sbarca-a-roma\\\/#primaryimage\"},\"image\":{\"@id\":\"https:\\\/\\\/www.romeing.it\\\/it\\\/mira-il-vero-spirito-sudamericano-sbarca-a-roma\\\/#primaryimage\"},\"thumbnailUrl\":\"https:\\\/\\\/www.romeing.it\\\/wp-content\\\/uploads\\\/2025\\\/12\\\/IMG_1394.jpg\",\"datePublished\":\"2023-02-27T17:02:55+00:00\",\"dateModified\":\"2025-12-03T08:46:09+00:00\",\"description\":\"MIRA! Il nuovo ristorante fusion latino di Roma inaugura venerd\u00ec 3 marzo a Via dei Colli Portuensi con un grandioso opening party.\",\"inLanguage\":\"it-IT\",\"potentialAction\":[{\"@type\":\"ReadAction\",\"target\":[\"https:\\\/\\\/www.romeing.it\\\/it\\\/mira-il-vero-spirito-sudamericano-sbarca-a-roma\\\/\"]}]},{\"@type\":\"ImageObject\",\"inLanguage\":\"it-IT\",\"@id\":\"https:\\\/\\\/www.romeing.it\\\/it\\\/mira-il-vero-spirito-sudamericano-sbarca-a-roma\\\/#primaryimage\",\"url\":\"https:\\\/\\\/www.romeing.it\\\/wp-content\\\/uploads\\\/2025\\\/12\\\/IMG_1394.jpg\",\"contentUrl\":\"https:\\\/\\\/www.romeing.it\\\/wp-content\\\/uploads\\\/2025\\\/12\\\/IMG_1394.jpg\",\"width\":1200,\"height\":800,\"caption\":\"MIRA! Il vero spirito sudamericano sbarca a Roma\"},{\"@type\":\"WebSite\",\"@id\":\"https:\\\/\\\/www.romeing.it\\\/it\\\/#website\",\"url\":\"https:\\\/\\\/www.romeing.it\\\/it\\\/\",\"name\":\"Romeing: Rome's english magazine, events and exhibitions in Rome\",\"description\":\"Romeing is the english magazine for tourists and expats visiting or living in Rome. A guide to the best things to do and see in Rome &amp; Florence, attractions and restaurants with a listing of events and exhibitions.\",\"publisher\":{\"@id\":\"https:\\\/\\\/www.romeing.it\\\/it\\\/#organization\"},\"potentialAction\":[{\"@type\":\"SearchAction\",\"target\":{\"@type\":\"EntryPoint\",\"urlTemplate\":\"https:\\\/\\\/www.romeing.it\\\/it\\\/?s={search_term_string}\"},\"query-input\":{\"@type\":\"PropertyValueSpecification\",\"valueRequired\":true,\"valueName\":\"search_term_string\"}}],\"inLanguage\":\"it-IT\"},{\"@type\":\"Organization\",\"@id\":\"https:\\\/\\\/www.romeing.it\\\/it\\\/#organization\",\"name\":\"Romeing srl\",\"url\":\"https:\\\/\\\/www.romeing.it\\\/it\\\/\",\"logo\":{\"@type\":\"ImageObject\",\"inLanguage\":\"it-IT\",\"@id\":\"https:\\\/\\\/www.romeing.it\\\/it\\\/#\\\/schema\\\/logo\\\/image\\\/\",\"url\":\"https:\\\/\\\/www.romeing.it\\\/wp-content\\\/uploads\\\/2025\\\/12\\\/logo-quadrato-romeing.jpg\",\"contentUrl\":\"https:\\\/\\\/www.romeing.it\\\/wp-content\\\/uploads\\\/2025\\\/12\\\/logo-quadrato-romeing.jpg\",\"width\":696,\"height\":696,\"caption\":\"Romeing srl\"},\"image\":{\"@id\":\"https:\\\/\\\/www.romeing.it\\\/it\\\/#\\\/schema\\\/logo\\\/image\\\/\"},\"sameAs\":[\"https:\\\/\\\/www.facebook.com\\\/Romeing.it\",\"https:\\\/\\\/x.com\\\/romeing\",\"https:\\\/\\\/www.instagram.com\\\/romeing_magazine\\\/\",\"https:\\\/\\\/www.linkedin.com\\\/company\\\/romeing-srl\\\/\",\"https:\\\/\\\/www.pinterest.it\\\/romeing\\\/pins\\\/\",\"https:\\\/\\\/www.youtube.com\\\/@RomeingIt\"],\"email\":\"info@romeing.it\",\"legalName\":\"Romeing Srl\",\"foundingDate\":\"2010-12-01\",\"vatID\":\"11115241009\"},{\"@type\":\"Person\",\"@id\":\"https:\\\/\\\/www.romeing.it\\\/it\\\/#\\\/schema\\\/person\\\/54e8bd3637f34425a9c6f5736631215a\",\"name\":\"Valentina Martinoli\",\"image\":{\"@type\":\"ImageObject\",\"inLanguage\":\"it-IT\",\"@id\":\"https:\\\/\\\/secure.gravatar.com\\\/avatar\\\/acb5e89aeba74afae8d7b6d28692cc0d6908d8267f8c94fa4a18470daa55cfbd?s=96&d=mm&r=g\",\"url\":\"https:\\\/\\\/secure.gravatar.com\\\/avatar\\\/acb5e89aeba74afae8d7b6d28692cc0d6908d8267f8c94fa4a18470daa55cfbd?s=96&d=mm&r=g\",\"contentUrl\":\"https:\\\/\\\/secure.gravatar.com\\\/avatar\\\/acb5e89aeba74afae8d7b6d28692cc0d6908d8267f8c94fa4a18470daa55cfbd?s=96&d=mm&r=g\",\"caption\":\"Valentina Martinoli\"},\"description\":\"Valentina Martinoli is an italian art historian, journalist and content writer, based in Rome, specialised in cultural communication and exhibitions organisation. She fully agrees with Dostoevskij famous quote \\\"Beauty will save the world\\\".\",\"url\":\"https:\\\/\\\/www.romeing.it\\\/it\\\/author\\\/katiba\\\/\"}]}<\/script>\n<!-- \/ Yoast SEO Premium plugin. -->","yoast_head_json":{"title":"MIRA! Il vero spirito sudamericano sbarca a Roma - Romeing","description":"MIRA! Il nuovo ristorante fusion latino di Roma inaugura venerd\u00ec 3 marzo a Via dei Colli Portuensi con un grandioso opening party.","robots":{"index":"index","follow":"follow","max-snippet":"max-snippet:-1","max-image-preview":"max-image-preview:large","max-video-preview":"max-video-preview:-1"},"canonical":"https:\/\/www.romeing.it\/it\/mira-il-vero-spirito-sudamericano-sbarca-a-roma\/","og_locale":"it_IT","og_type":"article","og_title":"MIRA! Il vero spirito sudamericano sbarca a Roma","og_description":"MIRA! Il nuovo ristorante fusion latino di Roma inaugura venerd\u00ec 3 marzo a Via dei Colli Portuensi con un grandioso opening party.","og_url":"https:\/\/www.romeing.it\/it\/mira-il-vero-spirito-sudamericano-sbarca-a-roma\/","og_site_name":"Romeing | Rome&#039;s english magazine, events and exhibitions in Rome","article_publisher":"https:\/\/www.facebook.com\/Romeing.it","article_published_time":"2023-02-27T17:02:55+00:00","article_modified_time":"2025-12-03T08:46:09+00:00","og_image":[{"width":1200,"height":800,"url":"https:\/\/www.romeing.it\/wp-content\/uploads\/2025\/12\/IMG_1394.jpg","type":"image\/jpeg"}],"author":"Valentina Martinoli","twitter_card":"summary_large_image","twitter_creator":"@romeing","twitter_site":"@romeing","twitter_misc":{"Scritto da":"Valentina Martinoli","Tempo di lettura stimato":"4 minuti"},"schema":{"@context":"https:\/\/schema.org","@graph":[{"@type":"NewsArticle","@id":"https:\/\/www.romeing.it\/it\/mira-il-vero-spirito-sudamericano-sbarca-a-roma\/#article","isPartOf":{"@id":"https:\/\/www.romeing.it\/it\/mira-il-vero-spirito-sudamericano-sbarca-a-roma\/"},"author":{"name":"Valentina Martinoli","@id":"https:\/\/www.romeing.it\/it\/#\/schema\/person\/54e8bd3637f34425a9c6f5736631215a"},"headline":"MIRA! Il vero spirito sudamericano sbarca a Roma","datePublished":"2023-02-27T17:02:55+00:00","dateModified":"2025-12-03T08:46:09+00:00","mainEntityOfPage":{"@id":"https:\/\/www.romeing.it\/it\/mira-il-vero-spirito-sudamericano-sbarca-a-roma\/"},"wordCount":554,"commentCount":0,"publisher":{"@id":"https:\/\/www.romeing.it\/it\/#organization"},"image":{"@id":"https:\/\/www.romeing.it\/it\/mira-il-vero-spirito-sudamericano-sbarca-a-roma\/#primaryimage"},"thumbnailUrl":"https:\/\/www.romeing.it\/wp-content\/uploads\/2025\/12\/IMG_1394.jpg","articleSection":["Eventi a Roma","Mangiare","News","Ristoranti a Roma"],"inLanguage":"it-IT","potentialAction":[{"@type":"CommentAction","name":"Comment","target":["https:\/\/www.romeing.it\/it\/mira-il-vero-spirito-sudamericano-sbarca-a-roma\/#respond"]}],"copyrightYear":"2023","copyrightHolder":{"@id":"https:\/\/www.romeing.it\/#organization"}},{"@type":"WebPage","@id":"https:\/\/www.romeing.it\/it\/mira-il-vero-spirito-sudamericano-sbarca-a-roma\/","url":"https:\/\/www.romeing.it\/it\/mira-il-vero-spirito-sudamericano-sbarca-a-roma\/","name":"MIRA! Il vero spirito sudamericano sbarca a Roma - Romeing","isPartOf":{"@id":"https:\/\/www.romeing.it\/it\/#website"},"primaryImageOfPage":{"@id":"https:\/\/www.romeing.it\/it\/mira-il-vero-spirito-sudamericano-sbarca-a-roma\/#primaryimage"},"image":{"@id":"https:\/\/www.romeing.it\/it\/mira-il-vero-spirito-sudamericano-sbarca-a-roma\/#primaryimage"},"thumbnailUrl":"https:\/\/www.romeing.it\/wp-content\/uploads\/2025\/12\/IMG_1394.jpg","datePublished":"2023-02-27T17:02:55+00:00","dateModified":"2025-12-03T08:46:09+00:00","description":"MIRA! Il nuovo ristorante fusion latino di Roma inaugura venerd\u00ec 3 marzo a Via dei Colli Portuensi con un grandioso opening party.","inLanguage":"it-IT","potentialAction":[{"@type":"ReadAction","target":["https:\/\/www.romeing.it\/it\/mira-il-vero-spirito-sudamericano-sbarca-a-roma\/"]}]},{"@type":"ImageObject","inLanguage":"it-IT","@id":"https:\/\/www.romeing.it\/it\/mira-il-vero-spirito-sudamericano-sbarca-a-roma\/#primaryimage","url":"https:\/\/www.romeing.it\/wp-content\/uploads\/2025\/12\/IMG_1394.jpg","contentUrl":"https:\/\/www.romeing.it\/wp-content\/uploads\/2025\/12\/IMG_1394.jpg","width":1200,"height":800,"caption":"MIRA! Il vero spirito sudamericano sbarca a Roma"},{"@type":"WebSite","@id":"https:\/\/www.romeing.it\/it\/#website","url":"https:\/\/www.romeing.it\/it\/","name":"Romeing: Rome's english magazine, events and exhibitions in Rome","description":"Romeing is the english magazine for tourists and expats visiting or living in Rome. A guide to the best things to do and see in Rome &amp; Florence, attractions and restaurants with a listing of events and exhibitions.","publisher":{"@id":"https:\/\/www.romeing.it\/it\/#organization"},"potentialAction":[{"@type":"SearchAction","target":{"@type":"EntryPoint","urlTemplate":"https:\/\/www.romeing.it\/it\/?s={search_term_string}"},"query-input":{"@type":"PropertyValueSpecification","valueRequired":true,"valueName":"search_term_string"}}],"inLanguage":"it-IT"},{"@type":"Organization","@id":"https:\/\/www.romeing.it\/it\/#organization","name":"Romeing srl","url":"https:\/\/www.romeing.it\/it\/","logo":{"@type":"ImageObject","inLanguage":"it-IT","@id":"https:\/\/www.romeing.it\/it\/#\/schema\/logo\/image\/","url":"https:\/\/www.romeing.it\/wp-content\/uploads\/2025\/12\/logo-quadrato-romeing.jpg","contentUrl":"https:\/\/www.romeing.it\/wp-content\/uploads\/2025\/12\/logo-quadrato-romeing.jpg","width":696,"height":696,"caption":"Romeing srl"},"image":{"@id":"https:\/\/www.romeing.it\/it\/#\/schema\/logo\/image\/"},"sameAs":["https:\/\/www.facebook.com\/Romeing.it","https:\/\/x.com\/romeing","https:\/\/www.instagram.com\/romeing_magazine\/","https:\/\/www.linkedin.com\/company\/romeing-srl\/","https:\/\/www.pinterest.it\/romeing\/pins\/","https:\/\/www.youtube.com\/@RomeingIt"],"email":"info@romeing.it","legalName":"Romeing Srl","foundingDate":"2010-12-01","vatID":"11115241009"},{"@type":"Person","@id":"https:\/\/www.romeing.it\/it\/#\/schema\/person\/54e8bd3637f34425a9c6f5736631215a","name":"Valentina Martinoli","image":{"@type":"ImageObject","inLanguage":"it-IT","@id":"https:\/\/secure.gravatar.com\/avatar\/acb5e89aeba74afae8d7b6d28692cc0d6908d8267f8c94fa4a18470daa55cfbd?s=96&d=mm&r=g","url":"https:\/\/secure.gravatar.com\/avatar\/acb5e89aeba74afae8d7b6d28692cc0d6908d8267f8c94fa4a18470daa55cfbd?s=96&d=mm&r=g","contentUrl":"https:\/\/secure.gravatar.com\/avatar\/acb5e89aeba74afae8d7b6d28692cc0d6908d8267f8c94fa4a18470daa55cfbd?s=96&d=mm&r=g","caption":"Valentina Martinoli"},"description":"Valentina Martinoli is an italian art historian, journalist and content writer, based in Rome, specialised in cultural communication and exhibitions organisation. She fully agrees with Dostoevskij famous quote \"Beauty will save the world\".","url":"https:\/\/www.romeing.it\/it\/author\/katiba\/"}]}},"uagb_featured_image_src":{"full":["https:\/\/www.romeing.it\/wp-content\/uploads\/2025\/12\/IMG_1394.jpg",1200,800,false],"thumbnail":["https:\/\/www.romeing.it\/wp-content\/uploads\/2025\/12\/IMG_1394-150x150.jpg",150,150,true],"medium":["https:\/\/www.romeing.it\/wp-content\/uploads\/2025\/12\/IMG_1394-300x200.jpg",300,200,true],"medium_large":["https:\/\/www.romeing.it\/wp-content\/uploads\/2025\/12\/IMG_1394-768x512.jpg",768,512,true],"large":["https:\/\/www.romeing.it\/wp-content\/uploads\/2025\/12\/IMG_1394-1024x683.jpg",800,534,true],"1536x1536":["https:\/\/www.romeing.it\/wp-content\/uploads\/2025\/12\/IMG_1394.jpg",1200,800,false],"2048x2048":["https:\/\/www.romeing.it\/wp-content\/uploads\/2025\/12\/IMG_1394.jpg",1200,800,false]},"uagb_author_info":{"display_name":"Valentina Martinoli","author_link":"https:\/\/www.romeing.it\/it\/author\/katiba\/"},"uagb_comment_info":0,"uagb_excerpt":"MIRA! Il nuovo ristorante fusion latino di Roma inaugura venerd\u00ec 3 marzo a Via dei Colli Portuensi con un grandioso opening party.","_links":{"self":[{"href":"https:\/\/www.romeing.it\/it\/wp-json\/wp\/v2\/posts\/104318","targetHints":{"allow":["GET"]}}],"collection":[{"href":"https:\/\/www.romeing.it\/it\/wp-json\/wp\/v2\/posts"}],"about":[{"href":"https:\/\/www.romeing.it\/it\/wp-json\/wp\/v2\/types\/post"}],"author":[{"embeddable":true,"href":"https:\/\/www.romeing.it\/it\/wp-json\/wp\/v2\/users\/1576"}],"replies":[{"embeddable":true,"href":"https:\/\/www.romeing.it\/it\/wp-json\/wp\/v2\/comments?post=104318"}],"version-history":[{"count":1,"href":"https:\/\/www.romeing.it\/it\/wp-json\/wp\/v2\/posts\/104318\/revisions"}],"predecessor-version":[{"id":104327,"href":"https:\/\/www.romeing.it\/it\/wp-json\/wp\/v2\/posts\/104318\/revisions\/104327"}],"wp:featuredmedia":[{"embeddable":true,"href":"https:\/\/www.romeing.it\/it\/wp-json\/wp\/v2\/media\/104328"}],"wp:attachment":[{"href":"https:\/\/www.romeing.it\/it\/wp-json\/wp\/v2\/media?parent=104318"}],"wp:term":[{"taxonomy":"category","embeddable":true,"href":"https:\/\/www.romeing.it\/it\/wp-json\/wp\/v2\/categories?post=104318"},{"taxonomy":"post_tag","embeddable":true,"href":"https:\/\/www.romeing.it\/it\/wp-json\/wp\/v2\/tags?post=104318"}],"curies":[{"name":"wp","href":"https:\/\/api.w.org\/{rel}","templated":true}]}}