{"id":104392,"date":"2025-05-27T06:11:06","date_gmt":"2025-05-27T04:11:06","guid":{"rendered":"https:\/\/www.romeing.it\/giro-italia-ciclismo-ultima-tappa-roma\/"},"modified":"2025-12-18T17:26:35","modified_gmt":"2025-12-18T16:26:35","slug":"giro-italia-ciclismo-ultima-tappa-roma","status":"publish","type":"post","link":"https:\/\/www.romeing.it\/it\/giro-italia-ciclismo-ultima-tappa-roma\/","title":{"rendered":"Giro d&#8217;Italia 2025: di nuovo Roma per la tappa finale"},"content":{"rendered":"\n<h2 class=\"wp-block-heading\" id=\"h-anche-quest-anno-l-ultima-tappa-del-famoso-evento-ciclistico-inizia-e-finisce-nella-capitale\">Anche quest&#8217;anno l&#8217;ultima tappa del famoso evento ciclistico inizia e finisce nella Capitale<\/h2>\n\n\n\n<p>Nel <strong>2025<\/strong>,<strong> per la settima volta nella storia della manifestazione e per il terzo anno consecutivo, sar\u00e0 ancora Roma a ospitare l&#8217;ultima tappa della corsa<\/strong>.<\/p>\n\n\n\n<p>Il round finale del Giro d&#8217;Italia, che si concluder\u00e0 il prossimo <strong>1 giugno<\/strong>, consiste in <strong>un circuito di 143.9 chilometri totali<\/strong>, con partenza simbolica dai <strong>Giardini Vaticani<\/strong> e arrivo al <strong>Circo Massimo<\/strong>, luogo iconico della citt\u00e0 di Roma. La decisione di far partire la tappa dal Vaticano \u00e8 un omaggio alla memoria di <strong>Papa Francesco<\/strong>, scomparso lo scorso 21 aprile. La partenza effettiva sar\u00e0 invece dalle <strong>Terme di Caracalla<\/strong>. La tappa prevede ancora una volta un primo avanti-indietro fino ad <strong>Ostia<\/strong> per poi coprire alcuni giri del circuito cittadino.<\/p>\n\n\n\n<p>I ciclisti attraverseranno molti dei luoghi simbolo di Roma: il <strong><a href=\"https:\/\/www.romeing.it\/it\/visita-colosseo\/\">Colosseo<\/a>, i Fori Imperiali, il Lungotevere, Piazza Venezia<\/strong> e le<strong> <a href=\"https:\/\/www.romeing.it\/it\/terme-di-caracalla-roma\/\">Terme di Caracalla<\/a><\/strong>. Passa anche davanti a luoghi straordinari come <strong>Piazza Navona, Piazza del Popolo e l&#8217;Isola Tiberina<\/strong>.<\/p>\n\n\n\n<blockquote class=\"wp-block-quote is-layout-flow wp-block-quote-is-layout-flow\">\n<p>\u201cSiamo felici ed orgogliosi di accogliere per il terzo anno consecutivo l\u2019arrivo del Giro d\u2019Italia a Roma, una presenza che quest\u2019anno si rinnova con un\u2019emozionante partenza simbolica dalla Citt\u00e0 del Vaticano. Regaler\u00e0 al mondo un finale spettacolare e Roma sar\u00e0 ancora una volta al suo fianco per farne una nuova indimenticabile cartolina&#8221;.<\/p>\n<cite>Roberto Gualtieri<\/cite><\/blockquote>\n\n\n\n<p>Dal punto di vista ciclistico, il percorso non presenta molte difficolt\u00e0 tecniche. I tratti con i sanpietrini, l&#8217;affascinante ma scomodo selciato tradizionale romano, sono ridotti al minimo e sono in buone condizioni.<\/p>\n\n\n\n<figure class=\"wp-block-image aligncenter size-full\"><img decoding=\"async\" src=\"https:\/\/www.romeing.it\/wp-content\/uploads\/2025\/12\/Percorso-tappa-Roma-Giro-dItalia-1.jpg\" alt=\"\" class=\"wp-image-175698\"\/><\/figure>\n\n\n\n<p>Questo evento dipinger\u00e0 la citt\u00e0 di rosa, il colore madre della corsa, riempendola di file di due ruote che metteranno a tacere il frastuono delle auto, regalando agli amanti della bicicletta prospettive meravigliose e uniche. Per l&#8217;occasione, spazio anche all&#8217;arte: il 2 giugno, infatti, sar\u00e0 inugurato il murale dedicato al giro realizzato dall&#8217;artista <strong>Daniele Fortuna<\/strong> nella stazione di Eur-Magliana.<\/p>\n\n\n\n<figure class=\"wp-block-image aligncenter size-large is-resized is-style-default\"><img decoding=\"async\" src=\"https:\/\/www.romeing.it\/wp-content\/uploads\/2025\/12\/giro-ditalia-2023-1-1024x769.jpg\" alt=\"Giro d'Italia 2023: la tappa finale a Roma\" class=\"wp-image-136750\" style=\"aspect-ratio:1.3298701298701299;width:156px;height:auto\"\/><\/figure>\n\n\n\n<hr class=\"wp-block-separator has-alpha-channel-opacity\"\/>\n\n\n\n<p class=\"has-text-align-center\"><strong>1 Giugno<\/strong><\/p>\n\n\n\n<p class=\"has-text-align-center\"><strong>Partenza:<\/strong> Giardini  Vaticani &#8211; Terme di Caracalla<\/p>\n\n\n\n<p class=\"has-text-align-center\"><strong>Termine gara:<\/strong> Circo Massimo <\/p>\n","protected":false},"excerpt":{"rendered":"<p>Anche quest&#8217;anno l&#8217;ultima tappa del famoso evento ciclistico inizia e finisce nella Capitale con partenza simbolica dal Vaticano..<\/p>\n","protected":false},"author":1576,"featured_media":78956,"comment_status":"open","ping_status":"open","sticky":false,"template":"","format":"standard","meta":{"_uag_custom_page_level_css":"","footnotes":""},"categories":[597,580],"tags":[],"class_list":["post-104392","post","type-post","status-publish","format-standard","has-post-thumbnail","hentry","category-cinema-sport-roma","category-eventi-a-roma"],"featured_image_src":"https:\/\/www.romeing.it\/wp-content\/uploads\/2025\/12\/giro-italia-final-in-rome-2018-e1526821483724-1.jpg","author_info":{"display_name":"Valentina Martinoli","author_link":"https:\/\/www.romeing.it\/it\/author\/katiba\/"},"yoast_head":"<!-- This site is optimized with the Yoast SEO Premium plugin v26.9 (Yoast SEO v27.5) - https:\/\/yoast.com\/product\/yoast-seo-premium-wordpress\/ -->\n<title>Giro d&#039;Italia 2025: di nuovo Roma per la tappa finale - Romeing<\/title>\n<meta name=\"description\" content=\"Anche quest&#039;anno l&#039;ultima tappa del famoso evento ciclistico inizia e finisce nella Capitale con partenza simbolica dal Vaticano..\" \/>\n<meta name=\"robots\" content=\"index, follow, max-snippet:-1, max-image-preview:large, max-video-preview:-1\" \/>\n<link rel=\"canonical\" href=\"https:\/\/www.romeing.it\/it\/giro-italia-ciclismo-ultima-tappa-roma\/\" \/>\n<meta property=\"og:locale\" content=\"it_IT\" \/>\n<meta property=\"og:type\" content=\"article\" \/>\n<meta property=\"og:title\" content=\"Giro d&#039;Italia 2025: di nuovo Roma per la tappa finale\" \/>\n<meta property=\"og:description\" content=\"Anche quest&#039;anno l&#039;ultima tappa del famoso evento ciclistico inizia e finisce nella Capitale con partenza simbolica dal Vaticano..\" \/>\n<meta property=\"og:url\" content=\"https:\/\/www.romeing.it\/it\/giro-italia-ciclismo-ultima-tappa-roma\/\" \/>\n<meta property=\"og:site_name\" content=\"Romeing | Rome&#039;s english magazine, events and exhibitions in Rome\" \/>\n<meta property=\"article:publisher\" content=\"https:\/\/www.facebook.com\/Romeing.it\" \/>\n<meta property=\"article:published_time\" content=\"2025-05-27T04:11:06+00:00\" \/>\n<meta property=\"article:modified_time\" content=\"2025-12-18T16:26:35+00:00\" \/>\n<meta property=\"og:image\" content=\"https:\/\/www.romeing.it\/wp-content\/uploads\/2025\/12\/giro-italia-final-in-rome-2018-e1526821483724-1.jpg\" \/>\n\t<meta property=\"og:image:width\" content=\"770\" \/>\n\t<meta property=\"og:image:height\" content=\"590\" \/>\n\t<meta property=\"og:image:type\" content=\"image\/jpeg\" \/>\n<meta name=\"author\" content=\"Valentina Martinoli\" \/>\n<meta name=\"twitter:card\" content=\"summary_large_image\" \/>\n<meta name=\"twitter:creator\" content=\"@romeing\" \/>\n<meta name=\"twitter:site\" content=\"@romeing\" \/>\n<meta name=\"twitter:label1\" content=\"Scritto da\" \/>\n\t<meta name=\"twitter:data1\" content=\"Valentina Martinoli\" \/>\n\t<meta name=\"twitter:label2\" content=\"Tempo di lettura stimato\" \/>\n\t<meta name=\"twitter:data2\" content=\"2 minuti\" \/>\n<script type=\"application\/ld+json\" class=\"yoast-schema-graph\">{\"@context\":\"https:\\\/\\\/schema.org\",\"@graph\":[{\"@type\":\"NewsArticle\",\"@id\":\"https:\\\/\\\/www.romeing.it\\\/it\\\/giro-italia-ciclismo-ultima-tappa-roma\\\/#article\",\"isPartOf\":{\"@id\":\"https:\\\/\\\/www.romeing.it\\\/it\\\/giro-italia-ciclismo-ultima-tappa-roma\\\/\"},\"author\":{\"name\":\"Valentina Martinoli\",\"@id\":\"https:\\\/\\\/www.romeing.it\\\/it\\\/#\\\/schema\\\/person\\\/54e8bd3637f34425a9c6f5736631215a\"},\"headline\":\"Giro d&#8217;Italia 2025: di nuovo Roma per la tappa finale\",\"datePublished\":\"2025-05-27T04:11:06+00:00\",\"dateModified\":\"2025-12-18T16:26:35+00:00\",\"mainEntityOfPage\":{\"@id\":\"https:\\\/\\\/www.romeing.it\\\/it\\\/giro-italia-ciclismo-ultima-tappa-roma\\\/\"},\"wordCount\":339,\"commentCount\":0,\"publisher\":{\"@id\":\"https:\\\/\\\/www.romeing.it\\\/it\\\/#organization\"},\"image\":{\"@id\":\"https:\\\/\\\/www.romeing.it\\\/it\\\/giro-italia-ciclismo-ultima-tappa-roma\\\/#primaryimage\"},\"thumbnailUrl\":\"https:\\\/\\\/www.romeing.it\\\/wp-content\\\/uploads\\\/2025\\\/12\\\/giro-italia-final-in-rome-2018-e1526821483724-1.jpg\",\"articleSection\":[\"Cinema e Sport\",\"Eventi a Roma\"],\"inLanguage\":\"it-IT\",\"potentialAction\":[{\"@type\":\"CommentAction\",\"name\":\"Comment\",\"target\":[\"https:\\\/\\\/www.romeing.it\\\/it\\\/giro-italia-ciclismo-ultima-tappa-roma\\\/#respond\"]}],\"copyrightYear\":\"2025\",\"copyrightHolder\":{\"@id\":\"https:\\\/\\\/www.romeing.it\\\/#organization\"}},{\"@type\":\"WebPage\",\"@id\":\"https:\\\/\\\/www.romeing.it\\\/it\\\/giro-italia-ciclismo-ultima-tappa-roma\\\/\",\"url\":\"https:\\\/\\\/www.romeing.it\\\/it\\\/giro-italia-ciclismo-ultima-tappa-roma\\\/\",\"name\":\"Giro d'Italia 2025: di nuovo Roma per la tappa finale - Romeing\",\"isPartOf\":{\"@id\":\"https:\\\/\\\/www.romeing.it\\\/it\\\/#website\"},\"primaryImageOfPage\":{\"@id\":\"https:\\\/\\\/www.romeing.it\\\/it\\\/giro-italia-ciclismo-ultima-tappa-roma\\\/#primaryimage\"},\"image\":{\"@id\":\"https:\\\/\\\/www.romeing.it\\\/it\\\/giro-italia-ciclismo-ultima-tappa-roma\\\/#primaryimage\"},\"thumbnailUrl\":\"https:\\\/\\\/www.romeing.it\\\/wp-content\\\/uploads\\\/2025\\\/12\\\/giro-italia-final-in-rome-2018-e1526821483724-1.jpg\",\"datePublished\":\"2025-05-27T04:11:06+00:00\",\"dateModified\":\"2025-12-18T16:26:35+00:00\",\"description\":\"Anche quest'anno l'ultima tappa del famoso evento ciclistico inizia e finisce nella Capitale con partenza simbolica dal Vaticano..\",\"inLanguage\":\"it-IT\",\"potentialAction\":[{\"@type\":\"ReadAction\",\"target\":[\"https:\\\/\\\/www.romeing.it\\\/it\\\/giro-italia-ciclismo-ultima-tappa-roma\\\/\"]}]},{\"@type\":\"ImageObject\",\"inLanguage\":\"it-IT\",\"@id\":\"https:\\\/\\\/www.romeing.it\\\/it\\\/giro-italia-ciclismo-ultima-tappa-roma\\\/#primaryimage\",\"url\":\"https:\\\/\\\/www.romeing.it\\\/wp-content\\\/uploads\\\/2025\\\/12\\\/giro-italia-final-in-rome-2018-e1526821483724-1.jpg\",\"contentUrl\":\"https:\\\/\\\/www.romeing.it\\\/wp-content\\\/uploads\\\/2025\\\/12\\\/giro-italia-final-in-rome-2018-e1526821483724-1.jpg\",\"width\":770,\"height\":590,\"caption\":\"Gli eventi pi\u00f9 attesi a Roma nel 2025\"},{\"@type\":\"WebSite\",\"@id\":\"https:\\\/\\\/www.romeing.it\\\/it\\\/#website\",\"url\":\"https:\\\/\\\/www.romeing.it\\\/it\\\/\",\"name\":\"Romeing: Rome's english magazine, events and exhibitions in Rome\",\"description\":\"Romeing is the english magazine for tourists and expats visiting or living in Rome. A guide to the best things to do and see in Rome &amp; Florence, attractions and restaurants with a listing of events and exhibitions.\",\"publisher\":{\"@id\":\"https:\\\/\\\/www.romeing.it\\\/it\\\/#organization\"},\"potentialAction\":[{\"@type\":\"SearchAction\",\"target\":{\"@type\":\"EntryPoint\",\"urlTemplate\":\"https:\\\/\\\/www.romeing.it\\\/it\\\/?s={search_term_string}\"},\"query-input\":{\"@type\":\"PropertyValueSpecification\",\"valueRequired\":true,\"valueName\":\"search_term_string\"}}],\"inLanguage\":\"it-IT\"},{\"@type\":\"Organization\",\"@id\":\"https:\\\/\\\/www.romeing.it\\\/it\\\/#organization\",\"name\":\"Romeing srl\",\"url\":\"https:\\\/\\\/www.romeing.it\\\/it\\\/\",\"logo\":{\"@type\":\"ImageObject\",\"inLanguage\":\"it-IT\",\"@id\":\"https:\\\/\\\/www.romeing.it\\\/it\\\/#\\\/schema\\\/logo\\\/image\\\/\",\"url\":\"https:\\\/\\\/www.romeing.it\\\/wp-content\\\/uploads\\\/2025\\\/12\\\/logo-quadrato-romeing.jpg\",\"contentUrl\":\"https:\\\/\\\/www.romeing.it\\\/wp-content\\\/uploads\\\/2025\\\/12\\\/logo-quadrato-romeing.jpg\",\"width\":696,\"height\":696,\"caption\":\"Romeing srl\"},\"image\":{\"@id\":\"https:\\\/\\\/www.romeing.it\\\/it\\\/#\\\/schema\\\/logo\\\/image\\\/\"},\"sameAs\":[\"https:\\\/\\\/www.facebook.com\\\/Romeing.it\",\"https:\\\/\\\/x.com\\\/romeing\",\"https:\\\/\\\/www.instagram.com\\\/romeing_magazine\\\/\",\"https:\\\/\\\/www.linkedin.com\\\/company\\\/romeing-srl\\\/\",\"https:\\\/\\\/www.pinterest.it\\\/romeing\\\/pins\\\/\",\"https:\\\/\\\/www.youtube.com\\\/@RomeingIt\"],\"email\":\"info@romeing.it\",\"legalName\":\"Romeing Srl\",\"foundingDate\":\"2010-12-01\",\"vatID\":\"11115241009\"},{\"@type\":\"Person\",\"@id\":\"https:\\\/\\\/www.romeing.it\\\/it\\\/#\\\/schema\\\/person\\\/54e8bd3637f34425a9c6f5736631215a\",\"name\":\"Valentina Martinoli\",\"image\":{\"@type\":\"ImageObject\",\"inLanguage\":\"it-IT\",\"@id\":\"https:\\\/\\\/secure.gravatar.com\\\/avatar\\\/acb5e89aeba74afae8d7b6d28692cc0d6908d8267f8c94fa4a18470daa55cfbd?s=96&d=mm&r=g\",\"url\":\"https:\\\/\\\/secure.gravatar.com\\\/avatar\\\/acb5e89aeba74afae8d7b6d28692cc0d6908d8267f8c94fa4a18470daa55cfbd?s=96&d=mm&r=g\",\"contentUrl\":\"https:\\\/\\\/secure.gravatar.com\\\/avatar\\\/acb5e89aeba74afae8d7b6d28692cc0d6908d8267f8c94fa4a18470daa55cfbd?s=96&d=mm&r=g\",\"caption\":\"Valentina Martinoli\"},\"description\":\"Valentina Martinoli is an italian art historian, journalist and content writer, based in Rome, specialised in cultural communication and exhibitions organisation. She fully agrees with Dostoevskij famous quote \\\"Beauty will save the world\\\".\",\"url\":\"https:\\\/\\\/www.romeing.it\\\/it\\\/author\\\/katiba\\\/\"}]}<\/script>\n<!-- \/ Yoast SEO Premium plugin. -->","yoast_head_json":{"title":"Giro d'Italia 2025: di nuovo Roma per la tappa finale - Romeing","description":"Anche quest'anno l'ultima tappa del famoso evento ciclistico inizia e finisce nella Capitale con partenza simbolica dal Vaticano..","robots":{"index":"index","follow":"follow","max-snippet":"max-snippet:-1","max-image-preview":"max-image-preview:large","max-video-preview":"max-video-preview:-1"},"canonical":"https:\/\/www.romeing.it\/it\/giro-italia-ciclismo-ultima-tappa-roma\/","og_locale":"it_IT","og_type":"article","og_title":"Giro d'Italia 2025: di nuovo Roma per la tappa finale","og_description":"Anche quest'anno l'ultima tappa del famoso evento ciclistico inizia e finisce nella Capitale con partenza simbolica dal Vaticano..","og_url":"https:\/\/www.romeing.it\/it\/giro-italia-ciclismo-ultima-tappa-roma\/","og_site_name":"Romeing | Rome&#039;s english magazine, events and exhibitions in Rome","article_publisher":"https:\/\/www.facebook.com\/Romeing.it","article_published_time":"2025-05-27T04:11:06+00:00","article_modified_time":"2025-12-18T16:26:35+00:00","og_image":[{"width":770,"height":590,"url":"https:\/\/www.romeing.it\/wp-content\/uploads\/2025\/12\/giro-italia-final-in-rome-2018-e1526821483724-1.jpg","type":"image\/jpeg"}],"author":"Valentina Martinoli","twitter_card":"summary_large_image","twitter_creator":"@romeing","twitter_site":"@romeing","twitter_misc":{"Scritto da":"Valentina Martinoli","Tempo di lettura stimato":"2 minuti"},"schema":{"@context":"https:\/\/schema.org","@graph":[{"@type":"NewsArticle","@id":"https:\/\/www.romeing.it\/it\/giro-italia-ciclismo-ultima-tappa-roma\/#article","isPartOf":{"@id":"https:\/\/www.romeing.it\/it\/giro-italia-ciclismo-ultima-tappa-roma\/"},"author":{"name":"Valentina Martinoli","@id":"https:\/\/www.romeing.it\/it\/#\/schema\/person\/54e8bd3637f34425a9c6f5736631215a"},"headline":"Giro d&#8217;Italia 2025: di nuovo Roma per la tappa finale","datePublished":"2025-05-27T04:11:06+00:00","dateModified":"2025-12-18T16:26:35+00:00","mainEntityOfPage":{"@id":"https:\/\/www.romeing.it\/it\/giro-italia-ciclismo-ultima-tappa-roma\/"},"wordCount":339,"commentCount":0,"publisher":{"@id":"https:\/\/www.romeing.it\/it\/#organization"},"image":{"@id":"https:\/\/www.romeing.it\/it\/giro-italia-ciclismo-ultima-tappa-roma\/#primaryimage"},"thumbnailUrl":"https:\/\/www.romeing.it\/wp-content\/uploads\/2025\/12\/giro-italia-final-in-rome-2018-e1526821483724-1.jpg","articleSection":["Cinema e Sport","Eventi a Roma"],"inLanguage":"it-IT","potentialAction":[{"@type":"CommentAction","name":"Comment","target":["https:\/\/www.romeing.it\/it\/giro-italia-ciclismo-ultima-tappa-roma\/#respond"]}],"copyrightYear":"2025","copyrightHolder":{"@id":"https:\/\/www.romeing.it\/#organization"}},{"@type":"WebPage","@id":"https:\/\/www.romeing.it\/it\/giro-italia-ciclismo-ultima-tappa-roma\/","url":"https:\/\/www.romeing.it\/it\/giro-italia-ciclismo-ultima-tappa-roma\/","name":"Giro d'Italia 2025: di nuovo Roma per la tappa finale - Romeing","isPartOf":{"@id":"https:\/\/www.romeing.it\/it\/#website"},"primaryImageOfPage":{"@id":"https:\/\/www.romeing.it\/it\/giro-italia-ciclismo-ultima-tappa-roma\/#primaryimage"},"image":{"@id":"https:\/\/www.romeing.it\/it\/giro-italia-ciclismo-ultima-tappa-roma\/#primaryimage"},"thumbnailUrl":"https:\/\/www.romeing.it\/wp-content\/uploads\/2025\/12\/giro-italia-final-in-rome-2018-e1526821483724-1.jpg","datePublished":"2025-05-27T04:11:06+00:00","dateModified":"2025-12-18T16:26:35+00:00","description":"Anche quest'anno l'ultima tappa del famoso evento ciclistico inizia e finisce nella Capitale con partenza simbolica dal Vaticano..","inLanguage":"it-IT","potentialAction":[{"@type":"ReadAction","target":["https:\/\/www.romeing.it\/it\/giro-italia-ciclismo-ultima-tappa-roma\/"]}]},{"@type":"ImageObject","inLanguage":"it-IT","@id":"https:\/\/www.romeing.it\/it\/giro-italia-ciclismo-ultima-tappa-roma\/#primaryimage","url":"https:\/\/www.romeing.it\/wp-content\/uploads\/2025\/12\/giro-italia-final-in-rome-2018-e1526821483724-1.jpg","contentUrl":"https:\/\/www.romeing.it\/wp-content\/uploads\/2025\/12\/giro-italia-final-in-rome-2018-e1526821483724-1.jpg","width":770,"height":590,"caption":"Gli eventi pi\u00f9 attesi a Roma nel 2025"},{"@type":"WebSite","@id":"https:\/\/www.romeing.it\/it\/#website","url":"https:\/\/www.romeing.it\/it\/","name":"Romeing: Rome's english magazine, events and exhibitions in Rome","description":"Romeing is the english magazine for tourists and expats visiting or living in Rome. A guide to the best things to do and see in Rome &amp; Florence, attractions and restaurants with a listing of events and exhibitions.","publisher":{"@id":"https:\/\/www.romeing.it\/it\/#organization"},"potentialAction":[{"@type":"SearchAction","target":{"@type":"EntryPoint","urlTemplate":"https:\/\/www.romeing.it\/it\/?s={search_term_string}"},"query-input":{"@type":"PropertyValueSpecification","valueRequired":true,"valueName":"search_term_string"}}],"inLanguage":"it-IT"},{"@type":"Organization","@id":"https:\/\/www.romeing.it\/it\/#organization","name":"Romeing srl","url":"https:\/\/www.romeing.it\/it\/","logo":{"@type":"ImageObject","inLanguage":"it-IT","@id":"https:\/\/www.romeing.it\/it\/#\/schema\/logo\/image\/","url":"https:\/\/www.romeing.it\/wp-content\/uploads\/2025\/12\/logo-quadrato-romeing.jpg","contentUrl":"https:\/\/www.romeing.it\/wp-content\/uploads\/2025\/12\/logo-quadrato-romeing.jpg","width":696,"height":696,"caption":"Romeing srl"},"image":{"@id":"https:\/\/www.romeing.it\/it\/#\/schema\/logo\/image\/"},"sameAs":["https:\/\/www.facebook.com\/Romeing.it","https:\/\/x.com\/romeing","https:\/\/www.instagram.com\/romeing_magazine\/","https:\/\/www.linkedin.com\/company\/romeing-srl\/","https:\/\/www.pinterest.it\/romeing\/pins\/","https:\/\/www.youtube.com\/@RomeingIt"],"email":"info@romeing.it","legalName":"Romeing Srl","foundingDate":"2010-12-01","vatID":"11115241009"},{"@type":"Person","@id":"https:\/\/www.romeing.it\/it\/#\/schema\/person\/54e8bd3637f34425a9c6f5736631215a","name":"Valentina Martinoli","image":{"@type":"ImageObject","inLanguage":"it-IT","@id":"https:\/\/secure.gravatar.com\/avatar\/acb5e89aeba74afae8d7b6d28692cc0d6908d8267f8c94fa4a18470daa55cfbd?s=96&d=mm&r=g","url":"https:\/\/secure.gravatar.com\/avatar\/acb5e89aeba74afae8d7b6d28692cc0d6908d8267f8c94fa4a18470daa55cfbd?s=96&d=mm&r=g","contentUrl":"https:\/\/secure.gravatar.com\/avatar\/acb5e89aeba74afae8d7b6d28692cc0d6908d8267f8c94fa4a18470daa55cfbd?s=96&d=mm&r=g","caption":"Valentina Martinoli"},"description":"Valentina Martinoli is an italian art historian, journalist and content writer, based in Rome, specialised in cultural communication and exhibitions organisation. She fully agrees with Dostoevskij famous quote \"Beauty will save the world\".","url":"https:\/\/www.romeing.it\/it\/author\/katiba\/"}]}},"uagb_featured_image_src":{"full":["https:\/\/www.romeing.it\/wp-content\/uploads\/2025\/12\/giro-italia-final-in-rome-2018-e1526821483724-1.jpg",770,590,false],"thumbnail":["https:\/\/www.romeing.it\/wp-content\/uploads\/2025\/12\/giro-italia-final-in-rome-2018-e1526821483724-1-150x150.jpg",150,150,true],"medium":["https:\/\/www.romeing.it\/wp-content\/uploads\/2025\/12\/giro-italia-final-in-rome-2018-e1526821483724-1-300x230.jpg",300,230,true],"medium_large":["https:\/\/www.romeing.it\/wp-content\/uploads\/2025\/12\/giro-italia-final-in-rome-2018-e1526821483724-1-768x588.jpg",768,588,true],"large":["https:\/\/www.romeing.it\/wp-content\/uploads\/2025\/12\/giro-italia-final-in-rome-2018-e1526821483724-1.jpg",770,590,false],"1536x1536":["https:\/\/www.romeing.it\/wp-content\/uploads\/2025\/12\/giro-italia-final-in-rome-2018-e1526821483724-1.jpg",770,590,false],"2048x2048":["https:\/\/www.romeing.it\/wp-content\/uploads\/2025\/12\/giro-italia-final-in-rome-2018-e1526821483724-1.jpg",770,590,false]},"uagb_author_info":{"display_name":"Valentina Martinoli","author_link":"https:\/\/www.romeing.it\/it\/author\/katiba\/"},"uagb_comment_info":0,"uagb_excerpt":"Anche quest'anno l'ultima tappa del famoso evento ciclistico inizia e finisce nella Capitale con partenza simbolica dal Vaticano..","_links":{"self":[{"href":"https:\/\/www.romeing.it\/it\/wp-json\/wp\/v2\/posts\/104392","targetHints":{"allow":["GET"]}}],"collection":[{"href":"https:\/\/www.romeing.it\/it\/wp-json\/wp\/v2\/posts"}],"about":[{"href":"https:\/\/www.romeing.it\/it\/wp-json\/wp\/v2\/types\/post"}],"author":[{"embeddable":true,"href":"https:\/\/www.romeing.it\/it\/wp-json\/wp\/v2\/users\/1576"}],"replies":[{"embeddable":true,"href":"https:\/\/www.romeing.it\/it\/wp-json\/wp\/v2\/comments?post=104392"}],"version-history":[{"count":1,"href":"https:\/\/www.romeing.it\/it\/wp-json\/wp\/v2\/posts\/104392\/revisions"}],"predecessor-version":[{"id":104393,"href":"https:\/\/www.romeing.it\/it\/wp-json\/wp\/v2\/posts\/104392\/revisions\/104393"}],"wp:featuredmedia":[{"embeddable":true,"href":"https:\/\/www.romeing.it\/it\/wp-json\/wp\/v2\/media\/78956"}],"wp:attachment":[{"href":"https:\/\/www.romeing.it\/it\/wp-json\/wp\/v2\/media?parent=104392"}],"wp:term":[{"taxonomy":"category","embeddable":true,"href":"https:\/\/www.romeing.it\/it\/wp-json\/wp\/v2\/categories?post=104392"},{"taxonomy":"post_tag","embeddable":true,"href":"https:\/\/www.romeing.it\/it\/wp-json\/wp\/v2\/tags?post=104392"}],"curies":[{"name":"wp","href":"https:\/\/api.w.org\/{rel}","templated":true}]}}