{"id":104495,"date":"2025-09-15T13:42:48","date_gmt":"2025-09-15T13:42:48","guid":{"rendered":"https:\/\/www.romeing.it\/roma-baccala\/"},"modified":"2025-12-03T08:48:48","modified_gmt":"2025-12-03T08:48:48","slug":"roma-baccala","status":"publish","type":"post","link":"https:\/\/www.romeing.it\/it\/roma-baccala\/","title":{"rendered":"Roma Baccal\u00e0 2025"},"content":{"rendered":"\n<h2 class=\"wp-block-heading\" id=\"h-dal-18-al-21-settembre-prende-il-via-la-nuova-edizione-di-roma-baccala-dedicata-al-giubileo\">Dal 18 al 21 settembre prende il via la nuova edizione di Roma Baccal\u00e0 dedicata al Giubileo<\/h2>\n\n\n\n<p>Dal 18 al 21 settembre 2025 a <strong>Parco Schuster<\/strong>, l\u2019ampia area verde&nbsp;dinanzi la <strong>Basilica di San Paolo&nbsp;Fuori Le Mura<\/strong>, torna <strong>Roma Baccal\u00e0<\/strong>, la manifestazione che celebra il baccal\u00e0 con incontri culturali, degustazioni dal mondo, workshop, tradizioni a tavola.<\/p>\n\n\n\n<p>Quest&#8217;anno il tema scelto da Roma Baccal\u00e0 \u00e8 quello dell&#8217;accoglienza, visto che l&#8217;evento si inserisce nel palinsesto ufficiale &#8220;Artes e Jubileum&#8221; dell&#8217;Anno Santo promosso dall&#8217;Assessorato alla Cultura di Roma Capitale.<\/p>\n\n\n\n<p>Quattro giorni di gusto e incontri per celebrare uno dei prodotti pi\u00f9 amati della tradizione gastronomica italiana: il baccal\u00e0.<\/p>\n\n\n\n<p>&nbsp;La manifestazione, giunta alla sua sesta edizione, si conferma come uno degli appuntamenti pi\u00f9 attesi della scena gastronomico-culturale romana. Pi\u00f9 di <strong>40 ricette<\/strong> di baccal\u00e0 e stoccafisso verranno proposte negli spazi rinnovati di Parco Schuster,&nbsp;&nbsp;in un evento che ha riunito <strong>oltre 80.000 visitatori <\/strong>nelle edizioni precedenti.<\/p>\n\n\n\n<p><em>&#8220;Roma Baccal\u00e0 \u00e8 molto pi\u00f9 di un festival gastronomico: \u00e8 un luogo dove il cibo racconta storie, costruisce ponti e custodisce memorie. Quest&#8217;anno il tema dell&#8217;accoglienza, legato al Giubileo, diventa il cuore dell&#8217;intera manifestazione. Il baccal\u00e0 \u2013 che da secoli accompagna i pellegrinaggi e le tavole della tradizione \u2013 ci guida in un viaggio che attraversa fede, cultura e convivialit\u00e0<\/em>&#8221; afferma la direttrice artistica&nbsp;<strong>Francesca Rocchi<\/strong>.<\/p>\n\n\n\n<figure class=\"wp-block-image size-large\"><img decoding=\"async\" src=\"https:\/\/www.romeing.it\/wp-content\/uploads\/2025\/12\/ROMA-BACCALA_2-1024x683.jpg\" alt=\"Roma Baccal\u00e0 2025\" class=\"wp-image-164688\"\/><\/figure>\n\n\n\n<p>Il festival sar\u00e0 parte integrante del palinsesto di Schuster Regionale, la rassegna che animer\u00e0 Parco Schuster per tutto il mese di settembre con eventi culturali, musicali e gastronomici. Nel dettaglio Roma Baccal\u00e0 si svolger\u00e0 nei rinnovati spazi, accanto alla Basilica di San Paolo Fuori le Mura, e accoglier\u00e0 cittadini, pellegrini e turisti in un&#8217;esperienza che andr\u00e0 ben oltre il semplice mangiare. Il baccal\u00e0 sar\u00e0 ancora una volta il grande protagonista: un cibo &#8220;umile&#8221;, che ha attraversato secoli e confini, capace di raccontare storie di popoli, spiritualit\u00e0, sopravvivenza e creativit\u00e0.<\/p>\n\n\n\n<h3 class=\"wp-block-heading\" id=\"h-i-contenuti-della-nuova-edizione\">I contenuti della nuova edizione<\/h3>\n\n\n\n<p>Tanti i focus e le novit\u00e0 di questa nuova edizione: ogni sera nel <strong>Teatro dello Scambio&nbsp;<\/strong>il pubblico potr\u00e0 assistere a interessanti&nbsp;<strong>laboratori<\/strong>&nbsp;e numerosi&nbsp;<strong>showcooking<\/strong>: osti e cuochi prepareranno ricette di baccal\u00e0, sveleranno tecniche e proporranno interpretazioni classiche e originali.<\/p>\n\n\n\n<p><strong>Tra le novit\u00e0 pi\u00f9 significative il<\/strong>&nbsp;<strong>nuovo<\/strong>&nbsp;<strong>Spazio Capasanta,<\/strong>&nbsp;ispirato al simbolo del pellegrinaggio di San Giacomo: la conchiglia della capasanta. Qui si approfondir\u00e0 il legame tra alimentazione, cultura e spiritualit\u00e0 attraverso importanti incontri con religiosi, studiosi, storici del cibo ed esperti di tradizioni monastiche. Imperdibile l&#8217;appuntamento con l&#8217;<strong>Antica Spezieria Monastica&nbsp;<\/strong>che offrir\u00e0 interessanti spunti per esplorare i saperi curativi dei monaci benedettini.<\/p>\n\n\n\n<figure class=\"wp-block-image size-large\"><img decoding=\"async\" src=\"https:\/\/www.romeing.it\/wp-content\/uploads\/2025\/12\/ROMA-BACCALA_-7-1024x654.png\" alt=\"Roma Baccal\u00e0 2025\" class=\"wp-image-164686\"\/><\/figure>\n\n\n\n<p>La&nbsp;<strong>Serata Norvegese<\/strong>, in collaborazione con l&#8217;Ambasciata di Norvegia, proporr\u00e0 una degustazione esclusiva curata dallo chef dell&#8217;ambasciatore. Con <strong><em>Profumo di Calabria<\/em><\/strong> torneranno i sapori dello stocco di Mammola e Cittanova, mentre <strong><em>La Via Italiana dello Stoccafisso<\/em><\/strong> guider\u00e0 i visitatori in un viaggio tra le grandi ricette regionali.&nbsp;<strong>L&#8217;Alleanza&nbsp; Slow Food Ciociaria&nbsp;<\/strong>porter\u00e0 in scena la cucina tradizionale del territorio. Spazio anche allo&nbsp;<strong>Stoccafisso all&#8217;anconetana<\/strong>, recentemente riconosciuto DE.CO&nbsp;al dialogo con l&#8217;<strong>International Stockfish Society<\/strong>&nbsp;per la candidatura a Patrimonio UNESCO.<\/p>\n\n\n\n<p>Da non perdere le attivit\u00e0 che si svolgeranno nell&#8217;area del<strong>&nbsp;Centro Agroalimentare di<\/strong>&nbsp;<strong>Roma&nbsp;<\/strong>dove il progetto <em><strong>Il Pesce Giusto<\/strong><\/em>, realizzato insieme&nbsp; all&#8217;Universit\u00e0 di Tor Vergata, offrir\u00e0 interessanti spunti per riconoscere il pesce di stagione e fare scelte alimentari consapevoli. Inoltre, verranno realizzati spettacoli ludico \u2013 educativi dedicati ai bambini per imparare, divertendosi, l&#8217;importanza della cura del mare e dell&#8217;ambiente marino.<\/p>\n\n\n\n<p>Roma Baccal\u00e0 sar\u00e0, ancora una volta, un&#8217;occasione per stare insieme, per ascoltare storie, per assaporare piatti che parlano del passato ma guardano al futuro, e per vivere un&#8217;esperienza autentica e partecipata in uno dei luoghi simbolici della capitale.<\/p>\n\n\n\n<hr class=\"wp-block-separator has-alpha-channel-opacity\"\/>\n\n\n\n<p class=\"has-text-align-center\"><strong>ROMA BACCAL\u00c0 2025<\/strong><br><strong>18-21&nbsp; settembre 2025<\/strong><\/p>\n\n\n\n<p class=\"has-text-align-center\">Parco Schuster \u2013 San Paolo<\/p>\n\n\n\n<p class=\"has-text-align-center\"><strong>Orari:<\/strong> dalle ore 12.00 alle ore 24.00<br>Ingresso libero<\/p>\n\n\n\n<p class=\"has-text-align-center\"><a href=\"https:\/\/www.romabaccala.it\" target=\"_blank\" rel=\"noreferrer noopener\">romabaccal\u00e0.it<\/a><\/p>\n","protected":false},"excerpt":{"rendered":"<p>Dal 18 al 21 settembre a Parco Schuster torna la sesta edizione di Roma Baccal\u00e0.<\/p>\n","protected":false},"author":2591,"featured_media":104501,"comment_status":"open","ping_status":"open","sticky":false,"template":"","format":"standard","meta":{"_uag_custom_page_level_css":"","footnotes":""},"categories":[580,598],"tags":[],"class_list":["post-104495","post","type-post","status-publish","format-standard","has-post-thumbnail","hentry","category-eventi-a-roma","category-mercatini-eventi-enogastronomici"],"featured_image_src":"https:\/\/www.romeing.it\/wp-content\/uploads\/2025\/12\/Roma-Baccala-2025.jpg","author_info":{"display_name":"Romeing Editorial Staff","author_link":"https:\/\/www.romeing.it\/it\/author\/romeing\/"},"yoast_head":"<!-- This site is optimized with the Yoast SEO Premium plugin v26.9 (Yoast SEO v27.4) - https:\/\/yoast.com\/product\/yoast-seo-premium-wordpress\/ -->\n<title>Ritorna Roma Baccal\u00e0 2025 - Romeing<\/title>\n<meta name=\"description\" content=\"Dal 18 al 21 settembre a Parco Schuster torna Roma Baccal\u00e0, con un ricco programma di eventi e degustazioni.\" \/>\n<meta name=\"robots\" content=\"index, follow, max-snippet:-1, max-image-preview:large, max-video-preview:-1\" \/>\n<link rel=\"canonical\" href=\"https:\/\/www.romeing.it\/it\/roma-baccala\/\" \/>\n<meta property=\"og:locale\" content=\"it_IT\" \/>\n<meta property=\"og:type\" content=\"article\" \/>\n<meta property=\"og:title\" content=\"Dal 22 al 25 giugno torna Roma Baccal\u00e0\" \/>\n<meta property=\"og:description\" content=\"Dal 18 al 21 settembre a Parco Schuster torna Roma Baccal\u00e0, con un ricco programma di eventi e degustazioni.\" \/>\n<meta property=\"og:url\" content=\"https:\/\/www.romeing.it\/it\/roma-baccala\/\" \/>\n<meta property=\"og:site_name\" content=\"Romeing | Rome&#039;s english magazine, events and exhibitions in Rome\" \/>\n<meta property=\"article:publisher\" content=\"https:\/\/www.facebook.com\/Romeing.it\" \/>\n<meta property=\"article:published_time\" content=\"2025-09-15T13:42:48+00:00\" \/>\n<meta property=\"article:modified_time\" content=\"2025-12-03T08:48:48+00:00\" \/>\n<meta property=\"og:image\" content=\"https:\/\/www.romeing.it\/wp-content\/uploads\/2025\/12\/Roma-Baccala-2025.jpg\" \/>\n\t<meta property=\"og:image:width\" content=\"1200\" \/>\n\t<meta property=\"og:image:height\" content=\"661\" \/>\n\t<meta property=\"og:image:type\" content=\"image\/jpeg\" \/>\n<meta name=\"author\" content=\"Romeing Editorial Staff\" \/>\n<meta name=\"twitter:card\" content=\"summary_large_image\" \/>\n<meta name=\"twitter:title\" content=\"Roma Baccal\u00e0 2025\" \/>\n<meta name=\"twitter:creator\" content=\"@romeing\" \/>\n<meta name=\"twitter:site\" content=\"@romeing\" \/>\n<meta name=\"twitter:label1\" content=\"Scritto da\" \/>\n\t<meta name=\"twitter:data1\" content=\"Romeing Editorial Staff\" \/>\n\t<meta name=\"twitter:label2\" content=\"Tempo di lettura stimato\" \/>\n\t<meta name=\"twitter:data2\" content=\"3 minuti\" \/>\n<script type=\"application\/ld+json\" class=\"yoast-schema-graph\">{\"@context\":\"https:\\\/\\\/schema.org\",\"@graph\":[{\"@type\":\"NewsArticle\",\"@id\":\"https:\\\/\\\/www.romeing.it\\\/it\\\/roma-baccala\\\/#article\",\"isPartOf\":{\"@id\":\"https:\\\/\\\/www.romeing.it\\\/it\\\/roma-baccala\\\/\"},\"author\":{\"name\":\"Romeing Editorial Staff\",\"@id\":\"https:\\\/\\\/www.romeing.it\\\/it\\\/#\\\/schema\\\/person\\\/d1016d571abf1cac761e7c6510dcf0a0\"},\"headline\":\"Roma Baccal\u00e0 2025\",\"datePublished\":\"2025-09-15T13:42:48+00:00\",\"dateModified\":\"2025-12-03T08:48:48+00:00\",\"mainEntityOfPage\":{\"@id\":\"https:\\\/\\\/www.romeing.it\\\/it\\\/roma-baccala\\\/\"},\"wordCount\":651,\"commentCount\":1,\"publisher\":{\"@id\":\"https:\\\/\\\/www.romeing.it\\\/it\\\/#organization\"},\"image\":{\"@id\":\"https:\\\/\\\/www.romeing.it\\\/it\\\/roma-baccala\\\/#primaryimage\"},\"thumbnailUrl\":\"https:\\\/\\\/www.romeing.it\\\/wp-content\\\/uploads\\\/2025\\\/12\\\/Roma-Baccala-2025.jpg\",\"articleSection\":[\"Eventi a Roma\",\"Mercatini &amp; Eventi Enogastronomici\"],\"inLanguage\":\"it-IT\",\"potentialAction\":[{\"@type\":\"CommentAction\",\"name\":\"Comment\",\"target\":[\"https:\\\/\\\/www.romeing.it\\\/it\\\/roma-baccala\\\/#respond\"]}],\"copyrightYear\":\"2025\",\"copyrightHolder\":{\"@id\":\"https:\\\/\\\/www.romeing.it\\\/#organization\"}},{\"@type\":\"WebPage\",\"@id\":\"https:\\\/\\\/www.romeing.it\\\/it\\\/roma-baccala\\\/\",\"url\":\"https:\\\/\\\/www.romeing.it\\\/it\\\/roma-baccala\\\/\",\"name\":\"Ritorna Roma Baccal\u00e0 2025 - Romeing\",\"isPartOf\":{\"@id\":\"https:\\\/\\\/www.romeing.it\\\/it\\\/#website\"},\"primaryImageOfPage\":{\"@id\":\"https:\\\/\\\/www.romeing.it\\\/it\\\/roma-baccala\\\/#primaryimage\"},\"image\":{\"@id\":\"https:\\\/\\\/www.romeing.it\\\/it\\\/roma-baccala\\\/#primaryimage\"},\"thumbnailUrl\":\"https:\\\/\\\/www.romeing.it\\\/wp-content\\\/uploads\\\/2025\\\/12\\\/Roma-Baccala-2025.jpg\",\"datePublished\":\"2025-09-15T13:42:48+00:00\",\"dateModified\":\"2025-12-03T08:48:48+00:00\",\"description\":\"Dal 18 al 21 settembre a Parco Schuster torna Roma Baccal\u00e0, con un ricco programma di eventi e degustazioni.\",\"inLanguage\":\"it-IT\",\"potentialAction\":[{\"@type\":\"ReadAction\",\"target\":[\"https:\\\/\\\/www.romeing.it\\\/it\\\/roma-baccala\\\/\"]}]},{\"@type\":\"ImageObject\",\"inLanguage\":\"it-IT\",\"@id\":\"https:\\\/\\\/www.romeing.it\\\/it\\\/roma-baccala\\\/#primaryimage\",\"url\":\"https:\\\/\\\/www.romeing.it\\\/wp-content\\\/uploads\\\/2025\\\/12\\\/Roma-Baccala-2025.jpg\",\"contentUrl\":\"https:\\\/\\\/www.romeing.it\\\/wp-content\\\/uploads\\\/2025\\\/12\\\/Roma-Baccala-2025.jpg\",\"width\":1200,\"height\":661,\"caption\":\"Roma Baccal\u00e0 2025\"},{\"@type\":\"WebSite\",\"@id\":\"https:\\\/\\\/www.romeing.it\\\/it\\\/#website\",\"url\":\"https:\\\/\\\/www.romeing.it\\\/it\\\/\",\"name\":\"Romeing: Rome's english magazine, events and exhibitions in Rome\",\"description\":\"Romeing is the english magazine for tourists and expats visiting or living in Rome. A guide to the best things to do and see in Rome &amp; Florence, attractions and restaurants with a listing of events and exhibitions.\",\"publisher\":{\"@id\":\"https:\\\/\\\/www.romeing.it\\\/it\\\/#organization\"},\"potentialAction\":[{\"@type\":\"SearchAction\",\"target\":{\"@type\":\"EntryPoint\",\"urlTemplate\":\"https:\\\/\\\/www.romeing.it\\\/it\\\/?s={search_term_string}\"},\"query-input\":{\"@type\":\"PropertyValueSpecification\",\"valueRequired\":true,\"valueName\":\"search_term_string\"}}],\"inLanguage\":\"it-IT\"},{\"@type\":\"Organization\",\"@id\":\"https:\\\/\\\/www.romeing.it\\\/it\\\/#organization\",\"name\":\"Romeing srl\",\"url\":\"https:\\\/\\\/www.romeing.it\\\/it\\\/\",\"logo\":{\"@type\":\"ImageObject\",\"inLanguage\":\"it-IT\",\"@id\":\"https:\\\/\\\/www.romeing.it\\\/it\\\/#\\\/schema\\\/logo\\\/image\\\/\",\"url\":\"https:\\\/\\\/www.romeing.it\\\/wp-content\\\/uploads\\\/2025\\\/12\\\/logo-quadrato-romeing.jpg\",\"contentUrl\":\"https:\\\/\\\/www.romeing.it\\\/wp-content\\\/uploads\\\/2025\\\/12\\\/logo-quadrato-romeing.jpg\",\"width\":696,\"height\":696,\"caption\":\"Romeing srl\"},\"image\":{\"@id\":\"https:\\\/\\\/www.romeing.it\\\/it\\\/#\\\/schema\\\/logo\\\/image\\\/\"},\"sameAs\":[\"https:\\\/\\\/www.facebook.com\\\/Romeing.it\",\"https:\\\/\\\/x.com\\\/romeing\",\"https:\\\/\\\/www.instagram.com\\\/romeing_magazine\\\/\",\"https:\\\/\\\/www.linkedin.com\\\/company\\\/romeing-srl\\\/\",\"https:\\\/\\\/www.pinterest.it\\\/romeing\\\/pins\\\/\",\"https:\\\/\\\/www.youtube.com\\\/@RomeingIt\"],\"email\":\"info@romeing.it\",\"legalName\":\"Romeing Srl\",\"foundingDate\":\"2010-12-01\",\"vatID\":\"11115241009\"},{\"@type\":\"Person\",\"@id\":\"https:\\\/\\\/www.romeing.it\\\/it\\\/#\\\/schema\\\/person\\\/d1016d571abf1cac761e7c6510dcf0a0\",\"name\":\"Romeing Editorial Staff\",\"image\":{\"@type\":\"ImageObject\",\"inLanguage\":\"it-IT\",\"@id\":\"https:\\\/\\\/secure.gravatar.com\\\/avatar\\\/fa77907d763bad05dbb8a472492889275a24ec72dbee0f696cec3f344a78e384?s=96&d=mm&r=g\",\"url\":\"https:\\\/\\\/secure.gravatar.com\\\/avatar\\\/fa77907d763bad05dbb8a472492889275a24ec72dbee0f696cec3f344a78e384?s=96&d=mm&r=g\",\"contentUrl\":\"https:\\\/\\\/secure.gravatar.com\\\/avatar\\\/fa77907d763bad05dbb8a472492889275a24ec72dbee0f696cec3f344a78e384?s=96&d=mm&r=g\",\"caption\":\"Romeing Editorial Staff\"},\"description\":\"The Go-To Print And Online Magazine For Italian Destinations.\",\"url\":\"https:\\\/\\\/www.romeing.it\\\/it\\\/author\\\/romeing\\\/\"}]}<\/script>\n<!-- \/ Yoast SEO Premium plugin. -->","yoast_head_json":{"title":"Ritorna Roma Baccal\u00e0 2025 - Romeing","description":"Dal 18 al 21 settembre a Parco Schuster torna Roma Baccal\u00e0, con un ricco programma di eventi e degustazioni.","robots":{"index":"index","follow":"follow","max-snippet":"max-snippet:-1","max-image-preview":"max-image-preview:large","max-video-preview":"max-video-preview:-1"},"canonical":"https:\/\/www.romeing.it\/it\/roma-baccala\/","og_locale":"it_IT","og_type":"article","og_title":"Dal 22 al 25 giugno torna Roma Baccal\u00e0","og_description":"Dal 18 al 21 settembre a Parco Schuster torna Roma Baccal\u00e0, con un ricco programma di eventi e degustazioni.","og_url":"https:\/\/www.romeing.it\/it\/roma-baccala\/","og_site_name":"Romeing | Rome&#039;s english magazine, events and exhibitions in Rome","article_publisher":"https:\/\/www.facebook.com\/Romeing.it","article_published_time":"2025-09-15T13:42:48+00:00","article_modified_time":"2025-12-03T08:48:48+00:00","og_image":[{"width":1200,"height":661,"url":"https:\/\/www.romeing.it\/wp-content\/uploads\/2025\/12\/Roma-Baccala-2025.jpg","type":"image\/jpeg"}],"author":"Romeing Editorial Staff","twitter_card":"summary_large_image","twitter_title":"Roma Baccal\u00e0 2025","twitter_creator":"@romeing","twitter_site":"@romeing","twitter_misc":{"Scritto da":"Romeing Editorial Staff","Tempo di lettura stimato":"3 minuti"},"schema":{"@context":"https:\/\/schema.org","@graph":[{"@type":"NewsArticle","@id":"https:\/\/www.romeing.it\/it\/roma-baccala\/#article","isPartOf":{"@id":"https:\/\/www.romeing.it\/it\/roma-baccala\/"},"author":{"name":"Romeing Editorial Staff","@id":"https:\/\/www.romeing.it\/it\/#\/schema\/person\/d1016d571abf1cac761e7c6510dcf0a0"},"headline":"Roma Baccal\u00e0 2025","datePublished":"2025-09-15T13:42:48+00:00","dateModified":"2025-12-03T08:48:48+00:00","mainEntityOfPage":{"@id":"https:\/\/www.romeing.it\/it\/roma-baccala\/"},"wordCount":651,"commentCount":1,"publisher":{"@id":"https:\/\/www.romeing.it\/it\/#organization"},"image":{"@id":"https:\/\/www.romeing.it\/it\/roma-baccala\/#primaryimage"},"thumbnailUrl":"https:\/\/www.romeing.it\/wp-content\/uploads\/2025\/12\/Roma-Baccala-2025.jpg","articleSection":["Eventi a Roma","Mercatini &amp; Eventi Enogastronomici"],"inLanguage":"it-IT","potentialAction":[{"@type":"CommentAction","name":"Comment","target":["https:\/\/www.romeing.it\/it\/roma-baccala\/#respond"]}],"copyrightYear":"2025","copyrightHolder":{"@id":"https:\/\/www.romeing.it\/#organization"}},{"@type":"WebPage","@id":"https:\/\/www.romeing.it\/it\/roma-baccala\/","url":"https:\/\/www.romeing.it\/it\/roma-baccala\/","name":"Ritorna Roma Baccal\u00e0 2025 - Romeing","isPartOf":{"@id":"https:\/\/www.romeing.it\/it\/#website"},"primaryImageOfPage":{"@id":"https:\/\/www.romeing.it\/it\/roma-baccala\/#primaryimage"},"image":{"@id":"https:\/\/www.romeing.it\/it\/roma-baccala\/#primaryimage"},"thumbnailUrl":"https:\/\/www.romeing.it\/wp-content\/uploads\/2025\/12\/Roma-Baccala-2025.jpg","datePublished":"2025-09-15T13:42:48+00:00","dateModified":"2025-12-03T08:48:48+00:00","description":"Dal 18 al 21 settembre a Parco Schuster torna Roma Baccal\u00e0, con un ricco programma di eventi e degustazioni.","inLanguage":"it-IT","potentialAction":[{"@type":"ReadAction","target":["https:\/\/www.romeing.it\/it\/roma-baccala\/"]}]},{"@type":"ImageObject","inLanguage":"it-IT","@id":"https:\/\/www.romeing.it\/it\/roma-baccala\/#primaryimage","url":"https:\/\/www.romeing.it\/wp-content\/uploads\/2025\/12\/Roma-Baccala-2025.jpg","contentUrl":"https:\/\/www.romeing.it\/wp-content\/uploads\/2025\/12\/Roma-Baccala-2025.jpg","width":1200,"height":661,"caption":"Roma Baccal\u00e0 2025"},{"@type":"WebSite","@id":"https:\/\/www.romeing.it\/it\/#website","url":"https:\/\/www.romeing.it\/it\/","name":"Romeing: Rome's english magazine, events and exhibitions in Rome","description":"Romeing is the english magazine for tourists and expats visiting or living in Rome. A guide to the best things to do and see in Rome &amp; Florence, attractions and restaurants with a listing of events and exhibitions.","publisher":{"@id":"https:\/\/www.romeing.it\/it\/#organization"},"potentialAction":[{"@type":"SearchAction","target":{"@type":"EntryPoint","urlTemplate":"https:\/\/www.romeing.it\/it\/?s={search_term_string}"},"query-input":{"@type":"PropertyValueSpecification","valueRequired":true,"valueName":"search_term_string"}}],"inLanguage":"it-IT"},{"@type":"Organization","@id":"https:\/\/www.romeing.it\/it\/#organization","name":"Romeing srl","url":"https:\/\/www.romeing.it\/it\/","logo":{"@type":"ImageObject","inLanguage":"it-IT","@id":"https:\/\/www.romeing.it\/it\/#\/schema\/logo\/image\/","url":"https:\/\/www.romeing.it\/wp-content\/uploads\/2025\/12\/logo-quadrato-romeing.jpg","contentUrl":"https:\/\/www.romeing.it\/wp-content\/uploads\/2025\/12\/logo-quadrato-romeing.jpg","width":696,"height":696,"caption":"Romeing srl"},"image":{"@id":"https:\/\/www.romeing.it\/it\/#\/schema\/logo\/image\/"},"sameAs":["https:\/\/www.facebook.com\/Romeing.it","https:\/\/x.com\/romeing","https:\/\/www.instagram.com\/romeing_magazine\/","https:\/\/www.linkedin.com\/company\/romeing-srl\/","https:\/\/www.pinterest.it\/romeing\/pins\/","https:\/\/www.youtube.com\/@RomeingIt"],"email":"info@romeing.it","legalName":"Romeing Srl","foundingDate":"2010-12-01","vatID":"11115241009"},{"@type":"Person","@id":"https:\/\/www.romeing.it\/it\/#\/schema\/person\/d1016d571abf1cac761e7c6510dcf0a0","name":"Romeing Editorial Staff","image":{"@type":"ImageObject","inLanguage":"it-IT","@id":"https:\/\/secure.gravatar.com\/avatar\/fa77907d763bad05dbb8a472492889275a24ec72dbee0f696cec3f344a78e384?s=96&d=mm&r=g","url":"https:\/\/secure.gravatar.com\/avatar\/fa77907d763bad05dbb8a472492889275a24ec72dbee0f696cec3f344a78e384?s=96&d=mm&r=g","contentUrl":"https:\/\/secure.gravatar.com\/avatar\/fa77907d763bad05dbb8a472492889275a24ec72dbee0f696cec3f344a78e384?s=96&d=mm&r=g","caption":"Romeing Editorial Staff"},"description":"The Go-To Print And Online Magazine For Italian Destinations.","url":"https:\/\/www.romeing.it\/it\/author\/romeing\/"}]}},"uagb_featured_image_src":{"full":["https:\/\/www.romeing.it\/wp-content\/uploads\/2025\/12\/Roma-Baccala-2025.jpg",1200,661,false],"thumbnail":["https:\/\/www.romeing.it\/wp-content\/uploads\/2025\/12\/Roma-Baccala-2025-150x150.jpg",150,150,true],"medium":["https:\/\/www.romeing.it\/wp-content\/uploads\/2025\/12\/Roma-Baccala-2025-300x165.jpg",300,165,true],"medium_large":["https:\/\/www.romeing.it\/wp-content\/uploads\/2025\/12\/Roma-Baccala-2025-768x423.jpg",768,423,true],"large":["https:\/\/www.romeing.it\/wp-content\/uploads\/2025\/12\/Roma-Baccala-2025-1024x564.jpg",800,441,true],"1536x1536":["https:\/\/www.romeing.it\/wp-content\/uploads\/2025\/12\/Roma-Baccala-2025.jpg",1200,661,false],"2048x2048":["https:\/\/www.romeing.it\/wp-content\/uploads\/2025\/12\/Roma-Baccala-2025.jpg",1200,661,false]},"uagb_author_info":{"display_name":"Romeing Editorial Staff","author_link":"https:\/\/www.romeing.it\/it\/author\/romeing\/"},"uagb_comment_info":1,"uagb_excerpt":"Dal 18 al 21 settembre a Parco Schuster torna la sesta edizione di Roma Baccal\u00e0.","_links":{"self":[{"href":"https:\/\/www.romeing.it\/it\/wp-json\/wp\/v2\/posts\/104495","targetHints":{"allow":["GET"]}}],"collection":[{"href":"https:\/\/www.romeing.it\/it\/wp-json\/wp\/v2\/posts"}],"about":[{"href":"https:\/\/www.romeing.it\/it\/wp-json\/wp\/v2\/types\/post"}],"author":[{"embeddable":true,"href":"https:\/\/www.romeing.it\/it\/wp-json\/wp\/v2\/users\/2591"}],"replies":[{"embeddable":true,"href":"https:\/\/www.romeing.it\/it\/wp-json\/wp\/v2\/comments?post=104495"}],"version-history":[{"count":1,"href":"https:\/\/www.romeing.it\/it\/wp-json\/wp\/v2\/posts\/104495\/revisions"}],"predecessor-version":[{"id":104500,"href":"https:\/\/www.romeing.it\/it\/wp-json\/wp\/v2\/posts\/104495\/revisions\/104500"}],"wp:featuredmedia":[{"embeddable":true,"href":"https:\/\/www.romeing.it\/it\/wp-json\/wp\/v2\/media\/104501"}],"wp:attachment":[{"href":"https:\/\/www.romeing.it\/it\/wp-json\/wp\/v2\/media?parent=104495"}],"wp:term":[{"taxonomy":"category","embeddable":true,"href":"https:\/\/www.romeing.it\/it\/wp-json\/wp\/v2\/categories?post=104495"},{"taxonomy":"post_tag","embeddable":true,"href":"https:\/\/www.romeing.it\/it\/wp-json\/wp\/v2\/tags?post=104495"}],"curies":[{"name":"wp","href":"https:\/\/api.w.org\/{rel}","templated":true}]}}