{"id":104515,"date":"2023-06-15T14:41:38","date_gmt":"2023-06-15T14:41:38","guid":{"rendered":"https:\/\/www.romeing.it\/litalia-e-un-desiderio-fotografie-paesaggi-e-visioni\/"},"modified":"2025-12-03T17:34:53","modified_gmt":"2025-12-03T17:34:53","slug":"litalia-e-un-desiderio-fotografie-paesaggi-e-visioni","status":"publish","type":"post","link":"https:\/\/www.romeing.it\/it\/litalia-e-un-desiderio-fotografie-paesaggi-e-visioni\/","title":{"rendered":"L\u2019Italia \u00e8 un desiderio. Fotografie, Paesaggi e Visioni (1842-2022)"},"content":{"rendered":"\n<h2 class=\"wp-block-heading\" id=\"h-in-mostra-alle-scuderie-del-quirinale-due-secoli-di-paesaggio-italiano\">In mostra alle Scuderie del Quirinale due secoli di paesaggio italiano <\/h2>\n\n\n\n<p>Seicento scatti per raccontare il nostro Paese attraverso rappresentazioni di paesaggi naturali, urbani ed umani. Questo lo scopo della mostra <strong><em>L\u2019Italia \u00e8 un desiderio. Fotografie, Paesaggi e Visioni (1842-2022)<\/em><\/strong>, nelle sale delle <strong>Scuderie del Quirinale<\/strong> di Roma fino al prossimo <strong>3 settembre<\/strong>. Protagoniste le <strong>Collezioni della Fondazione Alinari per la Fotografia e del MUFOCO (Museo di Fotografia Contemporanea)<\/strong>. Un viaggio straordinario che copre quasi due secoli di fotografia, un racconto per immagini che parla di montagne, di scorci iconici, di citt\u00e0 e borghi, di popolazioni rurali e metropolitane.<\/p>\n\n\n\n<p>In mostra dagherrotipi, negativi su carta e su vetro, diapositive, lastre, autocromie, stampe vintage e stampe fine art da negativo originale, stampe a colori in grande formato: un vero e proprio excursus storico delle tecniche fotografiche, che sin dai primordi hanno fatto oggetto delle loro sperimentazioni proprio il paesaggio geografico e antropologico.<\/p>\n\n\n\n<p>Il percorso espositivo \u00e8 articolato sui due piani del museo: al primo livello si trovano le fotografie appartenenti agli Archivi Alinari e al secondo piano quelle delle collezioni del Museo di Fotografia Contemporanea. La Fondazione Alinari \u00e8 una vera e propria memoria storica del nostro paese: dalle splendide immagini che ritraggono Piazza San Pietro a Roma, Firenze o Venezia lo spettatore viene catturato in un macchina del tempo in grado di trasportarlo in altre epoche, velate dall\u2019idea di sogno ma tangibili nelle prove documentali qui esposte. <\/p>\n\n\n\n<figure class=\"wp-block-image aligncenter size-large\"><img decoding=\"async\" src=\"https:\/\/www.romeing.it\/wp-content\/uploads\/2025\/12\/1-3-1024x793.jpg\" alt=\"L\u2019Italia \u00e8 un desiderio. Fotografie, Paesaggi e Visioni (1842-2022)\" class=\"wp-image-141934\"\/><figcaption class=\"wp-element-caption\">Wilhelm von Gloeden, Elegie (Elegies), Taormina, 1900, Firenze, Archivi Alinari-archivio von Gloeden<\/figcaption><\/figure>\n\n\n\n<p>Attraverso i lavori degli autori che appartengono alle origini dello scatto fotografico, come <strong>Girault de Prangey, Calvert Richard Jones, Fr\u00e9d\u00e9ric Flach\u00e9ron e Giacomo Caneva<\/strong>, si snoda davanti allo spettatore l\u2019evoluzione delle modalit\u00e0 delle tecniche di rappresentazione. Oggetto di studio le mete italiane pi\u00f9 famose, le cui sembianze vengono via via rese attraverso nuove scoperte, come nel  caso dei lavori dello scienzato <strong>Giorgio Roster<\/strong> che, tra Ottocento e Novecento, ha lavorato sui negativi per ottenere immagini a colori.<\/p>\n\n\n\n<p>Gli anni quaranta e cinquanta del Novecento sono ben rappresentati dalle opere di <strong>Vincenzo Balocchi e Luciano Ferri, Alberto Lattuada e di Fosco Maraini<\/strong>, che illustrato il paesaggio montano della penisola e quello antropologico del meridione italiano.<\/p>\n\n\n\n<p>Protagonisti del percorso del secondo piano della mostra sono molti tra i principali autori della fotografia italiana e internazionale dal dopoguerra ad oggi, i cui nomi rimandano immediatamente a precise connotazioni stilsitiche nella mente del pubblico.<\/p>\n\n\n\n<figure class=\"wp-block-image aligncenter size-large\"><img decoding=\"async\" src=\"https:\/\/www.romeing.it\/wp-content\/uploads\/2025\/12\/thumbnail_Franco-Fontana-Paesaggio-Lucano-1978-1024x655.jpg\" alt=\"L\u2019Italia \u00e8 un desiderio. Fotografie, Paesaggi e Visioni (1842-2022)\" class=\"wp-image-142427\"\/><figcaption class=\"wp-element-caption\">Franco Fontana, Paesaggio Lucano, 1978, MUFOCO<\/figcaption><\/figure>\n\n\n\n<p>La fotografia di reportage della siciliana <strong>Letizia Battaglia<\/strong>, lo sguardo curioso dei bianchi e nero di <strong>Gianni Berengo Gardin<\/strong>, il cui sguardo si sofferma sulle case di ringhiera del milanese e sulla variegata popolazione che le abita, i drammatici edifici di <strong>Gabriele Basilico<\/strong> che si stagliano davanti allo spettatore come monoliti, totem di un presente industriale che sembra gi\u00e0 passato.<\/p>\n\n\n\n<p>E ancora la fotografia concettuale di <strong>Franco Fontana e <\/strong><a href=\"https:\/\/www.romeing.it\/it\/mario-cresci-un-esorcismo-del-tempo-maxxi\/\"><strong>Mario Cresci<\/strong>:<\/a> il primo capace di cogliere gli archetipi geometrici nascosti nei profili paesaggistici della Lucania, dove la struttura di ci\u00f2 che vediamo \u00e8 data da linee e colori portanti; il secondo interprete dei concetti di memoria e identit\u00e0, espressa in una serie di intensi autoritratti eseguiti in interni familiari eppure remoti, dove l\u2019essenza della persona sfuma come assorbita dal ricordo. Infine l\u2019inconfondibile sguardo di <strong>Luigi Ghirri<\/strong>, in grado di dare valore assoluto a qualsiasi brano della realt\u00e0 quotidiana che colpisca il nostro sguardo.<\/p>\n\n\n\n<div class=\"wp-block-buttons is-horizontal is-content-justification-center is-layout-flex wp-container-core-buttons-is-layout-03627597 wp-block-buttons-is-layout-flex\">\n<div class=\"wp-block-button\"><a class=\"wp-block-button__link has-vivid-red-background-color has-background wp-element-button\" href=\"https:\/\/www.romeing.it\/it\/mostre-a-roma\/\">LE MIGLIORI MOSTRE A ROMA<\/a><\/div>\n\n\n\n<div class=\"wp-block-button\"><a class=\"wp-block-button__link has-vivid-red-background-color has-background wp-element-button\" href=\"https:\/\/www.romeing.it\/it\/la-tua-guida-ai-musei-di-roma\/\">GUIDA AI MUSEI DI ROMA<\/a><\/div>\n<\/div>\n\n\n\n<hr class=\"wp-block-separator has-alpha-channel-opacity\"\/>\n\n\n\n<p class=\"has-text-align-center\"><strong>Fino al 3 Settembre<\/strong><\/p>\n\n\n\n<p class=\"has-text-align-center\"><strong>SCUDERIE DEL QUIRINALE<\/strong><\/p>\n\n\n\n<p class=\"has-text-align-center\">Via Ventiquattro Maggio, 16<\/p>\n\n\n\n<p class=\"has-text-align-center\"><strong>Orari:<\/strong> Tutti i giorni dalle 10.00 alle 20.00<\/p>\n\n\n\n<p class=\"has-text-align-center\"><strong>Biglietti:<\/strong> Intero \u20ac 12,00 &#8211; Ridotto \u20ac 10,00<\/p>\n\n\n\n<p class=\"has-text-align-center\"><a href=\"https:\/\/www.scuderiequirinale.it\/\" target=\"_blank\" rel=\"noreferrer noopener\">scuderiequirinale.it<\/a><\/p>\n","protected":false},"excerpt":{"rendered":"<p>Visita la mostra fotografica L&#8217;Italia \u00e8 un desiderio. Fotografie, Paesaggi e Visioni (1842-2022), in mostra fino al 3 settembre alle Scuderie del Quirinale.<\/p>\n","protected":false},"author":1576,"featured_media":45271,"comment_status":"open","ping_status":"open","sticky":false,"template":"","format":"standard","meta":{"_uag_custom_page_level_css":"","footnotes":""},"categories":[580,592],"tags":[],"class_list":["post-104515","post","type-post","status-publish","format-standard","has-post-thumbnail","hentry","category-eventi-a-roma","category-mostre-a-roma"],"featured_image_src":"https:\/\/www.romeing.it\/wp-content\/uploads\/2025\/12\/2.jpg","author_info":{"display_name":"Valentina Martinoli","author_link":"https:\/\/www.romeing.it\/it\/author\/katiba\/"},"yoast_head":"<!-- This site is optimized with the Yoast SEO Premium plugin v26.9 (Yoast SEO v27.4) - https:\/\/yoast.com\/product\/yoast-seo-premium-wordpress\/ -->\n<title>L\u2019Italia \u00e8 un desiderio. In mostra alle Scuderie del Quirinale<\/title>\n<meta name=\"description\" content=\"Visita fino al 3 settembre alle Scuderie del Quirinale la mostra fotografica &quot;L&#039;Italia \u00e8 un desiderio. Fotografie, Paesaggi e Visioni&quot;\" \/>\n<meta name=\"robots\" content=\"index, follow, max-snippet:-1, max-image-preview:large, max-video-preview:-1\" \/>\n<link rel=\"canonical\" href=\"https:\/\/www.romeing.it\/it\/litalia-e-un-desiderio-fotografie-paesaggi-e-visioni\/\" \/>\n<meta property=\"og:locale\" content=\"it_IT\" \/>\n<meta property=\"og:type\" content=\"article\" \/>\n<meta property=\"og:title\" content=\"L\u2019Italia \u00e8 un desiderio. Fotografie, Paesaggi e Visioni (1842-2022)\" \/>\n<meta property=\"og:description\" content=\"Visita fino al 3 settembre alle Scuderie del Quirinale la mostra fotografica &quot;L&#039;Italia \u00e8 un desiderio. Fotografie, Paesaggi e Visioni&quot;\" \/>\n<meta property=\"og:url\" content=\"https:\/\/www.romeing.it\/it\/litalia-e-un-desiderio-fotografie-paesaggi-e-visioni\/\" \/>\n<meta property=\"og:site_name\" content=\"Romeing | Rome&#039;s english magazine, events and exhibitions in Rome\" \/>\n<meta property=\"article:publisher\" content=\"https:\/\/www.facebook.com\/Romeing.it\" \/>\n<meta property=\"article:published_time\" content=\"2023-06-15T14:41:38+00:00\" \/>\n<meta property=\"article:modified_time\" content=\"2025-12-03T17:34:53+00:00\" \/>\n<meta property=\"og:image\" content=\"https:\/\/www.romeing.it\/wp-content\/uploads\/2025\/12\/2.jpg\" \/>\n\t<meta property=\"og:image:width\" content=\"125\" \/>\n\t<meta property=\"og:image:height\" content=\"104\" \/>\n\t<meta property=\"og:image:type\" content=\"image\/jpeg\" \/>\n<meta name=\"author\" content=\"Valentina Martinoli\" \/>\n<meta name=\"twitter:card\" content=\"summary_large_image\" \/>\n<meta name=\"twitter:creator\" content=\"@romeing\" \/>\n<meta name=\"twitter:site\" content=\"@romeing\" \/>\n<meta name=\"twitter:label1\" content=\"Scritto da\" \/>\n\t<meta name=\"twitter:data1\" content=\"Valentina Martinoli\" \/>\n\t<meta name=\"twitter:label2\" content=\"Tempo di lettura stimato\" \/>\n\t<meta name=\"twitter:data2\" content=\"3 minuti\" \/>\n<script type=\"application\/ld+json\" class=\"yoast-schema-graph\">{\"@context\":\"https:\\\/\\\/schema.org\",\"@graph\":[{\"@type\":\"NewsArticle\",\"@id\":\"https:\\\/\\\/www.romeing.it\\\/it\\\/litalia-e-un-desiderio-fotografie-paesaggi-e-visioni\\\/#article\",\"isPartOf\":{\"@id\":\"https:\\\/\\\/www.romeing.it\\\/it\\\/litalia-e-un-desiderio-fotografie-paesaggi-e-visioni\\\/\"},\"author\":{\"name\":\"Valentina Martinoli\",\"@id\":\"https:\\\/\\\/www.romeing.it\\\/it\\\/#\\\/schema\\\/person\\\/54e8bd3637f34425a9c6f5736631215a\"},\"headline\":\"L\u2019Italia \u00e8 un desiderio. Fotografie, Paesaggi e Visioni (1842-2022)\",\"datePublished\":\"2023-06-15T14:41:38+00:00\",\"dateModified\":\"2025-12-03T17:34:53+00:00\",\"mainEntityOfPage\":{\"@id\":\"https:\\\/\\\/www.romeing.it\\\/it\\\/litalia-e-un-desiderio-fotografie-paesaggi-e-visioni\\\/\"},\"wordCount\":589,\"commentCount\":0,\"publisher\":{\"@id\":\"https:\\\/\\\/www.romeing.it\\\/it\\\/#organization\"},\"image\":{\"@id\":\"https:\\\/\\\/www.romeing.it\\\/it\\\/litalia-e-un-desiderio-fotografie-paesaggi-e-visioni\\\/#primaryimage\"},\"thumbnailUrl\":\"https:\\\/\\\/www.romeing.it\\\/wp-content\\\/uploads\\\/2025\\\/12\\\/2.jpg\",\"articleSection\":[\"Eventi a Roma\",\"Mostre\"],\"inLanguage\":\"it-IT\",\"potentialAction\":[{\"@type\":\"CommentAction\",\"name\":\"Comment\",\"target\":[\"https:\\\/\\\/www.romeing.it\\\/it\\\/litalia-e-un-desiderio-fotografie-paesaggi-e-visioni\\\/#respond\"]}],\"copyrightYear\":\"2023\",\"copyrightHolder\":{\"@id\":\"https:\\\/\\\/www.romeing.it\\\/#organization\"}},{\"@type\":\"WebPage\",\"@id\":\"https:\\\/\\\/www.romeing.it\\\/it\\\/litalia-e-un-desiderio-fotografie-paesaggi-e-visioni\\\/\",\"url\":\"https:\\\/\\\/www.romeing.it\\\/it\\\/litalia-e-un-desiderio-fotografie-paesaggi-e-visioni\\\/\",\"name\":\"L\u2019Italia \u00e8 un desiderio. In mostra alle Scuderie del Quirinale\",\"isPartOf\":{\"@id\":\"https:\\\/\\\/www.romeing.it\\\/it\\\/#website\"},\"primaryImageOfPage\":{\"@id\":\"https:\\\/\\\/www.romeing.it\\\/it\\\/litalia-e-un-desiderio-fotografie-paesaggi-e-visioni\\\/#primaryimage\"},\"image\":{\"@id\":\"https:\\\/\\\/www.romeing.it\\\/it\\\/litalia-e-un-desiderio-fotografie-paesaggi-e-visioni\\\/#primaryimage\"},\"thumbnailUrl\":\"https:\\\/\\\/www.romeing.it\\\/wp-content\\\/uploads\\\/2025\\\/12\\\/2.jpg\",\"datePublished\":\"2023-06-15T14:41:38+00:00\",\"dateModified\":\"2025-12-03T17:34:53+00:00\",\"description\":\"Visita fino al 3 settembre alle Scuderie del Quirinale la mostra fotografica \\\"L'Italia \u00e8 un desiderio. Fotografie, Paesaggi e Visioni\\\"\",\"inLanguage\":\"it-IT\",\"potentialAction\":[{\"@type\":\"ReadAction\",\"target\":[\"https:\\\/\\\/www.romeing.it\\\/it\\\/litalia-e-un-desiderio-fotografie-paesaggi-e-visioni\\\/\"]}]},{\"@type\":\"ImageObject\",\"inLanguage\":\"it-IT\",\"@id\":\"https:\\\/\\\/www.romeing.it\\\/it\\\/litalia-e-un-desiderio-fotografie-paesaggi-e-visioni\\\/#primaryimage\",\"url\":\"https:\\\/\\\/www.romeing.it\\\/wp-content\\\/uploads\\\/2025\\\/12\\\/2.jpg\",\"contentUrl\":\"https:\\\/\\\/www.romeing.it\\\/wp-content\\\/uploads\\\/2025\\\/12\\\/2.jpg\",\"width\":125,\"height\":104,\"caption\":\"Fratelli Alinari\"},{\"@type\":\"WebSite\",\"@id\":\"https:\\\/\\\/www.romeing.it\\\/it\\\/#website\",\"url\":\"https:\\\/\\\/www.romeing.it\\\/it\\\/\",\"name\":\"Romeing: Rome's english magazine, events and exhibitions in Rome\",\"description\":\"Romeing is the english magazine for tourists and expats visiting or living in Rome. A guide to the best things to do and see in Rome &amp; Florence, attractions and restaurants with a listing of events and exhibitions.\",\"publisher\":{\"@id\":\"https:\\\/\\\/www.romeing.it\\\/it\\\/#organization\"},\"potentialAction\":[{\"@type\":\"SearchAction\",\"target\":{\"@type\":\"EntryPoint\",\"urlTemplate\":\"https:\\\/\\\/www.romeing.it\\\/it\\\/?s={search_term_string}\"},\"query-input\":{\"@type\":\"PropertyValueSpecification\",\"valueRequired\":true,\"valueName\":\"search_term_string\"}}],\"inLanguage\":\"it-IT\"},{\"@type\":\"Organization\",\"@id\":\"https:\\\/\\\/www.romeing.it\\\/it\\\/#organization\",\"name\":\"Romeing srl\",\"url\":\"https:\\\/\\\/www.romeing.it\\\/it\\\/\",\"logo\":{\"@type\":\"ImageObject\",\"inLanguage\":\"it-IT\",\"@id\":\"https:\\\/\\\/www.romeing.it\\\/it\\\/#\\\/schema\\\/logo\\\/image\\\/\",\"url\":\"https:\\\/\\\/www.romeing.it\\\/wp-content\\\/uploads\\\/2025\\\/12\\\/logo-quadrato-romeing.jpg\",\"contentUrl\":\"https:\\\/\\\/www.romeing.it\\\/wp-content\\\/uploads\\\/2025\\\/12\\\/logo-quadrato-romeing.jpg\",\"width\":696,\"height\":696,\"caption\":\"Romeing srl\"},\"image\":{\"@id\":\"https:\\\/\\\/www.romeing.it\\\/it\\\/#\\\/schema\\\/logo\\\/image\\\/\"},\"sameAs\":[\"https:\\\/\\\/www.facebook.com\\\/Romeing.it\",\"https:\\\/\\\/x.com\\\/romeing\",\"https:\\\/\\\/www.instagram.com\\\/romeing_magazine\\\/\",\"https:\\\/\\\/www.linkedin.com\\\/company\\\/romeing-srl\\\/\",\"https:\\\/\\\/www.pinterest.it\\\/romeing\\\/pins\\\/\",\"https:\\\/\\\/www.youtube.com\\\/@RomeingIt\"],\"email\":\"info@romeing.it\",\"legalName\":\"Romeing Srl\",\"foundingDate\":\"2010-12-01\",\"vatID\":\"11115241009\"},{\"@type\":\"Person\",\"@id\":\"https:\\\/\\\/www.romeing.it\\\/it\\\/#\\\/schema\\\/person\\\/54e8bd3637f34425a9c6f5736631215a\",\"name\":\"Valentina Martinoli\",\"image\":{\"@type\":\"ImageObject\",\"inLanguage\":\"it-IT\",\"@id\":\"https:\\\/\\\/secure.gravatar.com\\\/avatar\\\/acb5e89aeba74afae8d7b6d28692cc0d6908d8267f8c94fa4a18470daa55cfbd?s=96&d=mm&r=g\",\"url\":\"https:\\\/\\\/secure.gravatar.com\\\/avatar\\\/acb5e89aeba74afae8d7b6d28692cc0d6908d8267f8c94fa4a18470daa55cfbd?s=96&d=mm&r=g\",\"contentUrl\":\"https:\\\/\\\/secure.gravatar.com\\\/avatar\\\/acb5e89aeba74afae8d7b6d28692cc0d6908d8267f8c94fa4a18470daa55cfbd?s=96&d=mm&r=g\",\"caption\":\"Valentina Martinoli\"},\"description\":\"Valentina Martinoli is an italian art historian, journalist and content writer, based in Rome, specialised in cultural communication and exhibitions organisation. She fully agrees with Dostoevskij famous quote \\\"Beauty will save the world\\\".\",\"url\":\"https:\\\/\\\/www.romeing.it\\\/it\\\/author\\\/katiba\\\/\"}]}<\/script>\n<!-- \/ Yoast SEO Premium plugin. -->","yoast_head_json":{"title":"L\u2019Italia \u00e8 un desiderio. In mostra alle Scuderie del Quirinale","description":"Visita fino al 3 settembre alle Scuderie del Quirinale la mostra fotografica \"L'Italia \u00e8 un desiderio. Fotografie, Paesaggi e Visioni\"","robots":{"index":"index","follow":"follow","max-snippet":"max-snippet:-1","max-image-preview":"max-image-preview:large","max-video-preview":"max-video-preview:-1"},"canonical":"https:\/\/www.romeing.it\/it\/litalia-e-un-desiderio-fotografie-paesaggi-e-visioni\/","og_locale":"it_IT","og_type":"article","og_title":"L\u2019Italia \u00e8 un desiderio. Fotografie, Paesaggi e Visioni (1842-2022)","og_description":"Visita fino al 3 settembre alle Scuderie del Quirinale la mostra fotografica \"L'Italia \u00e8 un desiderio. Fotografie, Paesaggi e Visioni\"","og_url":"https:\/\/www.romeing.it\/it\/litalia-e-un-desiderio-fotografie-paesaggi-e-visioni\/","og_site_name":"Romeing | Rome&#039;s english magazine, events and exhibitions in Rome","article_publisher":"https:\/\/www.facebook.com\/Romeing.it","article_published_time":"2023-06-15T14:41:38+00:00","article_modified_time":"2025-12-03T17:34:53+00:00","og_image":[{"width":125,"height":104,"url":"https:\/\/www.romeing.it\/wp-content\/uploads\/2025\/12\/2.jpg","type":"image\/jpeg"}],"author":"Valentina Martinoli","twitter_card":"summary_large_image","twitter_creator":"@romeing","twitter_site":"@romeing","twitter_misc":{"Scritto da":"Valentina Martinoli","Tempo di lettura stimato":"3 minuti"},"schema":{"@context":"https:\/\/schema.org","@graph":[{"@type":"NewsArticle","@id":"https:\/\/www.romeing.it\/it\/litalia-e-un-desiderio-fotografie-paesaggi-e-visioni\/#article","isPartOf":{"@id":"https:\/\/www.romeing.it\/it\/litalia-e-un-desiderio-fotografie-paesaggi-e-visioni\/"},"author":{"name":"Valentina Martinoli","@id":"https:\/\/www.romeing.it\/it\/#\/schema\/person\/54e8bd3637f34425a9c6f5736631215a"},"headline":"L\u2019Italia \u00e8 un desiderio. Fotografie, Paesaggi e Visioni (1842-2022)","datePublished":"2023-06-15T14:41:38+00:00","dateModified":"2025-12-03T17:34:53+00:00","mainEntityOfPage":{"@id":"https:\/\/www.romeing.it\/it\/litalia-e-un-desiderio-fotografie-paesaggi-e-visioni\/"},"wordCount":589,"commentCount":0,"publisher":{"@id":"https:\/\/www.romeing.it\/it\/#organization"},"image":{"@id":"https:\/\/www.romeing.it\/it\/litalia-e-un-desiderio-fotografie-paesaggi-e-visioni\/#primaryimage"},"thumbnailUrl":"https:\/\/www.romeing.it\/wp-content\/uploads\/2025\/12\/2.jpg","articleSection":["Eventi a Roma","Mostre"],"inLanguage":"it-IT","potentialAction":[{"@type":"CommentAction","name":"Comment","target":["https:\/\/www.romeing.it\/it\/litalia-e-un-desiderio-fotografie-paesaggi-e-visioni\/#respond"]}],"copyrightYear":"2023","copyrightHolder":{"@id":"https:\/\/www.romeing.it\/#organization"}},{"@type":"WebPage","@id":"https:\/\/www.romeing.it\/it\/litalia-e-un-desiderio-fotografie-paesaggi-e-visioni\/","url":"https:\/\/www.romeing.it\/it\/litalia-e-un-desiderio-fotografie-paesaggi-e-visioni\/","name":"L\u2019Italia \u00e8 un desiderio. In mostra alle Scuderie del Quirinale","isPartOf":{"@id":"https:\/\/www.romeing.it\/it\/#website"},"primaryImageOfPage":{"@id":"https:\/\/www.romeing.it\/it\/litalia-e-un-desiderio-fotografie-paesaggi-e-visioni\/#primaryimage"},"image":{"@id":"https:\/\/www.romeing.it\/it\/litalia-e-un-desiderio-fotografie-paesaggi-e-visioni\/#primaryimage"},"thumbnailUrl":"https:\/\/www.romeing.it\/wp-content\/uploads\/2025\/12\/2.jpg","datePublished":"2023-06-15T14:41:38+00:00","dateModified":"2025-12-03T17:34:53+00:00","description":"Visita fino al 3 settembre alle Scuderie del Quirinale la mostra fotografica \"L'Italia \u00e8 un desiderio. Fotografie, Paesaggi e Visioni\"","inLanguage":"it-IT","potentialAction":[{"@type":"ReadAction","target":["https:\/\/www.romeing.it\/it\/litalia-e-un-desiderio-fotografie-paesaggi-e-visioni\/"]}]},{"@type":"ImageObject","inLanguage":"it-IT","@id":"https:\/\/www.romeing.it\/it\/litalia-e-un-desiderio-fotografie-paesaggi-e-visioni\/#primaryimage","url":"https:\/\/www.romeing.it\/wp-content\/uploads\/2025\/12\/2.jpg","contentUrl":"https:\/\/www.romeing.it\/wp-content\/uploads\/2025\/12\/2.jpg","width":125,"height":104,"caption":"Fratelli Alinari"},{"@type":"WebSite","@id":"https:\/\/www.romeing.it\/it\/#website","url":"https:\/\/www.romeing.it\/it\/","name":"Romeing: Rome's english magazine, events and exhibitions in Rome","description":"Romeing is the english magazine for tourists and expats visiting or living in Rome. A guide to the best things to do and see in Rome &amp; Florence, attractions and restaurants with a listing of events and exhibitions.","publisher":{"@id":"https:\/\/www.romeing.it\/it\/#organization"},"potentialAction":[{"@type":"SearchAction","target":{"@type":"EntryPoint","urlTemplate":"https:\/\/www.romeing.it\/it\/?s={search_term_string}"},"query-input":{"@type":"PropertyValueSpecification","valueRequired":true,"valueName":"search_term_string"}}],"inLanguage":"it-IT"},{"@type":"Organization","@id":"https:\/\/www.romeing.it\/it\/#organization","name":"Romeing srl","url":"https:\/\/www.romeing.it\/it\/","logo":{"@type":"ImageObject","inLanguage":"it-IT","@id":"https:\/\/www.romeing.it\/it\/#\/schema\/logo\/image\/","url":"https:\/\/www.romeing.it\/wp-content\/uploads\/2025\/12\/logo-quadrato-romeing.jpg","contentUrl":"https:\/\/www.romeing.it\/wp-content\/uploads\/2025\/12\/logo-quadrato-romeing.jpg","width":696,"height":696,"caption":"Romeing srl"},"image":{"@id":"https:\/\/www.romeing.it\/it\/#\/schema\/logo\/image\/"},"sameAs":["https:\/\/www.facebook.com\/Romeing.it","https:\/\/x.com\/romeing","https:\/\/www.instagram.com\/romeing_magazine\/","https:\/\/www.linkedin.com\/company\/romeing-srl\/","https:\/\/www.pinterest.it\/romeing\/pins\/","https:\/\/www.youtube.com\/@RomeingIt"],"email":"info@romeing.it","legalName":"Romeing Srl","foundingDate":"2010-12-01","vatID":"11115241009"},{"@type":"Person","@id":"https:\/\/www.romeing.it\/it\/#\/schema\/person\/54e8bd3637f34425a9c6f5736631215a","name":"Valentina Martinoli","image":{"@type":"ImageObject","inLanguage":"it-IT","@id":"https:\/\/secure.gravatar.com\/avatar\/acb5e89aeba74afae8d7b6d28692cc0d6908d8267f8c94fa4a18470daa55cfbd?s=96&d=mm&r=g","url":"https:\/\/secure.gravatar.com\/avatar\/acb5e89aeba74afae8d7b6d28692cc0d6908d8267f8c94fa4a18470daa55cfbd?s=96&d=mm&r=g","contentUrl":"https:\/\/secure.gravatar.com\/avatar\/acb5e89aeba74afae8d7b6d28692cc0d6908d8267f8c94fa4a18470daa55cfbd?s=96&d=mm&r=g","caption":"Valentina Martinoli"},"description":"Valentina Martinoli is an italian art historian, journalist and content writer, based in Rome, specialised in cultural communication and exhibitions organisation. She fully agrees with Dostoevskij famous quote \"Beauty will save the world\".","url":"https:\/\/www.romeing.it\/it\/author\/katiba\/"}]}},"uagb_featured_image_src":{"full":["https:\/\/www.romeing.it\/wp-content\/uploads\/2025\/12\/2.jpg",125,104,false],"thumbnail":["https:\/\/www.romeing.it\/wp-content\/uploads\/2025\/12\/2.jpg",125,104,false],"medium":["https:\/\/www.romeing.it\/wp-content\/uploads\/2025\/12\/2.jpg",125,104,false],"medium_large":["https:\/\/www.romeing.it\/wp-content\/uploads\/2025\/12\/2.jpg",125,104,false],"large":["https:\/\/www.romeing.it\/wp-content\/uploads\/2025\/12\/2.jpg",125,104,false],"1536x1536":["https:\/\/www.romeing.it\/wp-content\/uploads\/2025\/12\/2.jpg",125,104,false],"2048x2048":["https:\/\/www.romeing.it\/wp-content\/uploads\/2025\/12\/2.jpg",125,104,false]},"uagb_author_info":{"display_name":"Valentina Martinoli","author_link":"https:\/\/www.romeing.it\/it\/author\/katiba\/"},"uagb_comment_info":0,"uagb_excerpt":"Visita la mostra fotografica L'Italia \u00e8 un desiderio. Fotografie, Paesaggi e Visioni (1842-2022), in mostra fino al 3 settembre alle Scuderie del Quirinale.","_links":{"self":[{"href":"https:\/\/www.romeing.it\/it\/wp-json\/wp\/v2\/posts\/104515","targetHints":{"allow":["GET"]}}],"collection":[{"href":"https:\/\/www.romeing.it\/it\/wp-json\/wp\/v2\/posts"}],"about":[{"href":"https:\/\/www.romeing.it\/it\/wp-json\/wp\/v2\/types\/post"}],"author":[{"embeddable":true,"href":"https:\/\/www.romeing.it\/it\/wp-json\/wp\/v2\/users\/1576"}],"replies":[{"embeddable":true,"href":"https:\/\/www.romeing.it\/it\/wp-json\/wp\/v2\/comments?post=104515"}],"version-history":[{"count":2,"href":"https:\/\/www.romeing.it\/it\/wp-json\/wp\/v2\/posts\/104515\/revisions"}],"predecessor-version":[{"id":105608,"href":"https:\/\/www.romeing.it\/it\/wp-json\/wp\/v2\/posts\/104515\/revisions\/105608"}],"wp:featuredmedia":[{"embeddable":true,"href":"https:\/\/www.romeing.it\/it\/wp-json\/wp\/v2\/media\/45271"}],"wp:attachment":[{"href":"https:\/\/www.romeing.it\/it\/wp-json\/wp\/v2\/media?parent=104515"}],"wp:term":[{"taxonomy":"category","embeddable":true,"href":"https:\/\/www.romeing.it\/it\/wp-json\/wp\/v2\/categories?post=104515"},{"taxonomy":"post_tag","embeddable":true,"href":"https:\/\/www.romeing.it\/it\/wp-json\/wp\/v2\/tags?post=104515"}],"curies":[{"name":"wp","href":"https:\/\/api.w.org\/{rel}","templated":true}]}}