{"id":105044,"date":"2024-10-07T08:47:46","date_gmt":"2024-10-07T08:47:46","guid":{"rendered":"https:\/\/www.romeing.it\/tevere-day-2024-il-tevere-entra-nei-beni-tutelati-dall-unesco\/"},"modified":"2025-12-03T08:55:25","modified_gmt":"2025-12-03T08:55:25","slug":"tevere-day-2024-il-tevere-entra-nei-beni-tutelati-dall-unesco","status":"publish","type":"post","link":"https:\/\/www.romeing.it\/it\/tevere-day-2024-il-tevere-entra-nei-beni-tutelati-dall-unesco\/","title":{"rendered":"Tevere Day 2024: il Tevere entra nei beni tutelati dall&#8217;Unesco"},"content":{"rendered":"\n<h2 class=\"wp-block-heading\" id=\"h-torna-la-piu-grande-manifestazione-dedicata-al-rilancio-e-alla-salvaguardia-del-fiume-simbolo-di-roma\">Torna la pi\u00f9 grande manifestazione dedicata al rilancio e alla salvaguardia del fiume simbolo di Roma<\/h2>\n\n\n\n<p><strong>Tevere Day<\/strong>, la pi\u00f9 grande manifestazione dedicata al rilancio e alla salvaguardia del fiume di Roma torna per la sesta edizione, <strong>dal 7 al 13 ottobre 2024<\/strong>. Quale migliore occasione per comunicare l\u2019<strong>entrata a far parte del tratto del fiume Tevere che attraversa il centro storico della Capitale tra i Beni tutelati dall\u2019Unesco<\/strong>? Questa importante notizia sar\u00e0 approfondita nel corso del convegno <strong><em>Tevere patrimonio del mondo<\/em><\/strong>, in programma, nell\u2019ambito della manifestazione, marted\u00ec 8 ottobre alle ore 17 all\u2019Ara Pacis. Un risultato importante, raggiunto anche grazie all\u2019impegno e al lavoro portato avanti negli anni all\u2019Associazione Tevere Day.<\/p>\n\n\n\n<p>Tantissime le iniziative rivolte ad adulti e bambini: <strong>140 gli eventi<\/strong> che si snoderanno lungo 84 chilometri di sponde del Tevere, ne punti chiave collocati all\u2019altezza del <strong>Lungotevere degli Anguillara, del Ponte<\/strong> <strong>della Musica, e di Scalo de Pinedo.<\/strong> Oltre il centro citt\u00e0 sar\u00e0 protagonista anche il territorio attraversato dal fiume a Nord e a Sud della citt\u00e0, con il <strong>Parco Nazzano Tevere Farfa, Ostia Antica e Fiumicino con i Porti Imperiali<\/strong>. Ruolo di spicco nel corso della manifestazione, che entrer\u00e0 nel vivo del suo programma dall\u201911 al 13 ottobre, saranno inoltre i parchi ambientali all\u2019interno dei quali si svolgeranno molteplici attivit\u00e0: da <strong>parco Marconi a parco Magliana<\/strong> e, di nuovo, il Parco Nazzano Tevere Farfa, e dei Porti Imperiali, dove i cittadini avranno modo di vivere una giornata all\u2019aria aperta in onore del Tevere.<\/p>\n\n\n\n<p>Tra gli eventi pi\u00f9 attesi in programma le <strong><em>Lezioni di Ambiente<\/em><\/strong>, iniziative rivolte alle scuole di diverso grado per la sensibilizzazione sui temi della sostenibilit\u00e0 che si terranno <strong>dall\u201911 al 13 ottobre<\/strong>; e ancora la straordinaria apertura al pubblico, curata dal Municipio 1, del murale di <strong>Orfeo Tamburi<\/strong> intitolato <strong><em>Carnevale Romano<\/em><\/strong> al <strong>Palazzo dell\u2019Anagrafe<\/strong>, a dimostrazione di quanto l\u2019impegno culturale dell\u2019associazione Tevere Day si spinga anche oltre il corso del fiume. A questo si aggiunge un\u2019altra apertura straordinaria, quella dei siti archeologici inseriti nel complesso dell\u2019<strong>Ospedale Fatebenefratelli dell\u2019Isola Tiberina-Gemelli<\/strong>, tra cui il mai aperto al pubblico <strong>Tempio di Giove Giovario<\/strong> assieme ai <strong>Sacconi Rossi<\/strong>, al <strong>Refettorio<\/strong>, alla <strong>Chiesa di S. Govanni Calibita<\/strong>, alla <strong>Sala Capitolare<\/strong>.<\/p>\n\n\n\n<figure class=\"wp-block-image aligncenter size-full\"><img decoding=\"async\" src=\"https:\/\/www.romeing.it\/wp-content\/uploads\/2025\/12\/locandina-generale-Tevere-Day-2024.png\" alt=\"\" class=\"wp-image-165956\"\/><\/figure>\n\n\n\n<p>Un grande atteso ritorno nell\u2019ambito del Tevere Day sar\u00e0 il <strong>Festival Musicale dei Municipi<\/strong>, kermesse che offrir\u00e0 al pubblico il tessuto musicale del territorio attraverso una serie di concerti di musica popolare nel pi\u00f9 grande raduno di orchestre di quartiere, bande, complessi e cori provenienti da undici diversi Municipi di Roma Capitale.<\/p>\n\n\n\n<p>Se gli<strong> eventi lungo le sponde avranno ufficialmente inizio venerd\u00ec 11 ottobre<\/strong>, le celebrazioni inizieranno ben prima, grazie agli incontri <em><strong>Parliamo di Tever<\/strong><\/em><strong><em>e<\/em><\/strong>, che a partire dal 7 ottobre daranno appuntamento all\u2019interno dei luoghi della cultura della citt\u00e0, tra librerie, biblioteche e musei, in cui saranno invitati scrittori, esperti e personaggi che parleranno del Tevere, raccontando storie, aneddoti, progetti e nuove iniziative legate al suo recupero e alla sua valorizzazione.<\/p>\n\n\n\n<figure class=\"wp-block-image aligncenter size-large\"><img decoding=\"async\" src=\"https:\/\/www.romeing.it\/wp-content\/uploads\/2025\/12\/Tevere_Day_2023_ph_Giorgio_Maiozzi_Uthopia-7049-1024x683.jpg\" alt=\"\" class=\"wp-image-165959\"\/><\/figure>\n\n\n\n<p>Insieme all\u2019Associazione Tevere Day ci saranno pi\u00f9 di <strong>200 associazione territorial<\/strong>i, <strong>enti e federazioni sportive<\/strong>, che svolgeranno in acqua e sulle sue sponde loro eventi per attirare la gente sul fiume e farlo vivere. Tra le molte attivit\u00e0 promosse dalla manifestazione, oltre ai flash mob saranno organizzate visite alle <strong>mostre, passeggiate in bici, aperitivi in barca sotto i ponti del fiume e tantissimo sport all\u2019aria aperta: dalla canoa al canottaggio, dalle passeggiate attive, al calcetto per i pi\u00f9 giovani, le lezioni di pesca, scherma, ma anche di skate e roller<\/strong>.<\/p>\n\n\n\n<p>Non mancher\u00e0 infine l\u2019aspetto di intrattenimento e approfondimento culturale, con le passeggiate guidate da esperti d\u2019arte e storia, spettacoli dal vivo, food corner e molto altro ancora, il tutto beneficiando di uno sfondo unico di bellezza naturalistica incastonata e incorniciata dalla citt\u00e0, come quello offerto dal Tevere e dalle sue sponde.<\/p>\n\n\n\n<p class=\"has-text-align-center\"><strong><a href=\"https:\/\/www.romeing.it\/wp-content\/uploads\/2024\/10\/Programma-TD-2024-al-1-ottobre-2024.pdf\">SCARICA IL PROGRAMMA DELLA MANIFESTAZIONE<\/a><\/strong><\/p>\n\n\n\n<hr class=\"wp-block-separator has-alpha-channel-opacity\"\/>\n\n\n\n<p class=\"has-text-align-center\"><strong>Dal 7 al 13 Ottobre 2024 (VI edizione)<\/strong><\/p>\n\n\n\n<p class=\"has-text-align-center\"><a href=\"https:\/\/www.tevereday.org\/\" target=\"_blank\" rel=\"noreferrer noopener\">tevereday.org<\/a><\/p>\n","protected":false},"excerpt":{"rendered":"<p>TEVERE DAY 2024: orna la pi\u00f9 grande manifestazione dedicata al rilancio e alla salvaguardia del fiume simbolo di Roma.<\/p>\n","protected":false},"author":1576,"featured_media":70531,"comment_status":"open","ping_status":"open","sticky":false,"template":"","format":"standard","meta":{"_uag_custom_page_level_css":"","footnotes":""},"categories":[590,580,591],"tags":[],"class_list":["post-105044","post","type-post","status-publish","format-standard","has-post-thumbnail","hentry","category-articoli","category-eventi-a-roma","category-news"],"featured_image_src":"https:\/\/www.romeing.it\/wp-content\/uploads\/2025\/12\/nd1xf6EA.jpeg","author_info":{"display_name":"Valentina Martinoli","author_link":"https:\/\/www.romeing.it\/it\/author\/katiba\/"},"yoast_head":"<!-- This site is optimized with the Yoast SEO Premium plugin v26.9 (Yoast SEO v27.5) - https:\/\/yoast.com\/product\/yoast-seo-premium-wordpress\/ -->\n<title>Tevere Day 2024: il Tevere entra nei beni tutelati dall&#039;Unesco<\/title>\n<meta name=\"description\" content=\"TEVERE DAY 2024: torna la pi\u00f9 grande manifestazione dedicata al rilancio e alla salvaguardia del fiume simbolo di Roma.\" \/>\n<meta name=\"robots\" content=\"index, follow, max-snippet:-1, max-image-preview:large, max-video-preview:-1\" \/>\n<link rel=\"canonical\" href=\"https:\/\/www.romeing.it\/it\/tevere-day-2024-il-tevere-entra-nei-beni-tutelati-dall-unesco\/\" \/>\n<meta property=\"og:locale\" content=\"it_IT\" \/>\n<meta property=\"og:type\" content=\"article\" \/>\n<meta property=\"og:title\" content=\"Tevere Day 2024: il Tevere entra nei beni tutelati dall&#039;Unesco\" \/>\n<meta property=\"og:description\" content=\"TEVERE DAY 2024: torna la pi\u00f9 grande manifestazione dedicata al rilancio e alla salvaguardia del fiume simbolo di Roma.\" \/>\n<meta property=\"og:url\" content=\"https:\/\/www.romeing.it\/it\/tevere-day-2024-il-tevere-entra-nei-beni-tutelati-dall-unesco\/\" \/>\n<meta property=\"og:site_name\" content=\"Romeing | Rome&#039;s english magazine, events and exhibitions in Rome\" \/>\n<meta property=\"article:publisher\" content=\"https:\/\/www.facebook.com\/Romeing.it\" \/>\n<meta property=\"article:published_time\" content=\"2024-10-07T08:47:46+00:00\" \/>\n<meta property=\"article:modified_time\" content=\"2025-12-03T08:55:25+00:00\" \/>\n<meta property=\"og:image\" content=\"https:\/\/www.romeing.it\/wp-content\/uploads\/2025\/12\/nd1xf6EA.jpeg\" \/>\n\t<meta property=\"og:image:width\" content=\"1200\" \/>\n\t<meta property=\"og:image:height\" content=\"799\" \/>\n\t<meta property=\"og:image:type\" content=\"image\/jpeg\" \/>\n<meta name=\"author\" content=\"Valentina Martinoli\" \/>\n<meta name=\"twitter:card\" content=\"summary_large_image\" \/>\n<meta name=\"twitter:creator\" content=\"@romeing\" \/>\n<meta name=\"twitter:site\" content=\"@romeing\" \/>\n<meta name=\"twitter:label1\" content=\"Scritto da\" \/>\n\t<meta name=\"twitter:data1\" content=\"Valentina Martinoli\" \/>\n\t<meta name=\"twitter:label2\" content=\"Tempo di lettura stimato\" \/>\n\t<meta name=\"twitter:data2\" content=\"3 minuti\" \/>\n<script type=\"application\/ld+json\" class=\"yoast-schema-graph\">{\"@context\":\"https:\\\/\\\/schema.org\",\"@graph\":[{\"@type\":\"NewsArticle\",\"@id\":\"https:\\\/\\\/www.romeing.it\\\/it\\\/tevere-day-2024-il-tevere-entra-nei-beni-tutelati-dall-unesco\\\/#article\",\"isPartOf\":{\"@id\":\"https:\\\/\\\/www.romeing.it\\\/it\\\/tevere-day-2024-il-tevere-entra-nei-beni-tutelati-dall-unesco\\\/\"},\"author\":{\"name\":\"Valentina Martinoli\",\"@id\":\"https:\\\/\\\/www.romeing.it\\\/it\\\/#\\\/schema\\\/person\\\/54e8bd3637f34425a9c6f5736631215a\"},\"headline\":\"Tevere Day 2024: il Tevere entra nei beni tutelati dall&#8217;Unesco\",\"datePublished\":\"2024-10-07T08:47:46+00:00\",\"dateModified\":\"2025-12-03T08:55:25+00:00\",\"mainEntityOfPage\":{\"@id\":\"https:\\\/\\\/www.romeing.it\\\/it\\\/tevere-day-2024-il-tevere-entra-nei-beni-tutelati-dall-unesco\\\/\"},\"wordCount\":656,\"commentCount\":0,\"publisher\":{\"@id\":\"https:\\\/\\\/www.romeing.it\\\/it\\\/#organization\"},\"image\":{\"@id\":\"https:\\\/\\\/www.romeing.it\\\/it\\\/tevere-day-2024-il-tevere-entra-nei-beni-tutelati-dall-unesco\\\/#primaryimage\"},\"thumbnailUrl\":\"https:\\\/\\\/www.romeing.it\\\/wp-content\\\/uploads\\\/2025\\\/12\\\/nd1xf6EA.jpeg\",\"articleSection\":[\"Articoli\",\"Eventi a Roma\",\"News\"],\"inLanguage\":\"it-IT\",\"potentialAction\":[{\"@type\":\"CommentAction\",\"name\":\"Comment\",\"target\":[\"https:\\\/\\\/www.romeing.it\\\/it\\\/tevere-day-2024-il-tevere-entra-nei-beni-tutelati-dall-unesco\\\/#respond\"]}],\"copyrightYear\":\"2024\",\"copyrightHolder\":{\"@id\":\"https:\\\/\\\/www.romeing.it\\\/#organization\"}},{\"@type\":\"WebPage\",\"@id\":\"https:\\\/\\\/www.romeing.it\\\/it\\\/tevere-day-2024-il-tevere-entra-nei-beni-tutelati-dall-unesco\\\/\",\"url\":\"https:\\\/\\\/www.romeing.it\\\/it\\\/tevere-day-2024-il-tevere-entra-nei-beni-tutelati-dall-unesco\\\/\",\"name\":\"Tevere Day 2024: il Tevere entra nei beni tutelati dall'Unesco\",\"isPartOf\":{\"@id\":\"https:\\\/\\\/www.romeing.it\\\/it\\\/#website\"},\"primaryImageOfPage\":{\"@id\":\"https:\\\/\\\/www.romeing.it\\\/it\\\/tevere-day-2024-il-tevere-entra-nei-beni-tutelati-dall-unesco\\\/#primaryimage\"},\"image\":{\"@id\":\"https:\\\/\\\/www.romeing.it\\\/it\\\/tevere-day-2024-il-tevere-entra-nei-beni-tutelati-dall-unesco\\\/#primaryimage\"},\"thumbnailUrl\":\"https:\\\/\\\/www.romeing.it\\\/wp-content\\\/uploads\\\/2025\\\/12\\\/nd1xf6EA.jpeg\",\"datePublished\":\"2024-10-07T08:47:46+00:00\",\"dateModified\":\"2025-12-03T08:55:25+00:00\",\"description\":\"TEVERE DAY 2024: torna la pi\u00f9 grande manifestazione dedicata al rilancio e alla salvaguardia del fiume simbolo di Roma.\",\"inLanguage\":\"it-IT\",\"potentialAction\":[{\"@type\":\"ReadAction\",\"target\":[\"https:\\\/\\\/www.romeing.it\\\/it\\\/tevere-day-2024-il-tevere-entra-nei-beni-tutelati-dall-unesco\\\/\"]}]},{\"@type\":\"ImageObject\",\"inLanguage\":\"it-IT\",\"@id\":\"https:\\\/\\\/www.romeing.it\\\/it\\\/tevere-day-2024-il-tevere-entra-nei-beni-tutelati-dall-unesco\\\/#primaryimage\",\"url\":\"https:\\\/\\\/www.romeing.it\\\/wp-content\\\/uploads\\\/2025\\\/12\\\/nd1xf6EA.jpeg\",\"contentUrl\":\"https:\\\/\\\/www.romeing.it\\\/wp-content\\\/uploads\\\/2025\\\/12\\\/nd1xf6EA.jpeg\",\"width\":1200,\"height\":799,\"caption\":\"TEVERE DAY 2024: IL FIUME DI ROMA ENTRA NEI \u00a0BENI TUTELATI DALL\u2019UNESCO\"},{\"@type\":\"WebSite\",\"@id\":\"https:\\\/\\\/www.romeing.it\\\/it\\\/#website\",\"url\":\"https:\\\/\\\/www.romeing.it\\\/it\\\/\",\"name\":\"Romeing: Rome's english magazine, events and exhibitions in Rome\",\"description\":\"Romeing is the english magazine for tourists and expats visiting or living in Rome. A guide to the best things to do and see in Rome &amp; Florence, attractions and restaurants with a listing of events and exhibitions.\",\"publisher\":{\"@id\":\"https:\\\/\\\/www.romeing.it\\\/it\\\/#organization\"},\"potentialAction\":[{\"@type\":\"SearchAction\",\"target\":{\"@type\":\"EntryPoint\",\"urlTemplate\":\"https:\\\/\\\/www.romeing.it\\\/it\\\/?s={search_term_string}\"},\"query-input\":{\"@type\":\"PropertyValueSpecification\",\"valueRequired\":true,\"valueName\":\"search_term_string\"}}],\"inLanguage\":\"it-IT\"},{\"@type\":\"Organization\",\"@id\":\"https:\\\/\\\/www.romeing.it\\\/it\\\/#organization\",\"name\":\"Romeing srl\",\"url\":\"https:\\\/\\\/www.romeing.it\\\/it\\\/\",\"logo\":{\"@type\":\"ImageObject\",\"inLanguage\":\"it-IT\",\"@id\":\"https:\\\/\\\/www.romeing.it\\\/it\\\/#\\\/schema\\\/logo\\\/image\\\/\",\"url\":\"https:\\\/\\\/www.romeing.it\\\/wp-content\\\/uploads\\\/2025\\\/12\\\/logo-quadrato-romeing.jpg\",\"contentUrl\":\"https:\\\/\\\/www.romeing.it\\\/wp-content\\\/uploads\\\/2025\\\/12\\\/logo-quadrato-romeing.jpg\",\"width\":696,\"height\":696,\"caption\":\"Romeing srl\"},\"image\":{\"@id\":\"https:\\\/\\\/www.romeing.it\\\/it\\\/#\\\/schema\\\/logo\\\/image\\\/\"},\"sameAs\":[\"https:\\\/\\\/www.facebook.com\\\/Romeing.it\",\"https:\\\/\\\/x.com\\\/romeing\",\"https:\\\/\\\/www.instagram.com\\\/romeing_magazine\\\/\",\"https:\\\/\\\/www.linkedin.com\\\/company\\\/romeing-srl\\\/\",\"https:\\\/\\\/www.pinterest.it\\\/romeing\\\/pins\\\/\",\"https:\\\/\\\/www.youtube.com\\\/@RomeingIt\"],\"email\":\"info@romeing.it\",\"legalName\":\"Romeing Srl\",\"foundingDate\":\"2010-12-01\",\"vatID\":\"11115241009\"},{\"@type\":\"Person\",\"@id\":\"https:\\\/\\\/www.romeing.it\\\/it\\\/#\\\/schema\\\/person\\\/54e8bd3637f34425a9c6f5736631215a\",\"name\":\"Valentina Martinoli\",\"image\":{\"@type\":\"ImageObject\",\"inLanguage\":\"it-IT\",\"@id\":\"https:\\\/\\\/secure.gravatar.com\\\/avatar\\\/acb5e89aeba74afae8d7b6d28692cc0d6908d8267f8c94fa4a18470daa55cfbd?s=96&d=mm&r=g\",\"url\":\"https:\\\/\\\/secure.gravatar.com\\\/avatar\\\/acb5e89aeba74afae8d7b6d28692cc0d6908d8267f8c94fa4a18470daa55cfbd?s=96&d=mm&r=g\",\"contentUrl\":\"https:\\\/\\\/secure.gravatar.com\\\/avatar\\\/acb5e89aeba74afae8d7b6d28692cc0d6908d8267f8c94fa4a18470daa55cfbd?s=96&d=mm&r=g\",\"caption\":\"Valentina Martinoli\"},\"description\":\"Valentina Martinoli is an italian art historian, journalist and content writer, based in Rome, specialised in cultural communication and exhibitions organisation. She fully agrees with Dostoevskij famous quote \\\"Beauty will save the world\\\".\",\"url\":\"https:\\\/\\\/www.romeing.it\\\/it\\\/author\\\/katiba\\\/\"}]}<\/script>\n<!-- \/ Yoast SEO Premium plugin. -->","yoast_head_json":{"title":"Tevere Day 2024: il Tevere entra nei beni tutelati dall'Unesco","description":"TEVERE DAY 2024: torna la pi\u00f9 grande manifestazione dedicata al rilancio e alla salvaguardia del fiume simbolo di Roma.","robots":{"index":"index","follow":"follow","max-snippet":"max-snippet:-1","max-image-preview":"max-image-preview:large","max-video-preview":"max-video-preview:-1"},"canonical":"https:\/\/www.romeing.it\/it\/tevere-day-2024-il-tevere-entra-nei-beni-tutelati-dall-unesco\/","og_locale":"it_IT","og_type":"article","og_title":"Tevere Day 2024: il Tevere entra nei beni tutelati dall'Unesco","og_description":"TEVERE DAY 2024: torna la pi\u00f9 grande manifestazione dedicata al rilancio e alla salvaguardia del fiume simbolo di Roma.","og_url":"https:\/\/www.romeing.it\/it\/tevere-day-2024-il-tevere-entra-nei-beni-tutelati-dall-unesco\/","og_site_name":"Romeing | Rome&#039;s english magazine, events and exhibitions in Rome","article_publisher":"https:\/\/www.facebook.com\/Romeing.it","article_published_time":"2024-10-07T08:47:46+00:00","article_modified_time":"2025-12-03T08:55:25+00:00","og_image":[{"width":1200,"height":799,"url":"https:\/\/www.romeing.it\/wp-content\/uploads\/2025\/12\/nd1xf6EA.jpeg","type":"image\/jpeg"}],"author":"Valentina Martinoli","twitter_card":"summary_large_image","twitter_creator":"@romeing","twitter_site":"@romeing","twitter_misc":{"Scritto da":"Valentina Martinoli","Tempo di lettura stimato":"3 minuti"},"schema":{"@context":"https:\/\/schema.org","@graph":[{"@type":"NewsArticle","@id":"https:\/\/www.romeing.it\/it\/tevere-day-2024-il-tevere-entra-nei-beni-tutelati-dall-unesco\/#article","isPartOf":{"@id":"https:\/\/www.romeing.it\/it\/tevere-day-2024-il-tevere-entra-nei-beni-tutelati-dall-unesco\/"},"author":{"name":"Valentina Martinoli","@id":"https:\/\/www.romeing.it\/it\/#\/schema\/person\/54e8bd3637f34425a9c6f5736631215a"},"headline":"Tevere Day 2024: il Tevere entra nei beni tutelati dall&#8217;Unesco","datePublished":"2024-10-07T08:47:46+00:00","dateModified":"2025-12-03T08:55:25+00:00","mainEntityOfPage":{"@id":"https:\/\/www.romeing.it\/it\/tevere-day-2024-il-tevere-entra-nei-beni-tutelati-dall-unesco\/"},"wordCount":656,"commentCount":0,"publisher":{"@id":"https:\/\/www.romeing.it\/it\/#organization"},"image":{"@id":"https:\/\/www.romeing.it\/it\/tevere-day-2024-il-tevere-entra-nei-beni-tutelati-dall-unesco\/#primaryimage"},"thumbnailUrl":"https:\/\/www.romeing.it\/wp-content\/uploads\/2025\/12\/nd1xf6EA.jpeg","articleSection":["Articoli","Eventi a Roma","News"],"inLanguage":"it-IT","potentialAction":[{"@type":"CommentAction","name":"Comment","target":["https:\/\/www.romeing.it\/it\/tevere-day-2024-il-tevere-entra-nei-beni-tutelati-dall-unesco\/#respond"]}],"copyrightYear":"2024","copyrightHolder":{"@id":"https:\/\/www.romeing.it\/#organization"}},{"@type":"WebPage","@id":"https:\/\/www.romeing.it\/it\/tevere-day-2024-il-tevere-entra-nei-beni-tutelati-dall-unesco\/","url":"https:\/\/www.romeing.it\/it\/tevere-day-2024-il-tevere-entra-nei-beni-tutelati-dall-unesco\/","name":"Tevere Day 2024: il Tevere entra nei beni tutelati dall'Unesco","isPartOf":{"@id":"https:\/\/www.romeing.it\/it\/#website"},"primaryImageOfPage":{"@id":"https:\/\/www.romeing.it\/it\/tevere-day-2024-il-tevere-entra-nei-beni-tutelati-dall-unesco\/#primaryimage"},"image":{"@id":"https:\/\/www.romeing.it\/it\/tevere-day-2024-il-tevere-entra-nei-beni-tutelati-dall-unesco\/#primaryimage"},"thumbnailUrl":"https:\/\/www.romeing.it\/wp-content\/uploads\/2025\/12\/nd1xf6EA.jpeg","datePublished":"2024-10-07T08:47:46+00:00","dateModified":"2025-12-03T08:55:25+00:00","description":"TEVERE DAY 2024: torna la pi\u00f9 grande manifestazione dedicata al rilancio e alla salvaguardia del fiume simbolo di Roma.","inLanguage":"it-IT","potentialAction":[{"@type":"ReadAction","target":["https:\/\/www.romeing.it\/it\/tevere-day-2024-il-tevere-entra-nei-beni-tutelati-dall-unesco\/"]}]},{"@type":"ImageObject","inLanguage":"it-IT","@id":"https:\/\/www.romeing.it\/it\/tevere-day-2024-il-tevere-entra-nei-beni-tutelati-dall-unesco\/#primaryimage","url":"https:\/\/www.romeing.it\/wp-content\/uploads\/2025\/12\/nd1xf6EA.jpeg","contentUrl":"https:\/\/www.romeing.it\/wp-content\/uploads\/2025\/12\/nd1xf6EA.jpeg","width":1200,"height":799,"caption":"TEVERE DAY 2024: IL FIUME DI ROMA ENTRA NEI \u00a0BENI TUTELATI DALL\u2019UNESCO"},{"@type":"WebSite","@id":"https:\/\/www.romeing.it\/it\/#website","url":"https:\/\/www.romeing.it\/it\/","name":"Romeing: Rome's english magazine, events and exhibitions in Rome","description":"Romeing is the english magazine for tourists and expats visiting or living in Rome. A guide to the best things to do and see in Rome &amp; Florence, attractions and restaurants with a listing of events and exhibitions.","publisher":{"@id":"https:\/\/www.romeing.it\/it\/#organization"},"potentialAction":[{"@type":"SearchAction","target":{"@type":"EntryPoint","urlTemplate":"https:\/\/www.romeing.it\/it\/?s={search_term_string}"},"query-input":{"@type":"PropertyValueSpecification","valueRequired":true,"valueName":"search_term_string"}}],"inLanguage":"it-IT"},{"@type":"Organization","@id":"https:\/\/www.romeing.it\/it\/#organization","name":"Romeing srl","url":"https:\/\/www.romeing.it\/it\/","logo":{"@type":"ImageObject","inLanguage":"it-IT","@id":"https:\/\/www.romeing.it\/it\/#\/schema\/logo\/image\/","url":"https:\/\/www.romeing.it\/wp-content\/uploads\/2025\/12\/logo-quadrato-romeing.jpg","contentUrl":"https:\/\/www.romeing.it\/wp-content\/uploads\/2025\/12\/logo-quadrato-romeing.jpg","width":696,"height":696,"caption":"Romeing srl"},"image":{"@id":"https:\/\/www.romeing.it\/it\/#\/schema\/logo\/image\/"},"sameAs":["https:\/\/www.facebook.com\/Romeing.it","https:\/\/x.com\/romeing","https:\/\/www.instagram.com\/romeing_magazine\/","https:\/\/www.linkedin.com\/company\/romeing-srl\/","https:\/\/www.pinterest.it\/romeing\/pins\/","https:\/\/www.youtube.com\/@RomeingIt"],"email":"info@romeing.it","legalName":"Romeing Srl","foundingDate":"2010-12-01","vatID":"11115241009"},{"@type":"Person","@id":"https:\/\/www.romeing.it\/it\/#\/schema\/person\/54e8bd3637f34425a9c6f5736631215a","name":"Valentina Martinoli","image":{"@type":"ImageObject","inLanguage":"it-IT","@id":"https:\/\/secure.gravatar.com\/avatar\/acb5e89aeba74afae8d7b6d28692cc0d6908d8267f8c94fa4a18470daa55cfbd?s=96&d=mm&r=g","url":"https:\/\/secure.gravatar.com\/avatar\/acb5e89aeba74afae8d7b6d28692cc0d6908d8267f8c94fa4a18470daa55cfbd?s=96&d=mm&r=g","contentUrl":"https:\/\/secure.gravatar.com\/avatar\/acb5e89aeba74afae8d7b6d28692cc0d6908d8267f8c94fa4a18470daa55cfbd?s=96&d=mm&r=g","caption":"Valentina Martinoli"},"description":"Valentina Martinoli is an italian art historian, journalist and content writer, based in Rome, specialised in cultural communication and exhibitions organisation. She fully agrees with Dostoevskij famous quote \"Beauty will save the world\".","url":"https:\/\/www.romeing.it\/it\/author\/katiba\/"}]}},"uagb_featured_image_src":{"full":["https:\/\/www.romeing.it\/wp-content\/uploads\/2025\/12\/nd1xf6EA.jpeg",1200,799,false],"thumbnail":["https:\/\/www.romeing.it\/wp-content\/uploads\/2025\/12\/nd1xf6EA-150x150.jpeg",150,150,true],"medium":["https:\/\/www.romeing.it\/wp-content\/uploads\/2025\/12\/nd1xf6EA-300x200.jpeg",300,200,true],"medium_large":["https:\/\/www.romeing.it\/wp-content\/uploads\/2025\/12\/nd1xf6EA-768x511.jpeg",768,511,true],"large":["https:\/\/www.romeing.it\/wp-content\/uploads\/2025\/12\/nd1xf6EA-1024x682.jpeg",800,533,true],"1536x1536":["https:\/\/www.romeing.it\/wp-content\/uploads\/2025\/12\/nd1xf6EA.jpeg",1200,799,false],"2048x2048":["https:\/\/www.romeing.it\/wp-content\/uploads\/2025\/12\/nd1xf6EA.jpeg",1200,799,false]},"uagb_author_info":{"display_name":"Valentina Martinoli","author_link":"https:\/\/www.romeing.it\/it\/author\/katiba\/"},"uagb_comment_info":0,"uagb_excerpt":"TEVERE DAY 2024: orna la pi\u00f9 grande manifestazione dedicata al rilancio e alla salvaguardia del fiume simbolo di Roma.","_links":{"self":[{"href":"https:\/\/www.romeing.it\/it\/wp-json\/wp\/v2\/posts\/105044","targetHints":{"allow":["GET"]}}],"collection":[{"href":"https:\/\/www.romeing.it\/it\/wp-json\/wp\/v2\/posts"}],"about":[{"href":"https:\/\/www.romeing.it\/it\/wp-json\/wp\/v2\/types\/post"}],"author":[{"embeddable":true,"href":"https:\/\/www.romeing.it\/it\/wp-json\/wp\/v2\/users\/1576"}],"replies":[{"embeddable":true,"href":"https:\/\/www.romeing.it\/it\/wp-json\/wp\/v2\/comments?post=105044"}],"version-history":[{"count":1,"href":"https:\/\/www.romeing.it\/it\/wp-json\/wp\/v2\/posts\/105044\/revisions"}],"predecessor-version":[{"id":105045,"href":"https:\/\/www.romeing.it\/it\/wp-json\/wp\/v2\/posts\/105044\/revisions\/105045"}],"wp:featuredmedia":[{"embeddable":true,"href":"https:\/\/www.romeing.it\/it\/wp-json\/wp\/v2\/media\/70531"}],"wp:attachment":[{"href":"https:\/\/www.romeing.it\/it\/wp-json\/wp\/v2\/media?parent=105044"}],"wp:term":[{"taxonomy":"category","embeddable":true,"href":"https:\/\/www.romeing.it\/it\/wp-json\/wp\/v2\/categories?post=105044"},{"taxonomy":"post_tag","embeddable":true,"href":"https:\/\/www.romeing.it\/it\/wp-json\/wp\/v2\/tags?post=105044"}],"curies":[{"name":"wp","href":"https:\/\/api.w.org\/{rel}","templated":true}]}}