{"id":105125,"date":"2025-12-01T10:51:25","date_gmt":"2025-12-01T10:51:25","guid":{"rendered":"https:\/\/www.romeing.it\/piu-libri-piu-liberi\/"},"modified":"2025-12-03T08:56:25","modified_gmt":"2025-12-03T08:56:25","slug":"piu-libri-piu-liberi","status":"publish","type":"post","link":"https:\/\/www.romeing.it\/it\/piu-libri-piu-liberi\/","title":{"rendered":"Pi\u00f9 Libri Pi\u00f9 Liberi: la grande festa del libro a Roma"},"content":{"rendered":"\n<h2 class=\"wp-block-heading\" id=\"h-comincia-la-24-edizione-della-fiera-nazionale-della-piccola-e-media-editoria\">Comincia la 24\u00b0 edizione della Fiera Nazionale della piccola e media editoria<\/h2>\n\n\n\n<p>A dicembre, come ogni anno, si apre la stagione natalizia ma inizia anche uno degli eventi pi\u00f9 attesi per gli amanti della letteratura.&nbsp;<strong>Pi\u00f9 libri pi\u00f9 liberi<\/strong>&nbsp;invita tutti gli appassionati della carta stampata alla <strong>Nuvola<\/strong>, nel <a href=\"https:\/\/www.romeing.it\/it\/guida-eur-roma\/\">quartiere dell\u2019EUR<\/a>, dal&nbsp;<strong>4 all\u20198 dicembre<\/strong>.<\/p>\n\n\n\n<p>Scrittori, autrici, professionisti e professioniste del panorama editoriale italiano ed internazionale si riuniranno per cinque giornate ricche di eventi dedicati alla cultura letteraria in Italia e nel mondo. <\/p>\n\n\n\n<p>L&#8217;evento coinvolger\u00e0\u00a0<strong>569 editori<\/strong>\u00a0da tutta Italia,<strong>\u00a0con 700 appuntamenti<\/strong>\u00a0e scrittori e scrittrici da tutto il mondo. L\u2019inaugurazione ufficiale della manifestazione si terr\u00e0 il 4 dicembre alle ore 10.30 alla Nuvola.<\/p>\n\n\n\n<p>Il tema del 2025 \u00e8\u00a0<strong><em>Ragioni e sentimenti<\/em><\/strong>, un modo per celebrare il 250\u00b0 anniversario della nascita di\u00a0<strong>Jane Austen<\/strong>\u00a0con un riferimento esplicito al romanzo che ha aperto la strada alla narrativa moderna.<\/p>\n\n\n\n<figure class=\"wp-block-image size-full\"><img decoding=\"async\" src=\"https:\/\/www.romeing.it\/wp-content\/uploads\/2025\/12\/piu-libri-piu-liberi-1.jpg\" alt=\"piu-libri-piu-liberi\" class=\"wp-image-182123\"\/><\/figure>\n\n\n\n<p>Pi\u00f9 che mai rispetto agli anni scorsi, la Fiera vuole aprire le porte a tutti gli amanti dei libri, dai lettori forti a quelli occasionali. Il biglietto d\u2019ingresso coster\u00e0 10 euro e sar\u00e0 attiva una <strong>Tariffa Family<\/strong> che permetter\u00e0 al secondo figlio di entrare gratuitamente.<\/p>\n\n\n\n<p>Torna inoltre, grazie alla Regione Lazio, il <strong>Buono Libro<\/strong>: un voucher da 10 euro che i pi\u00f9 giovani potranno usare per scegliere liberamente, tra i titoli degli editori presenti, quale libro portare a casa. Il buono sar\u00e0 disponibile per gli studenti delle scuole laziali e per gli under 30 residenti in regione.<\/p>\n\n\n\n<h3 class=\"wp-block-heading\" id=\"h-i-protagonisti-di-questa-edizione\">I protagonisti di questa edizione<\/h3>\n\n\n\n<p>All\u2019interno della Nuvola non mancheranno incontri con protagonisti della cultura, dello spettacolo e dell\u2019informazione sul palco dell\u2019Auditorium. <strong>Jovanotti<\/strong> sar\u00e0 al centro di un dialogo che ne racconter\u00e0 il percorso tra canzone, poesia e viaggi in bicicletta; <strong>Zerocalcare<\/strong> presenter\u00e0 il nuovo volume <em>Nel nido dei serpenti<\/em> con Marianna Aprile; <strong>Alessandro Barbero<\/strong> ci guider\u00e0 tra le molte versioni della vita di San Francesco d\u2019Assisi; <strong>Marco Travaglio <\/strong>affronter\u00e0 la tensione contemporanea tra guerra, pace e trasformazioni globali.<\/p>\n\n\n\n<p>In programma anche <strong>Stefano Mancuso<\/strong> con <em>Il cantico della terra<\/em>,<strong> Diego Bianchi ed Elena Stancanell<\/strong>i in <em>Raccontare la realt\u00e0: giornalismo e letteratura<\/em> (moderati da Simona Sala) e <strong>Anna Foa<\/strong> in dialogo con Francesca Mannocchi su <em>Chi ha perso la guerra in Palestina<\/em>.<\/p>\n\n\n\n<p>Si terr\u00e0 inoltre l\u2019incontro <em>Libert\u00e0 di parola\/Libert\u00e0 di stampa<\/em> per presentare il nascente <strong>Pen Roma<\/strong>, che si candida a contribuire al Pen International, l\u2019associazione che difende scrittori e scrittrici perseguitati nel mondo. Parteciperanno Burhan S\u00f6nmez, presidente del Pen International, Sandro Veronesi, presidente del Pen Roma, insieme a Helena Janeczek, Loredana Lipperini e Roberto Saviano, membri del comitato fondatore.<\/p>\n\n\n\n<p>Tanti anche gli <strong>ospiti internazionali <\/strong>presenti, tra cui J\u00f3n Kalman Stef\u00e1nsson, V\u00e9ronique Ovald\u00e9, Tessa Hulls, Lily King, Hito Steyerl, Tonio Schachinger, Tijan Sila e Gabriel Abreu.<\/p>\n\n\n\n<hr class=\"wp-block-separator has-alpha-channel-opacity\"\/>\n\n\n\n<p class=\"has-text-align-center\"><strong>4-8 dicembre<\/strong> <strong>2025<\/strong><\/p>\n\n\n\n<p class=\"has-text-align-center\">La Nuvola<br>Viale Asia 40\/44 (EUR)<\/p>\n\n\n\n<p class=\"has-text-align-center\"><strong>Orari<\/strong>: dalle 10:00 alle 20:00<\/p>\n\n\n\n<p class=\"has-text-align-center\"><strong>Biglietto<\/strong>: intero 10 euro, ridotti a partire da 7 euro<\/p>\n\n\n\n<p class=\"has-text-align-center\"><a href=\"https:\/\/www.plpl.it\" target=\"_blank\" rel=\"noreferrer noopener\">plpl.it<\/a><\/p>\n","protected":false},"excerpt":{"rendered":"<p>Comincia la 23a edizione di Pi\u00f9 Libri Pi\u00f9 Liberi, la Fiera Nazionale della piccola e media editoria a Roma.<\/p>\n","protected":false},"author":2591,"featured_media":105129,"comment_status":"open","ping_status":"open","sticky":false,"template":"","format":"standard","meta":{"_uag_custom_page_level_css":"","footnotes":""},"categories":[580,592],"tags":[],"class_list":["post-105125","post","type-post","status-publish","format-standard","has-post-thumbnail","hentry","category-eventi-a-roma","category-mostre-a-roma"],"featured_image_src":"https:\/\/www.romeing.it\/wp-content\/uploads\/2025\/12\/piu-libri-piu-liberi-2025.jpg","author_info":{"display_name":"Romeing Editorial Staff","author_link":"https:\/\/www.romeing.it\/it\/author\/romeing\/"},"yoast_head":"<!-- This site is optimized with the Yoast SEO Premium plugin v26.9 (Yoast SEO v27.4) - https:\/\/yoast.com\/product\/yoast-seo-premium-wordpress\/ -->\n<title>Pi\u00f9 Libri Pi\u00f9 Liberi: la grande festa del libro a Roma - Romeing<\/title>\n<meta name=\"description\" content=\"Comincia la 24a edizione di Pi\u00f9 Libri Pi\u00f9 Liberi, la Fiera Nazionale della piccola e media editoria a Roma.\" \/>\n<meta name=\"robots\" content=\"index, follow, max-snippet:-1, max-image-preview:large, max-video-preview:-1\" \/>\n<link rel=\"canonical\" href=\"https:\/\/www.romeing.it\/it\/piu-libri-piu-liberi\/\" \/>\n<meta property=\"og:locale\" content=\"it_IT\" \/>\n<meta property=\"og:type\" content=\"article\" \/>\n<meta property=\"og:title\" content=\"Pi\u00f9 Libri Pi\u00f9 Liberi: la grande festa del libro a Roma\" \/>\n<meta property=\"og:description\" content=\"Comincia la 24a edizione di Pi\u00f9 Libri Pi\u00f9 Liberi, la Fiera Nazionale della piccola e media editoria a Roma.\" \/>\n<meta property=\"og:url\" content=\"https:\/\/www.romeing.it\/it\/piu-libri-piu-liberi\/\" \/>\n<meta property=\"og:site_name\" content=\"Romeing | Rome&#039;s english magazine, events and exhibitions in Rome\" \/>\n<meta property=\"article:publisher\" content=\"https:\/\/www.facebook.com\/Romeing.it\" \/>\n<meta property=\"article:published_time\" content=\"2025-12-01T10:51:25+00:00\" \/>\n<meta property=\"article:modified_time\" content=\"2025-12-03T08:56:25+00:00\" \/>\n<meta property=\"og:image\" content=\"https:\/\/www.romeing.it\/wp-content\/uploads\/2025\/12\/piu-libri-piu-liberi-2025.jpg\" \/>\n\t<meta property=\"og:image:width\" content=\"1170\" \/>\n\t<meta property=\"og:image:height\" content=\"780\" \/>\n\t<meta property=\"og:image:type\" content=\"image\/jpeg\" \/>\n<meta name=\"author\" content=\"Romeing Editorial Staff\" \/>\n<meta name=\"twitter:card\" content=\"summary_large_image\" \/>\n<meta name=\"twitter:creator\" content=\"@romeing\" \/>\n<meta name=\"twitter:site\" content=\"@romeing\" \/>\n<meta name=\"twitter:label1\" content=\"Scritto da\" \/>\n\t<meta name=\"twitter:data1\" content=\"Romeing Editorial Staff\" \/>\n\t<meta name=\"twitter:label2\" content=\"Tempo di lettura stimato\" \/>\n\t<meta name=\"twitter:data2\" content=\"2 minuti\" \/>\n<script type=\"application\/ld+json\" class=\"yoast-schema-graph\">{\"@context\":\"https:\\\/\\\/schema.org\",\"@graph\":[{\"@type\":\"NewsArticle\",\"@id\":\"https:\\\/\\\/www.romeing.it\\\/it\\\/piu-libri-piu-liberi\\\/#article\",\"isPartOf\":{\"@id\":\"https:\\\/\\\/www.romeing.it\\\/it\\\/piu-libri-piu-liberi\\\/\"},\"author\":{\"name\":\"Romeing Editorial Staff\",\"@id\":\"https:\\\/\\\/www.romeing.it\\\/it\\\/#\\\/schema\\\/person\\\/d1016d571abf1cac761e7c6510dcf0a0\"},\"headline\":\"Pi\u00f9 Libri Pi\u00f9 Liberi: la grande festa del libro a Roma\",\"datePublished\":\"2025-12-01T10:51:25+00:00\",\"dateModified\":\"2025-12-03T08:56:25+00:00\",\"mainEntityOfPage\":{\"@id\":\"https:\\\/\\\/www.romeing.it\\\/it\\\/piu-libri-piu-liberi\\\/\"},\"wordCount\":487,\"commentCount\":0,\"publisher\":{\"@id\":\"https:\\\/\\\/www.romeing.it\\\/it\\\/#organization\"},\"image\":{\"@id\":\"https:\\\/\\\/www.romeing.it\\\/it\\\/piu-libri-piu-liberi\\\/#primaryimage\"},\"thumbnailUrl\":\"https:\\\/\\\/www.romeing.it\\\/wp-content\\\/uploads\\\/2025\\\/12\\\/piu-libri-piu-liberi-2025.jpg\",\"articleSection\":[\"Eventi a Roma\",\"Mostre\"],\"inLanguage\":\"it-IT\",\"potentialAction\":[{\"@type\":\"CommentAction\",\"name\":\"Comment\",\"target\":[\"https:\\\/\\\/www.romeing.it\\\/it\\\/piu-libri-piu-liberi\\\/#respond\"]}],\"copyrightYear\":\"2025\",\"copyrightHolder\":{\"@id\":\"https:\\\/\\\/www.romeing.it\\\/#organization\"}},{\"@type\":\"WebPage\",\"@id\":\"https:\\\/\\\/www.romeing.it\\\/it\\\/piu-libri-piu-liberi\\\/\",\"url\":\"https:\\\/\\\/www.romeing.it\\\/it\\\/piu-libri-piu-liberi\\\/\",\"name\":\"Pi\u00f9 Libri Pi\u00f9 Liberi: la grande festa del libro a Roma - Romeing\",\"isPartOf\":{\"@id\":\"https:\\\/\\\/www.romeing.it\\\/it\\\/#website\"},\"primaryImageOfPage\":{\"@id\":\"https:\\\/\\\/www.romeing.it\\\/it\\\/piu-libri-piu-liberi\\\/#primaryimage\"},\"image\":{\"@id\":\"https:\\\/\\\/www.romeing.it\\\/it\\\/piu-libri-piu-liberi\\\/#primaryimage\"},\"thumbnailUrl\":\"https:\\\/\\\/www.romeing.it\\\/wp-content\\\/uploads\\\/2025\\\/12\\\/piu-libri-piu-liberi-2025.jpg\",\"datePublished\":\"2025-12-01T10:51:25+00:00\",\"dateModified\":\"2025-12-03T08:56:25+00:00\",\"description\":\"Comincia la 24a edizione di Pi\u00f9 Libri Pi\u00f9 Liberi, la Fiera Nazionale della piccola e media editoria a Roma.\",\"inLanguage\":\"it-IT\",\"potentialAction\":[{\"@type\":\"ReadAction\",\"target\":[\"https:\\\/\\\/www.romeing.it\\\/it\\\/piu-libri-piu-liberi\\\/\"]}]},{\"@type\":\"ImageObject\",\"inLanguage\":\"it-IT\",\"@id\":\"https:\\\/\\\/www.romeing.it\\\/it\\\/piu-libri-piu-liberi\\\/#primaryimage\",\"url\":\"https:\\\/\\\/www.romeing.it\\\/wp-content\\\/uploads\\\/2025\\\/12\\\/piu-libri-piu-liberi-2025.jpg\",\"contentUrl\":\"https:\\\/\\\/www.romeing.it\\\/wp-content\\\/uploads\\\/2025\\\/12\\\/piu-libri-piu-liberi-2025.jpg\",\"width\":1170,\"height\":780,\"caption\":\"piu-libri-piu-liberi-2025\"},{\"@type\":\"WebSite\",\"@id\":\"https:\\\/\\\/www.romeing.it\\\/it\\\/#website\",\"url\":\"https:\\\/\\\/www.romeing.it\\\/it\\\/\",\"name\":\"Romeing: Rome's english magazine, events and exhibitions in Rome\",\"description\":\"Romeing is the english magazine for tourists and expats visiting or living in Rome. A guide to the best things to do and see in Rome &amp; Florence, attractions and restaurants with a listing of events and exhibitions.\",\"publisher\":{\"@id\":\"https:\\\/\\\/www.romeing.it\\\/it\\\/#organization\"},\"potentialAction\":[{\"@type\":\"SearchAction\",\"target\":{\"@type\":\"EntryPoint\",\"urlTemplate\":\"https:\\\/\\\/www.romeing.it\\\/it\\\/?s={search_term_string}\"},\"query-input\":{\"@type\":\"PropertyValueSpecification\",\"valueRequired\":true,\"valueName\":\"search_term_string\"}}],\"inLanguage\":\"it-IT\"},{\"@type\":\"Organization\",\"@id\":\"https:\\\/\\\/www.romeing.it\\\/it\\\/#organization\",\"name\":\"Romeing srl\",\"url\":\"https:\\\/\\\/www.romeing.it\\\/it\\\/\",\"logo\":{\"@type\":\"ImageObject\",\"inLanguage\":\"it-IT\",\"@id\":\"https:\\\/\\\/www.romeing.it\\\/it\\\/#\\\/schema\\\/logo\\\/image\\\/\",\"url\":\"https:\\\/\\\/www.romeing.it\\\/wp-content\\\/uploads\\\/2025\\\/12\\\/logo-quadrato-romeing.jpg\",\"contentUrl\":\"https:\\\/\\\/www.romeing.it\\\/wp-content\\\/uploads\\\/2025\\\/12\\\/logo-quadrato-romeing.jpg\",\"width\":696,\"height\":696,\"caption\":\"Romeing srl\"},\"image\":{\"@id\":\"https:\\\/\\\/www.romeing.it\\\/it\\\/#\\\/schema\\\/logo\\\/image\\\/\"},\"sameAs\":[\"https:\\\/\\\/www.facebook.com\\\/Romeing.it\",\"https:\\\/\\\/x.com\\\/romeing\",\"https:\\\/\\\/www.instagram.com\\\/romeing_magazine\\\/\",\"https:\\\/\\\/www.linkedin.com\\\/company\\\/romeing-srl\\\/\",\"https:\\\/\\\/www.pinterest.it\\\/romeing\\\/pins\\\/\",\"https:\\\/\\\/www.youtube.com\\\/@RomeingIt\"],\"email\":\"info@romeing.it\",\"legalName\":\"Romeing Srl\",\"foundingDate\":\"2010-12-01\",\"vatID\":\"11115241009\"},{\"@type\":\"Person\",\"@id\":\"https:\\\/\\\/www.romeing.it\\\/it\\\/#\\\/schema\\\/person\\\/d1016d571abf1cac761e7c6510dcf0a0\",\"name\":\"Romeing Editorial Staff\",\"image\":{\"@type\":\"ImageObject\",\"inLanguage\":\"it-IT\",\"@id\":\"https:\\\/\\\/secure.gravatar.com\\\/avatar\\\/fa77907d763bad05dbb8a472492889275a24ec72dbee0f696cec3f344a78e384?s=96&d=mm&r=g\",\"url\":\"https:\\\/\\\/secure.gravatar.com\\\/avatar\\\/fa77907d763bad05dbb8a472492889275a24ec72dbee0f696cec3f344a78e384?s=96&d=mm&r=g\",\"contentUrl\":\"https:\\\/\\\/secure.gravatar.com\\\/avatar\\\/fa77907d763bad05dbb8a472492889275a24ec72dbee0f696cec3f344a78e384?s=96&d=mm&r=g\",\"caption\":\"Romeing Editorial Staff\"},\"description\":\"The Go-To Print And Online Magazine For Italian Destinations.\",\"url\":\"https:\\\/\\\/www.romeing.it\\\/it\\\/author\\\/romeing\\\/\"}]}<\/script>\n<!-- \/ Yoast SEO Premium plugin. -->","yoast_head_json":{"title":"Pi\u00f9 Libri Pi\u00f9 Liberi: la grande festa del libro a Roma - Romeing","description":"Comincia la 24a edizione di Pi\u00f9 Libri Pi\u00f9 Liberi, la Fiera Nazionale della piccola e media editoria a Roma.","robots":{"index":"index","follow":"follow","max-snippet":"max-snippet:-1","max-image-preview":"max-image-preview:large","max-video-preview":"max-video-preview:-1"},"canonical":"https:\/\/www.romeing.it\/it\/piu-libri-piu-liberi\/","og_locale":"it_IT","og_type":"article","og_title":"Pi\u00f9 Libri Pi\u00f9 Liberi: la grande festa del libro a Roma","og_description":"Comincia la 24a edizione di Pi\u00f9 Libri Pi\u00f9 Liberi, la Fiera Nazionale della piccola e media editoria a Roma.","og_url":"https:\/\/www.romeing.it\/it\/piu-libri-piu-liberi\/","og_site_name":"Romeing | Rome&#039;s english magazine, events and exhibitions in Rome","article_publisher":"https:\/\/www.facebook.com\/Romeing.it","article_published_time":"2025-12-01T10:51:25+00:00","article_modified_time":"2025-12-03T08:56:25+00:00","og_image":[{"width":1170,"height":780,"url":"https:\/\/www.romeing.it\/wp-content\/uploads\/2025\/12\/piu-libri-piu-liberi-2025.jpg","type":"image\/jpeg"}],"author":"Romeing Editorial Staff","twitter_card":"summary_large_image","twitter_creator":"@romeing","twitter_site":"@romeing","twitter_misc":{"Scritto da":"Romeing Editorial Staff","Tempo di lettura stimato":"2 minuti"},"schema":{"@context":"https:\/\/schema.org","@graph":[{"@type":"NewsArticle","@id":"https:\/\/www.romeing.it\/it\/piu-libri-piu-liberi\/#article","isPartOf":{"@id":"https:\/\/www.romeing.it\/it\/piu-libri-piu-liberi\/"},"author":{"name":"Romeing Editorial Staff","@id":"https:\/\/www.romeing.it\/it\/#\/schema\/person\/d1016d571abf1cac761e7c6510dcf0a0"},"headline":"Pi\u00f9 Libri Pi\u00f9 Liberi: la grande festa del libro a Roma","datePublished":"2025-12-01T10:51:25+00:00","dateModified":"2025-12-03T08:56:25+00:00","mainEntityOfPage":{"@id":"https:\/\/www.romeing.it\/it\/piu-libri-piu-liberi\/"},"wordCount":487,"commentCount":0,"publisher":{"@id":"https:\/\/www.romeing.it\/it\/#organization"},"image":{"@id":"https:\/\/www.romeing.it\/it\/piu-libri-piu-liberi\/#primaryimage"},"thumbnailUrl":"https:\/\/www.romeing.it\/wp-content\/uploads\/2025\/12\/piu-libri-piu-liberi-2025.jpg","articleSection":["Eventi a Roma","Mostre"],"inLanguage":"it-IT","potentialAction":[{"@type":"CommentAction","name":"Comment","target":["https:\/\/www.romeing.it\/it\/piu-libri-piu-liberi\/#respond"]}],"copyrightYear":"2025","copyrightHolder":{"@id":"https:\/\/www.romeing.it\/#organization"}},{"@type":"WebPage","@id":"https:\/\/www.romeing.it\/it\/piu-libri-piu-liberi\/","url":"https:\/\/www.romeing.it\/it\/piu-libri-piu-liberi\/","name":"Pi\u00f9 Libri Pi\u00f9 Liberi: la grande festa del libro a Roma - Romeing","isPartOf":{"@id":"https:\/\/www.romeing.it\/it\/#website"},"primaryImageOfPage":{"@id":"https:\/\/www.romeing.it\/it\/piu-libri-piu-liberi\/#primaryimage"},"image":{"@id":"https:\/\/www.romeing.it\/it\/piu-libri-piu-liberi\/#primaryimage"},"thumbnailUrl":"https:\/\/www.romeing.it\/wp-content\/uploads\/2025\/12\/piu-libri-piu-liberi-2025.jpg","datePublished":"2025-12-01T10:51:25+00:00","dateModified":"2025-12-03T08:56:25+00:00","description":"Comincia la 24a edizione di Pi\u00f9 Libri Pi\u00f9 Liberi, la Fiera Nazionale della piccola e media editoria a Roma.","inLanguage":"it-IT","potentialAction":[{"@type":"ReadAction","target":["https:\/\/www.romeing.it\/it\/piu-libri-piu-liberi\/"]}]},{"@type":"ImageObject","inLanguage":"it-IT","@id":"https:\/\/www.romeing.it\/it\/piu-libri-piu-liberi\/#primaryimage","url":"https:\/\/www.romeing.it\/wp-content\/uploads\/2025\/12\/piu-libri-piu-liberi-2025.jpg","contentUrl":"https:\/\/www.romeing.it\/wp-content\/uploads\/2025\/12\/piu-libri-piu-liberi-2025.jpg","width":1170,"height":780,"caption":"piu-libri-piu-liberi-2025"},{"@type":"WebSite","@id":"https:\/\/www.romeing.it\/it\/#website","url":"https:\/\/www.romeing.it\/it\/","name":"Romeing: Rome's english magazine, events and exhibitions in Rome","description":"Romeing is the english magazine for tourists and expats visiting or living in Rome. A guide to the best things to do and see in Rome &amp; Florence, attractions and restaurants with a listing of events and exhibitions.","publisher":{"@id":"https:\/\/www.romeing.it\/it\/#organization"},"potentialAction":[{"@type":"SearchAction","target":{"@type":"EntryPoint","urlTemplate":"https:\/\/www.romeing.it\/it\/?s={search_term_string}"},"query-input":{"@type":"PropertyValueSpecification","valueRequired":true,"valueName":"search_term_string"}}],"inLanguage":"it-IT"},{"@type":"Organization","@id":"https:\/\/www.romeing.it\/it\/#organization","name":"Romeing srl","url":"https:\/\/www.romeing.it\/it\/","logo":{"@type":"ImageObject","inLanguage":"it-IT","@id":"https:\/\/www.romeing.it\/it\/#\/schema\/logo\/image\/","url":"https:\/\/www.romeing.it\/wp-content\/uploads\/2025\/12\/logo-quadrato-romeing.jpg","contentUrl":"https:\/\/www.romeing.it\/wp-content\/uploads\/2025\/12\/logo-quadrato-romeing.jpg","width":696,"height":696,"caption":"Romeing srl"},"image":{"@id":"https:\/\/www.romeing.it\/it\/#\/schema\/logo\/image\/"},"sameAs":["https:\/\/www.facebook.com\/Romeing.it","https:\/\/x.com\/romeing","https:\/\/www.instagram.com\/romeing_magazine\/","https:\/\/www.linkedin.com\/company\/romeing-srl\/","https:\/\/www.pinterest.it\/romeing\/pins\/","https:\/\/www.youtube.com\/@RomeingIt"],"email":"info@romeing.it","legalName":"Romeing Srl","foundingDate":"2010-12-01","vatID":"11115241009"},{"@type":"Person","@id":"https:\/\/www.romeing.it\/it\/#\/schema\/person\/d1016d571abf1cac761e7c6510dcf0a0","name":"Romeing Editorial Staff","image":{"@type":"ImageObject","inLanguage":"it-IT","@id":"https:\/\/secure.gravatar.com\/avatar\/fa77907d763bad05dbb8a472492889275a24ec72dbee0f696cec3f344a78e384?s=96&d=mm&r=g","url":"https:\/\/secure.gravatar.com\/avatar\/fa77907d763bad05dbb8a472492889275a24ec72dbee0f696cec3f344a78e384?s=96&d=mm&r=g","contentUrl":"https:\/\/secure.gravatar.com\/avatar\/fa77907d763bad05dbb8a472492889275a24ec72dbee0f696cec3f344a78e384?s=96&d=mm&r=g","caption":"Romeing Editorial Staff"},"description":"The Go-To Print And Online Magazine For Italian Destinations.","url":"https:\/\/www.romeing.it\/it\/author\/romeing\/"}]}},"uagb_featured_image_src":{"full":["https:\/\/www.romeing.it\/wp-content\/uploads\/2025\/12\/piu-libri-piu-liberi-2025.jpg",1170,780,false],"thumbnail":["https:\/\/www.romeing.it\/wp-content\/uploads\/2025\/12\/piu-libri-piu-liberi-2025-150x150.jpg",150,150,true],"medium":["https:\/\/www.romeing.it\/wp-content\/uploads\/2025\/12\/piu-libri-piu-liberi-2025-300x200.jpg",300,200,true],"medium_large":["https:\/\/www.romeing.it\/wp-content\/uploads\/2025\/12\/piu-libri-piu-liberi-2025-768x512.jpg",768,512,true],"large":["https:\/\/www.romeing.it\/wp-content\/uploads\/2025\/12\/piu-libri-piu-liberi-2025-1024x683.jpg",800,534,true],"1536x1536":["https:\/\/www.romeing.it\/wp-content\/uploads\/2025\/12\/piu-libri-piu-liberi-2025.jpg",1170,780,false],"2048x2048":["https:\/\/www.romeing.it\/wp-content\/uploads\/2025\/12\/piu-libri-piu-liberi-2025.jpg",1170,780,false]},"uagb_author_info":{"display_name":"Romeing Editorial Staff","author_link":"https:\/\/www.romeing.it\/it\/author\/romeing\/"},"uagb_comment_info":0,"uagb_excerpt":"Comincia la 23a edizione di Pi\u00f9 Libri Pi\u00f9 Liberi, la Fiera Nazionale della piccola e media editoria a Roma.","_links":{"self":[{"href":"https:\/\/www.romeing.it\/it\/wp-json\/wp\/v2\/posts\/105125","targetHints":{"allow":["GET"]}}],"collection":[{"href":"https:\/\/www.romeing.it\/it\/wp-json\/wp\/v2\/posts"}],"about":[{"href":"https:\/\/www.romeing.it\/it\/wp-json\/wp\/v2\/types\/post"}],"author":[{"embeddable":true,"href":"https:\/\/www.romeing.it\/it\/wp-json\/wp\/v2\/users\/2591"}],"replies":[{"embeddable":true,"href":"https:\/\/www.romeing.it\/it\/wp-json\/wp\/v2\/comments?post=105125"}],"version-history":[{"count":1,"href":"https:\/\/www.romeing.it\/it\/wp-json\/wp\/v2\/posts\/105125\/revisions"}],"predecessor-version":[{"id":105128,"href":"https:\/\/www.romeing.it\/it\/wp-json\/wp\/v2\/posts\/105125\/revisions\/105128"}],"wp:featuredmedia":[{"embeddable":true,"href":"https:\/\/www.romeing.it\/it\/wp-json\/wp\/v2\/media\/105129"}],"wp:attachment":[{"href":"https:\/\/www.romeing.it\/it\/wp-json\/wp\/v2\/media?parent=105125"}],"wp:term":[{"taxonomy":"category","embeddable":true,"href":"https:\/\/www.romeing.it\/it\/wp-json\/wp\/v2\/categories?post=105125"},{"taxonomy":"post_tag","embeddable":true,"href":"https:\/\/www.romeing.it\/it\/wp-json\/wp\/v2\/tags?post=105125"}],"curies":[{"name":"wp","href":"https:\/\/api.w.org\/{rel}","templated":true}]}}