{"id":105175,"date":"2025-01-29T11:18:48","date_gmt":"2025-01-29T11:18:48","guid":{"rendered":"https:\/\/www.romeing.it\/salvador-dali-tra-arte-e-mito-mostra-roma\/"},"modified":"2025-12-03T20:31:26","modified_gmt":"2025-12-03T20:31:26","slug":"salvador-dali-tra-arte-e-mito-mostra-roma","status":"publish","type":"post","link":"https:\/\/www.romeing.it\/it\/salvador-dali-tra-arte-e-mito-mostra-roma\/","title":{"rendered":"Salvador Dal\u00ec, tra arte e mito"},"content":{"rendered":"\n<h2 class=\"wp-block-heading\" id=\"h-l-arte-dell-iconico-maestro-surrealista-in-mostra-al-museo-della-fanteria-di-roma\">L\u2019arte dell\u2019iconico maestro Surrealista in mostra al Museo della Fanteria di Roma<\/h2>\n\n\n\n<p>Il genio surrealista di <strong>Salvador Dal\u00ec<\/strong> sbarca a Roma in un\u2019imperdibile mostra allestita nelle sale del <strong>Museo Storico della Fanteria dell\u2019Esercito Italiano<\/strong> fino al prossimo <strong>27 luglio<\/strong>.<\/p>\n\n\n\n<p><strong><em>Salvador Dal\u00ec, tra arte e mito<\/em><\/strong>, curata da <strong>Vincenzo Sanfo<\/strong>, include circa<strong> 80 opere<\/strong>, alcune delle quali esposte per la prima volta a Roma, provenienti da collezioni private dal Belgio e dall&#8217;Italia. <strong>Disegni, sculture, ceramiche, boccette di profumo, incisioni, litografie, documenti, libri e fotografie<\/strong> guidano il visitatore nello sfaccettato universo creativo dell\u2019artista, caratterizzato da un forte anticonformismo e da un potente allaccio con il mondo onirico.<\/p>\n\n\n\n<p>Il percorso espositivo comprende anche opere di altri autori, come <strong>Mir\u00f2<\/strong> e <strong>Garc\u00eda Lorca<\/strong>, quest&#8217;ultimo presente in un&#8217;inedita versione creativa con dei disegni realizzati tra gli anni \u201920 e \u201930. Entrambi, oltre a condividere i natali spagnoli, hanno prodotto un\u2019arte che vira verso il reame del sogno. E ancora <strong>Ren\u00e9 Magritte, Max Ernst, Andr\u00e9 Masson, Man Ray, Giorgio de Chirico<\/strong> e scrittori come <strong>Andr\u00e9 Breton e Jean Cocteau<\/strong>.<\/p>\n\n\n\n<div class=\"wp-block-columns is-layout-flex wp-container-core-columns-is-layout-28f84493 wp-block-columns-is-layout-flex\">\n<div class=\"wp-block-column is-layout-flow wp-block-column-is-layout-flow\">\n<figure class=\"wp-block-image aligncenter size-full\"><img decoding=\"async\" src=\"https:\/\/www.romeing.it\/wp-content\/uploads\/2025\/12\/7_Bertram-dal-Borneo_Inferno.jpg\" alt=\"Salvador Dal\u00ec: tra arte e mito\" class=\"wp-image-172496\"\/><\/figure>\n<\/div>\n\n\n\n<div class=\"wp-block-column is-layout-flow wp-block-column-is-layout-flow\">\n<figure class=\"wp-block-image aligncenter size-full\"><img decoding=\"async\" src=\"https:\/\/www.romeing.it\/wp-content\/uploads\/2025\/12\/8_Gli-avari_Purgatorio.jpg\" alt=\"Salvador Dal\u00ec: tra arte e mito\" class=\"wp-image-172498\"\/><\/figure>\n<\/div>\n<\/div>\n\n\n\n<p>\u201c<em>Si tratta di una mostra a carattere antologico, che guida lo spettatore in un viaggio tra le molteplici forme di espressione di Salvador Dal\u00ec, che, \u00e8 bene ricordare, non fu soltanto un pittore, ma anche scultore, scenografo, si occup\u00f2 di moda e, non da ultimo, fu un genio del marketing. Ad esempio, ha inventato il logo Chupa chups, famoso e ben riconoscibile ancora oggi, e disegn\u00f2 la copertina di famosi dischi come quello di Jackie Gleason, ma anche bottiglie per profumi di brand importanti, come Schiapparelli, che sono delle vere e proprie sculture in vetro, alcune addirittura con un tappo in oro vero, e bottiglie per liquori, come le tre per il Rosso Antico. Infine, realizz\u00f2 dei bellissimi gioielli, tra i quali la croce di Gala, fatta per la moglie. Tutto ci\u00f2 rende questa mostra molto trasversale, e di grande interesse non solo per gli appassionati dell\u2019arte, ma anche della moda, del marketing e del \u2018personaggio Dal\u00ec\u201d<\/em>, spiega il curatore.<\/p>\n\n\n\n<p>La celebrazione di un artista che ha saputo fare della sua stessa esistenza un\u2019eccentrica e sorprendente opera d\u2019arte avviene proprio in concomitanza con il centenario della nascita del Surrealismo. Importante inoltre che la mostra abbia luogo a Roma, citt\u00e0 dove Dal\u00ec ha vissuto per lunghi periodi.<\/p>\n\n\n\n<figure class=\"wp-block-image size-large\"><img decoding=\"async\" src=\"https:\/\/www.romeing.it\/wp-content\/uploads\/2025\/09\/dali-exhibition-rome-3.jpg\" alt=\"Salvador Dali: tra arte e mito\" class=\"wp-image-172463\"\/><\/figure>\n\n\n\n<p>Tra le opere esposte spicca la serie delle illustrazioni dedicate alla <strong>Divina Commedia<\/strong>, realizzate su iniziale commissione dello Stato italiano, poi revocata. A quel punto, disegni e schizzi furono acquistati da una societ\u00e0 francese, che li rese poi noti in tutto il mondo.<\/p>\n\n\n\n<p>Le opere di Salvador Dal\u00ec si agganciano alle profondit\u00e0 dell\u2019inconscio, al mondo della psicoanalisi e dell\u2019ipnosi, dando luogo a un\u2019immersione profonda che, attraverso le forme e i colori allungati sulle sue tele, \u00e8 in grado di trasportarci verso mondi lontani, collocati in un altrove che \u00e8 gi\u00e0 dentro di noi.<\/p>\n\n\n\n<div class=\"wp-block-buttons is-horizontal is-content-justification-center is-layout-flex wp-container-core-buttons-is-layout-03627597 wp-block-buttons-is-layout-flex\">\n<div class=\"wp-block-button\"><a class=\"wp-block-button__link has-vivid-red-background-color has-background wp-element-button\" href=\"https:\/\/www.romeing.it\/it\/mostre-a-roma\/\">LE MIGLIORI MOSTRE A ROMA<\/a><\/div>\n\n\n\n<div class=\"wp-block-button\"><a class=\"wp-block-button__link has-vivid-red-background-color has-background wp-element-button\" href=\"https:\/\/www.romeing.it\/it\/la-tua-guida-ai-musei-di-roma\/\">GUIDA AI MUSEI DI ROMA<\/a><\/div>\n<\/div>\n\n\n\n<hr class=\"wp-block-separator has-alpha-channel-opacity\"\/>\n\n\n\n<p class=\"has-text-align-center\"><strong>Dal 25 gennaio al 27 luglio 2025<\/strong><\/p>\n\n\n\n<p class=\"has-text-align-center\">Museo Storico della Fanteria, Piazza di Santa Croce in Gerusalemme 7<\/p>\n\n\n\n<p class=\"has-text-align-center\"><strong>Orari:<\/strong> Lun-Ven 09.30 \u2013 19.30; Sab &#8211; Dom 09.30 \u2013 20.30<\/p>\n\n\n\n<p class=\"has-text-align-center\"><strong>Biglietti:<\/strong> Intero weekend e festivi \u20ac15; Intero feriali \u20ac13; Ridotto \u20ac10 <\/p>\n\n\n\n<div class=\"wp-block-buttons is-content-justification-center is-layout-flex wp-container-core-buttons-is-layout-a89b3969 wp-block-buttons-is-layout-flex\">\n<div class=\"wp-block-button\"><a class=\"wp-block-button__link has-vivid-red-background-color has-background wp-element-button\" href=\"https:\/\/tidd.ly\/4eHrrJf\" target=\"_blank\" rel=\"noreferrer noopener\">ACQUISTA I BIGLIETTI<\/a><\/div>\n<\/div>\n\n\n\n<p class=\"has-text-align-center\"><a href=\"https:\/\/www.navigaresrl.com\/mostra\/salvador-dali-tra-arte-e-mito-2\/\" target=\"_blank\" rel=\"noreferrer noopener\">navigaresrl.com<\/a><\/p>\n","protected":false},"excerpt":{"rendered":"<p>Salvador Dal\u00ec, tra arte e mito: visita la mostra dedicata al grande maestro surrealista al Museo della Fanteria di Roma.<\/p>\n","protected":false},"author":1576,"featured_media":65541,"comment_status":"open","ping_status":"open","sticky":false,"template":"","format":"standard","meta":{"_uag_custom_page_level_css":"","footnotes":""},"categories":[580,592],"tags":[],"class_list":["post-105175","post","type-post","status-publish","format-standard","has-post-thumbnail","hentry","category-eventi-a-roma","category-mostre-a-roma"],"featured_image_src":"https:\/\/www.romeing.it\/wp-content\/uploads\/2025\/12\/The-Bacchuschariot-Salvador-Dali-2.jpg","author_info":{"display_name":"Valentina Martinoli","author_link":"https:\/\/www.romeing.it\/it\/author\/katiba\/"},"yoast_head":"<!-- This site is optimized with the Yoast SEO Premium plugin v26.9 (Yoast SEO v27.4) - https:\/\/yoast.com\/product\/yoast-seo-premium-wordpress\/ -->\n<title>Salvador Dal\u00ec, tra arte e mito al Museo della Fanteria - Romeing<\/title>\n<meta name=\"description\" content=\"Salvador Dal\u00ec, tra arte e mito: visita la mostra dedicata al grande maestro surrealista al Museo della Fanteria di Roma.\" \/>\n<meta name=\"robots\" content=\"index, follow, max-snippet:-1, max-image-preview:large, max-video-preview:-1\" \/>\n<link rel=\"canonical\" href=\"https:\/\/www.romeing.it\/it\/salvador-dali-tra-arte-e-mito-mostra-roma\/\" \/>\n<meta property=\"og:locale\" content=\"it_IT\" \/>\n<meta property=\"og:type\" content=\"article\" \/>\n<meta property=\"og:title\" content=\"Salvador Dal\u00ec, tra arte e mito\" \/>\n<meta property=\"og:description\" content=\"Salvador Dal\u00ec, tra arte e mito: visita la mostra dedicata al grande maestro surrealista al Museo della Fanteria di Roma.\" \/>\n<meta property=\"og:url\" content=\"https:\/\/www.romeing.it\/it\/salvador-dali-tra-arte-e-mito-mostra-roma\/\" \/>\n<meta property=\"og:site_name\" content=\"Romeing | Rome&#039;s english magazine, events and exhibitions in Rome\" \/>\n<meta property=\"article:publisher\" content=\"https:\/\/www.facebook.com\/Romeing.it\" \/>\n<meta property=\"article:published_time\" content=\"2025-01-29T11:18:48+00:00\" \/>\n<meta property=\"article:modified_time\" content=\"2025-12-03T20:31:26+00:00\" \/>\n<meta property=\"og:image\" content=\"https:\/\/www.romeing.it\/wp-content\/uploads\/2025\/12\/The-Bacchuschariot-Salvador-Dali-2.jpg\" \/>\n\t<meta property=\"og:image:width\" content=\"1200\" \/>\n\t<meta property=\"og:image:height\" content=\"939\" \/>\n\t<meta property=\"og:image:type\" content=\"image\/jpeg\" \/>\n<meta name=\"author\" content=\"Valentina Martinoli\" \/>\n<meta name=\"twitter:card\" content=\"summary_large_image\" \/>\n<meta name=\"twitter:creator\" content=\"@romeing\" \/>\n<meta name=\"twitter:site\" content=\"@romeing\" \/>\n<meta name=\"twitter:label1\" content=\"Scritto da\" \/>\n\t<meta name=\"twitter:data1\" content=\"Valentina Martinoli\" \/>\n\t<meta name=\"twitter:label2\" content=\"Tempo di lettura stimato\" \/>\n\t<meta name=\"twitter:data2\" content=\"3 minuti\" \/>\n<script type=\"application\/ld+json\" class=\"yoast-schema-graph\">{\"@context\":\"https:\\\/\\\/schema.org\",\"@graph\":[{\"@type\":\"NewsArticle\",\"@id\":\"https:\\\/\\\/www.romeing.it\\\/it\\\/salvador-dali-tra-arte-e-mito-mostra-roma\\\/#article\",\"isPartOf\":{\"@id\":\"https:\\\/\\\/www.romeing.it\\\/it\\\/salvador-dali-tra-arte-e-mito-mostra-roma\\\/\"},\"author\":{\"name\":\"Valentina Martinoli\",\"@id\":\"https:\\\/\\\/www.romeing.it\\\/it\\\/#\\\/schema\\\/person\\\/54e8bd3637f34425a9c6f5736631215a\"},\"headline\":\"Salvador Dal\u00ec, tra arte e mito\",\"datePublished\":\"2025-01-29T11:18:48+00:00\",\"dateModified\":\"2025-12-03T20:31:26+00:00\",\"mainEntityOfPage\":{\"@id\":\"https:\\\/\\\/www.romeing.it\\\/it\\\/salvador-dali-tra-arte-e-mito-mostra-roma\\\/\"},\"wordCount\":519,\"commentCount\":0,\"publisher\":{\"@id\":\"https:\\\/\\\/www.romeing.it\\\/it\\\/#organization\"},\"image\":{\"@id\":\"https:\\\/\\\/www.romeing.it\\\/it\\\/salvador-dali-tra-arte-e-mito-mostra-roma\\\/#primaryimage\"},\"thumbnailUrl\":\"https:\\\/\\\/www.romeing.it\\\/wp-content\\\/uploads\\\/2025\\\/12\\\/The-Bacchuschariot-Salvador-Dali-2.jpg\",\"articleSection\":[\"Eventi a Roma\",\"Mostre\"],\"inLanguage\":\"it-IT\",\"potentialAction\":[{\"@type\":\"CommentAction\",\"name\":\"Comment\",\"target\":[\"https:\\\/\\\/www.romeing.it\\\/it\\\/salvador-dali-tra-arte-e-mito-mostra-roma\\\/#respond\"]}],\"copyrightYear\":\"2025\",\"copyrightHolder\":{\"@id\":\"https:\\\/\\\/www.romeing.it\\\/#organization\"}},{\"@type\":\"WebPage\",\"@id\":\"https:\\\/\\\/www.romeing.it\\\/it\\\/salvador-dali-tra-arte-e-mito-mostra-roma\\\/\",\"url\":\"https:\\\/\\\/www.romeing.it\\\/it\\\/salvador-dali-tra-arte-e-mito-mostra-roma\\\/\",\"name\":\"Salvador Dal\u00ec, tra arte e mito al Museo della Fanteria - Romeing\",\"isPartOf\":{\"@id\":\"https:\\\/\\\/www.romeing.it\\\/it\\\/#website\"},\"primaryImageOfPage\":{\"@id\":\"https:\\\/\\\/www.romeing.it\\\/it\\\/salvador-dali-tra-arte-e-mito-mostra-roma\\\/#primaryimage\"},\"image\":{\"@id\":\"https:\\\/\\\/www.romeing.it\\\/it\\\/salvador-dali-tra-arte-e-mito-mostra-roma\\\/#primaryimage\"},\"thumbnailUrl\":\"https:\\\/\\\/www.romeing.it\\\/wp-content\\\/uploads\\\/2025\\\/12\\\/The-Bacchuschariot-Salvador-Dali-2.jpg\",\"datePublished\":\"2025-01-29T11:18:48+00:00\",\"dateModified\":\"2025-12-03T20:31:26+00:00\",\"description\":\"Salvador Dal\u00ec, tra arte e mito: visita la mostra dedicata al grande maestro surrealista al Museo della Fanteria di Roma.\",\"inLanguage\":\"it-IT\",\"potentialAction\":[{\"@type\":\"ReadAction\",\"target\":[\"https:\\\/\\\/www.romeing.it\\\/it\\\/salvador-dali-tra-arte-e-mito-mostra-roma\\\/\"]}]},{\"@type\":\"ImageObject\",\"inLanguage\":\"it-IT\",\"@id\":\"https:\\\/\\\/www.romeing.it\\\/it\\\/salvador-dali-tra-arte-e-mito-mostra-roma\\\/#primaryimage\",\"url\":\"https:\\\/\\\/www.romeing.it\\\/wp-content\\\/uploads\\\/2025\\\/12\\\/The-Bacchuschariot-Salvador-Dali-2.jpg\",\"contentUrl\":\"https:\\\/\\\/www.romeing.it\\\/wp-content\\\/uploads\\\/2025\\\/12\\\/The-Bacchuschariot-Salvador-Dali-2.jpg\",\"width\":1200,\"height\":939,\"caption\":\"Salvador Dal\u00ed: tra arte e mito\"},{\"@type\":\"WebSite\",\"@id\":\"https:\\\/\\\/www.romeing.it\\\/it\\\/#website\",\"url\":\"https:\\\/\\\/www.romeing.it\\\/it\\\/\",\"name\":\"Romeing: Rome's english magazine, events and exhibitions in Rome\",\"description\":\"Romeing is the english magazine for tourists and expats visiting or living in Rome. A guide to the best things to do and see in Rome &amp; Florence, attractions and restaurants with a listing of events and exhibitions.\",\"publisher\":{\"@id\":\"https:\\\/\\\/www.romeing.it\\\/it\\\/#organization\"},\"potentialAction\":[{\"@type\":\"SearchAction\",\"target\":{\"@type\":\"EntryPoint\",\"urlTemplate\":\"https:\\\/\\\/www.romeing.it\\\/it\\\/?s={search_term_string}\"},\"query-input\":{\"@type\":\"PropertyValueSpecification\",\"valueRequired\":true,\"valueName\":\"search_term_string\"}}],\"inLanguage\":\"it-IT\"},{\"@type\":\"Organization\",\"@id\":\"https:\\\/\\\/www.romeing.it\\\/it\\\/#organization\",\"name\":\"Romeing srl\",\"url\":\"https:\\\/\\\/www.romeing.it\\\/it\\\/\",\"logo\":{\"@type\":\"ImageObject\",\"inLanguage\":\"it-IT\",\"@id\":\"https:\\\/\\\/www.romeing.it\\\/it\\\/#\\\/schema\\\/logo\\\/image\\\/\",\"url\":\"https:\\\/\\\/www.romeing.it\\\/wp-content\\\/uploads\\\/2025\\\/12\\\/logo-quadrato-romeing.jpg\",\"contentUrl\":\"https:\\\/\\\/www.romeing.it\\\/wp-content\\\/uploads\\\/2025\\\/12\\\/logo-quadrato-romeing.jpg\",\"width\":696,\"height\":696,\"caption\":\"Romeing srl\"},\"image\":{\"@id\":\"https:\\\/\\\/www.romeing.it\\\/it\\\/#\\\/schema\\\/logo\\\/image\\\/\"},\"sameAs\":[\"https:\\\/\\\/www.facebook.com\\\/Romeing.it\",\"https:\\\/\\\/x.com\\\/romeing\",\"https:\\\/\\\/www.instagram.com\\\/romeing_magazine\\\/\",\"https:\\\/\\\/www.linkedin.com\\\/company\\\/romeing-srl\\\/\",\"https:\\\/\\\/www.pinterest.it\\\/romeing\\\/pins\\\/\",\"https:\\\/\\\/www.youtube.com\\\/@RomeingIt\"],\"email\":\"info@romeing.it\",\"legalName\":\"Romeing Srl\",\"foundingDate\":\"2010-12-01\",\"vatID\":\"11115241009\"},{\"@type\":\"Person\",\"@id\":\"https:\\\/\\\/www.romeing.it\\\/it\\\/#\\\/schema\\\/person\\\/54e8bd3637f34425a9c6f5736631215a\",\"name\":\"Valentina Martinoli\",\"image\":{\"@type\":\"ImageObject\",\"inLanguage\":\"it-IT\",\"@id\":\"https:\\\/\\\/secure.gravatar.com\\\/avatar\\\/acb5e89aeba74afae8d7b6d28692cc0d6908d8267f8c94fa4a18470daa55cfbd?s=96&d=mm&r=g\",\"url\":\"https:\\\/\\\/secure.gravatar.com\\\/avatar\\\/acb5e89aeba74afae8d7b6d28692cc0d6908d8267f8c94fa4a18470daa55cfbd?s=96&d=mm&r=g\",\"contentUrl\":\"https:\\\/\\\/secure.gravatar.com\\\/avatar\\\/acb5e89aeba74afae8d7b6d28692cc0d6908d8267f8c94fa4a18470daa55cfbd?s=96&d=mm&r=g\",\"caption\":\"Valentina Martinoli\"},\"description\":\"Valentina Martinoli is an italian art historian, journalist and content writer, based in Rome, specialised in cultural communication and exhibitions organisation. She fully agrees with Dostoevskij famous quote \\\"Beauty will save the world\\\".\",\"url\":\"https:\\\/\\\/www.romeing.it\\\/it\\\/author\\\/katiba\\\/\"}]}<\/script>\n<!-- \/ Yoast SEO Premium plugin. -->","yoast_head_json":{"title":"Salvador Dal\u00ec, tra arte e mito al Museo della Fanteria - Romeing","description":"Salvador Dal\u00ec, tra arte e mito: visita la mostra dedicata al grande maestro surrealista al Museo della Fanteria di Roma.","robots":{"index":"index","follow":"follow","max-snippet":"max-snippet:-1","max-image-preview":"max-image-preview:large","max-video-preview":"max-video-preview:-1"},"canonical":"https:\/\/www.romeing.it\/it\/salvador-dali-tra-arte-e-mito-mostra-roma\/","og_locale":"it_IT","og_type":"article","og_title":"Salvador Dal\u00ec, tra arte e mito","og_description":"Salvador Dal\u00ec, tra arte e mito: visita la mostra dedicata al grande maestro surrealista al Museo della Fanteria di Roma.","og_url":"https:\/\/www.romeing.it\/it\/salvador-dali-tra-arte-e-mito-mostra-roma\/","og_site_name":"Romeing | Rome&#039;s english magazine, events and exhibitions in Rome","article_publisher":"https:\/\/www.facebook.com\/Romeing.it","article_published_time":"2025-01-29T11:18:48+00:00","article_modified_time":"2025-12-03T20:31:26+00:00","og_image":[{"width":1200,"height":939,"url":"https:\/\/www.romeing.it\/wp-content\/uploads\/2025\/12\/The-Bacchuschariot-Salvador-Dali-2.jpg","type":"image\/jpeg"}],"author":"Valentina Martinoli","twitter_card":"summary_large_image","twitter_creator":"@romeing","twitter_site":"@romeing","twitter_misc":{"Scritto da":"Valentina Martinoli","Tempo di lettura stimato":"3 minuti"},"schema":{"@context":"https:\/\/schema.org","@graph":[{"@type":"NewsArticle","@id":"https:\/\/www.romeing.it\/it\/salvador-dali-tra-arte-e-mito-mostra-roma\/#article","isPartOf":{"@id":"https:\/\/www.romeing.it\/it\/salvador-dali-tra-arte-e-mito-mostra-roma\/"},"author":{"name":"Valentina Martinoli","@id":"https:\/\/www.romeing.it\/it\/#\/schema\/person\/54e8bd3637f34425a9c6f5736631215a"},"headline":"Salvador Dal\u00ec, tra arte e mito","datePublished":"2025-01-29T11:18:48+00:00","dateModified":"2025-12-03T20:31:26+00:00","mainEntityOfPage":{"@id":"https:\/\/www.romeing.it\/it\/salvador-dali-tra-arte-e-mito-mostra-roma\/"},"wordCount":519,"commentCount":0,"publisher":{"@id":"https:\/\/www.romeing.it\/it\/#organization"},"image":{"@id":"https:\/\/www.romeing.it\/it\/salvador-dali-tra-arte-e-mito-mostra-roma\/#primaryimage"},"thumbnailUrl":"https:\/\/www.romeing.it\/wp-content\/uploads\/2025\/12\/The-Bacchuschariot-Salvador-Dali-2.jpg","articleSection":["Eventi a Roma","Mostre"],"inLanguage":"it-IT","potentialAction":[{"@type":"CommentAction","name":"Comment","target":["https:\/\/www.romeing.it\/it\/salvador-dali-tra-arte-e-mito-mostra-roma\/#respond"]}],"copyrightYear":"2025","copyrightHolder":{"@id":"https:\/\/www.romeing.it\/#organization"}},{"@type":"WebPage","@id":"https:\/\/www.romeing.it\/it\/salvador-dali-tra-arte-e-mito-mostra-roma\/","url":"https:\/\/www.romeing.it\/it\/salvador-dali-tra-arte-e-mito-mostra-roma\/","name":"Salvador Dal\u00ec, tra arte e mito al Museo della Fanteria - Romeing","isPartOf":{"@id":"https:\/\/www.romeing.it\/it\/#website"},"primaryImageOfPage":{"@id":"https:\/\/www.romeing.it\/it\/salvador-dali-tra-arte-e-mito-mostra-roma\/#primaryimage"},"image":{"@id":"https:\/\/www.romeing.it\/it\/salvador-dali-tra-arte-e-mito-mostra-roma\/#primaryimage"},"thumbnailUrl":"https:\/\/www.romeing.it\/wp-content\/uploads\/2025\/12\/The-Bacchuschariot-Salvador-Dali-2.jpg","datePublished":"2025-01-29T11:18:48+00:00","dateModified":"2025-12-03T20:31:26+00:00","description":"Salvador Dal\u00ec, tra arte e mito: visita la mostra dedicata al grande maestro surrealista al Museo della Fanteria di Roma.","inLanguage":"it-IT","potentialAction":[{"@type":"ReadAction","target":["https:\/\/www.romeing.it\/it\/salvador-dali-tra-arte-e-mito-mostra-roma\/"]}]},{"@type":"ImageObject","inLanguage":"it-IT","@id":"https:\/\/www.romeing.it\/it\/salvador-dali-tra-arte-e-mito-mostra-roma\/#primaryimage","url":"https:\/\/www.romeing.it\/wp-content\/uploads\/2025\/12\/The-Bacchuschariot-Salvador-Dali-2.jpg","contentUrl":"https:\/\/www.romeing.it\/wp-content\/uploads\/2025\/12\/The-Bacchuschariot-Salvador-Dali-2.jpg","width":1200,"height":939,"caption":"Salvador Dal\u00ed: tra arte e mito"},{"@type":"WebSite","@id":"https:\/\/www.romeing.it\/it\/#website","url":"https:\/\/www.romeing.it\/it\/","name":"Romeing: Rome's english magazine, events and exhibitions in Rome","description":"Romeing is the english magazine for tourists and expats visiting or living in Rome. A guide to the best things to do and see in Rome &amp; Florence, attractions and restaurants with a listing of events and exhibitions.","publisher":{"@id":"https:\/\/www.romeing.it\/it\/#organization"},"potentialAction":[{"@type":"SearchAction","target":{"@type":"EntryPoint","urlTemplate":"https:\/\/www.romeing.it\/it\/?s={search_term_string}"},"query-input":{"@type":"PropertyValueSpecification","valueRequired":true,"valueName":"search_term_string"}}],"inLanguage":"it-IT"},{"@type":"Organization","@id":"https:\/\/www.romeing.it\/it\/#organization","name":"Romeing srl","url":"https:\/\/www.romeing.it\/it\/","logo":{"@type":"ImageObject","inLanguage":"it-IT","@id":"https:\/\/www.romeing.it\/it\/#\/schema\/logo\/image\/","url":"https:\/\/www.romeing.it\/wp-content\/uploads\/2025\/12\/logo-quadrato-romeing.jpg","contentUrl":"https:\/\/www.romeing.it\/wp-content\/uploads\/2025\/12\/logo-quadrato-romeing.jpg","width":696,"height":696,"caption":"Romeing srl"},"image":{"@id":"https:\/\/www.romeing.it\/it\/#\/schema\/logo\/image\/"},"sameAs":["https:\/\/www.facebook.com\/Romeing.it","https:\/\/x.com\/romeing","https:\/\/www.instagram.com\/romeing_magazine\/","https:\/\/www.linkedin.com\/company\/romeing-srl\/","https:\/\/www.pinterest.it\/romeing\/pins\/","https:\/\/www.youtube.com\/@RomeingIt"],"email":"info@romeing.it","legalName":"Romeing Srl","foundingDate":"2010-12-01","vatID":"11115241009"},{"@type":"Person","@id":"https:\/\/www.romeing.it\/it\/#\/schema\/person\/54e8bd3637f34425a9c6f5736631215a","name":"Valentina Martinoli","image":{"@type":"ImageObject","inLanguage":"it-IT","@id":"https:\/\/secure.gravatar.com\/avatar\/acb5e89aeba74afae8d7b6d28692cc0d6908d8267f8c94fa4a18470daa55cfbd?s=96&d=mm&r=g","url":"https:\/\/secure.gravatar.com\/avatar\/acb5e89aeba74afae8d7b6d28692cc0d6908d8267f8c94fa4a18470daa55cfbd?s=96&d=mm&r=g","contentUrl":"https:\/\/secure.gravatar.com\/avatar\/acb5e89aeba74afae8d7b6d28692cc0d6908d8267f8c94fa4a18470daa55cfbd?s=96&d=mm&r=g","caption":"Valentina Martinoli"},"description":"Valentina Martinoli is an italian art historian, journalist and content writer, based in Rome, specialised in cultural communication and exhibitions organisation. She fully agrees with Dostoevskij famous quote \"Beauty will save the world\".","url":"https:\/\/www.romeing.it\/it\/author\/katiba\/"}]}},"uagb_featured_image_src":{"full":["https:\/\/www.romeing.it\/wp-content\/uploads\/2025\/12\/The-Bacchuschariot-Salvador-Dali-2.jpg",1200,939,false],"thumbnail":["https:\/\/www.romeing.it\/wp-content\/uploads\/2025\/12\/The-Bacchuschariot-Salvador-Dali-2-150x150.jpg",150,150,true],"medium":["https:\/\/www.romeing.it\/wp-content\/uploads\/2025\/12\/The-Bacchuschariot-Salvador-Dali-2-300x235.jpg",300,235,true],"medium_large":["https:\/\/www.romeing.it\/wp-content\/uploads\/2025\/12\/The-Bacchuschariot-Salvador-Dali-2-768x601.jpg",768,601,true],"large":["https:\/\/www.romeing.it\/wp-content\/uploads\/2025\/12\/The-Bacchuschariot-Salvador-Dali-2-1024x801.jpg",800,626,true],"1536x1536":["https:\/\/www.romeing.it\/wp-content\/uploads\/2025\/12\/The-Bacchuschariot-Salvador-Dali-2.jpg",1200,939,false],"2048x2048":["https:\/\/www.romeing.it\/wp-content\/uploads\/2025\/12\/The-Bacchuschariot-Salvador-Dali-2.jpg",1200,939,false]},"uagb_author_info":{"display_name":"Valentina Martinoli","author_link":"https:\/\/www.romeing.it\/it\/author\/katiba\/"},"uagb_comment_info":0,"uagb_excerpt":"Salvador Dal\u00ec, tra arte e mito: visita la mostra dedicata al grande maestro surrealista al Museo della Fanteria di Roma.","_links":{"self":[{"href":"https:\/\/www.romeing.it\/it\/wp-json\/wp\/v2\/posts\/105175","targetHints":{"allow":["GET"]}}],"collection":[{"href":"https:\/\/www.romeing.it\/it\/wp-json\/wp\/v2\/posts"}],"about":[{"href":"https:\/\/www.romeing.it\/it\/wp-json\/wp\/v2\/types\/post"}],"author":[{"embeddable":true,"href":"https:\/\/www.romeing.it\/it\/wp-json\/wp\/v2\/users\/1576"}],"replies":[{"embeddable":true,"href":"https:\/\/www.romeing.it\/it\/wp-json\/wp\/v2\/comments?post=105175"}],"version-history":[{"count":2,"href":"https:\/\/www.romeing.it\/it\/wp-json\/wp\/v2\/posts\/105175\/revisions"}],"predecessor-version":[{"id":105671,"href":"https:\/\/www.romeing.it\/it\/wp-json\/wp\/v2\/posts\/105175\/revisions\/105671"}],"wp:featuredmedia":[{"embeddable":true,"href":"https:\/\/www.romeing.it\/it\/wp-json\/wp\/v2\/media\/65541"}],"wp:attachment":[{"href":"https:\/\/www.romeing.it\/it\/wp-json\/wp\/v2\/media?parent=105175"}],"wp:term":[{"taxonomy":"category","embeddable":true,"href":"https:\/\/www.romeing.it\/it\/wp-json\/wp\/v2\/categories?post=105175"},{"taxonomy":"post_tag","embeddable":true,"href":"https:\/\/www.romeing.it\/it\/wp-json\/wp\/v2\/tags?post=105175"}],"curies":[{"name":"wp","href":"https:\/\/api.w.org\/{rel}","templated":true}]}}