{"id":123000,"date":"2026-03-20T11:14:27","date_gmt":"2026-03-20T10:14:27","guid":{"rendered":"https:\/\/www.romeing.it\/?p=123000"},"modified":"2026-03-31T14:29:14","modified_gmt":"2026-03-31T12:29:14","slug":"istituti-di-cultura-e-accademie-a-roma","status":"publish","type":"post","link":"https:\/\/www.romeing.it\/it\/istituti-di-cultura-e-accademie-a-roma\/","title":{"rendered":"Istituti di cultura e Accademie a Roma"},"content":{"rendered":"\n<h1 class=\"wp-block-heading\" id=\"h-luoghi-nascosti-tra-arte-ricerca-e-scambi-internazionali\">Luoghi nascosti tra arte, ricerca e scambi internazionali<\/h1>\n\n\n\n<p>Si parla, ormai troppo spesso, di Roma come di un museo a cielo aperto. Ma la vita culturale di questa citt\u00e0 millenaria non si ferma ai monumenti e alle attrazioni da cartolina.<\/p>\n\n\n\n<p>Diffuse tra i colli e i diversi quartieri di Roma, le<strong> accademie e gli istituti di cultura stranieri<\/strong> rappresentano degli spazi di bellezza in cui il passato e il presente internazionale della capitale si intrecciano. A voler ben guardare, il patrimonio di Roma si estende e si sviluppa anche all\u2019interno di quei palazzi e di quelle ville che negli anni hanno accolto artisti provenienti da ogni angolo di mondo grazie a borse di studio e progetti finanziati.<\/p>\n\n\n\n<p>Gli <strong>istituti culturali stranieri sono veri e propri laboratori d\u2019arte, pittura, fotografia, studi umanistici e archeologic<\/strong>i dove, attraverso scambi e contaminazioni, la citt\u00e0 promuove creativit\u00e0, ricerca artistica, accademica e scientifica, e riscopre la sua vocazione cosmopolita.<\/p>\n\n\n\n<p>Dai giardini di Villa Medici, all\u2019eleganza dell\u2019Accademia di Danimarca, all\u2019architettura dell\u2019Istituto giapponese, questi luoghi portatori di lingue e culture diverse si integrano nel paesaggio romano e si aprono al pubblico organizzando mostre, eventi musicali, conferenze, permettendo la consultazione di archivi e biblioteche specializzate, offrendo cos\u00ec a tutti la possibilit\u00e0 di viaggiare lontano pur rimanendo all\u2019interno del circuito urbano.<\/p>\n\n\n\n<hr class=\"wp-block-separator has-alpha-channel-opacity\"\/>\n\n\n\n<h3 class=\"wp-block-heading\" id=\"h-accademia-americana\">Accademia Americana<\/h3>\n\n\n\n<p><em>Via Angelo Masina, 5<br><a href=\"https:\/\/aarome.org\/\" target=\"_blank\" rel=\"noreferrer noopener\">aarome.org<\/a><\/em><\/p>\n\n\n\n<figure class=\"wp-block-image aligncenter size-full\"><img fetchpriority=\"high\" decoding=\"async\" width=\"770\" height=\"433\" src=\"https:\/\/www.romeing.it\/wp-content\/uploads\/2025\/12\/American-Academy-in-Rome-1-1-1.jpg\" alt=\"American-Academy-in-Rome-1-1\" class=\"wp-image-86094\" srcset=\"https:\/\/www.romeing.it\/wp-content\/uploads\/2025\/12\/American-Academy-in-Rome-1-1-1.jpg 770w, https:\/\/www.romeing.it\/wp-content\/uploads\/2025\/12\/American-Academy-in-Rome-1-1-1-300x169.jpg 300w, https:\/\/www.romeing.it\/wp-content\/uploads\/2025\/12\/American-Academy-in-Rome-1-1-1-768x432.jpg 768w\" sizes=\"(max-width: 770px) 100vw, 770px\" \/><\/figure>\n\n\n\n<p>Dal 1894, l\u2019American Academy in Rome sostiene artisti, scrittori e studiosi innovativi, offrendo loro la possibilit\u00e0 di vivere e lavorare in una comunit\u00e0 internazionale dinamica. Istituzione privata e senza scopo di lucro, ogni anno ospita circa 30 vincitori del Rome Prize, selezionati da giurie indipendenti.<\/p>\n\n\n\n<p>La Biblioteca dell\u2019Accademia, con oltre 167.000 volumi, offre una collezione unica di manoscritti e testi su studi classici, storia dell\u2019arte, epigrafia, numismatica e papirologia. L\u2019Arthur Ross Reading Room e la Barbara Goldsmith Rare Book Room permettono lo studio e la consultazione di edizioni rare in un ambiente tranquillo e raffinato. L\u2019Accademia promuove inoltre la creativit\u00e0 e la sostenibilit\u00e0 alimentare attraverso il Rome Sustainable Food Project.<\/p>\n\n\n\n<p>L\u2019Accademia offre visite guidate gratuite il mercoled\u00ec alle ore 10:00 in inglese e italiano, previa prenotazione via email.<\/p>\n\n\n\n<hr class=\"wp-block-separator has-alpha-channel-opacity\"\/>\n\n\n\n<h3 class=\"wp-block-heading\" id=\"h-accademia-belgica\">Accademia Belgica<\/h3>\n\n\n\n<p><em>Via Omero, 8<\/em><br><a href=\"https:\/\/www.instagram.com\/academia_belgica\/\" target=\"_blank\" rel=\"noreferrer noopener\">instagram.com\/academia_belgica\/<\/a><\/p>\n\n\n\n<figure class=\"wp-block-image aligncenter size-large\"><img decoding=\"async\" width=\"1024\" height=\"683\" src=\"https:\/\/www.romeing.it\/wp-content\/uploads\/2025\/12\/ACCADEMIA_BELGICA-1024x683.jpg\" alt=\"Istituti e Accademie a Roma\" class=\"wp-image-53384\" srcset=\"https:\/\/www.romeing.it\/wp-content\/uploads\/2025\/12\/ACCADEMIA_BELGICA-1024x683.jpg 1024w, https:\/\/www.romeing.it\/wp-content\/uploads\/2025\/12\/ACCADEMIA_BELGICA-300x200.jpg 300w, https:\/\/www.romeing.it\/wp-content\/uploads\/2025\/12\/ACCADEMIA_BELGICA-768x512.jpg 768w, https:\/\/www.romeing.it\/wp-content\/uploads\/2025\/12\/ACCADEMIA_BELGICA.jpg 1200w\" sizes=\"(max-width: 1024px) 100vw, 1024px\" \/><\/figure>\n\n\n\n<p>L\u2019Accademia belga a Roma \u00e8 una fondazione culturale e scientifica (nata nel 1939) che promuove lo scambio intellettuale tra il Belgio e l\u2019Italia, ospitando ricercatori, artisti e borse di studio e organizzando eventi, conferenze e mostre per favorire relazioni culturali e accademiche tra i due Paesi. Collocata in un edificio d\u2019epoca dal carattere razionalista con arredi storici, la sede offre un ambiente dedicato alla ricerca, creazione e collaborazione internazionale, con una vasta biblioteca specializzata in storia, archeologia, religione e scienze e uno spazio per l\u2019organizzazione di iniziative culturali aperte al pubblico e alla comunit\u00e0 accademica.<\/p>\n\n\n\n<hr class=\"wp-block-separator has-alpha-channel-opacity\"\/>\n\n\n\n<h3 class=\"wp-block-heading\" id=\"h-british-school\">British School<\/h3>\n\n\n\n<p><em>Via Antonio Gramsci, 61<br><\/em><a href=\"https:\/\/bsr.ac.uk\/\" target=\"_blank\" rel=\"noreferrer noopener\">bsr.ac.uk<\/a><\/p>\n\n\n\n<figure class=\"wp-block-image aligncenter size-large\"><img decoding=\"async\" width=\"1024\" height=\"683\" src=\"https:\/\/www.romeing.it\/wp-content\/uploads\/2025\/12\/british-school-in-rome-1-1024x683.jpg\" alt=\"\" class=\"wp-image-81360\" srcset=\"https:\/\/www.romeing.it\/wp-content\/uploads\/2025\/12\/british-school-in-rome-1-1024x683.jpg 1024w, https:\/\/www.romeing.it\/wp-content\/uploads\/2025\/12\/british-school-in-rome-1-300x200.jpg 300w, https:\/\/www.romeing.it\/wp-content\/uploads\/2025\/12\/british-school-in-rome-1-768x512.jpg 768w, https:\/\/www.romeing.it\/wp-content\/uploads\/2025\/12\/british-school-in-rome-1.jpg 1200w\" sizes=\"(max-width: 1024px) 100vw, 1024px\" \/><\/figure>\n\n\n\n<p>Fondata nel 1901, la British School at Rome (BSR) \u00e8 un centro di eccellenza per la ricerca interdisciplinare nel Mediterraneo, con particolare attenzione all\u2019archeologia, alla topografia, alle arti e alle scienze umane e sociali. Situata a Valle Giulia, tra la Galleria Nazionale d\u2019Arte Moderna e Contemporanea e la Facolt\u00e0 di Architettura, ha sede in un edificio progettato da Edwin Lutyens e inaugurato in occasione dell\u2019Esposizione Internazionale di Roma del 1911.<\/p>\n\n\n\n<p>La British School at Rome promuove e ospita attivit\u00e0 di ricerca provenienti dal Regno Unito, con centri dedicati alle belle arti e alle discipline umanistiche, oltre a una summer school per studenti universitari e corsi post-laurea. Dispone di una biblioteca di circa 110.000 volumi tra libri e periodici, accessibile anche a studiosi non residenti, e organizza numerosi eventi pubblici mensili, tra conferenze e workshop, fruibili sia in presenza sia online previa registrazione.<\/p>\n\n\n\n<hr class=\"wp-block-separator has-alpha-channel-opacity\"\/>\n\n\n\n<h3 class=\"wp-block-heading\" id=\"h-accademia-di-danimarca\">Accademia di Danimarca<\/h3>\n\n\n\n<p><em>Via Omero, 18<br><\/em><a href=\"https:\/\/acdan.it\/\" target=\"_blank\" rel=\"noreferrer noopener\">acdan.it<\/a><\/p>\n\n\n\n<figure class=\"wp-block-image aligncenter size-large\"><img loading=\"lazy\" decoding=\"async\" width=\"1024\" height=\"633\" src=\"https:\/\/www.romeing.it\/wp-content\/uploads\/2025\/12\/accademia-di-danimarca-1024x633.jpg\" alt=\"Open House Roma 2019\" class=\"wp-image-48327\" srcset=\"https:\/\/www.romeing.it\/wp-content\/uploads\/2025\/12\/accademia-di-danimarca-1024x633.jpg 1024w, https:\/\/www.romeing.it\/wp-content\/uploads\/2025\/12\/accademia-di-danimarca-300x186.jpg 300w, https:\/\/www.romeing.it\/wp-content\/uploads\/2025\/12\/accademia-di-danimarca-768x475.jpg 768w, https:\/\/www.romeing.it\/wp-content\/uploads\/2025\/12\/accademia-di-danimarca.jpg 1200w\" sizes=\"(max-width: 1024px) 100vw, 1024px\" \/><figcaption class=\"wp-element-caption\">Danish Academy, Ph: Jens Lindhe<\/figcaption><\/figure>\n\n\n\n<p>Italia e Danimarca condividono da tempo un forte legame culturale che va ben oltre l\u2019attenzione comune per il design elegante e funzionale. Gi\u00e0 all\u2019inizio dell\u2019Ottocento si registrano presenze danesi a Roma, come la fondazione di una \u201ccollezione libraria dei danesi a Roma\u201d, antesignana del Circolo Scandinavo.<\/p>\n\n\n\n<p>Un ruolo centrale in questo dialogo \u00e8 svolto dall\u2019Accademia di Danimarca a Roma (Det Danske Institut i Rom), fondata nel 1956 e trasferita nel 1967 nella sede di Valle Giulia. Progettato da Kay Fisker come ultima grande opera della sua carriera, l\u2019edificio \u00e8 un notevole esempio di funzionalismo scandinavo. L\u2019Istituto promuove la cultura danese attraverso attivit\u00e0 di ricerca, una ricca biblioteca specializzata e programmi di borse di studio, sostenendo studiosi e artisti grazie alla Fondazione Regina Ingrid e rafforzando cos\u00ec lo storico legame culturale tra Danimarca e Italia.<\/p>\n\n\n\n<hr class=\"wp-block-separator has-alpha-channel-opacity\"\/>\n\n\n\n<h3 class=\"wp-block-heading\" id=\"h-accademia-d-egitto\">Accademia d\u2019Egitto<\/h3>\n\n\n\n<p><em>Via Omero, 4<br><\/em><a href=\"https:\/\/accademiaegitto.org\/\" target=\"_blank\" rel=\"noreferrer noopener\">accademiaegitto.org<\/a><\/p>\n\n\n\n<figure class=\"wp-block-image aligncenter size-full\"><img loading=\"lazy\" decoding=\"async\" width=\"1024\" height=\"570\" src=\"https:\/\/www.romeing.it\/wp-content\/uploads\/2026\/02\/accademia-egitto-a-roma.jpg\" alt=\"accademia egitto a roma\" class=\"wp-image-124194\" srcset=\"https:\/\/www.romeing.it\/wp-content\/uploads\/2026\/02\/accademia-egitto-a-roma.jpg 1024w, https:\/\/www.romeing.it\/wp-content\/uploads\/2026\/02\/accademia-egitto-a-roma-300x167.jpg 300w, https:\/\/www.romeing.it\/wp-content\/uploads\/2026\/02\/accademia-egitto-a-roma-768x428.jpg 768w\" sizes=\"(max-width: 1024px) 100vw, 1024px\" \/><\/figure>\n\n\n\n<p>L\u2019Accademia Egiziana di Roma, fondata nel 1929 da Youssef Kamel e Ragheb Ayad per promuovere la cultura egiziana, araba e africana in Italia, \u00e8 l\u2019unica istituzione romana che rappresenta l\u2019Africa e il mondo arabo. Trasferitasi a Valle Giulia nel 1966 e ristrutturata nel 2008, l\u2019Accademia unisce tradizione e modernit\u00e0 in un edificio elegante e funzionale.<\/p>\n\n\n\n<p>\u00c8 provvista di biblioteca, teatro, ristorante e offre corsi per bambini oltre a un ricco programma culturale di concerti, mostre e conferenze. Un\u2019attrazione speciale \u00e8 la riproduzione della tomba di Tutankhamon IX, con 28 pezzi ricreati tra cui un trono dorato e la struttura dei sarcofagi, permettendo ai visitatori di immergersi nell\u2019arte dell\u2019antico Egitto. L\u2019esposizione \u00e8 visitabile gratuitamente dal luned\u00ec al venerd\u00ec, su prenotazione.<\/p>\n\n\n\n<hr class=\"wp-block-separator has-alpha-channel-opacity\"\/>\n\n\n\n<h3 class=\"wp-block-heading\" id=\"h-istituto-finlandese-di-roma\">Istituto Finlandese di Roma<\/h3>\n\n\n\n<p><em>Passeggiata del Gianicolo, 10<br><\/em><a href=\"https:\/\/irfrome.org\/\" target=\"_blank\" rel=\"noreferrer noopener\">irfrome.org<\/a><\/p>\n\n\n\n<figure class=\"wp-block-image aligncenter size-large\"><img loading=\"lazy\" decoding=\"async\" width=\"1024\" height=\"683\" src=\"https:\/\/www.romeing.it\/wp-content\/uploads\/2025\/12\/finnish-institute-of-rome-1024x683.jpg\" alt=\"\" class=\"wp-image-53392\" srcset=\"https:\/\/www.romeing.it\/wp-content\/uploads\/2025\/12\/finnish-institute-of-rome-1024x683.jpg 1024w, https:\/\/www.romeing.it\/wp-content\/uploads\/2025\/12\/finnish-institute-of-rome-300x200.jpg 300w, https:\/\/www.romeing.it\/wp-content\/uploads\/2025\/12\/finnish-institute-of-rome-768x512.jpg 768w, https:\/\/www.romeing.it\/wp-content\/uploads\/2025\/12\/finnish-institute-of-rome.jpg 1200w\" sizes=\"(max-width: 1024px) 100vw, 1024px\" \/><\/figure>\n\n\n\n<p>Non sorprende che l\u2019edificio che oggi ospita l\u2019Istituto Finlandese di Roma sia opera di Giulio Romano, uno dei discepoli di Raffaello. Costruita dalla famiglia Lante nel Rinascimento, Villa Lante al Gianicolo \u00e8 un edificio straordinario, con affreschi originali e un vasto soffitto decorato per la famiglia aristocratica proprietaria. La villa ha visto passare figure politiche e culturali di rilievo, come l\u2019ambasciatore francese Georges d\u2019Armagnac, il principe Camillo Borghese e l\u2019archeologo tedesco Wolfgang Helbig, che la trasform\u00f2 in un centro culturale nel 1887.<\/p>\n\n\n\n<p>Nel 1950, il finanziere e mecenate finlandese Amos Anderson don\u00f2 la villa per fondare l\u2019Istituto Romanum Finlandiae, inaugurato nel 1954 per consentire agli studiosi finlandesi di svolgere ricerche e studi a Roma. Le attivit\u00e0 principali riguardano gli studi classici, la storia antica e medievale, la filologia e la storia dell\u2019arte, ma l\u2019istituto organizza anche conferenze, concerti e altri eventi culturali.<\/p>\n\n\n\n<hr class=\"wp-block-separator has-alpha-channel-opacity\"\/>\n\n\n\n<h3 class=\"wp-block-heading\" id=\"h-accademia-di-francia-a-roma-villa-medici\">Accademia di Francia a Roma \u2013 Villa Medici<\/h3>\n\n\n\n<p><em>Viale della Trinit\u00e0 dei Monti, 1<br><\/em><a href=\"https:\/\/www.villamedici.it\" target=\"_blank\" rel=\"noreferrer noopener\">villamedici.it<\/a><\/p>\n\n\n\n<figure class=\"wp-block-image aligncenter size-large\"><img loading=\"lazy\" decoding=\"async\" width=\"1024\" height=\"684\" src=\"https:\/\/www.romeing.it\/wp-content\/uploads\/2025\/09\/villa-medici-@claudiagori-1024x684.jpg\" alt=\"Villa Medici French Academy Rome\" class=\"wp-image-1680\" srcset=\"https:\/\/www.romeing.it\/wp-content\/uploads\/2025\/09\/villa-medici-@claudiagori-1024x684.jpg 1024w, https:\/\/www.romeing.it\/wp-content\/uploads\/2025\/09\/villa-medici-@claudiagori-300x200.jpg 300w, https:\/\/www.romeing.it\/wp-content\/uploads\/2025\/09\/villa-medici-@claudiagori-768x513.jpg 768w, https:\/\/www.romeing.it\/wp-content\/uploads\/2025\/09\/villa-medici-@claudiagori.jpg 1200w\" sizes=\"(max-width: 1024px) 100vw, 1024px\" \/><\/figure>\n\n\n\n<p>Villa Medici \u00e8 una delle ville pi\u00f9 affascinanti di Roma: grazie alla sua posizione privilegiata con vista sull\u2019intera citt\u00e0, ai 18 acri di giardini ricchi di fontane e sculture e a una storia culturale lunga duemila anni, offre un\u2019esperienza profondamente romana e indimenticabile. Sede dell\u2019Accademia di Francia, la villa e i giardini sono aperti al pubblico con visite guidate &#8211; in italiano, inglese e francese &#8211; che accompagnano i visitatori in un percorso architettonico, artistico e culturale da fiaba.<\/p>\n\n\n\n<p>Acquistata da Ferdinando de\u2019 Medici nel 1576, la villa divenne nel 1666 sede dell\u2019Accademia di Francia per volont\u00e0 di Luigi XIV, che invi\u00f2 a Roma i migliori artisti francesi per studiare l\u2019arte classica. Nel tempo ha ospitato grandi nomi come Boucher, Fragonard e Jacques-Louis David. Oggi continua a essere un vivace centro culturale, con <a href=\"https:\/\/www.romeing.it\/it\/mostre-a-roma\/\" type=\"page\" id=\"42572\">mostre<\/a>, festival ed eventi annuali come il Festival des cabanes e quello di cinema e la mostra dei borsisti.<\/p>\n\n\n\n<hr class=\"wp-block-separator has-alpha-channel-opacity\"\/>\n\n\n\n<h3 class=\"wp-block-heading\" id=\"h-istituto-giapponese-di-cultura\">Istituto Giapponese di Cultura<\/h3>\n\n\n\n<p><em>Via Antonio Gramsci, 74<br><\/em><a href=\"https:\/\/www.villamedici.it\" target=\"_blank\" rel=\"noreferrer noopener\">jfroma.it<\/a><\/p>\n\n\n\n<figure class=\"wp-block-image aligncenter size-full\"><img loading=\"lazy\" decoding=\"async\" width=\"1200\" height=\"800\" src=\"https:\/\/www.romeing.it\/wp-content\/uploads\/2020\/03\/Japan-Cultural-Institute-in-Rome.jpg\" alt=\"istituto giapponese di cultura\" class=\"wp-image-124219\" srcset=\"https:\/\/www.romeing.it\/wp-content\/uploads\/2020\/03\/Japan-Cultural-Institute-in-Rome.jpg 1200w, https:\/\/www.romeing.it\/wp-content\/uploads\/2020\/03\/Japan-Cultural-Institute-in-Rome-300x200.jpg 300w, https:\/\/www.romeing.it\/wp-content\/uploads\/2020\/03\/Japan-Cultural-Institute-in-Rome-1024x683.jpg 1024w, https:\/\/www.romeing.it\/wp-content\/uploads\/2020\/03\/Japan-Cultural-Institute-in-Rome-768x512.jpg 768w\" sizes=\"(max-width: 1200px) 100vw, 1200px\" \/><\/figure>\n\n\n\n<p>L\u2019Istituto Giapponese di Cultura \u00e8 stato inaugurato ufficialmente nel 1962, diventando il primo istituto culturale giapponese all\u2019estero. Gestito dalla Japan Foundation, ha l\u2019obiettivo di diffondere e valorizzare la cultura giapponese in Italia. L\u2019edificio, progettato dall\u2019architetto Yoshida Isoya, richiama l\u2019architettura tradizionale del periodo Heian e utilizza materiali come legno, carta di riso, tessuti, superfici dorate e porte scorrevoli per ricreare l\u2019atmosfera di una residenza aristocratica. All\u2019esterno si trova un giardino tradizionale giapponese, progettato dal celebre paesaggista Ken Nakajima.<\/p>\n\n\n\n<p>L\u2019Istituto offre un ricco programma di attivit\u00e0 culturali, tra cui corsi di lingua giapponese, concerti, mostre, rassegne cinematografiche con sottotitoli in italiano e altri eventi gratuiti dedicati alla societ\u00e0 e alla cultura contemporanea del Giappone. Dispone inoltre di una biblioteca con oltre 36.000 volumi in diverse lingue, tra manga, romanzi, saggi, riviste, e-book, film, documentari e risorse digitali specialistiche, rappresentando la pi\u00f9 ampia collezione sul Giappone disponibile in Italia.<\/p>\n\n\n\n<hr class=\"wp-block-separator has-alpha-channel-opacity\"\/>\n\n\n\n<h3 class=\"wp-block-heading\" id=\"h-accademia-reale-di-spagna\">Accademia Reale di Spagna<\/h3>\n\n\n\n<p><em>Piazza di San Pietro in Montorio, 3<br><\/em><a href=\"https:\/\/www.accademiaspagna.org\/\" target=\"_blank\" rel=\"noreferrer noopener\">accademiaspagna.org<\/a><\/p>\n\n\n\n<figure class=\"wp-block-image aligncenter size-full\"><img loading=\"lazy\" decoding=\"async\" width=\"1024\" height=\"683\" src=\"https:\/\/www.romeing.it\/wp-content\/uploads\/2025\/12\/spanish-academy-rome-1.jpg\" alt=\"Istituti di cultura e accademie a Roma\" class=\"wp-image-81366\" srcset=\"https:\/\/www.romeing.it\/wp-content\/uploads\/2025\/12\/spanish-academy-rome-1.jpg 1024w, https:\/\/www.romeing.it\/wp-content\/uploads\/2025\/12\/spanish-academy-rome-1-300x200.jpg 300w, https:\/\/www.romeing.it\/wp-content\/uploads\/2025\/12\/spanish-academy-rome-1-768x512.jpg 768w\" sizes=\"(max-width: 1024px) 100vw, 1024px\" \/><\/figure>\n\n\n\n<p>Situata sulla seconda collina pi\u00f9 alta di Roma, sulla riva destra del Tevere, la Real Academia de Espa\u00f1a offre una delle viste pi\u00f9 suggestive sulla citt\u00e0 eterna. Dietro l\u2019aspetto austero e quasi monastico dell\u2019esterno, il complesso custodisce un ricco patrimonio storico: nei sotterranei emergono mura romane, resti di una cisterna e decorazioni con colonne classiche, testimonianze di un passato antico di cui non \u00e8 del tutto chiara la funzione originaria. A partire dal IX secolo l\u2019area fu abitata da monaci e ordini religiosi, mentre la trasformazione decisiva avvenne dal 1481 grazie a una donazione dei Re Cattolici, Isabella di Castiglia e Ferdinando d\u2019Aragona. Tra XVI e XIX secolo il complesso si ampli\u00f2, con la decorazione del chiostro dedicata alla vita di San Francesco, fino a diventare ufficialmente accademia nel 1873, luogo di formazione e soggiorno per artisti spagnoli. <\/p>\n\n\n\n<p>L\u2019Accademia \u00e8 annessa alla chiesa di <a href=\"https:\/\/www.romeing.it\/it\/san-pietro-in-montorio-tempietto-del-bramante-roma\/\">San Pietro in Montorio<\/a>, accanto al celebre Tempietto del Bramante, tradizionalmente ritenuto il luogo della crocifissione di San Pietro. Gli spazi interni evocano l\u2019architettura andalusa, con porticati arabeggianti, cortili e affreschi dedicati alla storia francescana. Il complesso ospita inoltre una biblioteca specializzata con oltre 12.000 volumi e una vivace programmazione culturale fatta di mostre, conferenze e concerti, confermandosi come un importante ponte culturale tra Spagna e Italia.<\/p>\n\n\n\n<hr class=\"wp-block-separator has-alpha-channel-opacity\"\/>\n\n\n\n<h3 class=\"wp-block-heading\" id=\"h-accademia-d-ungheria-in-roma\">Accademia d\u2019Ungheria in Roma<\/h3>\n\n\n\n<p><em>Via Giulia, 1 \u2013 Palazzo Falconieri<\/em><br><a href=\"https:\/\/culture.hu\/it\/roma\" target=\"_blank\" rel=\"noreferrer noopener\">culture.hu\/it\/roma<\/a><\/p>\n\n\n\n<figure class=\"wp-block-image aligncenter size-full\"><img loading=\"lazy\" decoding=\"async\" width=\"800\" height=\"563\" src=\"https:\/\/www.romeing.it\/wp-content\/uploads\/2025\/12\/hungarian-academy-rome-2.jpg\" alt=\"Istituti di cultura e accademie a Roma\" class=\"wp-image-75547\" srcset=\"https:\/\/www.romeing.it\/wp-content\/uploads\/2025\/12\/hungarian-academy-rome-2.jpg 800w, https:\/\/www.romeing.it\/wp-content\/uploads\/2025\/12\/hungarian-academy-rome-2-300x211.jpg 300w, https:\/\/www.romeing.it\/wp-content\/uploads\/2025\/12\/hungarian-academy-rome-2-768x540.jpg 768w\" sizes=\"(max-width: 800px) 100vw, 800px\" \/><\/figure>\n\n\n\n<p>Situata nello storico Palazzo Falconieri, lungo Via Giulia, una delle strade pi\u00f9 affascinanti del centro di Roma, l\u2019Accademia di Ungheria rappresenta oggi un importante punto di riferimento per il dialogo culturale tra Italia e Ungheria. Gli ambienti del palazzo, ricchi di storia e suggestione, fanno da cornice a una programmazione dinamica che spazia dall\u2019arte contemporanea alla musica, dal cinema alla letteratura.<\/p>\n\n\n\n<p>All\u2019interno dell\u2019istituto si trova anche una biblioteca specializzata, dedicata in particolare alla cultura ungherese e alle relazioni storico-artistiche tra i due paesi. L\u2019accesso \u00e8 riservato principalmente a studiosi e ricercatori e avviene su richiesta.<\/p>\n\n\n\n<p>Pi\u00f9 che una semplice meta da visitare, l\u2019Accademia d\u2019Ungheria \u00e8 un luogo da vivere attraverso i suoi eventi, capace di offrire uno sguardo autentico e contemporaneo sulla cultura ungherese nel cuore di Roma.<\/p>\n\n\n\n<hr class=\"wp-block-separator has-alpha-channel-opacity\"\/>\n\n\n\n<h3 class=\"wp-block-heading\" id=\"h-accademia-di-romania\">Accademia di Romania<\/h3>\n\n\n\n<p><em>Piazzale Jos\u00e9 de San Martin, 1<\/em><br><a href=\"https:\/\/www.instagram.com\/accadromania\/\" target=\"_blank\" rel=\"noreferrer noopener\">instagram.com\/accadromania\/<\/a><\/p>\n\n\n\n<figure class=\"wp-block-image size-full\"><img loading=\"lazy\" decoding=\"async\" width=\"960\" height=\"636\" src=\"https:\/\/www.romeing.it\/wp-content\/uploads\/2025\/12\/romanian-academy-in-rome-1.jpg\" alt=\"accademia di romania in roma\" class=\"wp-image-81368\" srcset=\"https:\/\/www.romeing.it\/wp-content\/uploads\/2025\/12\/romanian-academy-in-rome-1.jpg 960w, https:\/\/www.romeing.it\/wp-content\/uploads\/2025\/12\/romanian-academy-in-rome-1-300x199.jpg 300w, https:\/\/www.romeing.it\/wp-content\/uploads\/2025\/12\/romanian-academy-in-rome-1-768x509.jpg 768w\" sizes=\"(max-width: 960px) 100vw, 960px\" \/><\/figure>\n\n\n\n<p>L\u2019Accademia di Romania a Roma si trova sul colle Pincio, all\u2019interno di una villa progettata dall\u2019architetto romeno Petre Antonescu, esponente dello stile neoromeno, che unisce tradizione popolare e modernit\u00e0. L\u2019istituto fu fondato nel 1920, quando il Parlamento romeno istitu\u00ec le prime accademie all\u2019estero; le attivit\u00e0 iniziarono nel 1922 e la sede attuale fu inaugurata nel 1933 grazie al sostegno della Banca Nazionale di Romania. Dopo un periodo di intensa attivit\u00e0 accademica, l\u2019Accademia chiuse nel 1947 a causa dei mutamenti politici, per poi riaprire nel 1990, dopo la caduta del regime totalitario, riprendendo il proprio ruolo nella promozione degli studi archeologici, storici e artistici.<\/p>\n\n\n\n<p>Oltre a essere un centro di ricerca e divulgazione culturale, l\u2019Accademia pubblica annuari scientifici come <em>Ephemeris Dacoromana<\/em> e <em>Diplomatarium Italicum<\/em> e ospita una delle pi\u00f9 importanti biblioteche romene all\u2019estero, oggi composta da circa 35.000 volumi. La collezione, ampliata soprattutto nel 1969 e rinnovata dopo il 1989 con l\u2019eliminazione della letteratura propagandistica, copre numerose discipline umanistiche e scientifiche. L\u2019istituto svolge inoltre un\u2019importante funzione culturale e formativa, offrendo corsi di lingua romena e organizzando eventi dedicati alla storia, all\u2019arte e alla cultura della Romania.<\/p>\n\n\n\n<hr class=\"wp-block-separator has-alpha-channel-opacity\"\/>\n\n\n\n<h3 class=\"wp-block-heading\" id=\"h-istituto-svizzero\">Istituto Svizzero<\/h3>\n\n\n\n<p><em>Via Ludovisi, 48<br><\/em><a href=\"https:\/\/www.istitutosvizzero.it\/it\/\" target=\"_blank\" rel=\"noreferrer noopener\">istitutosvizzero.it<\/a><\/p>\n\n\n\n<figure class=\"wp-block-image aligncenter size-large\"><img loading=\"lazy\" decoding=\"async\" width=\"1024\" height=\"683\" src=\"https:\/\/www.romeing.it\/wp-content\/uploads\/2025\/12\/swiss-institute-rome-1-1024x683.jpg\" alt=\"Istituti di cultura e accademie a Roma\" class=\"wp-image-81362\" srcset=\"https:\/\/www.romeing.it\/wp-content\/uploads\/2025\/12\/swiss-institute-rome-1-1024x683.jpg 1024w, https:\/\/www.romeing.it\/wp-content\/uploads\/2025\/12\/swiss-institute-rome-1-300x200.jpg 300w, https:\/\/www.romeing.it\/wp-content\/uploads\/2025\/12\/swiss-institute-rome-1-768x512.jpg 768w, https:\/\/www.romeing.it\/wp-content\/uploads\/2025\/12\/swiss-institute-rome-1.jpg 1200w\" sizes=\"(max-width: 1024px) 100vw, 1024px\" \/><\/figure>\n\n\n\n<p>L\u2019Istituto Svizzero di Roma, attivo dal 1947, ha sede nella storica Villa Maraini, in via Ludovisi 48, una dimora dei primi del Novecento di grande pregio architettonico. Costruita tra il 1903 e il 1905 per Emilio Maraini dall\u2019architetto ticinese Otto Maraini, la villa si distingue per il suo gusto eclettico con elementi neobarocchi, i ricchi apparati decorativi e il giardino panoramico nel cuore di Roma. Nato dal lascito di Carolina Maraini-Sommaruga alla Confederazione Svizzera, l\u2019Istituto si configura come una piattaforma transdisciplinare dedicata alle arti, alla scienza e allo sviluppo delle relazioni culturali tra Svizzera e Italia.<\/p>\n\n\n\n<p>Oltre a ospitare programmi di residenza per giovani artisti e ricercatori, l\u2019Istituto promuove una programmazione pubblica che comprende mostre, concerti, talk, performance, workshop e presentazioni di progetti. Tra gli appuntamenti pi\u00f9 riconoscibili figurano gli eventi legati all\u2019avvio del nuovo anno di residenze, come September Calling, e varie iniziative pubbliche che mettono in dialogo artisti, studiose e studiosi svizzeri, italiani e internazionali.<\/p>\n\n\n\n<hr class=\"wp-block-separator has-alpha-channel-opacity\"\/>\n\n\n\n<h3 class=\"wp-block-heading\" id=\"h-accademia-tedesca-di-roma-villa-massimo\">Accademia Tedesca di Roma \u2013 Villa Massimo<\/h3>\n\n\n\n<p><em>Largo di Villa Massimo, 1<br><\/em><a href=\"https:\/\/www.villamassimo.de\/de\" target=\"_blank\" rel=\"noreferrer noopener\">villamassimo.de<\/a><\/p>\n\n\n\n<figure class=\"wp-block-image aligncenter size-full\"><img loading=\"lazy\" decoding=\"async\" width=\"1200\" height=\"650\" src=\"https:\/\/www.romeing.it\/wp-content\/uploads\/2025\/12\/villa-massimo-1.jpg\" alt=\"villa-massimo\" class=\"wp-image-75530\" srcset=\"https:\/\/www.romeing.it\/wp-content\/uploads\/2025\/12\/villa-massimo-1.jpg 1200w, https:\/\/www.romeing.it\/wp-content\/uploads\/2025\/12\/villa-massimo-1-300x163.jpg 300w, https:\/\/www.romeing.it\/wp-content\/uploads\/2025\/12\/villa-massimo-1-1024x555.jpg 1024w, https:\/\/www.romeing.it\/wp-content\/uploads\/2025\/12\/villa-massimo-1-768x416.jpg 768w\" sizes=\"(max-width: 1200px) 100vw, 1200px\" \/><\/figure>\n\n\n\n<p>Il filantropo Eduard Arnhold acquist\u00f2 Villa Massimo nel 1910 con l\u2019idea di creare un rifugio creativo per artisti, immerso in un contesto di cipressi, reperti archeologici e sculture classiche.<\/p>\n\n\n\n<p>Oggi l\u2019Accademia Tedesca Roma Villa Massimo assegna ogni anno prestigiose borse di studio a dieci giovani talenti tedeschi, offrendo atelier, spazi abitativi e un intenso dialogo con le istituzioni culturali romane. L\u2019Accademia \u00e8 anche un centro culturale dinamico che organizza annualmente oltre 30 manifestazioni, in gran parte rivolte a un pubblico su invito, ma con appuntamenti aperti al pubblico come le mostre, la Festa dell\u2019Estate di giugno con il celebre \u201cViale degli Artisti\u201d e la presentazione finale dei borsisti a novembre.<\/p>\n\n\n\n<p>Ogni attivit\u00e0 si inserisce in una cornice concettuale annuale che d\u00e0 vita a esposizioni tematiche, mostre personali, concerti e letture. Accanto a Villa Massimo, l\u2019Accademia gestisce inoltre Villa Serpentara a Olevano Romano, storica residenza immersa nella natura che, fin dall\u2019Ottocento, continua a essere un luogo di incontro, scambio e creazione artistica lontano dal caos della capitale.<\/p>\n\n\n\n<hr class=\"wp-block-separator has-alpha-channel-opacity\"\/>\n\n\n\n<h3 class=\"wp-block-heading\" id=\"h-circolo-scandinavo\">Circolo Scandinavo<\/h3>\n\n\n\n<p><em>Via Santa Sabina 8 (Aventino) <br><\/em><a href=\"https:\/\/www.circoloscandinavo.it\/\" target=\"_blank\" rel=\"noreferrer noopener\">circoloscandinavo.it<\/a><\/p>\n\n\n\n<figure class=\"wp-block-image aligncenter size-large\"><img loading=\"lazy\" decoding=\"async\" width=\"1024\" height=\"771\" src=\"https:\/\/www.romeing.it\/wp-content\/uploads\/2026\/02\/CircoloScandinavoRoma03-768x579-1-1024x771.jpg\" alt=\"\" class=\"wp-image-123036\" srcset=\"https:\/\/www.romeing.it\/wp-content\/uploads\/2026\/02\/CircoloScandinavoRoma03-768x579-1-1024x771.jpg 1024w, https:\/\/www.romeing.it\/wp-content\/uploads\/2026\/02\/CircoloScandinavoRoma03-768x579-1-300x226.jpg 300w, https:\/\/www.romeing.it\/wp-content\/uploads\/2026\/02\/CircoloScandinavoRoma03-768x579-1-768x579.jpg 768w, https:\/\/www.romeing.it\/wp-content\/uploads\/2026\/02\/CircoloScandinavoRoma03-768x579-1.jpg 1200w\" sizes=\"(max-width: 1024px) 100vw, 1024px\" \/><\/figure>\n\n\n\n<p>Il Circolo Scandinavo \u00e8 diventato una residenza per artisti negli anni \u201960 ed \u00e8 sostenuto dal Consiglio Nordico dei Ministri dal 1975. Ha avuto varie sedi a Roma ma, dal 2022, si trova sull\u2019Aventino, uno dei sette colli della citt\u00e0, nel quartiere San Saba. Le origini del Circolo Scandinavo risalgono al 1860 circa, e tra i suoi membri ci sono stati Henrik Ibsen, Sigrid Undset e August Strindberg. Oggi \u00e8 una fondazione culturale storica e un punto di riferimento per artisti nordici.<\/p>\n\n\n\n<p>Il Circolo Scandinavo offre un ambiente unico e stimolante agli artisti nordici che hanno bisogno di un luogo dove concentrarsi sul proprio lavoro e trovare la giusta ispirazione. \u00c8 possibile presentare domanda per un periodo compreso tra un mese e sei mesi, e il periodo di presentazione delle domande inizia ogni anno a febbraio.<\/p>\n\n\n\n<hr class=\"wp-block-separator has-alpha-channel-opacity\"\/>\n\n\n\n<h3 class=\"wp-block-heading\" id=\"h-istituto-svedese-di-studi-classici-a-roma\">Istituto svedese di studi classici a Roma<\/h3>\n\n\n\n<p><em>Via Omero, 14<br><\/em><a href=\"https:\/\/isvroma.org\/\" target=\"_blank\" rel=\"noreferrer noopener\">isvroma.org<\/a><\/p>\n\n\n\n<figure class=\"wp-block-image aligncenter size-large\"><img loading=\"lazy\" decoding=\"async\" width=\"1024\" height=\"749\" src=\"https:\/\/www.romeing.it\/wp-content\/uploads\/2026\/02\/The-Swedish-Institute-1024x749.jpg\" alt=\"\" class=\"wp-image-123031\" srcset=\"https:\/\/www.romeing.it\/wp-content\/uploads\/2026\/02\/The-Swedish-Institute-1024x749.jpg 1024w, https:\/\/www.romeing.it\/wp-content\/uploads\/2026\/02\/The-Swedish-Institute-300x220.jpg 300w, https:\/\/www.romeing.it\/wp-content\/uploads\/2026\/02\/The-Swedish-Institute-768x562.jpg 768w, https:\/\/www.romeing.it\/wp-content\/uploads\/2026\/02\/The-Swedish-Institute.jpg 1200w\" sizes=\"(max-width: 1024px) 100vw, 1024px\" \/><\/figure>\n\n\n\n<p>Fondato nel 1925, l\u2019Istituto Svedese di Studi Classici a Roma si trova a Valle Giulia, nei pressi di Villa Borghese. \u00c8 un importante centro di ricerca e alta formazione dedicato agli studi classici e al Mediterraneo. L\u2019Istituto \u00e8 particolarmente noto per la sua prestigiosa biblioteca, che conserva circa 70.000 volumi e 200 periodici correnti nei campi dell\u2019archeologia classica, della topografia del Mediterraneo, dell\u2019etruscologia, della storia antica, della filologia classica e della storia dell\u2019arte e dell\u2019architettura. Tra i fondi speciali spicca la Collezione Bildt, dedicata a Santa Brigida, alla regina Cristina di Svezia e ai rapporti culturali tra Svezia e Italia.<\/p>\n\n\n\n<hr class=\"wp-block-separator has-alpha-channel-opacity\"\/>\n\n\n\n<h3 class=\"wp-block-heading\" id=\"h-istituto-culturale-coreano-a-roma\">Istituto Culturale Coreano a Roma<\/h3>\n\n\n\n<p><em>Via Nomentana, 12 <br><\/em><a href=\"https:\/\/italia.korean-culture.org\/it\" target=\"_blank\" rel=\"noreferrer noopener\">italia.korean-culture.org\/it<\/a><\/p>\n\n\n\n<figure class=\"wp-block-image size-full\"><img loading=\"lazy\" decoding=\"async\" width=\"786\" height=\"524\" src=\"https:\/\/www.romeing.it\/wp-content\/uploads\/2026\/03\/istituto-culturale-coreano-roma.jpeg\" alt=\"istituto culturale coreano roma\" class=\"wp-image-124265\" srcset=\"https:\/\/www.romeing.it\/wp-content\/uploads\/2026\/03\/istituto-culturale-coreano-roma.jpeg 786w, https:\/\/www.romeing.it\/wp-content\/uploads\/2026\/03\/istituto-culturale-coreano-roma-300x200.jpeg 300w, https:\/\/www.romeing.it\/wp-content\/uploads\/2026\/03\/istituto-culturale-coreano-roma-768x512.jpeg 768w\" sizes=\"(max-width: 786px) 100vw, 786px\" \/><\/figure>\n\n\n\n<p>L\u2019Istituto Culturale Coreano in Italia, nel cuore del quartiere Nomentano, si pone come centro di scambio proponendo non solo corsi di lingua coreana, ma anche corsi cucina, di strumenti tradizionali coreani come il gayageum, di arti marziali come il taekwondo, oltre a lezioni sui ritmi e le arti performative tradizionali.<\/p>\n\n\n\n<p>Il piano terra dell\u2019edificio presenta una sala accoglienza in stile tradizionale Hanok: \u00e8 possibile entrare togliendo le scarpe e sperimentare gli ambienti tradizionali circondati dal fascino dell\u2019artigianato coreano. A seguire vi \u00e8 una sala dedicata all\u2019alfabeto coreano, Hangeul, dove \u00e8 possibile scattare un simpatico selfie con il proprio nome scritto in coreano. Nell\u2019istituto \u00e8 presente anche un\u2019ampia sala esposizioni, dove vengono allestite ogni anno circa quattro mostre d\u2019arte coreana. Il centro \u00e8 infine provvisto di una biblioteca che raccoglie circa 4500 testi e materiali video in lingua coreana ed italiana, consultabili previa iscrizione.<\/p>\n\n\n\n<hr class=\"wp-block-separator has-alpha-channel-opacity\"\/>\n\n\n\n<h3 class=\"wp-block-heading\" id=\"h-forum-austriaco-di-cultura\">Forum Austriaco di Cultura<\/h3>\n\n\n\n<p><em>Viale Bruno Buozzi, 113<\/em><br><a href=\"https:\/\/www.austriacult.roma.it\/\" target=\"_blank\" rel=\"noreferrer noopener\">austriacult.roma.it<\/a><\/p>\n\n\n\n<figure class=\"wp-block-image aligncenter size-large\"><img loading=\"lazy\" decoding=\"async\" width=\"1024\" height=\"682\" src=\"https:\/\/www.romeing.it\/wp-content\/uploads\/2026\/02\/Forum-Austriaco-di-cultura-1024x682.jpg\" alt=\"\" class=\"wp-image-123042\" srcset=\"https:\/\/www.romeing.it\/wp-content\/uploads\/2026\/02\/Forum-Austriaco-di-cultura-1024x682.jpg 1024w, https:\/\/www.romeing.it\/wp-content\/uploads\/2026\/02\/Forum-Austriaco-di-cultura-300x200.jpg 300w, https:\/\/www.romeing.it\/wp-content\/uploads\/2026\/02\/Forum-Austriaco-di-cultura-768x512.jpg 768w, https:\/\/www.romeing.it\/wp-content\/uploads\/2026\/02\/Forum-Austriaco-di-cultura-1536x1023.jpg 1536w, https:\/\/www.romeing.it\/wp-content\/uploads\/2026\/02\/Forum-Austriaco-di-cultura.jpg 2048w\" sizes=\"(max-width: 1024px) 100vw, 1024px\" \/><\/figure>\n\n\n\n<p>La storia del Forum Austriaco di Cultura a Roma affonda le sue radici nella presenza dell\u2019Istituto Storico Austriaco, attivo in citt\u00e0 fin dal 1881. Nel corso del Novecento, l\u2019istituzione si \u00e8 evoluta fino ad assumere la forma attuale, attraversando anche le complesse vicende legate alla Seconda guerra mondiale e al successivo riassetto politico europeo.<\/p>\n\n\n\n<p>Oggi il Forum rappresenta un importante centro di promozione culturale, organizzando rassegne cinematografiche, mostre d\u2019arte, conferenze, corsi di lingua tedesca e concerti di musica classica.<\/p>\n\n\n\n<p>All\u2019interno dell\u2019edificio si trova inoltre una delle pi\u00f9 importanti biblioteche austriache all\u2019estero, con circa 80.000 volumi dedicati alla storia, alla storia dell\u2019arte, all\u2019archeologia, alla letteratura e ad altri ambiti delle scienze umane.<\/p>\n\n\n\n<hr class=\"wp-block-separator has-alpha-channel-opacity\"\/>\n\n\n\n<h3 class=\"wp-block-heading\" id=\"h-istituto-bulgaro-di-cultura\">Istituto Bulgaro di Cultura<\/h3>\n\n\n\n<p><em>Via della Madonna di Campiglio, 6<br><\/em><a href=\"https:\/\/www.ibcroma.it\/\" target=\"_blank\" rel=\"noreferrer noopener\">ibcroma.it<\/a><\/p>\n\n\n\n<figure class=\"wp-block-image aligncenter size-large\"><img loading=\"lazy\" decoding=\"async\" width=\"1024\" height=\"647\" src=\"https:\/\/www.romeing.it\/wp-content\/uploads\/2026\/03\/istituto-bulgaro-di-cultura-a-roma-1024x647.jpg\" alt=\"istituto bulgaro di cultura a roma\" class=\"wp-image-124271\"\/><\/figure>\n\n\n\n<p>Inaugurato il 1\u00b0 ottobre 2006 nella storica casa del basso lirico Boris Christoff, l\u2019Istituto Bulgaro di Cultura \u00e8 erede dell\u2019Accademia d\u2019Arte e Cultura a lui dedicata. Nel solco di questa tradizione, l\u2019Istituto ha ampliato nel tempo la propria offerta con nuove iniziative culturali.<\/p>\n\n\n\n<p>Le attivit\u00e0 si articolano principalmente nei seguenti ambiti: programmazione culturale con eventi, mostre, concerti e residenze artistiche; formazione, attraverso l\u2019Accademia \u201cBoris Christoff\u201d, la scuola bulgara \u201cSanti Cirillo e Metodio\u201d, corsi di lingua, workshop e collaborazioni universitarie. L\u2019Istituto \u00e8 inoltre membro del cluster romano di EUNIC, la rete delle istituzioni culturali nazionali europee attive in Italia.<\/p>\n","protected":false},"excerpt":{"rendered":"<p>Luoghi nascosti tra arte, ricerca e scambi internazionali Si parla, ormai troppo spesso, di Roma come di un museo a cielo aperto. Ma la vita culturale di questa citt\u00e0 millenaria non si ferma ai monumenti e alle attrazioni da cartolina. Diffuse tra i colli e i diversi quartieri di Roma, le accademie e gli istituti [&hellip;]<\/p>\n","protected":false},"author":2359,"featured_media":75550,"comment_status":"open","ping_status":"open","sticky":false,"template":"","format":"standard","meta":{"_uag_custom_page_level_css":"","footnotes":""},"categories":[583,581],"tags":[],"class_list":["post-123000","post","type-post","status-publish","format-standard","has-post-thumbnail","hentry","category-accademie-istituti-roma","category-cosa-vedere-a-roma"],"featured_image_src":"https:\/\/www.romeing.it\/wp-content\/uploads\/2025\/12\/hungarian-academy-roma-1.jpg","author_info":{"display_name":"Paola Morotti","author_link":"https:\/\/www.romeing.it\/it\/author\/paolamorotti\/"},"yoast_head":"<!-- This site is optimized with the Yoast SEO Premium plugin v26.9 (Yoast SEO v27.4) - https:\/\/yoast.com\/product\/yoast-seo-premium-wordpress\/ -->\n<title>Istituti di cultura e Accademie a Roma - Romeing<\/title>\n<meta name=\"description\" content=\"Scopri le accademie straniere e gli istituti di cultura a Roma, da Villa Medici a luoghi meno conosciuti, tra arte, ricerca ed eventi internazionali.\" \/>\n<meta name=\"robots\" content=\"index, follow, max-snippet:-1, max-image-preview:large, max-video-preview:-1\" \/>\n<link rel=\"canonical\" href=\"https:\/\/www.romeing.it\/it\/istituti-di-cultura-e-accademie-a-roma\/\" \/>\n<meta property=\"og:locale\" content=\"it_IT\" \/>\n<meta property=\"og:type\" content=\"article\" \/>\n<meta property=\"og:title\" content=\"Istituti di cultura e Accademie a Roma\" \/>\n<meta property=\"og:description\" content=\"Scopri le accademie straniere e gli istituti di cultura a Roma, da Villa Medici a luoghi meno conosciuti, tra arte, ricerca ed eventi internazionali.\" \/>\n<meta property=\"og:url\" content=\"https:\/\/www.romeing.it\/it\/istituti-di-cultura-e-accademie-a-roma\/\" \/>\n<meta property=\"og:site_name\" content=\"Romeing | Rome&#039;s english magazine, events and exhibitions in Rome\" \/>\n<meta property=\"article:publisher\" content=\"https:\/\/www.facebook.com\/Romeing.it\" \/>\n<meta property=\"article:published_time\" content=\"2026-03-20T10:14:27+00:00\" \/>\n<meta property=\"article:modified_time\" content=\"2026-03-31T12:29:14+00:00\" \/>\n<meta property=\"og:image\" content=\"https:\/\/www.romeing.it\/wp-content\/uploads\/2025\/12\/hungarian-academy-roma-1.jpg\" \/>\n\t<meta property=\"og:image:width\" content=\"1200\" \/>\n\t<meta property=\"og:image:height\" content=\"804\" \/>\n\t<meta property=\"og:image:type\" content=\"image\/jpeg\" \/>\n<meta name=\"author\" content=\"Paola Morotti\" \/>\n<meta name=\"twitter:card\" content=\"summary_large_image\" \/>\n<meta name=\"twitter:creator\" content=\"@romeing\" \/>\n<meta name=\"twitter:site\" content=\"@romeing\" \/>\n<meta name=\"twitter:label1\" content=\"Scritto da\" \/>\n\t<meta name=\"twitter:data1\" content=\"Paola Morotti\" \/>\n\t<meta name=\"twitter:label2\" content=\"Tempo di lettura stimato\" \/>\n\t<meta name=\"twitter:data2\" content=\"15 minuti\" \/>\n<script type=\"application\/ld+json\" class=\"yoast-schema-graph\">{\"@context\":\"https:\\\/\\\/schema.org\",\"@graph\":[{\"@type\":\"NewsArticle\",\"@id\":\"https:\\\/\\\/www.romeing.it\\\/it\\\/istituti-di-cultura-e-accademie-a-roma\\\/#article\",\"isPartOf\":{\"@id\":\"https:\\\/\\\/www.romeing.it\\\/it\\\/istituti-di-cultura-e-accademie-a-roma\\\/\"},\"author\":{\"name\":\"Paola Morotti\",\"@id\":\"https:\\\/\\\/www.romeing.it\\\/it\\\/#\\\/schema\\\/person\\\/cb721fd3c38a7504b19d4966ddbd7b7f\"},\"headline\":\"Istituti di cultura e Accademie a Roma\",\"datePublished\":\"2026-03-20T10:14:27+00:00\",\"dateModified\":\"2026-03-31T12:29:14+00:00\",\"mainEntityOfPage\":{\"@id\":\"https:\\\/\\\/www.romeing.it\\\/it\\\/istituti-di-cultura-e-accademie-a-roma\\\/\"},\"wordCount\":2930,\"commentCount\":0,\"publisher\":{\"@id\":\"https:\\\/\\\/www.romeing.it\\\/it\\\/#organization\"},\"image\":{\"@id\":\"https:\\\/\\\/www.romeing.it\\\/it\\\/istituti-di-cultura-e-accademie-a-roma\\\/#primaryimage\"},\"thumbnailUrl\":\"https:\\\/\\\/www.romeing.it\\\/wp-content\\\/uploads\\\/2025\\\/12\\\/hungarian-academy-roma-1.jpg\",\"articleSection\":[\"Accademie e Istituti\",\"Cosa vedere a Roma\"],\"inLanguage\":\"it-IT\",\"potentialAction\":[{\"@type\":\"CommentAction\",\"name\":\"Comment\",\"target\":[\"https:\\\/\\\/www.romeing.it\\\/it\\\/istituti-di-cultura-e-accademie-a-roma\\\/#respond\"]}],\"copyrightYear\":\"2026\",\"copyrightHolder\":{\"@id\":\"https:\\\/\\\/www.romeing.it\\\/#organization\"}},{\"@type\":\"WebPage\",\"@id\":\"https:\\\/\\\/www.romeing.it\\\/it\\\/istituti-di-cultura-e-accademie-a-roma\\\/\",\"url\":\"https:\\\/\\\/www.romeing.it\\\/it\\\/istituti-di-cultura-e-accademie-a-roma\\\/\",\"name\":\"Istituti di cultura e Accademie a Roma - Romeing\",\"isPartOf\":{\"@id\":\"https:\\\/\\\/www.romeing.it\\\/it\\\/#website\"},\"primaryImageOfPage\":{\"@id\":\"https:\\\/\\\/www.romeing.it\\\/it\\\/istituti-di-cultura-e-accademie-a-roma\\\/#primaryimage\"},\"image\":{\"@id\":\"https:\\\/\\\/www.romeing.it\\\/it\\\/istituti-di-cultura-e-accademie-a-roma\\\/#primaryimage\"},\"thumbnailUrl\":\"https:\\\/\\\/www.romeing.it\\\/wp-content\\\/uploads\\\/2025\\\/12\\\/hungarian-academy-roma-1.jpg\",\"datePublished\":\"2026-03-20T10:14:27+00:00\",\"dateModified\":\"2026-03-31T12:29:14+00:00\",\"description\":\"Scopri le accademie straniere e gli istituti di cultura a Roma, da Villa Medici a luoghi meno conosciuti, tra arte, ricerca ed eventi internazionali.\",\"inLanguage\":\"it-IT\",\"potentialAction\":[{\"@type\":\"ReadAction\",\"target\":[\"https:\\\/\\\/www.romeing.it\\\/it\\\/istituti-di-cultura-e-accademie-a-roma\\\/\"]}]},{\"@type\":\"ImageObject\",\"inLanguage\":\"it-IT\",\"@id\":\"https:\\\/\\\/www.romeing.it\\\/it\\\/istituti-di-cultura-e-accademie-a-roma\\\/#primaryimage\",\"url\":\"https:\\\/\\\/www.romeing.it\\\/wp-content\\\/uploads\\\/2025\\\/12\\\/hungarian-academy-roma-1.jpg\",\"contentUrl\":\"https:\\\/\\\/www.romeing.it\\\/wp-content\\\/uploads\\\/2025\\\/12\\\/hungarian-academy-roma-1.jpg\",\"width\":1200,\"height\":804,\"caption\":\"Accademie straniere e istituti di cultura a Roma\"},{\"@type\":\"WebSite\",\"@id\":\"https:\\\/\\\/www.romeing.it\\\/it\\\/#website\",\"url\":\"https:\\\/\\\/www.romeing.it\\\/it\\\/\",\"name\":\"Romeing: Rome's english magazine, events and exhibitions in Rome\",\"description\":\"Romeing is the english magazine for tourists and expats visiting or living in Rome. A guide to the best things to do and see in Rome &amp; Florence, attractions and restaurants with a listing of events and exhibitions.\",\"publisher\":{\"@id\":\"https:\\\/\\\/www.romeing.it\\\/it\\\/#organization\"},\"potentialAction\":[{\"@type\":\"SearchAction\",\"target\":{\"@type\":\"EntryPoint\",\"urlTemplate\":\"https:\\\/\\\/www.romeing.it\\\/it\\\/?s={search_term_string}\"},\"query-input\":{\"@type\":\"PropertyValueSpecification\",\"valueRequired\":true,\"valueName\":\"search_term_string\"}}],\"inLanguage\":\"it-IT\"},{\"@type\":\"Organization\",\"@id\":\"https:\\\/\\\/www.romeing.it\\\/it\\\/#organization\",\"name\":\"Romeing srl\",\"url\":\"https:\\\/\\\/www.romeing.it\\\/it\\\/\",\"logo\":{\"@type\":\"ImageObject\",\"inLanguage\":\"it-IT\",\"@id\":\"https:\\\/\\\/www.romeing.it\\\/it\\\/#\\\/schema\\\/logo\\\/image\\\/\",\"url\":\"https:\\\/\\\/www.romeing.it\\\/wp-content\\\/uploads\\\/2025\\\/12\\\/logo-quadrato-romeing.jpg\",\"contentUrl\":\"https:\\\/\\\/www.romeing.it\\\/wp-content\\\/uploads\\\/2025\\\/12\\\/logo-quadrato-romeing.jpg\",\"width\":696,\"height\":696,\"caption\":\"Romeing srl\"},\"image\":{\"@id\":\"https:\\\/\\\/www.romeing.it\\\/it\\\/#\\\/schema\\\/logo\\\/image\\\/\"},\"sameAs\":[\"https:\\\/\\\/www.facebook.com\\\/Romeing.it\",\"https:\\\/\\\/x.com\\\/romeing\",\"https:\\\/\\\/www.instagram.com\\\/romeing_magazine\\\/\",\"https:\\\/\\\/www.linkedin.com\\\/company\\\/romeing-srl\\\/\",\"https:\\\/\\\/www.pinterest.it\\\/romeing\\\/pins\\\/\",\"https:\\\/\\\/www.youtube.com\\\/@RomeingIt\"],\"email\":\"info@romeing.it\",\"legalName\":\"Romeing Srl\",\"foundingDate\":\"2010-12-01\",\"vatID\":\"11115241009\"},{\"@type\":\"Person\",\"@id\":\"https:\\\/\\\/www.romeing.it\\\/it\\\/#\\\/schema\\\/person\\\/cb721fd3c38a7504b19d4966ddbd7b7f\",\"name\":\"Paola Morotti\",\"image\":{\"@type\":\"ImageObject\",\"inLanguage\":\"it-IT\",\"@id\":\"https:\\\/\\\/secure.gravatar.com\\\/avatar\\\/00fc9c76e4b30cf6bd2d9c9b29f4a96ea6ba13e54e1844771b76fe29b9821a0d?s=96&d=mm&r=g\",\"url\":\"https:\\\/\\\/secure.gravatar.com\\\/avatar\\\/00fc9c76e4b30cf6bd2d9c9b29f4a96ea6ba13e54e1844771b76fe29b9821a0d?s=96&d=mm&r=g\",\"contentUrl\":\"https:\\\/\\\/secure.gravatar.com\\\/avatar\\\/00fc9c76e4b30cf6bd2d9c9b29f4a96ea6ba13e54e1844771b76fe29b9821a0d?s=96&d=mm&r=g\",\"caption\":\"Paola Morotti\"},\"description\":\"Paola Morotti, born and raised in Tuscany. She studied at the London School of Journalism. After six years of living in London, she is now based in Rome where she keeps writing about art exhibitions and cultural events.\",\"sameAs\":[\"https:\\\/\\\/www.paolamorotti.com\\\/\"],\"url\":\"https:\\\/\\\/www.romeing.it\\\/it\\\/author\\\/paolamorotti\\\/\"}]}<\/script>\n<!-- \/ Yoast SEO Premium plugin. -->","yoast_head_json":{"title":"Istituti di cultura e Accademie a Roma - Romeing","description":"Scopri le accademie straniere e gli istituti di cultura a Roma, da Villa Medici a luoghi meno conosciuti, tra arte, ricerca ed eventi internazionali.","robots":{"index":"index","follow":"follow","max-snippet":"max-snippet:-1","max-image-preview":"max-image-preview:large","max-video-preview":"max-video-preview:-1"},"canonical":"https:\/\/www.romeing.it\/it\/istituti-di-cultura-e-accademie-a-roma\/","og_locale":"it_IT","og_type":"article","og_title":"Istituti di cultura e Accademie a Roma","og_description":"Scopri le accademie straniere e gli istituti di cultura a Roma, da Villa Medici a luoghi meno conosciuti, tra arte, ricerca ed eventi internazionali.","og_url":"https:\/\/www.romeing.it\/it\/istituti-di-cultura-e-accademie-a-roma\/","og_site_name":"Romeing | Rome&#039;s english magazine, events and exhibitions in Rome","article_publisher":"https:\/\/www.facebook.com\/Romeing.it","article_published_time":"2026-03-20T10:14:27+00:00","article_modified_time":"2026-03-31T12:29:14+00:00","og_image":[{"width":1200,"height":804,"url":"https:\/\/www.romeing.it\/wp-content\/uploads\/2025\/12\/hungarian-academy-roma-1.jpg","type":"image\/jpeg"}],"author":"Paola Morotti","twitter_card":"summary_large_image","twitter_creator":"@romeing","twitter_site":"@romeing","twitter_misc":{"Scritto da":"Paola Morotti","Tempo di lettura stimato":"15 minuti"},"schema":{"@context":"https:\/\/schema.org","@graph":[{"@type":"NewsArticle","@id":"https:\/\/www.romeing.it\/it\/istituti-di-cultura-e-accademie-a-roma\/#article","isPartOf":{"@id":"https:\/\/www.romeing.it\/it\/istituti-di-cultura-e-accademie-a-roma\/"},"author":{"name":"Paola Morotti","@id":"https:\/\/www.romeing.it\/it\/#\/schema\/person\/cb721fd3c38a7504b19d4966ddbd7b7f"},"headline":"Istituti di cultura e Accademie a Roma","datePublished":"2026-03-20T10:14:27+00:00","dateModified":"2026-03-31T12:29:14+00:00","mainEntityOfPage":{"@id":"https:\/\/www.romeing.it\/it\/istituti-di-cultura-e-accademie-a-roma\/"},"wordCount":2930,"commentCount":0,"publisher":{"@id":"https:\/\/www.romeing.it\/it\/#organization"},"image":{"@id":"https:\/\/www.romeing.it\/it\/istituti-di-cultura-e-accademie-a-roma\/#primaryimage"},"thumbnailUrl":"https:\/\/www.romeing.it\/wp-content\/uploads\/2025\/12\/hungarian-academy-roma-1.jpg","articleSection":["Accademie e Istituti","Cosa vedere a Roma"],"inLanguage":"it-IT","potentialAction":[{"@type":"CommentAction","name":"Comment","target":["https:\/\/www.romeing.it\/it\/istituti-di-cultura-e-accademie-a-roma\/#respond"]}],"copyrightYear":"2026","copyrightHolder":{"@id":"https:\/\/www.romeing.it\/#organization"}},{"@type":"WebPage","@id":"https:\/\/www.romeing.it\/it\/istituti-di-cultura-e-accademie-a-roma\/","url":"https:\/\/www.romeing.it\/it\/istituti-di-cultura-e-accademie-a-roma\/","name":"Istituti di cultura e Accademie a Roma - Romeing","isPartOf":{"@id":"https:\/\/www.romeing.it\/it\/#website"},"primaryImageOfPage":{"@id":"https:\/\/www.romeing.it\/it\/istituti-di-cultura-e-accademie-a-roma\/#primaryimage"},"image":{"@id":"https:\/\/www.romeing.it\/it\/istituti-di-cultura-e-accademie-a-roma\/#primaryimage"},"thumbnailUrl":"https:\/\/www.romeing.it\/wp-content\/uploads\/2025\/12\/hungarian-academy-roma-1.jpg","datePublished":"2026-03-20T10:14:27+00:00","dateModified":"2026-03-31T12:29:14+00:00","description":"Scopri le accademie straniere e gli istituti di cultura a Roma, da Villa Medici a luoghi meno conosciuti, tra arte, ricerca ed eventi internazionali.","inLanguage":"it-IT","potentialAction":[{"@type":"ReadAction","target":["https:\/\/www.romeing.it\/it\/istituti-di-cultura-e-accademie-a-roma\/"]}]},{"@type":"ImageObject","inLanguage":"it-IT","@id":"https:\/\/www.romeing.it\/it\/istituti-di-cultura-e-accademie-a-roma\/#primaryimage","url":"https:\/\/www.romeing.it\/wp-content\/uploads\/2025\/12\/hungarian-academy-roma-1.jpg","contentUrl":"https:\/\/www.romeing.it\/wp-content\/uploads\/2025\/12\/hungarian-academy-roma-1.jpg","width":1200,"height":804,"caption":"Accademie straniere e istituti di cultura a Roma"},{"@type":"WebSite","@id":"https:\/\/www.romeing.it\/it\/#website","url":"https:\/\/www.romeing.it\/it\/","name":"Romeing: Rome's english magazine, events and exhibitions in Rome","description":"Romeing is the english magazine for tourists and expats visiting or living in Rome. A guide to the best things to do and see in Rome &amp; Florence, attractions and restaurants with a listing of events and exhibitions.","publisher":{"@id":"https:\/\/www.romeing.it\/it\/#organization"},"potentialAction":[{"@type":"SearchAction","target":{"@type":"EntryPoint","urlTemplate":"https:\/\/www.romeing.it\/it\/?s={search_term_string}"},"query-input":{"@type":"PropertyValueSpecification","valueRequired":true,"valueName":"search_term_string"}}],"inLanguage":"it-IT"},{"@type":"Organization","@id":"https:\/\/www.romeing.it\/it\/#organization","name":"Romeing srl","url":"https:\/\/www.romeing.it\/it\/","logo":{"@type":"ImageObject","inLanguage":"it-IT","@id":"https:\/\/www.romeing.it\/it\/#\/schema\/logo\/image\/","url":"https:\/\/www.romeing.it\/wp-content\/uploads\/2025\/12\/logo-quadrato-romeing.jpg","contentUrl":"https:\/\/www.romeing.it\/wp-content\/uploads\/2025\/12\/logo-quadrato-romeing.jpg","width":696,"height":696,"caption":"Romeing srl"},"image":{"@id":"https:\/\/www.romeing.it\/it\/#\/schema\/logo\/image\/"},"sameAs":["https:\/\/www.facebook.com\/Romeing.it","https:\/\/x.com\/romeing","https:\/\/www.instagram.com\/romeing_magazine\/","https:\/\/www.linkedin.com\/company\/romeing-srl\/","https:\/\/www.pinterest.it\/romeing\/pins\/","https:\/\/www.youtube.com\/@RomeingIt"],"email":"info@romeing.it","legalName":"Romeing Srl","foundingDate":"2010-12-01","vatID":"11115241009"},{"@type":"Person","@id":"https:\/\/www.romeing.it\/it\/#\/schema\/person\/cb721fd3c38a7504b19d4966ddbd7b7f","name":"Paola Morotti","image":{"@type":"ImageObject","inLanguage":"it-IT","@id":"https:\/\/secure.gravatar.com\/avatar\/00fc9c76e4b30cf6bd2d9c9b29f4a96ea6ba13e54e1844771b76fe29b9821a0d?s=96&d=mm&r=g","url":"https:\/\/secure.gravatar.com\/avatar\/00fc9c76e4b30cf6bd2d9c9b29f4a96ea6ba13e54e1844771b76fe29b9821a0d?s=96&d=mm&r=g","contentUrl":"https:\/\/secure.gravatar.com\/avatar\/00fc9c76e4b30cf6bd2d9c9b29f4a96ea6ba13e54e1844771b76fe29b9821a0d?s=96&d=mm&r=g","caption":"Paola Morotti"},"description":"Paola Morotti, born and raised in Tuscany. She studied at the London School of Journalism. After six years of living in London, she is now based in Rome where she keeps writing about art exhibitions and cultural events.","sameAs":["https:\/\/www.paolamorotti.com\/"],"url":"https:\/\/www.romeing.it\/it\/author\/paolamorotti\/"}]}},"uagb_featured_image_src":{"full":["https:\/\/www.romeing.it\/wp-content\/uploads\/2025\/12\/hungarian-academy-roma-1.jpg",1200,804,false],"thumbnail":["https:\/\/www.romeing.it\/wp-content\/uploads\/2025\/12\/hungarian-academy-roma-1-150x150.jpg",150,150,true],"medium":["https:\/\/www.romeing.it\/wp-content\/uploads\/2025\/12\/hungarian-academy-roma-1-300x201.jpg",300,201,true],"medium_large":["https:\/\/www.romeing.it\/wp-content\/uploads\/2025\/12\/hungarian-academy-roma-1-768x515.jpg",768,515,true],"large":["https:\/\/www.romeing.it\/wp-content\/uploads\/2025\/12\/hungarian-academy-roma-1-1024x686.jpg",800,536,true],"1536x1536":["https:\/\/www.romeing.it\/wp-content\/uploads\/2025\/12\/hungarian-academy-roma-1.jpg",1200,804,false],"2048x2048":["https:\/\/www.romeing.it\/wp-content\/uploads\/2025\/12\/hungarian-academy-roma-1.jpg",1200,804,false]},"uagb_author_info":{"display_name":"Paola Morotti","author_link":"https:\/\/www.romeing.it\/it\/author\/paolamorotti\/"},"uagb_comment_info":0,"uagb_excerpt":"Luoghi nascosti tra arte, ricerca e scambi internazionali Si parla, ormai troppo spesso, di Roma come di un museo a cielo aperto. Ma la vita culturale di questa citt\u00e0 millenaria non si ferma ai monumenti e alle attrazioni da cartolina. Diffuse tra i colli e i diversi quartieri di Roma, le accademie e gli istituti&hellip;","_links":{"self":[{"href":"https:\/\/www.romeing.it\/it\/wp-json\/wp\/v2\/posts\/123000","targetHints":{"allow":["GET"]}}],"collection":[{"href":"https:\/\/www.romeing.it\/it\/wp-json\/wp\/v2\/posts"}],"about":[{"href":"https:\/\/www.romeing.it\/it\/wp-json\/wp\/v2\/types\/post"}],"author":[{"embeddable":true,"href":"https:\/\/www.romeing.it\/it\/wp-json\/wp\/v2\/users\/2359"}],"replies":[{"embeddable":true,"href":"https:\/\/www.romeing.it\/it\/wp-json\/wp\/v2\/comments?post=123000"}],"version-history":[{"count":43,"href":"https:\/\/www.romeing.it\/it\/wp-json\/wp\/v2\/posts\/123000\/revisions"}],"predecessor-version":[{"id":124276,"href":"https:\/\/www.romeing.it\/it\/wp-json\/wp\/v2\/posts\/123000\/revisions\/124276"}],"wp:featuredmedia":[{"embeddable":true,"href":"https:\/\/www.romeing.it\/it\/wp-json\/wp\/v2\/media\/75550"}],"wp:attachment":[{"href":"https:\/\/www.romeing.it\/it\/wp-json\/wp\/v2\/media?parent=123000"}],"wp:term":[{"taxonomy":"category","embeddable":true,"href":"https:\/\/www.romeing.it\/it\/wp-json\/wp\/v2\/categories?post=123000"},{"taxonomy":"post_tag","embeddable":true,"href":"https:\/\/www.romeing.it\/it\/wp-json\/wp\/v2\/tags?post=123000"}],"curies":[{"name":"wp","href":"https:\/\/api.w.org\/{rel}","templated":true}]}}